{"id":1349,"date":"2022-09-05T11:36:54","date_gmt":"2022-09-05T14:36:54","guid":{"rendered":"https:\/\/brasilnoticias.org\/site\/?p=1349"},"modified":"2022-09-05T11:36:54","modified_gmt":"2022-09-05T14:36:54","slug":"secretario-de-transporte-de-lauro-de-freitas-reage-a-onibus-eletricos","status":"publish","type":"post","link":"https:\/\/brasilnoticias.org\/site\/secretario-de-transporte-de-lauro-de-freitas-reage-a-onibus-eletricos\/","title":{"rendered":"Secret\u00e1rio de Transporte de Lauro de Freitas reage a \u00f4nibus el\u00e9tricos"},"content":{"rendered":"<p>O secret\u00e1rio de Transporte de Lauro de Freitas, Capit\u00e3o Olinto, afirmou que a entrega de 20 \u00f4nibus el\u00e9tricos adquiridos pelo\u00a0<a href=\"https:\/\/www.bnews.com.br\/tags\/governo-do-estado\" target=\"_blank\" rel=\"noopener\">governo do Estado<\/a>\u00a0vai contribuir para a inova\u00e7\u00e3o do transporte metropolitano. A entrega dos ve\u00edculos foi feita nesta segunda-feira (5).<\/p>\n<p>\u201c\u00c9 uma grande inova\u00e7\u00e3o, n\u00e3o s\u00f3 pela qualidade do transporte, mas tamb\u00e9m para o Meio Ambiente, pois s\u00e3o el\u00e9tricos. S\u00e3o ve\u00edculos de ponta, na\u00a0<a href=\"https:\/\/www.bnews.com.br\/tags\/rms?page=16\" target=\"_blank\" rel=\"noopener\">RMS<\/a>, partindo de Lauro e indo at\u00e9 a Esta\u00e7\u00e3o Pitua\u00e7u, fazendo essa integra\u00e7\u00e3o com o Metr\u00f4. \u00c9 um andamento do grande projeto do Metr\u00f4 linha 01 e Metr\u00f4 linha 02, que agora tem a integra\u00e7\u00e3o dos \u00f4nibus el\u00e9tricos. \u00c9 o Governo da Bahia demonstrando que quer entregar o melhor para a sociedade\u201d, disse o titular da pasta.<\/p>\n<p>Os\u00a0<a href=\"https:\/\/www.bnews.com.br\/tags\/onibus-eletricos\" target=\"_blank\" rel=\"noopener\">\u00f4nibus el\u00e9tricos<\/a>\u00a0v\u00e3o ser usados, inicialmente, nas seguintes linhas: Ilha de S\u00e3o Jo\u00e3o x Terminal Pitua\u00e7u e Kart\u00f3dromo (Praia de Ipitanga) x Terminal Pitua\u00e7u. A empresa respons\u00e1vel pelo servi\u00e7o ser\u00e1 a Via\u00e7\u00e3o Jequi\u00e9 Cidade Sol, que foi a vencedora do Preg\u00e3o Eletr\u00f4nico n\u00b0 04\/2022.<\/p>\n<p>&nbsp;<\/p>\n<p>&nbsp;<\/p>\n<p>&nbsp;<\/p>\n<p>Bnews<\/p>\n","protected":false},"excerpt":{"rendered":"<p>O secret\u00e1rio de Transporte de Lauro de Freitas, Capit\u00e3o Olinto, afirmou que a entrega de 20 \u00f4nibus el\u00e9tricos adquiridos pelo\u00a0governo<\/p>\n","protected":false},"author":2,"featured_media":1350,"comment_status":"open","ping_status":"open","sticky":false,"template":"","format":"standard","meta":{"colormag_page_container_layout":"default_layout","colormag_page_sidebar_layout":"default_layout","_FSMCFIC_featured_image_caption":"","_FSMCFIC_featured_image_nocaption":"","_FSMCFIC_featured_image_hide":"","footnotes":""},"categories":[2],"tags":[],"class_list":["post-1349","post","type-post","status-publish","format-standard","has-post-thumbnail","hentry","category-noticias"],"yoast_head":"<!-- This site is optimized with the Yoast SEO plugin v27.1.1 - https:\/\/yoast.com\/product\/yoast-seo-wordpress\/ -->\n<title>Secret\u00e1rio de Transporte de Lauro de Freitas reage a \u00f4nibus el\u00e9tricos - Brasil not\u00edcias<\/title>\n<meta name=\"robots\" content=\"index, follow, max-snippet:-1, max-image-preview:large, max-video-preview:-1\" \/>\n<link rel=\"canonical\" href=\"https:\/\/brasilnoticias.org\/site\/secretario-de-transporte-de-lauro-de-freitas-reage-a-onibus-eletricos\/\" \/>\n<meta property=\"og:locale\" content=\"pt_PT\" \/>\n<meta property=\"og:type\" content=\"article\" \/>\n<meta property=\"og:title\" content=\"Secret\u00e1rio de Transporte de Lauro de Freitas reage a \u00f4nibus el\u00e9tricos - Brasil not\u00edcias\" \/>\n<meta property=\"og:description\" content=\"O secret\u00e1rio de Transporte de Lauro de Freitas, Capit\u00e3o Olinto, afirmou que a entrega de 20 \u00f4nibus el\u00e9tricos adquiridos pelo\u00a0governo\" \/>\n<meta property=\"og:url\" content=\"https:\/\/brasilnoticias.org\/site\/secretario-de-transporte-de-lauro-de-freitas-reage-a-onibus-eletricos\/\" \/>\n<meta property=\"og:site_name\" content=\"Brasil not\u00edcias\" \/>\n<meta property=\"article:published_time\" content=\"2022-09-05T14:36:54+00:00\" \/>\n<meta property=\"og:image\" content=\"https:\/\/brasilnoticias.org\/site\/wp-content\/uploads\/2022\/09\/foto-onibus-eletrico-bnews_widelg.jpg\" \/>\n\t<meta property=\"og:image:width\" content=\"800\" \/>\n\t<meta property=\"og:image:height\" content=\"450\" \/>\n\t<meta property=\"og:image:type\" content=\"image\/jpeg\" \/>\n<meta name=\"author\" content=\"Reda\u00e7\u00e3o\" \/>\n<meta name=\"twitter:card\" content=\"summary_large_image\" \/>\n<meta name=\"twitter:label1\" content=\"Escrito por\" \/>\n\t<meta name=\"twitter:data1\" content=\"Reda\u00e7\u00e3o\" \/>\n\t<meta name=\"twitter:label2\" content=\"Tempo estimado de leitura\" \/>\n\t<meta name=\"twitter:data2\" content=\"1 minuto\" \/>\n<script type=\"application\/ld+json\" class=\"yoast-schema-graph\">{\"@context\":\"https:\/\/schema.org\",\"@graph\":[{\"@type\":\"Article\",\"@id\":\"https:\/\/brasilnoticias.org\/site\/secretario-de-transporte-de-lauro-de-freitas-reage-a-onibus-eletricos\/#article\",\"isPartOf\":{\"@id\":\"https:\/\/brasilnoticias.org\/site\/secretario-de-transporte-de-lauro-de-freitas-reage-a-onibus-eletricos\/\"},\"author\":{\"name\":\"Reda\u00e7\u00e3o\",\"@id\":\"https:\/\/brasilnoticias.org\/site\/#\/schema\/person\/f609fa847b5314f1c8b983342f34c798\"},\"headline\":\"Secret\u00e1rio de Transporte de Lauro de Freitas reage a \u00f4nibus el\u00e9tricos\",\"datePublished\":\"2022-09-05T14:36:54+00:00\",\"mainEntityOfPage\":{\"@id\":\"https:\/\/brasilnoticias.org\/site\/secretario-de-transporte-de-lauro-de-freitas-reage-a-onibus-eletricos\/\"},\"wordCount\":204,\"commentCount\":0,\"publisher\":{\"@id\":\"https:\/\/brasilnoticias.org\/site\/#organization\"},\"image\":{\"@id\":\"https:\/\/brasilnoticias.org\/site\/secretario-de-transporte-de-lauro-de-freitas-reage-a-onibus-eletricos\/#primaryimage\"},\"thumbnailUrl\":\"https:\/\/brasilnoticias.org\/site\/wp-content\/uploads\/2022\/09\/foto-onibus-eletrico-bnews_widelg.jpg\",\"articleSection\":[\"Not\u00edcias\"],\"inLanguage\":\"pt-PT\",\"potentialAction\":[{\"@type\":\"CommentAction\",\"name\":\"Comment\",\"target\":[\"https:\/\/brasilnoticias.org\/site\/secretario-de-transporte-de-lauro-de-freitas-reage-a-onibus-eletricos\/#respond\"]}]},{\"@type\":\"WebPage\",\"@id\":\"https:\/\/brasilnoticias.org\/site\/secretario-de-transporte-de-lauro-de-freitas-reage-a-onibus-eletricos\/\",\"url\":\"https:\/\/brasilnoticias.org\/site\/secretario-de-transporte-de-lauro-de-freitas-reage-a-onibus-eletricos\/\",\"name\":\"Secret\u00e1rio de Transporte de Lauro de Freitas reage a \u00f4nibus el\u00e9tricos - Brasil not\u00edcias\",\"isPartOf\":{\"@id\":\"https:\/\/brasilnoticias.org\/site\/#website\"},\"primaryImageOfPage\":{\"@id\":\"https:\/\/brasilnoticias.org\/site\/secretario-de-transporte-de-lauro-de-freitas-reage-a-onibus-eletricos\/#primaryimage\"},\"image\":{\"@id\":\"https:\/\/brasilnoticias.org\/site\/secretario-de-transporte-de-lauro-de-freitas-reage-a-onibus-eletricos\/#primaryimage\"},\"thumbnailUrl\":\"https:\/\/brasilnoticias.org\/site\/wp-content\/uploads\/2022\/09\/foto-onibus-eletrico-bnews_widelg.jpg\",\"datePublished\":\"2022-09-05T14:36:54+00:00\",\"breadcrumb\":{\"@id\":\"https:\/\/brasilnoticias.org\/site\/secretario-de-transporte-de-lauro-de-freitas-reage-a-onibus-eletricos\/#breadcrumb\"},\"inLanguage\":\"pt-PT\",\"potentialAction\":[{\"@type\":\"ReadAction\",\"target\":[\"https:\/\/brasilnoticias.org\/site\/secretario-de-transporte-de-lauro-de-freitas-reage-a-onibus-eletricos\/\"]}]},{\"@type\":\"ImageObject\",\"inLanguage\":\"pt-PT\",\"@id\":\"https:\/\/brasilnoticias.org\/site\/secretario-de-transporte-de-lauro-de-freitas-reage-a-onibus-eletricos\/#primaryimage\",\"url\":\"https:\/\/brasilnoticias.org\/site\/wp-content\/uploads\/2022\/09\/foto-onibus-eletrico-bnews_widelg.jpg\",\"contentUrl\":\"https:\/\/brasilnoticias.org\/site\/wp-content\/uploads\/2022\/09\/foto-onibus-eletrico-bnews_widelg.jpg\",\"width\":800,\"height\":450},{\"@type\":\"BreadcrumbList\",\"@id\":\"https:\/\/brasilnoticias.org\/site\/secretario-de-transporte-de-lauro-de-freitas-reage-a-onibus-eletricos\/#breadcrumb\",\"itemListElement\":[{\"@type\":\"ListItem\",\"position\":1,\"name\":\"In\u00edcio\",\"item\":\"https:\/\/brasilnoticias.org\/site\/\"},{\"@type\":\"ListItem\",\"position\":2,\"name\":\"Secret\u00e1rio de Transporte de Lauro de Freitas reage a \u00f4nibus el\u00e9tricos\"}]},{\"@type\":\"WebSite\",\"@id\":\"https:\/\/brasilnoticias.org\/site\/#website\",\"url\":\"https:\/\/brasilnoticias.org\/site\/\",\"name\":\"Brasil not\u00edcias\",\"description\":\"Brasil not\u00edcias\",\"publisher\":{\"@id\":\"https:\/\/brasilnoticias.org\/site\/#organization\"},\"potentialAction\":[{\"@type\":\"SearchAction\",\"target\":{\"@type\":\"EntryPoint\",\"urlTemplate\":\"https:\/\/brasilnoticias.org\/site\/?s={search_term_string}\"},\"query-input\":{\"@type\":\"PropertyValueSpecification\",\"valueRequired\":true,\"valueName\":\"search_term_string\"}}],\"inLanguage\":\"pt-PT\"},{\"@type\":\"Organization\",\"@id\":\"https:\/\/brasilnoticias.org\/site\/#organization\",\"name\":\"Brasil not\u00edcias\",\"url\":\"https:\/\/brasilnoticias.org\/site\/\",\"logo\":{\"@type\":\"ImageObject\",\"inLanguage\":\"pt-PT\",\"@id\":\"https:\/\/brasilnoticias.org\/site\/#\/schema\/logo\/image\/\",\"url\":\"https:\/\/brasilnoticias.org\/site\/wp-content\/uploads\/2022\/05\/cropped-brasilnoticias-mini.jpg\",\"contentUrl\":\"https:\/\/brasilnoticias.org\/site\/wp-content\/uploads\/2022\/05\/cropped-brasilnoticias-mini.jpg\",\"width\":314,\"height\":86,\"caption\":\"Brasil not\u00edcias\"},\"image\":{\"@id\":\"https:\/\/brasilnoticias.org\/site\/#\/schema\/logo\/image\/\"}},{\"@type\":\"Person\",\"@id\":\"https:\/\/brasilnoticias.org\/site\/#\/schema\/person\/f609fa847b5314f1c8b983342f34c798\",\"name\":\"Reda\u00e7\u00e3o\",\"image\":{\"@type\":\"ImageObject\",\"inLanguage\":\"pt-PT\",\"@id\":\"https:\/\/brasilnoticias.org\/site\/#\/schema\/person\/image\/\",\"url\":\"https:\/\/secure.gravatar.com\/avatar\/447284c06c1ad8b46465a36de9cd0d8326b73387a22799b8b1ffb1fbcff2ed0c?s=96&d=mm&r=g\",\"contentUrl\":\"https:\/\/secure.gravatar.com\/avatar\/447284c06c1ad8b46465a36de9cd0d8326b73387a22799b8b1ffb1fbcff2ed0c?s=96&d=mm&r=g\",\"caption\":\"Reda\u00e7\u00e3o\"},\"url\":\"https:\/\/brasilnoticias.org\/site\/author\/redacao\/\"}]}<\/script>\n<!-- \/ Yoast SEO plugin. -->","yoast_head_json":{"title":"Secret\u00e1rio de Transporte de Lauro de Freitas reage a \u00f4nibus el\u00e9tricos - Brasil not\u00edcias","robots":{"index":"index","follow":"follow","max-snippet":"max-snippet:-1","max-image-preview":"max-image-preview:large","max-video-preview":"max-video-preview:-1"},"canonical":"https:\/\/brasilnoticias.org\/site\/secretario-de-transporte-de-lauro-de-freitas-reage-a-onibus-eletricos\/","og_locale":"pt_PT","og_type":"article","og_title":"Secret\u00e1rio de Transporte de Lauro de Freitas reage a \u00f4nibus el\u00e9tricos - Brasil not\u00edcias","og_description":"O secret\u00e1rio de Transporte de Lauro de Freitas, Capit\u00e3o Olinto, afirmou que a entrega de 20 \u00f4nibus el\u00e9tricos adquiridos pelo\u00a0governo","og_url":"https:\/\/brasilnoticias.org\/site\/secretario-de-transporte-de-lauro-de-freitas-reage-a-onibus-eletricos\/","og_site_name":"Brasil not\u00edcias","article_published_time":"2022-09-05T14:36:54+00:00","og_image":[{"width":800,"height":450,"url":"https:\/\/brasilnoticias.org\/site\/wp-content\/uploads\/2022\/09\/foto-onibus-eletrico-bnews_widelg.jpg","type":"image\/jpeg"}],"author":"Reda\u00e7\u00e3o","twitter_card":"summary_large_image","twitter_misc":{"Escrito por":"Reda\u00e7\u00e3o","Tempo estimado de leitura":"1 minuto"},"schema":{"@context":"https:\/\/schema.org","@graph":[{"@type":"Article","@id":"https:\/\/brasilnoticias.org\/site\/secretario-de-transporte-de-lauro-de-freitas-reage-a-onibus-eletricos\/#article","isPartOf":{"@id":"https:\/\/brasilnoticias.org\/site\/secretario-de-transporte-de-lauro-de-freitas-reage-a-onibus-eletricos\/"},"author":{"name":"Reda\u00e7\u00e3o","@id":"https:\/\/brasilnoticias.org\/site\/#\/schema\/person\/f609fa847b5314f1c8b983342f34c798"},"headline":"Secret\u00e1rio de Transporte de Lauro de Freitas reage a \u00f4nibus el\u00e9tricos","datePublished":"2022-09-05T14:36:54+00:00","mainEntityOfPage":{"@id":"https:\/\/brasilnoticias.org\/site\/secretario-de-transporte-de-lauro-de-freitas-reage-a-onibus-eletricos\/"},"wordCount":204,"commentCount":0,"publisher":{"@id":"https:\/\/brasilnoticias.org\/site\/#organization"},"image":{"@id":"https:\/\/brasilnoticias.org\/site\/secretario-de-transporte-de-lauro-de-freitas-reage-a-onibus-eletricos\/#primaryimage"},"thumbnailUrl":"https:\/\/brasilnoticias.org\/site\/wp-content\/uploads\/2022\/09\/foto-onibus-eletrico-bnews_widelg.jpg","articleSection":["Not\u00edcias"],"inLanguage":"pt-PT","potentialAction":[{"@type":"CommentAction","name":"Comment","target":["https:\/\/brasilnoticias.org\/site\/secretario-de-transporte-de-lauro-de-freitas-reage-a-onibus-eletricos\/#respond"]}]},{"@type":"WebPage","@id":"https:\/\/brasilnoticias.org\/site\/secretario-de-transporte-de-lauro-de-freitas-reage-a-onibus-eletricos\/","url":"https:\/\/brasilnoticias.org\/site\/secretario-de-transporte-de-lauro-de-freitas-reage-a-onibus-eletricos\/","name":"Secret\u00e1rio de Transporte de Lauro de Freitas reage a \u00f4nibus el\u00e9tricos - Brasil not\u00edcias","isPartOf":{"@id":"https:\/\/brasilnoticias.org\/site\/#website"},"primaryImageOfPage":{"@id":"https:\/\/brasilnoticias.org\/site\/secretario-de-transporte-de-lauro-de-freitas-reage-a-onibus-eletricos\/#primaryimage"},"image":{"@id":"https:\/\/brasilnoticias.org\/site\/secretario-de-transporte-de-lauro-de-freitas-reage-a-onibus-eletricos\/#primaryimage"},"thumbnailUrl":"https:\/\/brasilnoticias.org\/site\/wp-content\/uploads\/2022\/09\/foto-onibus-eletrico-bnews_widelg.jpg","datePublished":"2022-09-05T14:36:54+00:00","breadcrumb":{"@id":"https:\/\/brasilnoticias.org\/site\/secretario-de-transporte-de-lauro-de-freitas-reage-a-onibus-eletricos\/#breadcrumb"},"inLanguage":"pt-PT","potentialAction":[{"@type":"ReadAction","target":["https:\/\/brasilnoticias.org\/site\/secretario-de-transporte-de-lauro-de-freitas-reage-a-onibus-eletricos\/"]}]},{"@type":"ImageObject","inLanguage":"pt-PT","@id":"https:\/\/brasilnoticias.org\/site\/secretario-de-transporte-de-lauro-de-freitas-reage-a-onibus-eletricos\/#primaryimage","url":"https:\/\/brasilnoticias.org\/site\/wp-content\/uploads\/2022\/09\/foto-onibus-eletrico-bnews_widelg.jpg","contentUrl":"https:\/\/brasilnoticias.org\/site\/wp-content\/uploads\/2022\/09\/foto-onibus-eletrico-bnews_widelg.jpg","width":800,"height":450},{"@type":"BreadcrumbList","@id":"https:\/\/brasilnoticias.org\/site\/secretario-de-transporte-de-lauro-de-freitas-reage-a-onibus-eletricos\/#breadcrumb","itemListElement":[{"@type":"ListItem","position":1,"name":"In\u00edcio","item":"https:\/\/brasilnoticias.org\/site\/"},{"@type":"ListItem","position":2,"name":"Secret\u00e1rio de Transporte de Lauro de Freitas reage a \u00f4nibus el\u00e9tricos"}]},{"@type":"WebSite","@id":"https:\/\/brasilnoticias.org\/site\/#website","url":"https:\/\/brasilnoticias.org\/site\/","name":"Brasil not\u00edcias","description":"Brasil not\u00edcias","publisher":{"@id":"https:\/\/brasilnoticias.org\/site\/#organization"},"potentialAction":[{"@type":"SearchAction","target":{"@type":"EntryPoint","urlTemplate":"https:\/\/brasilnoticias.org\/site\/?s={search_term_string}"},"query-input":{"@type":"PropertyValueSpecification","valueRequired":true,"valueName":"search_term_string"}}],"inLanguage":"pt-PT"},{"@type":"Organization","@id":"https:\/\/brasilnoticias.org\/site\/#organization","name":"Brasil not\u00edcias","url":"https:\/\/brasilnoticias.org\/site\/","logo":{"@type":"ImageObject","inLanguage":"pt-PT","@id":"https:\/\/brasilnoticias.org\/site\/#\/schema\/logo\/image\/","url":"https:\/\/brasilnoticias.org\/site\/wp-content\/uploads\/2022\/05\/cropped-brasilnoticias-mini.jpg","contentUrl":"https:\/\/brasilnoticias.org\/site\/wp-content\/uploads\/2022\/05\/cropped-brasilnoticias-mini.jpg","width":314,"height":86,"caption":"Brasil not\u00edcias"},"image":{"@id":"https:\/\/brasilnoticias.org\/site\/#\/schema\/logo\/image\/"}},{"@type":"Person","@id":"https:\/\/brasilnoticias.org\/site\/#\/schema\/person\/f609fa847b5314f1c8b983342f34c798","name":"Reda\u00e7\u00e3o","image":{"@type":"ImageObject","inLanguage":"pt-PT","@id":"https:\/\/brasilnoticias.org\/site\/#\/schema\/person\/image\/","url":"https:\/\/secure.gravatar.com\/avatar\/447284c06c1ad8b46465a36de9cd0d8326b73387a22799b8b1ffb1fbcff2ed0c?s=96&d=mm&r=g","contentUrl":"https:\/\/secure.gravatar.com\/avatar\/447284c06c1ad8b46465a36de9cd0d8326b73387a22799b8b1ffb1fbcff2ed0c?s=96&d=mm&r=g","caption":"Reda\u00e7\u00e3o"},"url":"https:\/\/brasilnoticias.org\/site\/author\/redacao\/"}]}},"_links":{"self":[{"href":"https:\/\/brasilnoticias.org\/site\/wp-json\/wp\/v2\/posts\/1349","targetHints":{"allow":["GET"]}}],"collection":[{"href":"https:\/\/brasilnoticias.org\/site\/wp-json\/wp\/v2\/posts"}],"about":[{"href":"https:\/\/brasilnoticias.org\/site\/wp-json\/wp\/v2\/types\/post"}],"author":[{"embeddable":true,"href":"https:\/\/brasilnoticias.org\/site\/wp-json\/wp\/v2\/users\/2"}],"replies":[{"embeddable":true,"href":"https:\/\/brasilnoticias.org\/site\/wp-json\/wp\/v2\/comments?post=1349"}],"version-history":[{"count":1,"href":"https:\/\/brasilnoticias.org\/site\/wp-json\/wp\/v2\/posts\/1349\/revisions"}],"predecessor-version":[{"id":1351,"href":"https:\/\/brasilnoticias.org\/site\/wp-json\/wp\/v2\/posts\/1349\/revisions\/1351"}],"wp:featuredmedia":[{"embeddable":true,"href":"https:\/\/brasilnoticias.org\/site\/wp-json\/wp\/v2\/media\/1350"}],"wp:attachment":[{"href":"https:\/\/brasilnoticias.org\/site\/wp-json\/wp\/v2\/media?parent=1349"}],"wp:term":[{"taxonomy":"category","embeddable":true,"href":"https:\/\/brasilnoticias.org\/site\/wp-json\/wp\/v2\/categories?post=1349"},{"taxonomy":"post_tag","embeddable":true,"href":"https:\/\/brasilnoticias.org\/site\/wp-json\/wp\/v2\/tags?post=1349"}],"curies":[{"name":"wp","href":"https:\/\/api.w.org\/{rel}","templated":true}]}}