{"id":13513,"date":"2024-04-09T18:53:33","date_gmt":"2024-04-09T21:53:33","guid":{"rendered":"https:\/\/brasilnoticias.org\/site\/?p=13513"},"modified":"2024-04-09T18:53:33","modified_gmt":"2024-04-09T21:53:33","slug":"pf-prende-hacker-suspeito-de-invadir-sites-do-senado-exercito-e-tse-em-feira-de-santana","status":"publish","type":"post","link":"https:\/\/brasilnoticias.org\/site\/pf-prende-hacker-suspeito-de-invadir-sites-do-senado-exercito-e-tse-em-feira-de-santana\/","title":{"rendered":"PF prende hacker suspeito de invadir sites do Senado, Ex\u00e9rcito e TSE em Feira de Santana"},"content":{"rendered":"<p>O hacker Vandathegod estava foragido desde novembro de 2023<\/p>\n<p>A Pol\u00edcia Federal cumpriu nesta ter\u00e7a-feira (9) um mandado de pris\u00e3o preventiva contra um hacker suspeito de invadir sites do Ex\u00e9rcito Brasileiro, Senado Federal e Tribunal Superior Eleitoral (TSE) e vazar dados de mais de 223 milh\u00f5es de brasileiros. A pris\u00e3o ocorreu na cidade de Feira de Santana, na Bahia.<\/p>\n<p>Marcos Roberto Correia da Silva, conhecido como Vandathegod, estava foragido desde novembro de 2023, quando retirou a tornozeleira eletr\u00f4nica que utilizava em face das investiga\u00e7\u00f5es da Opera\u00e7\u00e3o Deepwater. O suspeito tamb\u00e9m j\u00e1 foi apreendido na Opera\u00e7\u00e3o Defaced, onde foi acusado de ter invadido os sites da Pol\u00edcia Civil de Minas Gerais, do Minist\u00e9rio P\u00fablico de Minas Gerais (MPMG), do Tribunal de Justi\u00e7a de Goi\u00e1s e do Ex\u00e9rcito Brasileiro.<\/p>\n<p>O mandado de pris\u00e3o preventiva foi expedido pela 1\u00aa Vara Federal de Uberl\u00e2ndia (MG) e o preso ficar\u00e1 \u00e0 disposi\u00e7\u00e3o da Justi\u00e7a no Centro de Observa\u00e7\u00e3o Penal, em Salvador (BA).<\/p>\n<p>Foto: Comunica\u00e7\u00e3o social CPC<br \/>\nPor: Metro<\/p>\n","protected":false},"excerpt":{"rendered":"<p>O hacker Vandathegod estava foragido desde novembro de 2023 A Pol\u00edcia Federal cumpriu nesta ter\u00e7a-feira (9) um mandado de pris\u00e3o<\/p>\n","protected":false},"author":4,"featured_media":13514,"comment_status":"open","ping_status":"open","sticky":false,"template":"","format":"standard","meta":{"colormag_page_container_layout":"default_layout","colormag_page_sidebar_layout":"default_layout","_FSMCFIC_featured_image_caption":"","_FSMCFIC_featured_image_nocaption":"","_FSMCFIC_featured_image_hide":"","footnotes":""},"categories":[3,1],"tags":[],"class_list":["post-13513","post","type-post","status-publish","format-standard","has-post-thumbnail","hentry","category-policia","category-ultimas"],"yoast_head":"<!-- This site is optimized with the Yoast SEO plugin v27.1.1 - https:\/\/yoast.com\/product\/yoast-seo-wordpress\/ -->\n<title>PF prende hacker suspeito de invadir sites do Senado, Ex\u00e9rcito e TSE em Feira de Santana - Brasil not\u00edcias<\/title>\n<meta name=\"robots\" content=\"index, follow, max-snippet:-1, max-image-preview:large, max-video-preview:-1\" \/>\n<link rel=\"canonical\" href=\"https:\/\/brasilnoticias.org\/site\/pf-prende-hacker-suspeito-de-invadir-sites-do-senado-exercito-e-tse-em-feira-de-santana\/\" \/>\n<meta property=\"og:locale\" content=\"pt_PT\" \/>\n<meta property=\"og:type\" content=\"article\" \/>\n<meta property=\"og:title\" content=\"PF prende hacker suspeito de invadir sites do Senado, Ex\u00e9rcito e TSE em Feira de Santana - Brasil not\u00edcias\" \/>\n<meta property=\"og:description\" content=\"O hacker Vandathegod estava foragido desde novembro de 2023 A Pol\u00edcia Federal cumpriu nesta ter\u00e7a-feira (9) um mandado de pris\u00e3o\" \/>\n<meta property=\"og:url\" content=\"https:\/\/brasilnoticias.org\/site\/pf-prende-hacker-suspeito-de-invadir-sites-do-senado-exercito-e-tse-em-feira-de-santana\/\" \/>\n<meta property=\"og:site_name\" content=\"Brasil not\u00edcias\" \/>\n<meta property=\"article:published_time\" content=\"2024-04-09T21:53:33+00:00\" \/>\n<meta property=\"og:image\" content=\"https:\/\/brasilnoticias.org\/site\/wp-content\/uploads\/2024\/04\/148478pf-prende-hacker-suspeito-de-invadir-sites-do-senado-exercito-e-tse-em-feira-de-santana-3.jpg\" \/>\n\t<meta property=\"og:image:width\" content=\"1600\" \/>\n\t<meta property=\"og:image:height\" content=\"752\" \/>\n\t<meta property=\"og:image:type\" content=\"image\/jpeg\" \/>\n<meta name=\"author\" content=\"Reda\u00e7\u00e3o\" \/>\n<meta name=\"twitter:card\" content=\"summary_large_image\" \/>\n<meta name=\"twitter:label1\" content=\"Escrito por\" \/>\n\t<meta name=\"twitter:data1\" content=\"Reda\u00e7\u00e3o\" \/>\n\t<meta name=\"twitter:label2\" content=\"Tempo estimado de leitura\" \/>\n\t<meta name=\"twitter:data2\" content=\"1 minuto\" \/>\n<script type=\"application\/ld+json\" class=\"yoast-schema-graph\">{\"@context\":\"https:\/\/schema.org\",\"@graph\":[{\"@type\":\"Article\",\"@id\":\"https:\/\/brasilnoticias.org\/site\/pf-prende-hacker-suspeito-de-invadir-sites-do-senado-exercito-e-tse-em-feira-de-santana\/#article\",\"isPartOf\":{\"@id\":\"https:\/\/brasilnoticias.org\/site\/pf-prende-hacker-suspeito-de-invadir-sites-do-senado-exercito-e-tse-em-feira-de-santana\/\"},\"author\":{\"name\":\"Reda\u00e7\u00e3o\",\"@id\":\"https:\/\/brasilnoticias.org\/site\/#\/schema\/person\/03bbbfe6c7634ad18c26444ea39049fa\"},\"headline\":\"PF prende hacker suspeito de invadir sites do Senado, Ex\u00e9rcito e TSE em Feira de Santana\",\"datePublished\":\"2024-04-09T21:53:33+00:00\",\"mainEntityOfPage\":{\"@id\":\"https:\/\/brasilnoticias.org\/site\/pf-prende-hacker-suspeito-de-invadir-sites-do-senado-exercito-e-tse-em-feira-de-santana\/\"},\"wordCount\":197,\"commentCount\":0,\"publisher\":{\"@id\":\"https:\/\/brasilnoticias.org\/site\/#organization\"},\"image\":{\"@id\":\"https:\/\/brasilnoticias.org\/site\/pf-prende-hacker-suspeito-de-invadir-sites-do-senado-exercito-e-tse-em-feira-de-santana\/#primaryimage\"},\"thumbnailUrl\":\"https:\/\/brasilnoticias.org\/site\/wp-content\/uploads\/2024\/04\/148478pf-prende-hacker-suspeito-de-invadir-sites-do-senado-exercito-e-tse-em-feira-de-santana-3.jpg\",\"articleSection\":[\"Pol\u00edcia\",\"\u00daltimas\"],\"inLanguage\":\"pt-PT\",\"potentialAction\":[{\"@type\":\"CommentAction\",\"name\":\"Comment\",\"target\":[\"https:\/\/brasilnoticias.org\/site\/pf-prende-hacker-suspeito-de-invadir-sites-do-senado-exercito-e-tse-em-feira-de-santana\/#respond\"]}]},{\"@type\":\"WebPage\",\"@id\":\"https:\/\/brasilnoticias.org\/site\/pf-prende-hacker-suspeito-de-invadir-sites-do-senado-exercito-e-tse-em-feira-de-santana\/\",\"url\":\"https:\/\/brasilnoticias.org\/site\/pf-prende-hacker-suspeito-de-invadir-sites-do-senado-exercito-e-tse-em-feira-de-santana\/\",\"name\":\"PF prende hacker suspeito de invadir sites do Senado, Ex\u00e9rcito e TSE em Feira de Santana - Brasil not\u00edcias\",\"isPartOf\":{\"@id\":\"https:\/\/brasilnoticias.org\/site\/#website\"},\"primaryImageOfPage\":{\"@id\":\"https:\/\/brasilnoticias.org\/site\/pf-prende-hacker-suspeito-de-invadir-sites-do-senado-exercito-e-tse-em-feira-de-santana\/#primaryimage\"},\"image\":{\"@id\":\"https:\/\/brasilnoticias.org\/site\/pf-prende-hacker-suspeito-de-invadir-sites-do-senado-exercito-e-tse-em-feira-de-santana\/#primaryimage\"},\"thumbnailUrl\":\"https:\/\/brasilnoticias.org\/site\/wp-content\/uploads\/2024\/04\/148478pf-prende-hacker-suspeito-de-invadir-sites-do-senado-exercito-e-tse-em-feira-de-santana-3.jpg\",\"datePublished\":\"2024-04-09T21:53:33+00:00\",\"breadcrumb\":{\"@id\":\"https:\/\/brasilnoticias.org\/site\/pf-prende-hacker-suspeito-de-invadir-sites-do-senado-exercito-e-tse-em-feira-de-santana\/#breadcrumb\"},\"inLanguage\":\"pt-PT\",\"potentialAction\":[{\"@type\":\"ReadAction\",\"target\":[\"https:\/\/brasilnoticias.org\/site\/pf-prende-hacker-suspeito-de-invadir-sites-do-senado-exercito-e-tse-em-feira-de-santana\/\"]}]},{\"@type\":\"ImageObject\",\"inLanguage\":\"pt-PT\",\"@id\":\"https:\/\/brasilnoticias.org\/site\/pf-prende-hacker-suspeito-de-invadir-sites-do-senado-exercito-e-tse-em-feira-de-santana\/#primaryimage\",\"url\":\"https:\/\/brasilnoticias.org\/site\/wp-content\/uploads\/2024\/04\/148478pf-prende-hacker-suspeito-de-invadir-sites-do-senado-exercito-e-tse-em-feira-de-santana-3.jpg\",\"contentUrl\":\"https:\/\/brasilnoticias.org\/site\/wp-content\/uploads\/2024\/04\/148478pf-prende-hacker-suspeito-de-invadir-sites-do-senado-exercito-e-tse-em-feira-de-santana-3.jpg\",\"width\":1600,\"height\":752},{\"@type\":\"BreadcrumbList\",\"@id\":\"https:\/\/brasilnoticias.org\/site\/pf-prende-hacker-suspeito-de-invadir-sites-do-senado-exercito-e-tse-em-feira-de-santana\/#breadcrumb\",\"itemListElement\":[{\"@type\":\"ListItem\",\"position\":1,\"name\":\"In\u00edcio\",\"item\":\"https:\/\/brasilnoticias.org\/site\/\"},{\"@type\":\"ListItem\",\"position\":2,\"name\":\"PF prende hacker suspeito de invadir sites do Senado, Ex\u00e9rcito e TSE em Feira de Santana\"}]},{\"@type\":\"WebSite\",\"@id\":\"https:\/\/brasilnoticias.org\/site\/#website\",\"url\":\"https:\/\/brasilnoticias.org\/site\/\",\"name\":\"Brasil not\u00edcias\",\"description\":\"Brasil not\u00edcias\",\"publisher\":{\"@id\":\"https:\/\/brasilnoticias.org\/site\/#organization\"},\"potentialAction\":[{\"@type\":\"SearchAction\",\"target\":{\"@type\":\"EntryPoint\",\"urlTemplate\":\"https:\/\/brasilnoticias.org\/site\/?s={search_term_string}\"},\"query-input\":{\"@type\":\"PropertyValueSpecification\",\"valueRequired\":true,\"valueName\":\"search_term_string\"}}],\"inLanguage\":\"pt-PT\"},{\"@type\":\"Organization\",\"@id\":\"https:\/\/brasilnoticias.org\/site\/#organization\",\"name\":\"Brasil not\u00edcias\",\"url\":\"https:\/\/brasilnoticias.org\/site\/\",\"logo\":{\"@type\":\"ImageObject\",\"inLanguage\":\"pt-PT\",\"@id\":\"https:\/\/brasilnoticias.org\/site\/#\/schema\/logo\/image\/\",\"url\":\"https:\/\/brasilnoticias.org\/site\/wp-content\/uploads\/2022\/05\/cropped-brasilnoticias-mini.jpg\",\"contentUrl\":\"https:\/\/brasilnoticias.org\/site\/wp-content\/uploads\/2022\/05\/cropped-brasilnoticias-mini.jpg\",\"width\":314,\"height\":86,\"caption\":\"Brasil not\u00edcias\"},\"image\":{\"@id\":\"https:\/\/brasilnoticias.org\/site\/#\/schema\/logo\/image\/\"}},{\"@type\":\"Person\",\"@id\":\"https:\/\/brasilnoticias.org\/site\/#\/schema\/person\/03bbbfe6c7634ad18c26444ea39049fa\",\"name\":\"Reda\u00e7\u00e3o\",\"image\":{\"@type\":\"ImageObject\",\"inLanguage\":\"pt-PT\",\"@id\":\"https:\/\/brasilnoticias.org\/site\/#\/schema\/person\/image\/\",\"url\":\"https:\/\/secure.gravatar.com\/avatar\/9ecaf7327a696cb23ad926fedded5f1f04d7049de9e445375d55b48c001a6e42?s=96&d=mm&r=g\",\"contentUrl\":\"https:\/\/secure.gravatar.com\/avatar\/9ecaf7327a696cb23ad926fedded5f1f04d7049de9e445375d55b48c001a6e42?s=96&d=mm&r=g\",\"caption\":\"Reda\u00e7\u00e3o\"},\"url\":\"https:\/\/brasilnoticias.org\/site\/author\/henrique\/\"}]}<\/script>\n<!-- \/ Yoast SEO plugin. -->","yoast_head_json":{"title":"PF prende hacker suspeito de invadir sites do Senado, Ex\u00e9rcito e TSE em Feira de Santana - Brasil not\u00edcias","robots":{"index":"index","follow":"follow","max-snippet":"max-snippet:-1","max-image-preview":"max-image-preview:large","max-video-preview":"max-video-preview:-1"},"canonical":"https:\/\/brasilnoticias.org\/site\/pf-prende-hacker-suspeito-de-invadir-sites-do-senado-exercito-e-tse-em-feira-de-santana\/","og_locale":"pt_PT","og_type":"article","og_title":"PF prende hacker suspeito de invadir sites do Senado, Ex\u00e9rcito e TSE em Feira de Santana - Brasil not\u00edcias","og_description":"O hacker Vandathegod estava foragido desde novembro de 2023 A Pol\u00edcia Federal cumpriu nesta ter\u00e7a-feira (9) um mandado de pris\u00e3o","og_url":"https:\/\/brasilnoticias.org\/site\/pf-prende-hacker-suspeito-de-invadir-sites-do-senado-exercito-e-tse-em-feira-de-santana\/","og_site_name":"Brasil not\u00edcias","article_published_time":"2024-04-09T21:53:33+00:00","og_image":[{"width":1600,"height":752,"url":"https:\/\/brasilnoticias.org\/site\/wp-content\/uploads\/2024\/04\/148478pf-prende-hacker-suspeito-de-invadir-sites-do-senado-exercito-e-tse-em-feira-de-santana-3.jpg","type":"image\/jpeg"}],"author":"Reda\u00e7\u00e3o","twitter_card":"summary_large_image","twitter_misc":{"Escrito por":"Reda\u00e7\u00e3o","Tempo estimado de leitura":"1 minuto"},"schema":{"@context":"https:\/\/schema.org","@graph":[{"@type":"Article","@id":"https:\/\/brasilnoticias.org\/site\/pf-prende-hacker-suspeito-de-invadir-sites-do-senado-exercito-e-tse-em-feira-de-santana\/#article","isPartOf":{"@id":"https:\/\/brasilnoticias.org\/site\/pf-prende-hacker-suspeito-de-invadir-sites-do-senado-exercito-e-tse-em-feira-de-santana\/"},"author":{"name":"Reda\u00e7\u00e3o","@id":"https:\/\/brasilnoticias.org\/site\/#\/schema\/person\/03bbbfe6c7634ad18c26444ea39049fa"},"headline":"PF prende hacker suspeito de invadir sites do Senado, Ex\u00e9rcito e TSE em Feira de Santana","datePublished":"2024-04-09T21:53:33+00:00","mainEntityOfPage":{"@id":"https:\/\/brasilnoticias.org\/site\/pf-prende-hacker-suspeito-de-invadir-sites-do-senado-exercito-e-tse-em-feira-de-santana\/"},"wordCount":197,"commentCount":0,"publisher":{"@id":"https:\/\/brasilnoticias.org\/site\/#organization"},"image":{"@id":"https:\/\/brasilnoticias.org\/site\/pf-prende-hacker-suspeito-de-invadir-sites-do-senado-exercito-e-tse-em-feira-de-santana\/#primaryimage"},"thumbnailUrl":"https:\/\/brasilnoticias.org\/site\/wp-content\/uploads\/2024\/04\/148478pf-prende-hacker-suspeito-de-invadir-sites-do-senado-exercito-e-tse-em-feira-de-santana-3.jpg","articleSection":["Pol\u00edcia","\u00daltimas"],"inLanguage":"pt-PT","potentialAction":[{"@type":"CommentAction","name":"Comment","target":["https:\/\/brasilnoticias.org\/site\/pf-prende-hacker-suspeito-de-invadir-sites-do-senado-exercito-e-tse-em-feira-de-santana\/#respond"]}]},{"@type":"WebPage","@id":"https:\/\/brasilnoticias.org\/site\/pf-prende-hacker-suspeito-de-invadir-sites-do-senado-exercito-e-tse-em-feira-de-santana\/","url":"https:\/\/brasilnoticias.org\/site\/pf-prende-hacker-suspeito-de-invadir-sites-do-senado-exercito-e-tse-em-feira-de-santana\/","name":"PF prende hacker suspeito de invadir sites do Senado, Ex\u00e9rcito e TSE em Feira de Santana - Brasil not\u00edcias","isPartOf":{"@id":"https:\/\/brasilnoticias.org\/site\/#website"},"primaryImageOfPage":{"@id":"https:\/\/brasilnoticias.org\/site\/pf-prende-hacker-suspeito-de-invadir-sites-do-senado-exercito-e-tse-em-feira-de-santana\/#primaryimage"},"image":{"@id":"https:\/\/brasilnoticias.org\/site\/pf-prende-hacker-suspeito-de-invadir-sites-do-senado-exercito-e-tse-em-feira-de-santana\/#primaryimage"},"thumbnailUrl":"https:\/\/brasilnoticias.org\/site\/wp-content\/uploads\/2024\/04\/148478pf-prende-hacker-suspeito-de-invadir-sites-do-senado-exercito-e-tse-em-feira-de-santana-3.jpg","datePublished":"2024-04-09T21:53:33+00:00","breadcrumb":{"@id":"https:\/\/brasilnoticias.org\/site\/pf-prende-hacker-suspeito-de-invadir-sites-do-senado-exercito-e-tse-em-feira-de-santana\/#breadcrumb"},"inLanguage":"pt-PT","potentialAction":[{"@type":"ReadAction","target":["https:\/\/brasilnoticias.org\/site\/pf-prende-hacker-suspeito-de-invadir-sites-do-senado-exercito-e-tse-em-feira-de-santana\/"]}]},{"@type":"ImageObject","inLanguage":"pt-PT","@id":"https:\/\/brasilnoticias.org\/site\/pf-prende-hacker-suspeito-de-invadir-sites-do-senado-exercito-e-tse-em-feira-de-santana\/#primaryimage","url":"https:\/\/brasilnoticias.org\/site\/wp-content\/uploads\/2024\/04\/148478pf-prende-hacker-suspeito-de-invadir-sites-do-senado-exercito-e-tse-em-feira-de-santana-3.jpg","contentUrl":"https:\/\/brasilnoticias.org\/site\/wp-content\/uploads\/2024\/04\/148478pf-prende-hacker-suspeito-de-invadir-sites-do-senado-exercito-e-tse-em-feira-de-santana-3.jpg","width":1600,"height":752},{"@type":"BreadcrumbList","@id":"https:\/\/brasilnoticias.org\/site\/pf-prende-hacker-suspeito-de-invadir-sites-do-senado-exercito-e-tse-em-feira-de-santana\/#breadcrumb","itemListElement":[{"@type":"ListItem","position":1,"name":"In\u00edcio","item":"https:\/\/brasilnoticias.org\/site\/"},{"@type":"ListItem","position":2,"name":"PF prende hacker suspeito de invadir sites do Senado, Ex\u00e9rcito e TSE em Feira de Santana"}]},{"@type":"WebSite","@id":"https:\/\/brasilnoticias.org\/site\/#website","url":"https:\/\/brasilnoticias.org\/site\/","name":"Brasil not\u00edcias","description":"Brasil not\u00edcias","publisher":{"@id":"https:\/\/brasilnoticias.org\/site\/#organization"},"potentialAction":[{"@type":"SearchAction","target":{"@type":"EntryPoint","urlTemplate":"https:\/\/brasilnoticias.org\/site\/?s={search_term_string}"},"query-input":{"@type":"PropertyValueSpecification","valueRequired":true,"valueName":"search_term_string"}}],"inLanguage":"pt-PT"},{"@type":"Organization","@id":"https:\/\/brasilnoticias.org\/site\/#organization","name":"Brasil not\u00edcias","url":"https:\/\/brasilnoticias.org\/site\/","logo":{"@type":"ImageObject","inLanguage":"pt-PT","@id":"https:\/\/brasilnoticias.org\/site\/#\/schema\/logo\/image\/","url":"https:\/\/brasilnoticias.org\/site\/wp-content\/uploads\/2022\/05\/cropped-brasilnoticias-mini.jpg","contentUrl":"https:\/\/brasilnoticias.org\/site\/wp-content\/uploads\/2022\/05\/cropped-brasilnoticias-mini.jpg","width":314,"height":86,"caption":"Brasil not\u00edcias"},"image":{"@id":"https:\/\/brasilnoticias.org\/site\/#\/schema\/logo\/image\/"}},{"@type":"Person","@id":"https:\/\/brasilnoticias.org\/site\/#\/schema\/person\/03bbbfe6c7634ad18c26444ea39049fa","name":"Reda\u00e7\u00e3o","image":{"@type":"ImageObject","inLanguage":"pt-PT","@id":"https:\/\/brasilnoticias.org\/site\/#\/schema\/person\/image\/","url":"https:\/\/secure.gravatar.com\/avatar\/9ecaf7327a696cb23ad926fedded5f1f04d7049de9e445375d55b48c001a6e42?s=96&d=mm&r=g","contentUrl":"https:\/\/secure.gravatar.com\/avatar\/9ecaf7327a696cb23ad926fedded5f1f04d7049de9e445375d55b48c001a6e42?s=96&d=mm&r=g","caption":"Reda\u00e7\u00e3o"},"url":"https:\/\/brasilnoticias.org\/site\/author\/henrique\/"}]}},"_links":{"self":[{"href":"https:\/\/brasilnoticias.org\/site\/wp-json\/wp\/v2\/posts\/13513","targetHints":{"allow":["GET"]}}],"collection":[{"href":"https:\/\/brasilnoticias.org\/site\/wp-json\/wp\/v2\/posts"}],"about":[{"href":"https:\/\/brasilnoticias.org\/site\/wp-json\/wp\/v2\/types\/post"}],"author":[{"embeddable":true,"href":"https:\/\/brasilnoticias.org\/site\/wp-json\/wp\/v2\/users\/4"}],"replies":[{"embeddable":true,"href":"https:\/\/brasilnoticias.org\/site\/wp-json\/wp\/v2\/comments?post=13513"}],"version-history":[{"count":1,"href":"https:\/\/brasilnoticias.org\/site\/wp-json\/wp\/v2\/posts\/13513\/revisions"}],"predecessor-version":[{"id":13515,"href":"https:\/\/brasilnoticias.org\/site\/wp-json\/wp\/v2\/posts\/13513\/revisions\/13515"}],"wp:featuredmedia":[{"embeddable":true,"href":"https:\/\/brasilnoticias.org\/site\/wp-json\/wp\/v2\/media\/13514"}],"wp:attachment":[{"href":"https:\/\/brasilnoticias.org\/site\/wp-json\/wp\/v2\/media?parent=13513"}],"wp:term":[{"taxonomy":"category","embeddable":true,"href":"https:\/\/brasilnoticias.org\/site\/wp-json\/wp\/v2\/categories?post=13513"},{"taxonomy":"post_tag","embeddable":true,"href":"https:\/\/brasilnoticias.org\/site\/wp-json\/wp\/v2\/tags?post=13513"}],"curies":[{"name":"wp","href":"https:\/\/api.w.org\/{rel}","templated":true}]}}