{"id":13522,"date":"2024-04-09T19:00:44","date_gmt":"2024-04-09T22:00:44","guid":{"rendered":"https:\/\/brasilnoticias.org\/site\/?p=13522"},"modified":"2024-04-09T19:00:44","modified_gmt":"2024-04-09T22:00:44","slug":"chuvas-devem-seguir-intensas-ate-esta-quarta-10-e-salvador-e-classificada-como-area-de-grande-perigo","status":"publish","type":"post","link":"https:\/\/brasilnoticias.org\/site\/chuvas-devem-seguir-intensas-ate-esta-quarta-10-e-salvador-e-classificada-como-area-de-grande-perigo\/","title":{"rendered":"Chuvas devem seguir intensas at\u00e9 esta quarta (10) e Salvador \u00e9 classificada como \u00e1rea de \u2018grande perigo\u2019"},"content":{"rendered":"<p>Segundo informa\u00e7\u00f5es da meteorologista Cl\u00e1udia Valeria Silva, do Instituto Nacional de Meteorologia (INMET), de domingo at\u00e9 esta ter\u00e7a (9), foi registrado um acumulado de 203,9mm de chuva em Salvador<\/p>\n<p>Desde domingo (7\/4), chuvas fortes atingem Salvador, causando alagamentos, deslizamentos de terra e quedas de \u00e1rvore por toda a capital baiana.<\/p>\n<p>Segundo informa\u00e7\u00f5es da meteorologista Cl\u00e1udia Valeria Silva, do Instituto Nacional de Meteorologia (INMET), de domingo at\u00e9 esta ter\u00e7a-feira (9), foi registrado um acumulado de 203,9mm de chuva em Salvador. Nesses primeiros 9 dias de abril, a cidade j\u00e1 registrou 380,6mm de chuva, o que representa 34% acima da m\u00e9dia do m\u00eas. Neste momento, Salvador est\u00e1 classificada como \u00e1rea de \u201cgrande perigo\u201d pelo Instituto.<\/p>\n<blockquote class=\"twitter-tweet\" data-media-max-width=\"560\">\n<p lang=\"pt\" dir=\"ltr\">Na Pituba, uma via foi alagada e um carro ficou parcialmente coberto. \u00c9 poss\u00edvel ver pessoas andando pelas \u00e1guas <a href=\"https:\/\/t.co\/yi41VlL5T6\">pic.twitter.com\/yi41VlL5T6<\/a><\/p>\n<p>&mdash; Aratu On (@aratuonline) <a href=\"https:\/\/twitter.com\/aratuonline\/status\/1777689147014103344?ref_src=twsrc%5Etfw\">April 9, 2024<\/a><\/p><\/blockquote>\n<p> <script async src=\"https:\/\/platform.twitter.com\/widgets.js\" charset=\"utf-8\"><\/script><\/p>\n<p>Ainda de acordo com o INMET, os volumes mais significativos de precipita\u00e7\u00e3o v\u00e3o at\u00e9 esta quarta-feira  (10) \u2013 mas, fica o alerta: a chuva deve permanecer ao longo de toda a semana, por\u00e9m de forma mais moderada.<\/p>\n<p>CHUVAS EM SALVADOR<\/p>\n<p>Em mais uma manh\u00e3 chuvosa em Salvador, as primeiras horas desta ter\u00e7a-feira (9\/4) foram marcadas por diversos problemas causados pelo temporal que atinge a cidade. Desabamentos, deslizamentos de terra e pontos de alagamento foram alguns dos transtornos contabilizados.<\/p>\n<p>Um pr\u00e9dio de quatro andares desabou na regi\u00e3o do Largo do Tanque. A rep\u00f3rter L\u00edcia Fontenele, da TV Aratu, esteve na localidade e, ap\u00f3s conversar com moradores e equipes do Corpo de Bombeiros, apurou que n\u00e3o houve v\u00edtimas.<\/p>\n<p>A chuva tamb\u00e9m abriu uma cratera na regi\u00e3o de Patamares, e fechou uma das vias da Avenida Oct\u00e1vio Mangabeira, sentindo Itapu\u00e3, nas proximidades da entrada para a Avenida Pinto de Aguiar. Segundo informa\u00e7\u00f5es da Transalvador, o local foi isolado e agentes de tr\u00e2nsito monitoram o tr\u00e1fego. A autarquia orienta ainda que para acessar a Avenida Pinto de Aguiar e localidades adjacentes, os condutores devem utilizar a Avenida Paralela.<\/p>\n<p>Na manh\u00e3 desta ter\u00e7a-feira (9\/4), pelo menos dois casos importantes de queda de \u00e1rvore foram registrados nas primeiras horas. Uma destas situa\u00e7\u00f5es ocorreu no bairro de Lu\u00eds Anselmo, em uma \u00e1rea residencial pr\u00f3xima a uma unidade da Chesf. Prepostos da Prefeitura foram encaminhados para fazerem a retirada dos galhos que ficaram sobre a pista.<\/p>\n<p>Segundo o instituto Climatempo, o volume de chuva previsto para hoje, na capital baiana, \u00e9 de 34 mm.<\/p>\n<p>Foto: Leitor\/Aratu On<br \/>\nAratu On<\/p>\n","protected":false},"excerpt":{"rendered":"<p>Segundo informa\u00e7\u00f5es da meteorologista Cl\u00e1udia Valeria Silva, do Instituto Nacional de Meteorologia (INMET), de domingo at\u00e9 esta ter\u00e7a (9), foi<\/p>\n","protected":false},"author":4,"featured_media":13523,"comment_status":"open","ping_status":"open","sticky":false,"template":"","format":"standard","meta":{"colormag_page_container_layout":"default_layout","colormag_page_sidebar_layout":"default_layout","_FSMCFIC_featured_image_caption":"","_FSMCFIC_featured_image_nocaption":"","_FSMCFIC_featured_image_hide":"","footnotes":""},"categories":[2,1],"tags":[],"class_list":["post-13522","post","type-post","status-publish","format-standard","has-post-thumbnail","hentry","category-noticias","category-ultimas"],"yoast_head":"<!-- This site is optimized with the Yoast SEO plugin v27.1.1 - https:\/\/yoast.com\/product\/yoast-seo-wordpress\/ -->\n<title>Chuvas devem seguir intensas at\u00e9 esta quarta (10) e Salvador \u00e9 classificada como \u00e1rea de \u2018grande perigo\u2019 - Brasil not\u00edcias<\/title>\n<meta name=\"robots\" content=\"index, follow, max-snippet:-1, max-image-preview:large, max-video-preview:-1\" \/>\n<link rel=\"canonical\" href=\"https:\/\/brasilnoticias.org\/site\/chuvas-devem-seguir-intensas-ate-esta-quarta-10-e-salvador-e-classificada-como-area-de-grande-perigo\/\" \/>\n<meta property=\"og:locale\" content=\"pt_PT\" \/>\n<meta property=\"og:type\" content=\"article\" \/>\n<meta property=\"og:title\" content=\"Chuvas devem seguir intensas at\u00e9 esta quarta (10) e Salvador \u00e9 classificada como \u00e1rea de \u2018grande perigo\u2019 - Brasil not\u00edcias\" \/>\n<meta property=\"og:description\" content=\"Segundo informa\u00e7\u00f5es da meteorologista Cl\u00e1udia Valeria Silva, do Instituto Nacional de Meteorologia (INMET), de domingo at\u00e9 esta ter\u00e7a (9), foi\" \/>\n<meta property=\"og:url\" content=\"https:\/\/brasilnoticias.org\/site\/chuvas-devem-seguir-intensas-ate-esta-quarta-10-e-salvador-e-classificada-como-area-de-grande-perigo\/\" \/>\n<meta property=\"og:site_name\" content=\"Brasil not\u00edcias\" \/>\n<meta property=\"article:published_time\" content=\"2024-04-09T22:00:44+00:00\" \/>\n<meta property=\"og:image\" content=\"https:\/\/brasilnoticias.org\/site\/wp-content\/uploads\/2024\/04\/WhatsApp-Image-2024-04-08-at-13.45.29-1-960x500-1.jpeg\" \/>\n\t<meta property=\"og:image:width\" content=\"960\" \/>\n\t<meta property=\"og:image:height\" content=\"500\" \/>\n\t<meta property=\"og:image:type\" content=\"image\/jpeg\" \/>\n<meta name=\"author\" content=\"Reda\u00e7\u00e3o\" \/>\n<meta name=\"twitter:card\" content=\"summary_large_image\" \/>\n<meta name=\"twitter:label1\" content=\"Escrito por\" \/>\n\t<meta name=\"twitter:data1\" content=\"Reda\u00e7\u00e3o\" \/>\n\t<meta name=\"twitter:label2\" content=\"Tempo estimado de leitura\" \/>\n\t<meta name=\"twitter:data2\" content=\"1 minuto\" \/>\n<script type=\"application\/ld+json\" class=\"yoast-schema-graph\">{\"@context\":\"https:\/\/schema.org\",\"@graph\":[{\"@type\":\"Article\",\"@id\":\"https:\/\/brasilnoticias.org\/site\/chuvas-devem-seguir-intensas-ate-esta-quarta-10-e-salvador-e-classificada-como-area-de-grande-perigo\/#article\",\"isPartOf\":{\"@id\":\"https:\/\/brasilnoticias.org\/site\/chuvas-devem-seguir-intensas-ate-esta-quarta-10-e-salvador-e-classificada-como-area-de-grande-perigo\/\"},\"author\":{\"name\":\"Reda\u00e7\u00e3o\",\"@id\":\"https:\/\/brasilnoticias.org\/site\/#\/schema\/person\/03bbbfe6c7634ad18c26444ea39049fa\"},\"headline\":\"Chuvas devem seguir intensas at\u00e9 esta quarta (10) e Salvador \u00e9 classificada como \u00e1rea de \u2018grande perigo\u2019\",\"datePublished\":\"2024-04-09T22:00:44+00:00\",\"mainEntityOfPage\":{\"@id\":\"https:\/\/brasilnoticias.org\/site\/chuvas-devem-seguir-intensas-ate-esta-quarta-10-e-salvador-e-classificada-como-area-de-grande-perigo\/\"},\"wordCount\":438,\"commentCount\":0,\"publisher\":{\"@id\":\"https:\/\/brasilnoticias.org\/site\/#organization\"},\"image\":{\"@id\":\"https:\/\/brasilnoticias.org\/site\/chuvas-devem-seguir-intensas-ate-esta-quarta-10-e-salvador-e-classificada-como-area-de-grande-perigo\/#primaryimage\"},\"thumbnailUrl\":\"https:\/\/brasilnoticias.org\/site\/wp-content\/uploads\/2024\/04\/WhatsApp-Image-2024-04-08-at-13.45.29-1-960x500-1.jpeg\",\"articleSection\":[\"Not\u00edcias\",\"\u00daltimas\"],\"inLanguage\":\"pt-PT\",\"potentialAction\":[{\"@type\":\"CommentAction\",\"name\":\"Comment\",\"target\":[\"https:\/\/brasilnoticias.org\/site\/chuvas-devem-seguir-intensas-ate-esta-quarta-10-e-salvador-e-classificada-como-area-de-grande-perigo\/#respond\"]}]},{\"@type\":\"WebPage\",\"@id\":\"https:\/\/brasilnoticias.org\/site\/chuvas-devem-seguir-intensas-ate-esta-quarta-10-e-salvador-e-classificada-como-area-de-grande-perigo\/\",\"url\":\"https:\/\/brasilnoticias.org\/site\/chuvas-devem-seguir-intensas-ate-esta-quarta-10-e-salvador-e-classificada-como-area-de-grande-perigo\/\",\"name\":\"Chuvas devem seguir intensas at\u00e9 esta quarta (10) e Salvador \u00e9 classificada como \u00e1rea de \u2018grande perigo\u2019 - Brasil not\u00edcias\",\"isPartOf\":{\"@id\":\"https:\/\/brasilnoticias.org\/site\/#website\"},\"primaryImageOfPage\":{\"@id\":\"https:\/\/brasilnoticias.org\/site\/chuvas-devem-seguir-intensas-ate-esta-quarta-10-e-salvador-e-classificada-como-area-de-grande-perigo\/#primaryimage\"},\"image\":{\"@id\":\"https:\/\/brasilnoticias.org\/site\/chuvas-devem-seguir-intensas-ate-esta-quarta-10-e-salvador-e-classificada-como-area-de-grande-perigo\/#primaryimage\"},\"thumbnailUrl\":\"https:\/\/brasilnoticias.org\/site\/wp-content\/uploads\/2024\/04\/WhatsApp-Image-2024-04-08-at-13.45.29-1-960x500-1.jpeg\",\"datePublished\":\"2024-04-09T22:00:44+00:00\",\"breadcrumb\":{\"@id\":\"https:\/\/brasilnoticias.org\/site\/chuvas-devem-seguir-intensas-ate-esta-quarta-10-e-salvador-e-classificada-como-area-de-grande-perigo\/#breadcrumb\"},\"inLanguage\":\"pt-PT\",\"potentialAction\":[{\"@type\":\"ReadAction\",\"target\":[\"https:\/\/brasilnoticias.org\/site\/chuvas-devem-seguir-intensas-ate-esta-quarta-10-e-salvador-e-classificada-como-area-de-grande-perigo\/\"]}]},{\"@type\":\"ImageObject\",\"inLanguage\":\"pt-PT\",\"@id\":\"https:\/\/brasilnoticias.org\/site\/chuvas-devem-seguir-intensas-ate-esta-quarta-10-e-salvador-e-classificada-como-area-de-grande-perigo\/#primaryimage\",\"url\":\"https:\/\/brasilnoticias.org\/site\/wp-content\/uploads\/2024\/04\/WhatsApp-Image-2024-04-08-at-13.45.29-1-960x500-1.jpeg\",\"contentUrl\":\"https:\/\/brasilnoticias.org\/site\/wp-content\/uploads\/2024\/04\/WhatsApp-Image-2024-04-08-at-13.45.29-1-960x500-1.jpeg\",\"width\":960,\"height\":500},{\"@type\":\"BreadcrumbList\",\"@id\":\"https:\/\/brasilnoticias.org\/site\/chuvas-devem-seguir-intensas-ate-esta-quarta-10-e-salvador-e-classificada-como-area-de-grande-perigo\/#breadcrumb\",\"itemListElement\":[{\"@type\":\"ListItem\",\"position\":1,\"name\":\"In\u00edcio\",\"item\":\"https:\/\/brasilnoticias.org\/site\/\"},{\"@type\":\"ListItem\",\"position\":2,\"name\":\"Chuvas devem seguir intensas at\u00e9 esta quarta (10) e Salvador \u00e9 classificada como \u00e1rea de \u2018grande perigo\u2019\"}]},{\"@type\":\"WebSite\",\"@id\":\"https:\/\/brasilnoticias.org\/site\/#website\",\"url\":\"https:\/\/brasilnoticias.org\/site\/\",\"name\":\"Brasil not\u00edcias\",\"description\":\"Brasil not\u00edcias\",\"publisher\":{\"@id\":\"https:\/\/brasilnoticias.org\/site\/#organization\"},\"potentialAction\":[{\"@type\":\"SearchAction\",\"target\":{\"@type\":\"EntryPoint\",\"urlTemplate\":\"https:\/\/brasilnoticias.org\/site\/?s={search_term_string}\"},\"query-input\":{\"@type\":\"PropertyValueSpecification\",\"valueRequired\":true,\"valueName\":\"search_term_string\"}}],\"inLanguage\":\"pt-PT\"},{\"@type\":\"Organization\",\"@id\":\"https:\/\/brasilnoticias.org\/site\/#organization\",\"name\":\"Brasil not\u00edcias\",\"url\":\"https:\/\/brasilnoticias.org\/site\/\",\"logo\":{\"@type\":\"ImageObject\",\"inLanguage\":\"pt-PT\",\"@id\":\"https:\/\/brasilnoticias.org\/site\/#\/schema\/logo\/image\/\",\"url\":\"https:\/\/brasilnoticias.org\/site\/wp-content\/uploads\/2022\/05\/cropped-brasilnoticias-mini.jpg\",\"contentUrl\":\"https:\/\/brasilnoticias.org\/site\/wp-content\/uploads\/2022\/05\/cropped-brasilnoticias-mini.jpg\",\"width\":314,\"height\":86,\"caption\":\"Brasil not\u00edcias\"},\"image\":{\"@id\":\"https:\/\/brasilnoticias.org\/site\/#\/schema\/logo\/image\/\"}},{\"@type\":\"Person\",\"@id\":\"https:\/\/brasilnoticias.org\/site\/#\/schema\/person\/03bbbfe6c7634ad18c26444ea39049fa\",\"name\":\"Reda\u00e7\u00e3o\",\"image\":{\"@type\":\"ImageObject\",\"inLanguage\":\"pt-PT\",\"@id\":\"https:\/\/brasilnoticias.org\/site\/#\/schema\/person\/image\/\",\"url\":\"https:\/\/secure.gravatar.com\/avatar\/9ecaf7327a696cb23ad926fedded5f1f04d7049de9e445375d55b48c001a6e42?s=96&d=mm&r=g\",\"contentUrl\":\"https:\/\/secure.gravatar.com\/avatar\/9ecaf7327a696cb23ad926fedded5f1f04d7049de9e445375d55b48c001a6e42?s=96&d=mm&r=g\",\"caption\":\"Reda\u00e7\u00e3o\"},\"url\":\"https:\/\/brasilnoticias.org\/site\/author\/henrique\/\"}]}<\/script>\n<!-- \/ Yoast SEO plugin. -->","yoast_head_json":{"title":"Chuvas devem seguir intensas at\u00e9 esta quarta (10) e Salvador \u00e9 classificada como \u00e1rea de \u2018grande perigo\u2019 - Brasil not\u00edcias","robots":{"index":"index","follow":"follow","max-snippet":"max-snippet:-1","max-image-preview":"max-image-preview:large","max-video-preview":"max-video-preview:-1"},"canonical":"https:\/\/brasilnoticias.org\/site\/chuvas-devem-seguir-intensas-ate-esta-quarta-10-e-salvador-e-classificada-como-area-de-grande-perigo\/","og_locale":"pt_PT","og_type":"article","og_title":"Chuvas devem seguir intensas at\u00e9 esta quarta (10) e Salvador \u00e9 classificada como \u00e1rea de \u2018grande perigo\u2019 - Brasil not\u00edcias","og_description":"Segundo informa\u00e7\u00f5es da meteorologista Cl\u00e1udia Valeria Silva, do Instituto Nacional de Meteorologia (INMET), de domingo at\u00e9 esta ter\u00e7a (9), foi","og_url":"https:\/\/brasilnoticias.org\/site\/chuvas-devem-seguir-intensas-ate-esta-quarta-10-e-salvador-e-classificada-como-area-de-grande-perigo\/","og_site_name":"Brasil not\u00edcias","article_published_time":"2024-04-09T22:00:44+00:00","og_image":[{"width":960,"height":500,"url":"https:\/\/brasilnoticias.org\/site\/wp-content\/uploads\/2024\/04\/WhatsApp-Image-2024-04-08-at-13.45.29-1-960x500-1.jpeg","type":"image\/jpeg"}],"author":"Reda\u00e7\u00e3o","twitter_card":"summary_large_image","twitter_misc":{"Escrito por":"Reda\u00e7\u00e3o","Tempo estimado de leitura":"1 minuto"},"schema":{"@context":"https:\/\/schema.org","@graph":[{"@type":"Article","@id":"https:\/\/brasilnoticias.org\/site\/chuvas-devem-seguir-intensas-ate-esta-quarta-10-e-salvador-e-classificada-como-area-de-grande-perigo\/#article","isPartOf":{"@id":"https:\/\/brasilnoticias.org\/site\/chuvas-devem-seguir-intensas-ate-esta-quarta-10-e-salvador-e-classificada-como-area-de-grande-perigo\/"},"author":{"name":"Reda\u00e7\u00e3o","@id":"https:\/\/brasilnoticias.org\/site\/#\/schema\/person\/03bbbfe6c7634ad18c26444ea39049fa"},"headline":"Chuvas devem seguir intensas at\u00e9 esta quarta (10) e Salvador \u00e9 classificada como \u00e1rea de \u2018grande perigo\u2019","datePublished":"2024-04-09T22:00:44+00:00","mainEntityOfPage":{"@id":"https:\/\/brasilnoticias.org\/site\/chuvas-devem-seguir-intensas-ate-esta-quarta-10-e-salvador-e-classificada-como-area-de-grande-perigo\/"},"wordCount":438,"commentCount":0,"publisher":{"@id":"https:\/\/brasilnoticias.org\/site\/#organization"},"image":{"@id":"https:\/\/brasilnoticias.org\/site\/chuvas-devem-seguir-intensas-ate-esta-quarta-10-e-salvador-e-classificada-como-area-de-grande-perigo\/#primaryimage"},"thumbnailUrl":"https:\/\/brasilnoticias.org\/site\/wp-content\/uploads\/2024\/04\/WhatsApp-Image-2024-04-08-at-13.45.29-1-960x500-1.jpeg","articleSection":["Not\u00edcias","\u00daltimas"],"inLanguage":"pt-PT","potentialAction":[{"@type":"CommentAction","name":"Comment","target":["https:\/\/brasilnoticias.org\/site\/chuvas-devem-seguir-intensas-ate-esta-quarta-10-e-salvador-e-classificada-como-area-de-grande-perigo\/#respond"]}]},{"@type":"WebPage","@id":"https:\/\/brasilnoticias.org\/site\/chuvas-devem-seguir-intensas-ate-esta-quarta-10-e-salvador-e-classificada-como-area-de-grande-perigo\/","url":"https:\/\/brasilnoticias.org\/site\/chuvas-devem-seguir-intensas-ate-esta-quarta-10-e-salvador-e-classificada-como-area-de-grande-perigo\/","name":"Chuvas devem seguir intensas at\u00e9 esta quarta (10) e Salvador \u00e9 classificada como \u00e1rea de \u2018grande perigo\u2019 - Brasil not\u00edcias","isPartOf":{"@id":"https:\/\/brasilnoticias.org\/site\/#website"},"primaryImageOfPage":{"@id":"https:\/\/brasilnoticias.org\/site\/chuvas-devem-seguir-intensas-ate-esta-quarta-10-e-salvador-e-classificada-como-area-de-grande-perigo\/#primaryimage"},"image":{"@id":"https:\/\/brasilnoticias.org\/site\/chuvas-devem-seguir-intensas-ate-esta-quarta-10-e-salvador-e-classificada-como-area-de-grande-perigo\/#primaryimage"},"thumbnailUrl":"https:\/\/brasilnoticias.org\/site\/wp-content\/uploads\/2024\/04\/WhatsApp-Image-2024-04-08-at-13.45.29-1-960x500-1.jpeg","datePublished":"2024-04-09T22:00:44+00:00","breadcrumb":{"@id":"https:\/\/brasilnoticias.org\/site\/chuvas-devem-seguir-intensas-ate-esta-quarta-10-e-salvador-e-classificada-como-area-de-grande-perigo\/#breadcrumb"},"inLanguage":"pt-PT","potentialAction":[{"@type":"ReadAction","target":["https:\/\/brasilnoticias.org\/site\/chuvas-devem-seguir-intensas-ate-esta-quarta-10-e-salvador-e-classificada-como-area-de-grande-perigo\/"]}]},{"@type":"ImageObject","inLanguage":"pt-PT","@id":"https:\/\/brasilnoticias.org\/site\/chuvas-devem-seguir-intensas-ate-esta-quarta-10-e-salvador-e-classificada-como-area-de-grande-perigo\/#primaryimage","url":"https:\/\/brasilnoticias.org\/site\/wp-content\/uploads\/2024\/04\/WhatsApp-Image-2024-04-08-at-13.45.29-1-960x500-1.jpeg","contentUrl":"https:\/\/brasilnoticias.org\/site\/wp-content\/uploads\/2024\/04\/WhatsApp-Image-2024-04-08-at-13.45.29-1-960x500-1.jpeg","width":960,"height":500},{"@type":"BreadcrumbList","@id":"https:\/\/brasilnoticias.org\/site\/chuvas-devem-seguir-intensas-ate-esta-quarta-10-e-salvador-e-classificada-como-area-de-grande-perigo\/#breadcrumb","itemListElement":[{"@type":"ListItem","position":1,"name":"In\u00edcio","item":"https:\/\/brasilnoticias.org\/site\/"},{"@type":"ListItem","position":2,"name":"Chuvas devem seguir intensas at\u00e9 esta quarta (10) e Salvador \u00e9 classificada como \u00e1rea de \u2018grande perigo\u2019"}]},{"@type":"WebSite","@id":"https:\/\/brasilnoticias.org\/site\/#website","url":"https:\/\/brasilnoticias.org\/site\/","name":"Brasil not\u00edcias","description":"Brasil not\u00edcias","publisher":{"@id":"https:\/\/brasilnoticias.org\/site\/#organization"},"potentialAction":[{"@type":"SearchAction","target":{"@type":"EntryPoint","urlTemplate":"https:\/\/brasilnoticias.org\/site\/?s={search_term_string}"},"query-input":{"@type":"PropertyValueSpecification","valueRequired":true,"valueName":"search_term_string"}}],"inLanguage":"pt-PT"},{"@type":"Organization","@id":"https:\/\/brasilnoticias.org\/site\/#organization","name":"Brasil not\u00edcias","url":"https:\/\/brasilnoticias.org\/site\/","logo":{"@type":"ImageObject","inLanguage":"pt-PT","@id":"https:\/\/brasilnoticias.org\/site\/#\/schema\/logo\/image\/","url":"https:\/\/brasilnoticias.org\/site\/wp-content\/uploads\/2022\/05\/cropped-brasilnoticias-mini.jpg","contentUrl":"https:\/\/brasilnoticias.org\/site\/wp-content\/uploads\/2022\/05\/cropped-brasilnoticias-mini.jpg","width":314,"height":86,"caption":"Brasil not\u00edcias"},"image":{"@id":"https:\/\/brasilnoticias.org\/site\/#\/schema\/logo\/image\/"}},{"@type":"Person","@id":"https:\/\/brasilnoticias.org\/site\/#\/schema\/person\/03bbbfe6c7634ad18c26444ea39049fa","name":"Reda\u00e7\u00e3o","image":{"@type":"ImageObject","inLanguage":"pt-PT","@id":"https:\/\/brasilnoticias.org\/site\/#\/schema\/person\/image\/","url":"https:\/\/secure.gravatar.com\/avatar\/9ecaf7327a696cb23ad926fedded5f1f04d7049de9e445375d55b48c001a6e42?s=96&d=mm&r=g","contentUrl":"https:\/\/secure.gravatar.com\/avatar\/9ecaf7327a696cb23ad926fedded5f1f04d7049de9e445375d55b48c001a6e42?s=96&d=mm&r=g","caption":"Reda\u00e7\u00e3o"},"url":"https:\/\/brasilnoticias.org\/site\/author\/henrique\/"}]}},"_links":{"self":[{"href":"https:\/\/brasilnoticias.org\/site\/wp-json\/wp\/v2\/posts\/13522","targetHints":{"allow":["GET"]}}],"collection":[{"href":"https:\/\/brasilnoticias.org\/site\/wp-json\/wp\/v2\/posts"}],"about":[{"href":"https:\/\/brasilnoticias.org\/site\/wp-json\/wp\/v2\/types\/post"}],"author":[{"embeddable":true,"href":"https:\/\/brasilnoticias.org\/site\/wp-json\/wp\/v2\/users\/4"}],"replies":[{"embeddable":true,"href":"https:\/\/brasilnoticias.org\/site\/wp-json\/wp\/v2\/comments?post=13522"}],"version-history":[{"count":1,"href":"https:\/\/brasilnoticias.org\/site\/wp-json\/wp\/v2\/posts\/13522\/revisions"}],"predecessor-version":[{"id":13524,"href":"https:\/\/brasilnoticias.org\/site\/wp-json\/wp\/v2\/posts\/13522\/revisions\/13524"}],"wp:featuredmedia":[{"embeddable":true,"href":"https:\/\/brasilnoticias.org\/site\/wp-json\/wp\/v2\/media\/13523"}],"wp:attachment":[{"href":"https:\/\/brasilnoticias.org\/site\/wp-json\/wp\/v2\/media?parent=13522"}],"wp:term":[{"taxonomy":"category","embeddable":true,"href":"https:\/\/brasilnoticias.org\/site\/wp-json\/wp\/v2\/categories?post=13522"},{"taxonomy":"post_tag","embeddable":true,"href":"https:\/\/brasilnoticias.org\/site\/wp-json\/wp\/v2\/tags?post=13522"}],"curies":[{"name":"wp","href":"https:\/\/api.w.org\/{rel}","templated":true}]}}