{"id":13525,"date":"2024-04-09T19:04:47","date_gmt":"2024-04-09T22:04:47","guid":{"rendered":"https:\/\/brasilnoticias.org\/site\/?p=13525"},"modified":"2024-04-09T19:04:47","modified_gmt":"2024-04-09T22:04:47","slug":"detran-ba-inaugura-espaco-exclusivo-para-advogados-em-parceria-com-a-oab","status":"publish","type":"post","link":"https:\/\/brasilnoticias.org\/site\/detran-ba-inaugura-espaco-exclusivo-para-advogados-em-parceria-com-a-oab\/","title":{"rendered":"Detran-BA inaugura espa\u00e7o exclusivo para advogados, em parceria com a OAB"},"content":{"rendered":"<p>Mais uma a\u00e7\u00e3o transversal do Detran-BA (Departamento Estadual de Tr\u00e2nsito). Dessa vez com a Ordem dos Advogados da Bahia (OAB-BA) que vai permitir um espa\u00e7o exclusivo para apoio aos advogados da capital e do interior que precisarem de estrutura f\u00edsica \u2013 na sede do departamento em Salvador &#8211; para desenvolvimento das atividades. A solenidade ocorreu na tarde desta ter\u00e7a-feira (09), na sede do \u00f3rg\u00e3o, no Multicab Empresarial.<\/p>\n<p>O espa\u00e7o \u00e9 equipado com dois computadores e toda a infraestrutura que garante aos advogados mais conforto e comodidade para pesquisa, digita\u00e7\u00e3o e constru\u00e7\u00e3o imediata de documentos que integram o direito \u00e0 ampla defesa do cidad\u00e3o. &#8220;Ap\u00f3s a mudan\u00e7a para a nossa nova sede, foi poss\u00edvel projetar e executar esse espa\u00e7o, primordial para o trabalho dos advogados baianos que tratam diretamente do tr\u00e2nsito. A casa \u00e9 de voc\u00eas, usem esse espa\u00e7o com sabedoria para que a gente possa solucionar todas as quest\u00f5es de interesse p\u00fablico&#8221;, ressaltou o diretor-geral do Detran, Rodrigo Pimentel.<\/p>\n<p>Segundo a presidente da OAB Bahia, Daniela Borges, &#8220;A sala \u00e9 um importante instrumento de valoriza\u00e7\u00e3o da advocacia e representa o compromisso da OAB-BA em oferecer melhores condi\u00e7\u00f5es de trabalho para os profissionais. Queria aproveitar e agradecer ao governador Jer\u00f4nimo Rodrigues que, atrav\u00e9s do diretor-geral do Detran, disponibilizou esse espa\u00e7o. Onde h\u00e1 a advocacia, a OAB est\u00e1 presente&#8221;, pontuou.<\/p>\n<p>&#8220;O espa\u00e7o \u00e9 equipado e mantido pela Ordem e vem consolidar o trabalho da advocacia de tr\u00e2nsito do estado da Bahia oferecendo mais facilidade aos profissionais&#8221;, refor\u00e7a Danilo Oliveira, presidente da Comiss\u00e3o de Tr\u00e2nsito da OAB-BA.<\/p>\n<p>Tamb\u00e9m estiveram presentes na solenidade de inaugura\u00e7\u00e3o, representantes da Pol\u00edcia Rodovi\u00e1ria Federal (PRF), Pol\u00edcia Militar (PM), Fenasdetran, entre outros \u00f3rg\u00e3os, e servidores do departamento.<\/p>\n<p>Foto: Itailuan dos Anjos\/Detran-Ba <\/p>\n","protected":false},"excerpt":{"rendered":"<p>Mais uma a\u00e7\u00e3o transversal do Detran-BA (Departamento Estadual de Tr\u00e2nsito). Dessa vez com a Ordem dos Advogados da Bahia (OAB-BA)<\/p>\n","protected":false},"author":4,"featured_media":13526,"comment_status":"open","ping_status":"open","sticky":false,"template":"","format":"standard","meta":{"colormag_page_container_layout":"default_layout","colormag_page_sidebar_layout":"default_layout","_FSMCFIC_featured_image_caption":"","_FSMCFIC_featured_image_nocaption":"","_FSMCFIC_featured_image_hide":"","footnotes":""},"categories":[2,1],"tags":[],"class_list":["post-13525","post","type-post","status-publish","format-standard","has-post-thumbnail","hentry","category-noticias","category-ultimas"],"yoast_head":"<!-- This site is optimized with the Yoast SEO plugin v27.1.1 - https:\/\/yoast.com\/product\/yoast-seo-wordpress\/ -->\n<title>Detran-BA inaugura espa\u00e7o exclusivo para advogados, em parceria com a OAB - Brasil not\u00edcias<\/title>\n<meta name=\"robots\" content=\"index, follow, max-snippet:-1, max-image-preview:large, max-video-preview:-1\" \/>\n<link rel=\"canonical\" href=\"https:\/\/brasilnoticias.org\/site\/detran-ba-inaugura-espaco-exclusivo-para-advogados-em-parceria-com-a-oab\/\" \/>\n<meta property=\"og:locale\" content=\"pt_PT\" \/>\n<meta property=\"og:type\" content=\"article\" \/>\n<meta property=\"og:title\" content=\"Detran-BA inaugura espa\u00e7o exclusivo para advogados, em parceria com a OAB - Brasil not\u00edcias\" \/>\n<meta property=\"og:description\" content=\"Mais uma a\u00e7\u00e3o transversal do Detran-BA (Departamento Estadual de Tr\u00e2nsito). Dessa vez com a Ordem dos Advogados da Bahia (OAB-BA)\" \/>\n<meta property=\"og:url\" content=\"https:\/\/brasilnoticias.org\/site\/detran-ba-inaugura-espaco-exclusivo-para-advogados-em-parceria-com-a-oab\/\" \/>\n<meta property=\"og:site_name\" content=\"Brasil not\u00edcias\" \/>\n<meta property=\"article:published_time\" content=\"2024-04-09T22:04:47+00:00\" \/>\n<meta property=\"og:image\" content=\"https:\/\/brasilnoticias.org\/site\/wp-content\/uploads\/2024\/04\/IMAGEM_NOTICIA_0.jpg\" \/>\n\t<meta property=\"og:image:width\" content=\"850\" \/>\n\t<meta property=\"og:image:height\" content=\"400\" \/>\n\t<meta property=\"og:image:type\" content=\"image\/jpeg\" \/>\n<meta name=\"author\" content=\"Reda\u00e7\u00e3o\" \/>\n<meta name=\"twitter:card\" content=\"summary_large_image\" \/>\n<meta name=\"twitter:label1\" content=\"Escrito por\" \/>\n\t<meta name=\"twitter:data1\" content=\"Reda\u00e7\u00e3o\" \/>\n\t<meta name=\"twitter:label2\" content=\"Tempo estimado de leitura\" \/>\n\t<meta name=\"twitter:data2\" content=\"1 minuto\" \/>\n<script type=\"application\/ld+json\" class=\"yoast-schema-graph\">{\"@context\":\"https:\/\/schema.org\",\"@graph\":[{\"@type\":\"Article\",\"@id\":\"https:\/\/brasilnoticias.org\/site\/detran-ba-inaugura-espaco-exclusivo-para-advogados-em-parceria-com-a-oab\/#article\",\"isPartOf\":{\"@id\":\"https:\/\/brasilnoticias.org\/site\/detran-ba-inaugura-espaco-exclusivo-para-advogados-em-parceria-com-a-oab\/\"},\"author\":{\"name\":\"Reda\u00e7\u00e3o\",\"@id\":\"https:\/\/brasilnoticias.org\/site\/#\/schema\/person\/03bbbfe6c7634ad18c26444ea39049fa\"},\"headline\":\"Detran-BA inaugura espa\u00e7o exclusivo para advogados, em parceria com a OAB\",\"datePublished\":\"2024-04-09T22:04:47+00:00\",\"mainEntityOfPage\":{\"@id\":\"https:\/\/brasilnoticias.org\/site\/detran-ba-inaugura-espaco-exclusivo-para-advogados-em-parceria-com-a-oab\/\"},\"wordCount\":323,\"commentCount\":0,\"publisher\":{\"@id\":\"https:\/\/brasilnoticias.org\/site\/#organization\"},\"image\":{\"@id\":\"https:\/\/brasilnoticias.org\/site\/detran-ba-inaugura-espaco-exclusivo-para-advogados-em-parceria-com-a-oab\/#primaryimage\"},\"thumbnailUrl\":\"https:\/\/brasilnoticias.org\/site\/wp-content\/uploads\/2024\/04\/IMAGEM_NOTICIA_0.jpg\",\"articleSection\":[\"Not\u00edcias\",\"\u00daltimas\"],\"inLanguage\":\"pt-PT\",\"potentialAction\":[{\"@type\":\"CommentAction\",\"name\":\"Comment\",\"target\":[\"https:\/\/brasilnoticias.org\/site\/detran-ba-inaugura-espaco-exclusivo-para-advogados-em-parceria-com-a-oab\/#respond\"]}]},{\"@type\":\"WebPage\",\"@id\":\"https:\/\/brasilnoticias.org\/site\/detran-ba-inaugura-espaco-exclusivo-para-advogados-em-parceria-com-a-oab\/\",\"url\":\"https:\/\/brasilnoticias.org\/site\/detran-ba-inaugura-espaco-exclusivo-para-advogados-em-parceria-com-a-oab\/\",\"name\":\"Detran-BA inaugura espa\u00e7o exclusivo para advogados, em parceria com a OAB - Brasil not\u00edcias\",\"isPartOf\":{\"@id\":\"https:\/\/brasilnoticias.org\/site\/#website\"},\"primaryImageOfPage\":{\"@id\":\"https:\/\/brasilnoticias.org\/site\/detran-ba-inaugura-espaco-exclusivo-para-advogados-em-parceria-com-a-oab\/#primaryimage\"},\"image\":{\"@id\":\"https:\/\/brasilnoticias.org\/site\/detran-ba-inaugura-espaco-exclusivo-para-advogados-em-parceria-com-a-oab\/#primaryimage\"},\"thumbnailUrl\":\"https:\/\/brasilnoticias.org\/site\/wp-content\/uploads\/2024\/04\/IMAGEM_NOTICIA_0.jpg\",\"datePublished\":\"2024-04-09T22:04:47+00:00\",\"breadcrumb\":{\"@id\":\"https:\/\/brasilnoticias.org\/site\/detran-ba-inaugura-espaco-exclusivo-para-advogados-em-parceria-com-a-oab\/#breadcrumb\"},\"inLanguage\":\"pt-PT\",\"potentialAction\":[{\"@type\":\"ReadAction\",\"target\":[\"https:\/\/brasilnoticias.org\/site\/detran-ba-inaugura-espaco-exclusivo-para-advogados-em-parceria-com-a-oab\/\"]}]},{\"@type\":\"ImageObject\",\"inLanguage\":\"pt-PT\",\"@id\":\"https:\/\/brasilnoticias.org\/site\/detran-ba-inaugura-espaco-exclusivo-para-advogados-em-parceria-com-a-oab\/#primaryimage\",\"url\":\"https:\/\/brasilnoticias.org\/site\/wp-content\/uploads\/2024\/04\/IMAGEM_NOTICIA_0.jpg\",\"contentUrl\":\"https:\/\/brasilnoticias.org\/site\/wp-content\/uploads\/2024\/04\/IMAGEM_NOTICIA_0.jpg\",\"width\":850,\"height\":400},{\"@type\":\"BreadcrumbList\",\"@id\":\"https:\/\/brasilnoticias.org\/site\/detran-ba-inaugura-espaco-exclusivo-para-advogados-em-parceria-com-a-oab\/#breadcrumb\",\"itemListElement\":[{\"@type\":\"ListItem\",\"position\":1,\"name\":\"In\u00edcio\",\"item\":\"https:\/\/brasilnoticias.org\/site\/\"},{\"@type\":\"ListItem\",\"position\":2,\"name\":\"Detran-BA inaugura espa\u00e7o exclusivo para advogados, em parceria com a OAB\"}]},{\"@type\":\"WebSite\",\"@id\":\"https:\/\/brasilnoticias.org\/site\/#website\",\"url\":\"https:\/\/brasilnoticias.org\/site\/\",\"name\":\"Brasil not\u00edcias\",\"description\":\"Brasil not\u00edcias\",\"publisher\":{\"@id\":\"https:\/\/brasilnoticias.org\/site\/#organization\"},\"potentialAction\":[{\"@type\":\"SearchAction\",\"target\":{\"@type\":\"EntryPoint\",\"urlTemplate\":\"https:\/\/brasilnoticias.org\/site\/?s={search_term_string}\"},\"query-input\":{\"@type\":\"PropertyValueSpecification\",\"valueRequired\":true,\"valueName\":\"search_term_string\"}}],\"inLanguage\":\"pt-PT\"},{\"@type\":\"Organization\",\"@id\":\"https:\/\/brasilnoticias.org\/site\/#organization\",\"name\":\"Brasil not\u00edcias\",\"url\":\"https:\/\/brasilnoticias.org\/site\/\",\"logo\":{\"@type\":\"ImageObject\",\"inLanguage\":\"pt-PT\",\"@id\":\"https:\/\/brasilnoticias.org\/site\/#\/schema\/logo\/image\/\",\"url\":\"https:\/\/brasilnoticias.org\/site\/wp-content\/uploads\/2022\/05\/cropped-brasilnoticias-mini.jpg\",\"contentUrl\":\"https:\/\/brasilnoticias.org\/site\/wp-content\/uploads\/2022\/05\/cropped-brasilnoticias-mini.jpg\",\"width\":314,\"height\":86,\"caption\":\"Brasil not\u00edcias\"},\"image\":{\"@id\":\"https:\/\/brasilnoticias.org\/site\/#\/schema\/logo\/image\/\"}},{\"@type\":\"Person\",\"@id\":\"https:\/\/brasilnoticias.org\/site\/#\/schema\/person\/03bbbfe6c7634ad18c26444ea39049fa\",\"name\":\"Reda\u00e7\u00e3o\",\"image\":{\"@type\":\"ImageObject\",\"inLanguage\":\"pt-PT\",\"@id\":\"https:\/\/brasilnoticias.org\/site\/#\/schema\/person\/image\/\",\"url\":\"https:\/\/secure.gravatar.com\/avatar\/9ecaf7327a696cb23ad926fedded5f1f04d7049de9e445375d55b48c001a6e42?s=96&d=mm&r=g\",\"contentUrl\":\"https:\/\/secure.gravatar.com\/avatar\/9ecaf7327a696cb23ad926fedded5f1f04d7049de9e445375d55b48c001a6e42?s=96&d=mm&r=g\",\"caption\":\"Reda\u00e7\u00e3o\"},\"url\":\"https:\/\/brasilnoticias.org\/site\/author\/henrique\/\"}]}<\/script>\n<!-- \/ Yoast SEO plugin. -->","yoast_head_json":{"title":"Detran-BA inaugura espa\u00e7o exclusivo para advogados, em parceria com a OAB - Brasil not\u00edcias","robots":{"index":"index","follow":"follow","max-snippet":"max-snippet:-1","max-image-preview":"max-image-preview:large","max-video-preview":"max-video-preview:-1"},"canonical":"https:\/\/brasilnoticias.org\/site\/detran-ba-inaugura-espaco-exclusivo-para-advogados-em-parceria-com-a-oab\/","og_locale":"pt_PT","og_type":"article","og_title":"Detran-BA inaugura espa\u00e7o exclusivo para advogados, em parceria com a OAB - Brasil not\u00edcias","og_description":"Mais uma a\u00e7\u00e3o transversal do Detran-BA (Departamento Estadual de Tr\u00e2nsito). Dessa vez com a Ordem dos Advogados da Bahia (OAB-BA)","og_url":"https:\/\/brasilnoticias.org\/site\/detran-ba-inaugura-espaco-exclusivo-para-advogados-em-parceria-com-a-oab\/","og_site_name":"Brasil not\u00edcias","article_published_time":"2024-04-09T22:04:47+00:00","og_image":[{"width":850,"height":400,"url":"https:\/\/brasilnoticias.org\/site\/wp-content\/uploads\/2024\/04\/IMAGEM_NOTICIA_0.jpg","type":"image\/jpeg"}],"author":"Reda\u00e7\u00e3o","twitter_card":"summary_large_image","twitter_misc":{"Escrito por":"Reda\u00e7\u00e3o","Tempo estimado de leitura":"1 minuto"},"schema":{"@context":"https:\/\/schema.org","@graph":[{"@type":"Article","@id":"https:\/\/brasilnoticias.org\/site\/detran-ba-inaugura-espaco-exclusivo-para-advogados-em-parceria-com-a-oab\/#article","isPartOf":{"@id":"https:\/\/brasilnoticias.org\/site\/detran-ba-inaugura-espaco-exclusivo-para-advogados-em-parceria-com-a-oab\/"},"author":{"name":"Reda\u00e7\u00e3o","@id":"https:\/\/brasilnoticias.org\/site\/#\/schema\/person\/03bbbfe6c7634ad18c26444ea39049fa"},"headline":"Detran-BA inaugura espa\u00e7o exclusivo para advogados, em parceria com a OAB","datePublished":"2024-04-09T22:04:47+00:00","mainEntityOfPage":{"@id":"https:\/\/brasilnoticias.org\/site\/detran-ba-inaugura-espaco-exclusivo-para-advogados-em-parceria-com-a-oab\/"},"wordCount":323,"commentCount":0,"publisher":{"@id":"https:\/\/brasilnoticias.org\/site\/#organization"},"image":{"@id":"https:\/\/brasilnoticias.org\/site\/detran-ba-inaugura-espaco-exclusivo-para-advogados-em-parceria-com-a-oab\/#primaryimage"},"thumbnailUrl":"https:\/\/brasilnoticias.org\/site\/wp-content\/uploads\/2024\/04\/IMAGEM_NOTICIA_0.jpg","articleSection":["Not\u00edcias","\u00daltimas"],"inLanguage":"pt-PT","potentialAction":[{"@type":"CommentAction","name":"Comment","target":["https:\/\/brasilnoticias.org\/site\/detran-ba-inaugura-espaco-exclusivo-para-advogados-em-parceria-com-a-oab\/#respond"]}]},{"@type":"WebPage","@id":"https:\/\/brasilnoticias.org\/site\/detran-ba-inaugura-espaco-exclusivo-para-advogados-em-parceria-com-a-oab\/","url":"https:\/\/brasilnoticias.org\/site\/detran-ba-inaugura-espaco-exclusivo-para-advogados-em-parceria-com-a-oab\/","name":"Detran-BA inaugura espa\u00e7o exclusivo para advogados, em parceria com a OAB - Brasil not\u00edcias","isPartOf":{"@id":"https:\/\/brasilnoticias.org\/site\/#website"},"primaryImageOfPage":{"@id":"https:\/\/brasilnoticias.org\/site\/detran-ba-inaugura-espaco-exclusivo-para-advogados-em-parceria-com-a-oab\/#primaryimage"},"image":{"@id":"https:\/\/brasilnoticias.org\/site\/detran-ba-inaugura-espaco-exclusivo-para-advogados-em-parceria-com-a-oab\/#primaryimage"},"thumbnailUrl":"https:\/\/brasilnoticias.org\/site\/wp-content\/uploads\/2024\/04\/IMAGEM_NOTICIA_0.jpg","datePublished":"2024-04-09T22:04:47+00:00","breadcrumb":{"@id":"https:\/\/brasilnoticias.org\/site\/detran-ba-inaugura-espaco-exclusivo-para-advogados-em-parceria-com-a-oab\/#breadcrumb"},"inLanguage":"pt-PT","potentialAction":[{"@type":"ReadAction","target":["https:\/\/brasilnoticias.org\/site\/detran-ba-inaugura-espaco-exclusivo-para-advogados-em-parceria-com-a-oab\/"]}]},{"@type":"ImageObject","inLanguage":"pt-PT","@id":"https:\/\/brasilnoticias.org\/site\/detran-ba-inaugura-espaco-exclusivo-para-advogados-em-parceria-com-a-oab\/#primaryimage","url":"https:\/\/brasilnoticias.org\/site\/wp-content\/uploads\/2024\/04\/IMAGEM_NOTICIA_0.jpg","contentUrl":"https:\/\/brasilnoticias.org\/site\/wp-content\/uploads\/2024\/04\/IMAGEM_NOTICIA_0.jpg","width":850,"height":400},{"@type":"BreadcrumbList","@id":"https:\/\/brasilnoticias.org\/site\/detran-ba-inaugura-espaco-exclusivo-para-advogados-em-parceria-com-a-oab\/#breadcrumb","itemListElement":[{"@type":"ListItem","position":1,"name":"In\u00edcio","item":"https:\/\/brasilnoticias.org\/site\/"},{"@type":"ListItem","position":2,"name":"Detran-BA inaugura espa\u00e7o exclusivo para advogados, em parceria com a OAB"}]},{"@type":"WebSite","@id":"https:\/\/brasilnoticias.org\/site\/#website","url":"https:\/\/brasilnoticias.org\/site\/","name":"Brasil not\u00edcias","description":"Brasil not\u00edcias","publisher":{"@id":"https:\/\/brasilnoticias.org\/site\/#organization"},"potentialAction":[{"@type":"SearchAction","target":{"@type":"EntryPoint","urlTemplate":"https:\/\/brasilnoticias.org\/site\/?s={search_term_string}"},"query-input":{"@type":"PropertyValueSpecification","valueRequired":true,"valueName":"search_term_string"}}],"inLanguage":"pt-PT"},{"@type":"Organization","@id":"https:\/\/brasilnoticias.org\/site\/#organization","name":"Brasil not\u00edcias","url":"https:\/\/brasilnoticias.org\/site\/","logo":{"@type":"ImageObject","inLanguage":"pt-PT","@id":"https:\/\/brasilnoticias.org\/site\/#\/schema\/logo\/image\/","url":"https:\/\/brasilnoticias.org\/site\/wp-content\/uploads\/2022\/05\/cropped-brasilnoticias-mini.jpg","contentUrl":"https:\/\/brasilnoticias.org\/site\/wp-content\/uploads\/2022\/05\/cropped-brasilnoticias-mini.jpg","width":314,"height":86,"caption":"Brasil not\u00edcias"},"image":{"@id":"https:\/\/brasilnoticias.org\/site\/#\/schema\/logo\/image\/"}},{"@type":"Person","@id":"https:\/\/brasilnoticias.org\/site\/#\/schema\/person\/03bbbfe6c7634ad18c26444ea39049fa","name":"Reda\u00e7\u00e3o","image":{"@type":"ImageObject","inLanguage":"pt-PT","@id":"https:\/\/brasilnoticias.org\/site\/#\/schema\/person\/image\/","url":"https:\/\/secure.gravatar.com\/avatar\/9ecaf7327a696cb23ad926fedded5f1f04d7049de9e445375d55b48c001a6e42?s=96&d=mm&r=g","contentUrl":"https:\/\/secure.gravatar.com\/avatar\/9ecaf7327a696cb23ad926fedded5f1f04d7049de9e445375d55b48c001a6e42?s=96&d=mm&r=g","caption":"Reda\u00e7\u00e3o"},"url":"https:\/\/brasilnoticias.org\/site\/author\/henrique\/"}]}},"_links":{"self":[{"href":"https:\/\/brasilnoticias.org\/site\/wp-json\/wp\/v2\/posts\/13525","targetHints":{"allow":["GET"]}}],"collection":[{"href":"https:\/\/brasilnoticias.org\/site\/wp-json\/wp\/v2\/posts"}],"about":[{"href":"https:\/\/brasilnoticias.org\/site\/wp-json\/wp\/v2\/types\/post"}],"author":[{"embeddable":true,"href":"https:\/\/brasilnoticias.org\/site\/wp-json\/wp\/v2\/users\/4"}],"replies":[{"embeddable":true,"href":"https:\/\/brasilnoticias.org\/site\/wp-json\/wp\/v2\/comments?post=13525"}],"version-history":[{"count":1,"href":"https:\/\/brasilnoticias.org\/site\/wp-json\/wp\/v2\/posts\/13525\/revisions"}],"predecessor-version":[{"id":13527,"href":"https:\/\/brasilnoticias.org\/site\/wp-json\/wp\/v2\/posts\/13525\/revisions\/13527"}],"wp:featuredmedia":[{"embeddable":true,"href":"https:\/\/brasilnoticias.org\/site\/wp-json\/wp\/v2\/media\/13526"}],"wp:attachment":[{"href":"https:\/\/brasilnoticias.org\/site\/wp-json\/wp\/v2\/media?parent=13525"}],"wp:term":[{"taxonomy":"category","embeddable":true,"href":"https:\/\/brasilnoticias.org\/site\/wp-json\/wp\/v2\/categories?post=13525"},{"taxonomy":"post_tag","embeddable":true,"href":"https:\/\/brasilnoticias.org\/site\/wp-json\/wp\/v2\/tags?post=13525"}],"curies":[{"name":"wp","href":"https:\/\/api.w.org\/{rel}","templated":true}]}}