{"id":13550,"date":"2024-04-11T19:04:24","date_gmt":"2024-04-11T22:04:24","guid":{"rendered":"https:\/\/brasilnoticias.org\/site\/?p=13550"},"modified":"2024-04-11T19:04:24","modified_gmt":"2024-04-11T22:04:24","slug":"apos-nove-horas-bombeiros-resgatam-homem-que-estava-com-perna-presa-no-bueiro-em-pernambues","status":"publish","type":"post","link":"https:\/\/brasilnoticias.org\/site\/apos-nove-horas-bombeiros-resgatam-homem-que-estava-com-perna-presa-no-bueiro-em-pernambues\/","title":{"rendered":"Ap\u00f3s nove horas bombeiros resgatam homem que estava com perna presa no bueiro em Pernambu\u00e9s"},"content":{"rendered":"<p>Oper\u00e1rio, identificado apenas como Jonatas, estava cavando no local quando o barro desceu, deixando as duas pernas do homem presas na terra<\/p>\n<p>Ap\u00f3s nove horas, bombeiros do 3\u00b0 BBM, conseguiram resgatar o homem que trabalhava em uma obra na Rua Santo Ant\u00f4nio de P\u00e1dua, no bairro de Pernambu\u00e9s, e teve a perna soterrada, ficando preso, na manh\u00e3 desta quinta-feira (11). Policiais militares e representantes da Embasa e da Codesal tamb\u00e9m deram apoio \u00e0 ocorr\u00eancia.<\/p>\n<p>O oper\u00e1rio, identificado apenas como Jonatas, estava cavando no local quando o barro desceu, deixando as duas pernas do homem presas na terra. Depois de ser retirado, ele foi levado para uma unidade de sa\u00fade por uma equipe do Servi\u00e7o de Atendimento M\u00f3vel de Urg\u00eancia (Samu). O resgate iniciou \u00e0s 9h30, quando o Corpo de Bombeiro chegou ao local e come\u00e7ou a opera\u00e7\u00e3o para retirada do trabalhador. <\/p>\n<p>No in\u00edcio da tarde o grupo que foi ajudar conseguiu at\u00e9 tirar uma perna da terra, mas n\u00e3o teve sucesso em fazer o mesmo com a outra. Com o barro que soterrou a perna de Jonatas, a \u00e1gua come\u00e7ou inundar o bueiro onde o oper\u00e1rio ficou preso. Os moradores afirmam que mais de 15 baldes de \u00e1gua foram tirados do local, j\u00e1 que a \u00e1gua come\u00e7ou a subir e chegou na cintura do oper\u00e1rio.<\/p>\n<p>Foto: Divulga\u00e7\u00e3o\/Corpo de Bombeiros<br \/>\nPor: Metro1 <\/p>\n","protected":false},"excerpt":{"rendered":"<p>Oper\u00e1rio, identificado apenas como Jonatas, estava cavando no local quando o barro desceu, deixando as duas pernas do homem presas<\/p>\n","protected":false},"author":4,"featured_media":13551,"comment_status":"open","ping_status":"open","sticky":false,"template":"","format":"standard","meta":{"colormag_page_container_layout":"default_layout","colormag_page_sidebar_layout":"default_layout","_FSMCFIC_featured_image_caption":"","_FSMCFIC_featured_image_nocaption":"","_FSMCFIC_featured_image_hide":"","footnotes":""},"categories":[2,1],"tags":[],"class_list":["post-13550","post","type-post","status-publish","format-standard","has-post-thumbnail","hentry","category-noticias","category-ultimas"],"yoast_head":"<!-- This site is optimized with the Yoast SEO plugin v27.1.1 - https:\/\/yoast.com\/product\/yoast-seo-wordpress\/ -->\n<title>Ap\u00f3s nove horas bombeiros resgatam homem que estava com perna presa no bueiro em Pernambu\u00e9s - Brasil not\u00edcias<\/title>\n<meta name=\"robots\" content=\"index, follow, max-snippet:-1, max-image-preview:large, max-video-preview:-1\" \/>\n<link rel=\"canonical\" href=\"https:\/\/brasilnoticias.org\/site\/apos-nove-horas-bombeiros-resgatam-homem-que-estava-com-perna-presa-no-bueiro-em-pernambues\/\" \/>\n<meta property=\"og:locale\" content=\"pt_PT\" \/>\n<meta property=\"og:type\" content=\"article\" \/>\n<meta property=\"og:title\" content=\"Ap\u00f3s nove horas bombeiros resgatam homem que estava com perna presa no bueiro em Pernambu\u00e9s - Brasil not\u00edcias\" \/>\n<meta property=\"og:description\" content=\"Oper\u00e1rio, identificado apenas como Jonatas, estava cavando no local quando o barro desceu, deixando as duas pernas do homem presas\" \/>\n<meta property=\"og:url\" content=\"https:\/\/brasilnoticias.org\/site\/apos-nove-horas-bombeiros-resgatam-homem-que-estava-com-perna-presa-no-bueiro-em-pernambues\/\" \/>\n<meta property=\"og:site_name\" content=\"Brasil not\u00edcias\" \/>\n<meta property=\"article:published_time\" content=\"2024-04-11T22:04:24+00:00\" \/>\n<meta property=\"og:image\" content=\"https:\/\/brasilnoticias.org\/site\/wp-content\/uploads\/2024\/04\/148618apos-nove-horas-bombeiros-resgatam-homem-que-estava-com-perna-presa-no-bueiro-em-pernambues-3.jpg\" \/>\n\t<meta property=\"og:image:width\" content=\"1600\" \/>\n\t<meta property=\"og:image:height\" content=\"752\" \/>\n\t<meta property=\"og:image:type\" content=\"image\/jpeg\" \/>\n<meta name=\"author\" content=\"Reda\u00e7\u00e3o\" \/>\n<meta name=\"twitter:card\" content=\"summary_large_image\" \/>\n<meta name=\"twitter:label1\" content=\"Escrito por\" \/>\n\t<meta name=\"twitter:data1\" content=\"Reda\u00e7\u00e3o\" \/>\n\t<meta name=\"twitter:label2\" content=\"Tempo estimado de leitura\" \/>\n\t<meta name=\"twitter:data2\" content=\"1 minuto\" \/>\n<script type=\"application\/ld+json\" class=\"yoast-schema-graph\">{\"@context\":\"https:\/\/schema.org\",\"@graph\":[{\"@type\":\"Article\",\"@id\":\"https:\/\/brasilnoticias.org\/site\/apos-nove-horas-bombeiros-resgatam-homem-que-estava-com-perna-presa-no-bueiro-em-pernambues\/#article\",\"isPartOf\":{\"@id\":\"https:\/\/brasilnoticias.org\/site\/apos-nove-horas-bombeiros-resgatam-homem-que-estava-com-perna-presa-no-bueiro-em-pernambues\/\"},\"author\":{\"name\":\"Reda\u00e7\u00e3o\",\"@id\":\"https:\/\/brasilnoticias.org\/site\/#\/schema\/person\/03bbbfe6c7634ad18c26444ea39049fa\"},\"headline\":\"Ap\u00f3s nove horas bombeiros resgatam homem que estava com perna presa no bueiro em Pernambu\u00e9s\",\"datePublished\":\"2024-04-11T22:04:24+00:00\",\"mainEntityOfPage\":{\"@id\":\"https:\/\/brasilnoticias.org\/site\/apos-nove-horas-bombeiros-resgatam-homem-que-estava-com-perna-presa-no-bueiro-em-pernambues\/\"},\"wordCount\":256,\"commentCount\":0,\"publisher\":{\"@id\":\"https:\/\/brasilnoticias.org\/site\/#organization\"},\"image\":{\"@id\":\"https:\/\/brasilnoticias.org\/site\/apos-nove-horas-bombeiros-resgatam-homem-que-estava-com-perna-presa-no-bueiro-em-pernambues\/#primaryimage\"},\"thumbnailUrl\":\"https:\/\/brasilnoticias.org\/site\/wp-content\/uploads\/2024\/04\/148618apos-nove-horas-bombeiros-resgatam-homem-que-estava-com-perna-presa-no-bueiro-em-pernambues-3.jpg\",\"articleSection\":[\"Not\u00edcias\",\"\u00daltimas\"],\"inLanguage\":\"pt-PT\",\"potentialAction\":[{\"@type\":\"CommentAction\",\"name\":\"Comment\",\"target\":[\"https:\/\/brasilnoticias.org\/site\/apos-nove-horas-bombeiros-resgatam-homem-que-estava-com-perna-presa-no-bueiro-em-pernambues\/#respond\"]}]},{\"@type\":\"WebPage\",\"@id\":\"https:\/\/brasilnoticias.org\/site\/apos-nove-horas-bombeiros-resgatam-homem-que-estava-com-perna-presa-no-bueiro-em-pernambues\/\",\"url\":\"https:\/\/brasilnoticias.org\/site\/apos-nove-horas-bombeiros-resgatam-homem-que-estava-com-perna-presa-no-bueiro-em-pernambues\/\",\"name\":\"Ap\u00f3s nove horas bombeiros resgatam homem que estava com perna presa no bueiro em Pernambu\u00e9s - Brasil not\u00edcias\",\"isPartOf\":{\"@id\":\"https:\/\/brasilnoticias.org\/site\/#website\"},\"primaryImageOfPage\":{\"@id\":\"https:\/\/brasilnoticias.org\/site\/apos-nove-horas-bombeiros-resgatam-homem-que-estava-com-perna-presa-no-bueiro-em-pernambues\/#primaryimage\"},\"image\":{\"@id\":\"https:\/\/brasilnoticias.org\/site\/apos-nove-horas-bombeiros-resgatam-homem-que-estava-com-perna-presa-no-bueiro-em-pernambues\/#primaryimage\"},\"thumbnailUrl\":\"https:\/\/brasilnoticias.org\/site\/wp-content\/uploads\/2024\/04\/148618apos-nove-horas-bombeiros-resgatam-homem-que-estava-com-perna-presa-no-bueiro-em-pernambues-3.jpg\",\"datePublished\":\"2024-04-11T22:04:24+00:00\",\"breadcrumb\":{\"@id\":\"https:\/\/brasilnoticias.org\/site\/apos-nove-horas-bombeiros-resgatam-homem-que-estava-com-perna-presa-no-bueiro-em-pernambues\/#breadcrumb\"},\"inLanguage\":\"pt-PT\",\"potentialAction\":[{\"@type\":\"ReadAction\",\"target\":[\"https:\/\/brasilnoticias.org\/site\/apos-nove-horas-bombeiros-resgatam-homem-que-estava-com-perna-presa-no-bueiro-em-pernambues\/\"]}]},{\"@type\":\"ImageObject\",\"inLanguage\":\"pt-PT\",\"@id\":\"https:\/\/brasilnoticias.org\/site\/apos-nove-horas-bombeiros-resgatam-homem-que-estava-com-perna-presa-no-bueiro-em-pernambues\/#primaryimage\",\"url\":\"https:\/\/brasilnoticias.org\/site\/wp-content\/uploads\/2024\/04\/148618apos-nove-horas-bombeiros-resgatam-homem-que-estava-com-perna-presa-no-bueiro-em-pernambues-3.jpg\",\"contentUrl\":\"https:\/\/brasilnoticias.org\/site\/wp-content\/uploads\/2024\/04\/148618apos-nove-horas-bombeiros-resgatam-homem-que-estava-com-perna-presa-no-bueiro-em-pernambues-3.jpg\",\"width\":1600,\"height\":752},{\"@type\":\"BreadcrumbList\",\"@id\":\"https:\/\/brasilnoticias.org\/site\/apos-nove-horas-bombeiros-resgatam-homem-que-estava-com-perna-presa-no-bueiro-em-pernambues\/#breadcrumb\",\"itemListElement\":[{\"@type\":\"ListItem\",\"position\":1,\"name\":\"In\u00edcio\",\"item\":\"https:\/\/brasilnoticias.org\/site\/\"},{\"@type\":\"ListItem\",\"position\":2,\"name\":\"Ap\u00f3s nove horas bombeiros resgatam homem que estava com perna presa no bueiro em Pernambu\u00e9s\"}]},{\"@type\":\"WebSite\",\"@id\":\"https:\/\/brasilnoticias.org\/site\/#website\",\"url\":\"https:\/\/brasilnoticias.org\/site\/\",\"name\":\"Brasil not\u00edcias\",\"description\":\"Brasil not\u00edcias\",\"publisher\":{\"@id\":\"https:\/\/brasilnoticias.org\/site\/#organization\"},\"potentialAction\":[{\"@type\":\"SearchAction\",\"target\":{\"@type\":\"EntryPoint\",\"urlTemplate\":\"https:\/\/brasilnoticias.org\/site\/?s={search_term_string}\"},\"query-input\":{\"@type\":\"PropertyValueSpecification\",\"valueRequired\":true,\"valueName\":\"search_term_string\"}}],\"inLanguage\":\"pt-PT\"},{\"@type\":\"Organization\",\"@id\":\"https:\/\/brasilnoticias.org\/site\/#organization\",\"name\":\"Brasil not\u00edcias\",\"url\":\"https:\/\/brasilnoticias.org\/site\/\",\"logo\":{\"@type\":\"ImageObject\",\"inLanguage\":\"pt-PT\",\"@id\":\"https:\/\/brasilnoticias.org\/site\/#\/schema\/logo\/image\/\",\"url\":\"https:\/\/brasilnoticias.org\/site\/wp-content\/uploads\/2022\/05\/cropped-brasilnoticias-mini.jpg\",\"contentUrl\":\"https:\/\/brasilnoticias.org\/site\/wp-content\/uploads\/2022\/05\/cropped-brasilnoticias-mini.jpg\",\"width\":314,\"height\":86,\"caption\":\"Brasil not\u00edcias\"},\"image\":{\"@id\":\"https:\/\/brasilnoticias.org\/site\/#\/schema\/logo\/image\/\"}},{\"@type\":\"Person\",\"@id\":\"https:\/\/brasilnoticias.org\/site\/#\/schema\/person\/03bbbfe6c7634ad18c26444ea39049fa\",\"name\":\"Reda\u00e7\u00e3o\",\"image\":{\"@type\":\"ImageObject\",\"inLanguage\":\"pt-PT\",\"@id\":\"https:\/\/brasilnoticias.org\/site\/#\/schema\/person\/image\/\",\"url\":\"https:\/\/secure.gravatar.com\/avatar\/9ecaf7327a696cb23ad926fedded5f1f04d7049de9e445375d55b48c001a6e42?s=96&d=mm&r=g\",\"contentUrl\":\"https:\/\/secure.gravatar.com\/avatar\/9ecaf7327a696cb23ad926fedded5f1f04d7049de9e445375d55b48c001a6e42?s=96&d=mm&r=g\",\"caption\":\"Reda\u00e7\u00e3o\"},\"url\":\"https:\/\/brasilnoticias.org\/site\/author\/henrique\/\"}]}<\/script>\n<!-- \/ Yoast SEO plugin. -->","yoast_head_json":{"title":"Ap\u00f3s nove horas bombeiros resgatam homem que estava com perna presa no bueiro em Pernambu\u00e9s - Brasil not\u00edcias","robots":{"index":"index","follow":"follow","max-snippet":"max-snippet:-1","max-image-preview":"max-image-preview:large","max-video-preview":"max-video-preview:-1"},"canonical":"https:\/\/brasilnoticias.org\/site\/apos-nove-horas-bombeiros-resgatam-homem-que-estava-com-perna-presa-no-bueiro-em-pernambues\/","og_locale":"pt_PT","og_type":"article","og_title":"Ap\u00f3s nove horas bombeiros resgatam homem que estava com perna presa no bueiro em Pernambu\u00e9s - Brasil not\u00edcias","og_description":"Oper\u00e1rio, identificado apenas como Jonatas, estava cavando no local quando o barro desceu, deixando as duas pernas do homem presas","og_url":"https:\/\/brasilnoticias.org\/site\/apos-nove-horas-bombeiros-resgatam-homem-que-estava-com-perna-presa-no-bueiro-em-pernambues\/","og_site_name":"Brasil not\u00edcias","article_published_time":"2024-04-11T22:04:24+00:00","og_image":[{"width":1600,"height":752,"url":"https:\/\/brasilnoticias.org\/site\/wp-content\/uploads\/2024\/04\/148618apos-nove-horas-bombeiros-resgatam-homem-que-estava-com-perna-presa-no-bueiro-em-pernambues-3.jpg","type":"image\/jpeg"}],"author":"Reda\u00e7\u00e3o","twitter_card":"summary_large_image","twitter_misc":{"Escrito por":"Reda\u00e7\u00e3o","Tempo estimado de leitura":"1 minuto"},"schema":{"@context":"https:\/\/schema.org","@graph":[{"@type":"Article","@id":"https:\/\/brasilnoticias.org\/site\/apos-nove-horas-bombeiros-resgatam-homem-que-estava-com-perna-presa-no-bueiro-em-pernambues\/#article","isPartOf":{"@id":"https:\/\/brasilnoticias.org\/site\/apos-nove-horas-bombeiros-resgatam-homem-que-estava-com-perna-presa-no-bueiro-em-pernambues\/"},"author":{"name":"Reda\u00e7\u00e3o","@id":"https:\/\/brasilnoticias.org\/site\/#\/schema\/person\/03bbbfe6c7634ad18c26444ea39049fa"},"headline":"Ap\u00f3s nove horas bombeiros resgatam homem que estava com perna presa no bueiro em Pernambu\u00e9s","datePublished":"2024-04-11T22:04:24+00:00","mainEntityOfPage":{"@id":"https:\/\/brasilnoticias.org\/site\/apos-nove-horas-bombeiros-resgatam-homem-que-estava-com-perna-presa-no-bueiro-em-pernambues\/"},"wordCount":256,"commentCount":0,"publisher":{"@id":"https:\/\/brasilnoticias.org\/site\/#organization"},"image":{"@id":"https:\/\/brasilnoticias.org\/site\/apos-nove-horas-bombeiros-resgatam-homem-que-estava-com-perna-presa-no-bueiro-em-pernambues\/#primaryimage"},"thumbnailUrl":"https:\/\/brasilnoticias.org\/site\/wp-content\/uploads\/2024\/04\/148618apos-nove-horas-bombeiros-resgatam-homem-que-estava-com-perna-presa-no-bueiro-em-pernambues-3.jpg","articleSection":["Not\u00edcias","\u00daltimas"],"inLanguage":"pt-PT","potentialAction":[{"@type":"CommentAction","name":"Comment","target":["https:\/\/brasilnoticias.org\/site\/apos-nove-horas-bombeiros-resgatam-homem-que-estava-com-perna-presa-no-bueiro-em-pernambues\/#respond"]}]},{"@type":"WebPage","@id":"https:\/\/brasilnoticias.org\/site\/apos-nove-horas-bombeiros-resgatam-homem-que-estava-com-perna-presa-no-bueiro-em-pernambues\/","url":"https:\/\/brasilnoticias.org\/site\/apos-nove-horas-bombeiros-resgatam-homem-que-estava-com-perna-presa-no-bueiro-em-pernambues\/","name":"Ap\u00f3s nove horas bombeiros resgatam homem que estava com perna presa no bueiro em Pernambu\u00e9s - Brasil not\u00edcias","isPartOf":{"@id":"https:\/\/brasilnoticias.org\/site\/#website"},"primaryImageOfPage":{"@id":"https:\/\/brasilnoticias.org\/site\/apos-nove-horas-bombeiros-resgatam-homem-que-estava-com-perna-presa-no-bueiro-em-pernambues\/#primaryimage"},"image":{"@id":"https:\/\/brasilnoticias.org\/site\/apos-nove-horas-bombeiros-resgatam-homem-que-estava-com-perna-presa-no-bueiro-em-pernambues\/#primaryimage"},"thumbnailUrl":"https:\/\/brasilnoticias.org\/site\/wp-content\/uploads\/2024\/04\/148618apos-nove-horas-bombeiros-resgatam-homem-que-estava-com-perna-presa-no-bueiro-em-pernambues-3.jpg","datePublished":"2024-04-11T22:04:24+00:00","breadcrumb":{"@id":"https:\/\/brasilnoticias.org\/site\/apos-nove-horas-bombeiros-resgatam-homem-que-estava-com-perna-presa-no-bueiro-em-pernambues\/#breadcrumb"},"inLanguage":"pt-PT","potentialAction":[{"@type":"ReadAction","target":["https:\/\/brasilnoticias.org\/site\/apos-nove-horas-bombeiros-resgatam-homem-que-estava-com-perna-presa-no-bueiro-em-pernambues\/"]}]},{"@type":"ImageObject","inLanguage":"pt-PT","@id":"https:\/\/brasilnoticias.org\/site\/apos-nove-horas-bombeiros-resgatam-homem-que-estava-com-perna-presa-no-bueiro-em-pernambues\/#primaryimage","url":"https:\/\/brasilnoticias.org\/site\/wp-content\/uploads\/2024\/04\/148618apos-nove-horas-bombeiros-resgatam-homem-que-estava-com-perna-presa-no-bueiro-em-pernambues-3.jpg","contentUrl":"https:\/\/brasilnoticias.org\/site\/wp-content\/uploads\/2024\/04\/148618apos-nove-horas-bombeiros-resgatam-homem-que-estava-com-perna-presa-no-bueiro-em-pernambues-3.jpg","width":1600,"height":752},{"@type":"BreadcrumbList","@id":"https:\/\/brasilnoticias.org\/site\/apos-nove-horas-bombeiros-resgatam-homem-que-estava-com-perna-presa-no-bueiro-em-pernambues\/#breadcrumb","itemListElement":[{"@type":"ListItem","position":1,"name":"In\u00edcio","item":"https:\/\/brasilnoticias.org\/site\/"},{"@type":"ListItem","position":2,"name":"Ap\u00f3s nove horas bombeiros resgatam homem que estava com perna presa no bueiro em Pernambu\u00e9s"}]},{"@type":"WebSite","@id":"https:\/\/brasilnoticias.org\/site\/#website","url":"https:\/\/brasilnoticias.org\/site\/","name":"Brasil not\u00edcias","description":"Brasil not\u00edcias","publisher":{"@id":"https:\/\/brasilnoticias.org\/site\/#organization"},"potentialAction":[{"@type":"SearchAction","target":{"@type":"EntryPoint","urlTemplate":"https:\/\/brasilnoticias.org\/site\/?s={search_term_string}"},"query-input":{"@type":"PropertyValueSpecification","valueRequired":true,"valueName":"search_term_string"}}],"inLanguage":"pt-PT"},{"@type":"Organization","@id":"https:\/\/brasilnoticias.org\/site\/#organization","name":"Brasil not\u00edcias","url":"https:\/\/brasilnoticias.org\/site\/","logo":{"@type":"ImageObject","inLanguage":"pt-PT","@id":"https:\/\/brasilnoticias.org\/site\/#\/schema\/logo\/image\/","url":"https:\/\/brasilnoticias.org\/site\/wp-content\/uploads\/2022\/05\/cropped-brasilnoticias-mini.jpg","contentUrl":"https:\/\/brasilnoticias.org\/site\/wp-content\/uploads\/2022\/05\/cropped-brasilnoticias-mini.jpg","width":314,"height":86,"caption":"Brasil not\u00edcias"},"image":{"@id":"https:\/\/brasilnoticias.org\/site\/#\/schema\/logo\/image\/"}},{"@type":"Person","@id":"https:\/\/brasilnoticias.org\/site\/#\/schema\/person\/03bbbfe6c7634ad18c26444ea39049fa","name":"Reda\u00e7\u00e3o","image":{"@type":"ImageObject","inLanguage":"pt-PT","@id":"https:\/\/brasilnoticias.org\/site\/#\/schema\/person\/image\/","url":"https:\/\/secure.gravatar.com\/avatar\/9ecaf7327a696cb23ad926fedded5f1f04d7049de9e445375d55b48c001a6e42?s=96&d=mm&r=g","contentUrl":"https:\/\/secure.gravatar.com\/avatar\/9ecaf7327a696cb23ad926fedded5f1f04d7049de9e445375d55b48c001a6e42?s=96&d=mm&r=g","caption":"Reda\u00e7\u00e3o"},"url":"https:\/\/brasilnoticias.org\/site\/author\/henrique\/"}]}},"_links":{"self":[{"href":"https:\/\/brasilnoticias.org\/site\/wp-json\/wp\/v2\/posts\/13550","targetHints":{"allow":["GET"]}}],"collection":[{"href":"https:\/\/brasilnoticias.org\/site\/wp-json\/wp\/v2\/posts"}],"about":[{"href":"https:\/\/brasilnoticias.org\/site\/wp-json\/wp\/v2\/types\/post"}],"author":[{"embeddable":true,"href":"https:\/\/brasilnoticias.org\/site\/wp-json\/wp\/v2\/users\/4"}],"replies":[{"embeddable":true,"href":"https:\/\/brasilnoticias.org\/site\/wp-json\/wp\/v2\/comments?post=13550"}],"version-history":[{"count":1,"href":"https:\/\/brasilnoticias.org\/site\/wp-json\/wp\/v2\/posts\/13550\/revisions"}],"predecessor-version":[{"id":13552,"href":"https:\/\/brasilnoticias.org\/site\/wp-json\/wp\/v2\/posts\/13550\/revisions\/13552"}],"wp:featuredmedia":[{"embeddable":true,"href":"https:\/\/brasilnoticias.org\/site\/wp-json\/wp\/v2\/media\/13551"}],"wp:attachment":[{"href":"https:\/\/brasilnoticias.org\/site\/wp-json\/wp\/v2\/media?parent=13550"}],"wp:term":[{"taxonomy":"category","embeddable":true,"href":"https:\/\/brasilnoticias.org\/site\/wp-json\/wp\/v2\/categories?post=13550"},{"taxonomy":"post_tag","embeddable":true,"href":"https:\/\/brasilnoticias.org\/site\/wp-json\/wp\/v2\/tags?post=13550"}],"curies":[{"name":"wp","href":"https:\/\/api.w.org\/{rel}","templated":true}]}}