{"id":1356,"date":"2022-09-06T10:34:15","date_gmt":"2022-09-06T13:34:15","guid":{"rendered":"https:\/\/brasilnoticias.org\/site\/?p=1356"},"modified":"2022-09-06T10:34:15","modified_gmt":"2022-09-06T13:34:15","slug":"governo-bolsonaro-acm-neto-explica-motivo-de-rompimento-com-joao-roma-confira","status":"publish","type":"post","link":"https:\/\/brasilnoticias.org\/site\/governo-bolsonaro-acm-neto-explica-motivo-de-rompimento-com-joao-roma-confira\/","title":{"rendered":"Governo Bolsonaro: ACM Neto explica motivo de rompimento com Jo\u00e3o Roma; confira"},"content":{"rendered":"<p>Assunto vencido&#8221;. \u00c9 dessa maneira que\u00a0<a href=\"https:\/\/www.bnews.com.br\/personalidades\/acm-neto.html\">ACM Neto (Uni\u00e3o Brasil)<\/a>\u00a0prefere se referir a seu antigo aliado, chefe de gabinete e at\u00e9 cotado para vice em sua segunda gest\u00e3o \u00e0 frente da prefeitura de Salvador &#8211; perdendo a corrida para\u00a0<a href=\"https:\/\/www.bnews.com.br\/personalidades\/bruno-reis.html\">Bruno Reis (Uni\u00e3o Brasil)<\/a>\u00a0horas antes do an\u00fancio oficial- Jo\u00e3o Roma.<\/p>\n<p><a href=\"https:\/\/www.bnews.com.br\/personalidades\/joao-roma.html\">Jo\u00e3o Roma, hoje no PL<\/a>, foi um aliado hist\u00f3rico de ACM Neto na Bahia e em Bras\u00edlia, quando se elegeu deputado federal pela primeira vez. Mas, ap\u00f3s &#8216;deixar&#8217; o Nordeste rumo \u00e0 C\u00e2mara, a rela\u00e7\u00e3o balan\u00e7ou por conta de um convite: o\u00a0<a href=\"https:\/\/www.bnews.com.br\/personalidades\/jair-bolsonaro.html\">presidente Jair Bolsonaro (PL)<\/a>\u00a0chamou Roma para ser ministro de Estado. A maior oportunidade da vida do deputado federal.<\/p>\n<p>ACM Neto n\u00e3o aceitou bem a situa\u00e7\u00e3o e ali foi o in\u00edcio do rompimento de uma amizade que j\u00e1 durava d\u00e9cadas e at\u00e9 hoje rende farpas. Na manh\u00e3 desta ter\u00e7a-feira (6), durante sabatina na R\u00e1dio Metr\u00f3pole, o ex-prefeito de Salvador relembrou a cis\u00e3o e indicou que n\u00e3o se arrepende da postura que adotou \u00e0quela altura.<\/p>\n<p>Pra mim, isso \u00e9 assunto vencido.<a href=\"https:\/\/www.bnews.com.br\/noticias\/eleicoes-2022\/joao-roma-de-acm-neto-eu-quero-distancia.html\">\u00a0Quando Jo\u00e3o tomou a decis\u00e3o de se tornar ministro<\/a>\u00a0eu realmente era contr\u00e1rio \u00e0 decis\u00e3o. N\u00e3o por que eu n\u00e3o queria v\u00ea-lo crescer. Se eu n\u00e3o quisesse, n\u00e3o teria convidado ele para ser meu chefe de gabinete e n\u00e3o teria sido respons\u00e1vel pela elei\u00e7\u00e3o dele para deputado federal&#8221;, iniciou ACM Neto.<\/p>\n<p>Ele completou o revival: &#8220;Os motivos s\u00e3o outros, j\u00e1 devidamente debatido, eu<a href=\"https:\/\/www.bnews.com.br\/noticias\/eleicoes-2022\/acm-neto-revela-se-tem-arrependimento-no-voto-em-bolsonaro.html\">\u00a0n\u00e3o queria que parecesse que eu estava indicando ningu\u00e9m para o Governo de Bolsonaro<\/a>\u00a0exatamente por conta de tudo que estava acontecendo naquele momento, de Rodrigo Maia e etc. Isso \u00e9 pauta vencida. Voc\u00ea j\u00e1 me viu falar alguma coisa de Jo\u00e3o Roma? Ent\u00e3o n\u00e3o vai ser agora&#8221;.<\/p>\n<p>Para finalizar o assunto, ACM Neto, que hoje \u00e9 advers\u00e1rio do pr\u00f3prio Roma nas elei\u00e7\u00f5es para o Governo da Bahia, afirmou que acredita &#8220;primeiro na justi\u00e7a de Deus e depois na Justi\u00e7a dos homens e as duas v\u00e3o acontecer no tempo certo&#8221;.<\/p>\n<p>&nbsp;<\/p>\n<p>&nbsp;<\/p>\n<p>&nbsp;<\/p>\n<p>&nbsp;<\/p>\n<p>Bnews<\/p>\n","protected":false},"excerpt":{"rendered":"<p>Assunto vencido&#8221;. \u00c9 dessa maneira que\u00a0ACM Neto (Uni\u00e3o Brasil)\u00a0prefere se referir a seu antigo aliado, chefe de gabinete e at\u00e9<\/p>\n","protected":false},"author":2,"featured_media":1358,"comment_status":"open","ping_status":"open","sticky":false,"template":"","format":"standard","meta":{"colormag_page_container_layout":"default_layout","colormag_page_sidebar_layout":"default_layout","_FSMCFIC_featured_image_caption":"","_FSMCFIC_featured_image_nocaption":"","_FSMCFIC_featured_image_hide":"","footnotes":""},"categories":[5,1],"tags":[],"class_list":["post-1356","post","type-post","status-publish","format-standard","has-post-thumbnail","hentry","category-politica","category-ultimas"],"yoast_head":"<!-- This site is optimized with the Yoast SEO plugin v27.1.1 - https:\/\/yoast.com\/product\/yoast-seo-wordpress\/ -->\n<title>Governo Bolsonaro: ACM Neto explica motivo de rompimento com Jo\u00e3o Roma; confira - Brasil not\u00edcias<\/title>\n<meta name=\"robots\" content=\"index, follow, max-snippet:-1, max-image-preview:large, max-video-preview:-1\" \/>\n<link rel=\"canonical\" href=\"https:\/\/brasilnoticias.org\/site\/governo-bolsonaro-acm-neto-explica-motivo-de-rompimento-com-joao-roma-confira\/\" \/>\n<meta property=\"og:locale\" content=\"pt_PT\" \/>\n<meta property=\"og:type\" content=\"article\" \/>\n<meta property=\"og:title\" content=\"Governo Bolsonaro: ACM Neto explica motivo de rompimento com Jo\u00e3o Roma; confira - Brasil not\u00edcias\" \/>\n<meta property=\"og:description\" content=\"Assunto vencido&#8221;. \u00c9 dessa maneira que\u00a0ACM Neto (Uni\u00e3o Brasil)\u00a0prefere se referir a seu antigo aliado, chefe de gabinete e at\u00e9\" \/>\n<meta property=\"og:url\" content=\"https:\/\/brasilnoticias.org\/site\/governo-bolsonaro-acm-neto-explica-motivo-de-rompimento-com-joao-roma-confira\/\" \/>\n<meta property=\"og:site_name\" content=\"Brasil not\u00edcias\" \/>\n<meta property=\"article:published_time\" content=\"2022-09-06T13:34:15+00:00\" \/>\n<meta property=\"og:image\" content=\"https:\/\/brasilnoticias.org\/site\/wp-content\/uploads\/2022\/09\/acm_neto_explica_motivo_de_rompimento_com_joao_roma_widelg-1.jpg\" \/>\n\t<meta property=\"og:image:width\" content=\"800\" \/>\n\t<meta property=\"og:image:height\" content=\"450\" \/>\n\t<meta property=\"og:image:type\" content=\"image\/jpeg\" \/>\n<meta name=\"author\" content=\"Reda\u00e7\u00e3o\" \/>\n<meta name=\"twitter:card\" content=\"summary_large_image\" \/>\n<meta name=\"twitter:label1\" content=\"Escrito por\" \/>\n\t<meta name=\"twitter:data1\" content=\"Reda\u00e7\u00e3o\" \/>\n\t<meta name=\"twitter:label2\" content=\"Tempo estimado de leitura\" \/>\n\t<meta name=\"twitter:data2\" content=\"2 minutos\" \/>\n<script type=\"application\/ld+json\" class=\"yoast-schema-graph\">{\"@context\":\"https:\/\/schema.org\",\"@graph\":[{\"@type\":\"Article\",\"@id\":\"https:\/\/brasilnoticias.org\/site\/governo-bolsonaro-acm-neto-explica-motivo-de-rompimento-com-joao-roma-confira\/#article\",\"isPartOf\":{\"@id\":\"https:\/\/brasilnoticias.org\/site\/governo-bolsonaro-acm-neto-explica-motivo-de-rompimento-com-joao-roma-confira\/\"},\"author\":{\"name\":\"Reda\u00e7\u00e3o\",\"@id\":\"https:\/\/brasilnoticias.org\/site\/#\/schema\/person\/f609fa847b5314f1c8b983342f34c798\"},\"headline\":\"Governo Bolsonaro: ACM Neto explica motivo de rompimento com Jo\u00e3o Roma; confira\",\"datePublished\":\"2022-09-06T13:34:15+00:00\",\"mainEntityOfPage\":{\"@id\":\"https:\/\/brasilnoticias.org\/site\/governo-bolsonaro-acm-neto-explica-motivo-de-rompimento-com-joao-roma-confira\/\"},\"wordCount\":381,\"commentCount\":0,\"publisher\":{\"@id\":\"https:\/\/brasilnoticias.org\/site\/#organization\"},\"image\":{\"@id\":\"https:\/\/brasilnoticias.org\/site\/governo-bolsonaro-acm-neto-explica-motivo-de-rompimento-com-joao-roma-confira\/#primaryimage\"},\"thumbnailUrl\":\"https:\/\/brasilnoticias.org\/site\/wp-content\/uploads\/2022\/09\/acm_neto_explica_motivo_de_rompimento_com_joao_roma_widelg-1.jpg\",\"articleSection\":[\"Pol\u00edtica\",\"\u00daltimas\"],\"inLanguage\":\"pt-PT\",\"potentialAction\":[{\"@type\":\"CommentAction\",\"name\":\"Comment\",\"target\":[\"https:\/\/brasilnoticias.org\/site\/governo-bolsonaro-acm-neto-explica-motivo-de-rompimento-com-joao-roma-confira\/#respond\"]}]},{\"@type\":\"WebPage\",\"@id\":\"https:\/\/brasilnoticias.org\/site\/governo-bolsonaro-acm-neto-explica-motivo-de-rompimento-com-joao-roma-confira\/\",\"url\":\"https:\/\/brasilnoticias.org\/site\/governo-bolsonaro-acm-neto-explica-motivo-de-rompimento-com-joao-roma-confira\/\",\"name\":\"Governo Bolsonaro: ACM Neto explica motivo de rompimento com Jo\u00e3o Roma; confira - Brasil not\u00edcias\",\"isPartOf\":{\"@id\":\"https:\/\/brasilnoticias.org\/site\/#website\"},\"primaryImageOfPage\":{\"@id\":\"https:\/\/brasilnoticias.org\/site\/governo-bolsonaro-acm-neto-explica-motivo-de-rompimento-com-joao-roma-confira\/#primaryimage\"},\"image\":{\"@id\":\"https:\/\/brasilnoticias.org\/site\/governo-bolsonaro-acm-neto-explica-motivo-de-rompimento-com-joao-roma-confira\/#primaryimage\"},\"thumbnailUrl\":\"https:\/\/brasilnoticias.org\/site\/wp-content\/uploads\/2022\/09\/acm_neto_explica_motivo_de_rompimento_com_joao_roma_widelg-1.jpg\",\"datePublished\":\"2022-09-06T13:34:15+00:00\",\"breadcrumb\":{\"@id\":\"https:\/\/brasilnoticias.org\/site\/governo-bolsonaro-acm-neto-explica-motivo-de-rompimento-com-joao-roma-confira\/#breadcrumb\"},\"inLanguage\":\"pt-PT\",\"potentialAction\":[{\"@type\":\"ReadAction\",\"target\":[\"https:\/\/brasilnoticias.org\/site\/governo-bolsonaro-acm-neto-explica-motivo-de-rompimento-com-joao-roma-confira\/\"]}]},{\"@type\":\"ImageObject\",\"inLanguage\":\"pt-PT\",\"@id\":\"https:\/\/brasilnoticias.org\/site\/governo-bolsonaro-acm-neto-explica-motivo-de-rompimento-com-joao-roma-confira\/#primaryimage\",\"url\":\"https:\/\/brasilnoticias.org\/site\/wp-content\/uploads\/2022\/09\/acm_neto_explica_motivo_de_rompimento_com_joao_roma_widelg-1.jpg\",\"contentUrl\":\"https:\/\/brasilnoticias.org\/site\/wp-content\/uploads\/2022\/09\/acm_neto_explica_motivo_de_rompimento_com_joao_roma_widelg-1.jpg\",\"width\":800,\"height\":450},{\"@type\":\"BreadcrumbList\",\"@id\":\"https:\/\/brasilnoticias.org\/site\/governo-bolsonaro-acm-neto-explica-motivo-de-rompimento-com-joao-roma-confira\/#breadcrumb\",\"itemListElement\":[{\"@type\":\"ListItem\",\"position\":1,\"name\":\"In\u00edcio\",\"item\":\"https:\/\/brasilnoticias.org\/site\/\"},{\"@type\":\"ListItem\",\"position\":2,\"name\":\"Governo Bolsonaro: ACM Neto explica motivo de rompimento com Jo\u00e3o Roma; confira\"}]},{\"@type\":\"WebSite\",\"@id\":\"https:\/\/brasilnoticias.org\/site\/#website\",\"url\":\"https:\/\/brasilnoticias.org\/site\/\",\"name\":\"Brasil not\u00edcias\",\"description\":\"Brasil not\u00edcias\",\"publisher\":{\"@id\":\"https:\/\/brasilnoticias.org\/site\/#organization\"},\"potentialAction\":[{\"@type\":\"SearchAction\",\"target\":{\"@type\":\"EntryPoint\",\"urlTemplate\":\"https:\/\/brasilnoticias.org\/site\/?s={search_term_string}\"},\"query-input\":{\"@type\":\"PropertyValueSpecification\",\"valueRequired\":true,\"valueName\":\"search_term_string\"}}],\"inLanguage\":\"pt-PT\"},{\"@type\":\"Organization\",\"@id\":\"https:\/\/brasilnoticias.org\/site\/#organization\",\"name\":\"Brasil not\u00edcias\",\"url\":\"https:\/\/brasilnoticias.org\/site\/\",\"logo\":{\"@type\":\"ImageObject\",\"inLanguage\":\"pt-PT\",\"@id\":\"https:\/\/brasilnoticias.org\/site\/#\/schema\/logo\/image\/\",\"url\":\"https:\/\/brasilnoticias.org\/site\/wp-content\/uploads\/2022\/05\/cropped-brasilnoticias-mini.jpg\",\"contentUrl\":\"https:\/\/brasilnoticias.org\/site\/wp-content\/uploads\/2022\/05\/cropped-brasilnoticias-mini.jpg\",\"width\":314,\"height\":86,\"caption\":\"Brasil not\u00edcias\"},\"image\":{\"@id\":\"https:\/\/brasilnoticias.org\/site\/#\/schema\/logo\/image\/\"}},{\"@type\":\"Person\",\"@id\":\"https:\/\/brasilnoticias.org\/site\/#\/schema\/person\/f609fa847b5314f1c8b983342f34c798\",\"name\":\"Reda\u00e7\u00e3o\",\"image\":{\"@type\":\"ImageObject\",\"inLanguage\":\"pt-PT\",\"@id\":\"https:\/\/brasilnoticias.org\/site\/#\/schema\/person\/image\/\",\"url\":\"https:\/\/secure.gravatar.com\/avatar\/447284c06c1ad8b46465a36de9cd0d8326b73387a22799b8b1ffb1fbcff2ed0c?s=96&d=mm&r=g\",\"contentUrl\":\"https:\/\/secure.gravatar.com\/avatar\/447284c06c1ad8b46465a36de9cd0d8326b73387a22799b8b1ffb1fbcff2ed0c?s=96&d=mm&r=g\",\"caption\":\"Reda\u00e7\u00e3o\"},\"url\":\"https:\/\/brasilnoticias.org\/site\/author\/redacao\/\"}]}<\/script>\n<!-- \/ Yoast SEO plugin. -->","yoast_head_json":{"title":"Governo Bolsonaro: ACM Neto explica motivo de rompimento com Jo\u00e3o Roma; confira - Brasil not\u00edcias","robots":{"index":"index","follow":"follow","max-snippet":"max-snippet:-1","max-image-preview":"max-image-preview:large","max-video-preview":"max-video-preview:-1"},"canonical":"https:\/\/brasilnoticias.org\/site\/governo-bolsonaro-acm-neto-explica-motivo-de-rompimento-com-joao-roma-confira\/","og_locale":"pt_PT","og_type":"article","og_title":"Governo Bolsonaro: ACM Neto explica motivo de rompimento com Jo\u00e3o Roma; confira - Brasil not\u00edcias","og_description":"Assunto vencido&#8221;. \u00c9 dessa maneira que\u00a0ACM Neto (Uni\u00e3o Brasil)\u00a0prefere se referir a seu antigo aliado, chefe de gabinete e at\u00e9","og_url":"https:\/\/brasilnoticias.org\/site\/governo-bolsonaro-acm-neto-explica-motivo-de-rompimento-com-joao-roma-confira\/","og_site_name":"Brasil not\u00edcias","article_published_time":"2022-09-06T13:34:15+00:00","og_image":[{"width":800,"height":450,"url":"https:\/\/brasilnoticias.org\/site\/wp-content\/uploads\/2022\/09\/acm_neto_explica_motivo_de_rompimento_com_joao_roma_widelg-1.jpg","type":"image\/jpeg"}],"author":"Reda\u00e7\u00e3o","twitter_card":"summary_large_image","twitter_misc":{"Escrito por":"Reda\u00e7\u00e3o","Tempo estimado de leitura":"2 minutos"},"schema":{"@context":"https:\/\/schema.org","@graph":[{"@type":"Article","@id":"https:\/\/brasilnoticias.org\/site\/governo-bolsonaro-acm-neto-explica-motivo-de-rompimento-com-joao-roma-confira\/#article","isPartOf":{"@id":"https:\/\/brasilnoticias.org\/site\/governo-bolsonaro-acm-neto-explica-motivo-de-rompimento-com-joao-roma-confira\/"},"author":{"name":"Reda\u00e7\u00e3o","@id":"https:\/\/brasilnoticias.org\/site\/#\/schema\/person\/f609fa847b5314f1c8b983342f34c798"},"headline":"Governo Bolsonaro: ACM Neto explica motivo de rompimento com Jo\u00e3o Roma; confira","datePublished":"2022-09-06T13:34:15+00:00","mainEntityOfPage":{"@id":"https:\/\/brasilnoticias.org\/site\/governo-bolsonaro-acm-neto-explica-motivo-de-rompimento-com-joao-roma-confira\/"},"wordCount":381,"commentCount":0,"publisher":{"@id":"https:\/\/brasilnoticias.org\/site\/#organization"},"image":{"@id":"https:\/\/brasilnoticias.org\/site\/governo-bolsonaro-acm-neto-explica-motivo-de-rompimento-com-joao-roma-confira\/#primaryimage"},"thumbnailUrl":"https:\/\/brasilnoticias.org\/site\/wp-content\/uploads\/2022\/09\/acm_neto_explica_motivo_de_rompimento_com_joao_roma_widelg-1.jpg","articleSection":["Pol\u00edtica","\u00daltimas"],"inLanguage":"pt-PT","potentialAction":[{"@type":"CommentAction","name":"Comment","target":["https:\/\/brasilnoticias.org\/site\/governo-bolsonaro-acm-neto-explica-motivo-de-rompimento-com-joao-roma-confira\/#respond"]}]},{"@type":"WebPage","@id":"https:\/\/brasilnoticias.org\/site\/governo-bolsonaro-acm-neto-explica-motivo-de-rompimento-com-joao-roma-confira\/","url":"https:\/\/brasilnoticias.org\/site\/governo-bolsonaro-acm-neto-explica-motivo-de-rompimento-com-joao-roma-confira\/","name":"Governo Bolsonaro: ACM Neto explica motivo de rompimento com Jo\u00e3o Roma; confira - Brasil not\u00edcias","isPartOf":{"@id":"https:\/\/brasilnoticias.org\/site\/#website"},"primaryImageOfPage":{"@id":"https:\/\/brasilnoticias.org\/site\/governo-bolsonaro-acm-neto-explica-motivo-de-rompimento-com-joao-roma-confira\/#primaryimage"},"image":{"@id":"https:\/\/brasilnoticias.org\/site\/governo-bolsonaro-acm-neto-explica-motivo-de-rompimento-com-joao-roma-confira\/#primaryimage"},"thumbnailUrl":"https:\/\/brasilnoticias.org\/site\/wp-content\/uploads\/2022\/09\/acm_neto_explica_motivo_de_rompimento_com_joao_roma_widelg-1.jpg","datePublished":"2022-09-06T13:34:15+00:00","breadcrumb":{"@id":"https:\/\/brasilnoticias.org\/site\/governo-bolsonaro-acm-neto-explica-motivo-de-rompimento-com-joao-roma-confira\/#breadcrumb"},"inLanguage":"pt-PT","potentialAction":[{"@type":"ReadAction","target":["https:\/\/brasilnoticias.org\/site\/governo-bolsonaro-acm-neto-explica-motivo-de-rompimento-com-joao-roma-confira\/"]}]},{"@type":"ImageObject","inLanguage":"pt-PT","@id":"https:\/\/brasilnoticias.org\/site\/governo-bolsonaro-acm-neto-explica-motivo-de-rompimento-com-joao-roma-confira\/#primaryimage","url":"https:\/\/brasilnoticias.org\/site\/wp-content\/uploads\/2022\/09\/acm_neto_explica_motivo_de_rompimento_com_joao_roma_widelg-1.jpg","contentUrl":"https:\/\/brasilnoticias.org\/site\/wp-content\/uploads\/2022\/09\/acm_neto_explica_motivo_de_rompimento_com_joao_roma_widelg-1.jpg","width":800,"height":450},{"@type":"BreadcrumbList","@id":"https:\/\/brasilnoticias.org\/site\/governo-bolsonaro-acm-neto-explica-motivo-de-rompimento-com-joao-roma-confira\/#breadcrumb","itemListElement":[{"@type":"ListItem","position":1,"name":"In\u00edcio","item":"https:\/\/brasilnoticias.org\/site\/"},{"@type":"ListItem","position":2,"name":"Governo Bolsonaro: ACM Neto explica motivo de rompimento com Jo\u00e3o Roma; confira"}]},{"@type":"WebSite","@id":"https:\/\/brasilnoticias.org\/site\/#website","url":"https:\/\/brasilnoticias.org\/site\/","name":"Brasil not\u00edcias","description":"Brasil not\u00edcias","publisher":{"@id":"https:\/\/brasilnoticias.org\/site\/#organization"},"potentialAction":[{"@type":"SearchAction","target":{"@type":"EntryPoint","urlTemplate":"https:\/\/brasilnoticias.org\/site\/?s={search_term_string}"},"query-input":{"@type":"PropertyValueSpecification","valueRequired":true,"valueName":"search_term_string"}}],"inLanguage":"pt-PT"},{"@type":"Organization","@id":"https:\/\/brasilnoticias.org\/site\/#organization","name":"Brasil not\u00edcias","url":"https:\/\/brasilnoticias.org\/site\/","logo":{"@type":"ImageObject","inLanguage":"pt-PT","@id":"https:\/\/brasilnoticias.org\/site\/#\/schema\/logo\/image\/","url":"https:\/\/brasilnoticias.org\/site\/wp-content\/uploads\/2022\/05\/cropped-brasilnoticias-mini.jpg","contentUrl":"https:\/\/brasilnoticias.org\/site\/wp-content\/uploads\/2022\/05\/cropped-brasilnoticias-mini.jpg","width":314,"height":86,"caption":"Brasil not\u00edcias"},"image":{"@id":"https:\/\/brasilnoticias.org\/site\/#\/schema\/logo\/image\/"}},{"@type":"Person","@id":"https:\/\/brasilnoticias.org\/site\/#\/schema\/person\/f609fa847b5314f1c8b983342f34c798","name":"Reda\u00e7\u00e3o","image":{"@type":"ImageObject","inLanguage":"pt-PT","@id":"https:\/\/brasilnoticias.org\/site\/#\/schema\/person\/image\/","url":"https:\/\/secure.gravatar.com\/avatar\/447284c06c1ad8b46465a36de9cd0d8326b73387a22799b8b1ffb1fbcff2ed0c?s=96&d=mm&r=g","contentUrl":"https:\/\/secure.gravatar.com\/avatar\/447284c06c1ad8b46465a36de9cd0d8326b73387a22799b8b1ffb1fbcff2ed0c?s=96&d=mm&r=g","caption":"Reda\u00e7\u00e3o"},"url":"https:\/\/brasilnoticias.org\/site\/author\/redacao\/"}]}},"_links":{"self":[{"href":"https:\/\/brasilnoticias.org\/site\/wp-json\/wp\/v2\/posts\/1356","targetHints":{"allow":["GET"]}}],"collection":[{"href":"https:\/\/brasilnoticias.org\/site\/wp-json\/wp\/v2\/posts"}],"about":[{"href":"https:\/\/brasilnoticias.org\/site\/wp-json\/wp\/v2\/types\/post"}],"author":[{"embeddable":true,"href":"https:\/\/brasilnoticias.org\/site\/wp-json\/wp\/v2\/users\/2"}],"replies":[{"embeddable":true,"href":"https:\/\/brasilnoticias.org\/site\/wp-json\/wp\/v2\/comments?post=1356"}],"version-history":[{"count":1,"href":"https:\/\/brasilnoticias.org\/site\/wp-json\/wp\/v2\/posts\/1356\/revisions"}],"predecessor-version":[{"id":1359,"href":"https:\/\/brasilnoticias.org\/site\/wp-json\/wp\/v2\/posts\/1356\/revisions\/1359"}],"wp:featuredmedia":[{"embeddable":true,"href":"https:\/\/brasilnoticias.org\/site\/wp-json\/wp\/v2\/media\/1358"}],"wp:attachment":[{"href":"https:\/\/brasilnoticias.org\/site\/wp-json\/wp\/v2\/media?parent=1356"}],"wp:term":[{"taxonomy":"category","embeddable":true,"href":"https:\/\/brasilnoticias.org\/site\/wp-json\/wp\/v2\/categories?post=1356"},{"taxonomy":"post_tag","embeddable":true,"href":"https:\/\/brasilnoticias.org\/site\/wp-json\/wp\/v2\/tags?post=1356"}],"curies":[{"name":"wp","href":"https:\/\/api.w.org\/{rel}","templated":true}]}}