{"id":13576,"date":"2024-04-12T19:39:29","date_gmt":"2024-04-12T22:39:29","guid":{"rendered":"https:\/\/brasilnoticias.org\/site\/?p=13576"},"modified":"2024-04-12T19:39:29","modified_gmt":"2024-04-12T22:39:29","slug":"mestre-bule-bule-ganhara-homenagem-especial-na-bienal-do-livro-bahia","status":"publish","type":"post","link":"https:\/\/brasilnoticias.org\/site\/mestre-bule-bule-ganhara-homenagem-especial-na-bienal-do-livro-bahia\/","title":{"rendered":"Mestre Bule Bule ganhar\u00e1 homenagem especial na Bienal do Livro Bahia"},"content":{"rendered":"<p>Al\u00e9m da homenagem, o cordelista lan\u00e7ar\u00e1 o seu novo livro intitulado de \u2018Cord\u00e9is Antol\u00f3gicos\u2019<\/p>\n<p>Com um dos principais eventos liter\u00e1rios se aproximando, a Bienal do Livro Bahia preparou uma homenagem especial para uma das figuras mais emblem\u00e1ticas da cultura popular do estado, Mestre Bule Bule. O evento vai acontecer entre os dias 26 de abril e 1\u00ba de maio, no Centro de Conven\u00e7\u00f5es Salvador, no bairro da Boca do Rio, em Salvador, e vai contar com a presen\u00e7a do artista durante todos os dias.<\/p>\n<p>A presen\u00e7a de Bule Bule, tamb\u00e9m ser\u00e1 marcada pelo lan\u00e7amento do seu novo trabalho, intitulado \u201cCord\u00e9is Antol\u00f3gicos\u201d. Quem estiver presente vai poder prestigiar palestras, sarau e rodas de leitura com direito a apresenta\u00e7\u00e3o musical do artista. O filho do repentista, Paulo Azevedo conta que a homenagem \u00e9 representativa no reconhecimento da obra do artista, num espa\u00e7o t\u00e3o importante como a Bienal do Livro, e tamb\u00e9m para o fortalecimento da cultura popular.<\/p>\n<p>\u201cEssa homenagem \u00e9 motivo de muito orgulho para a nossa fam\u00edlia, pois marca a materializa\u00e7\u00e3o de algumas vit\u00f3rias, diante alguns desafios na sa\u00fade do meu pai\u201d, diz Paulo. \u201cQue a cultura popular esteja cada vez mais presente nesse espa\u00e7o, \u00e9 por isso que seguimos lutando\u201d, acrescenta o filho do Mestre Bule Bule.<\/p>\n<p>Com quase 60 anos de carreira, como repentista, cordelista, sambador, compositor, cantador e poeta, Bule Bule \u00e9 o nome art\u00edstico de Ant\u00f4nio Ribeiro da Concei\u00e7\u00e3o, baiano, natural de Ant\u00f4nio Cardoso, figura emblem\u00e1tica da cultura popular, conhecido como o maior poeta do improviso da Bahia, com mais de 100 t\u00edtulos publicados, oito discos e dois DVDs gravados.<\/p>\n<p>Fique por dentro da programa\u00e7\u00e3o em homenagem ao Mestre Bule Bule: <\/p>\n<p>26 de abril (sexta) \u00e0s 15h<br \/>\nLan\u00e7amento do livro \u2013 Cord\u00e9is Antol\u00f3gicos do Mestre Bule Bule.<\/p>\n<p>27 de abril (s\u00e1bado) \u00e0s 17h<br \/>\nPalestra Cantada \u2013 O Cordel Mora Vizinho \u00e0 Casa do Cantador.<\/p>\n<p>28 de abril (segunda) \u00e0s 17h<br \/>\nSarau Orix\u00e1s em Cordel.<\/p>\n<p>29 de abril (ter\u00e7a) \u00e0s 17h<br \/>\nRoda de Leitura: Valentes de Bule Bule.<\/p>\n<p>30 de abril (quarta) \u00e0s 17h<br \/>\nRoda de Leitura: Rodolfo Coelho Cavalcante, Castro Alves e Outros Temas em Cordel.<\/p>\n<p>1\u00ba de maio (quinta) \u00e0s 16h<br \/>\nChulas, tiranas, licutixo e cantigas de roda.<\/p>\n<p>Foto: Reprodu\u00e7\u00e3o\/ Redes Sociais<br \/>\nAratu On<\/p>\n","protected":false},"excerpt":{"rendered":"<p>Al\u00e9m da homenagem, o cordelista lan\u00e7ar\u00e1 o seu novo livro intitulado de \u2018Cord\u00e9is Antol\u00f3gicos\u2019 Com um dos principais eventos liter\u00e1rios<\/p>\n","protected":false},"author":4,"featured_media":13577,"comment_status":"open","ping_status":"open","sticky":false,"template":"","format":"standard","meta":{"colormag_page_container_layout":"default_layout","colormag_page_sidebar_layout":"default_layout","_FSMCFIC_featured_image_caption":"","_FSMCFIC_featured_image_nocaption":"","_FSMCFIC_featured_image_hide":"","footnotes":""},"categories":[8,1],"tags":[],"class_list":["post-13576","post","type-post","status-publish","format-standard","has-post-thumbnail","hentry","category-entretenimento","category-ultimas"],"yoast_head":"<!-- This site is optimized with the Yoast SEO plugin v27.1.1 - https:\/\/yoast.com\/product\/yoast-seo-wordpress\/ -->\n<title>Mestre Bule Bule ganhar\u00e1 homenagem especial na Bienal do Livro Bahia - Brasil not\u00edcias<\/title>\n<meta name=\"robots\" content=\"index, follow, max-snippet:-1, max-image-preview:large, max-video-preview:-1\" \/>\n<link rel=\"canonical\" href=\"https:\/\/brasilnoticias.org\/site\/mestre-bule-bule-ganhara-homenagem-especial-na-bienal-do-livro-bahia\/\" \/>\n<meta property=\"og:locale\" content=\"pt_PT\" \/>\n<meta property=\"og:type\" content=\"article\" \/>\n<meta property=\"og:title\" content=\"Mestre Bule Bule ganhar\u00e1 homenagem especial na Bienal do Livro Bahia - Brasil not\u00edcias\" \/>\n<meta property=\"og:description\" content=\"Al\u00e9m da homenagem, o cordelista lan\u00e7ar\u00e1 o seu novo livro intitulado de \u2018Cord\u00e9is Antol\u00f3gicos\u2019 Com um dos principais eventos liter\u00e1rios\" \/>\n<meta property=\"og:url\" content=\"https:\/\/brasilnoticias.org\/site\/mestre-bule-bule-ganhara-homenagem-especial-na-bienal-do-livro-bahia\/\" \/>\n<meta property=\"og:site_name\" content=\"Brasil not\u00edcias\" \/>\n<meta property=\"article:published_time\" content=\"2024-04-12T22:39:29+00:00\" \/>\n<meta property=\"og:image\" content=\"https:\/\/brasilnoticias.org\/site\/wp-content\/uploads\/2024\/04\/Snapinsta.app_395271336_7011248142266162_363877570497975755_n_1080-e1712960326801-960x500-1.jpg\" \/>\n\t<meta property=\"og:image:width\" content=\"960\" \/>\n\t<meta property=\"og:image:height\" content=\"500\" \/>\n\t<meta property=\"og:image:type\" content=\"image\/jpeg\" \/>\n<meta name=\"author\" content=\"Reda\u00e7\u00e3o\" \/>\n<meta name=\"twitter:card\" content=\"summary_large_image\" \/>\n<meta name=\"twitter:label1\" content=\"Escrito por\" \/>\n\t<meta name=\"twitter:data1\" content=\"Reda\u00e7\u00e3o\" \/>\n\t<meta name=\"twitter:label2\" content=\"Tempo estimado de leitura\" \/>\n\t<meta name=\"twitter:data2\" content=\"1 minuto\" \/>\n<script type=\"application\/ld+json\" class=\"yoast-schema-graph\">{\"@context\":\"https:\/\/schema.org\",\"@graph\":[{\"@type\":\"Article\",\"@id\":\"https:\/\/brasilnoticias.org\/site\/mestre-bule-bule-ganhara-homenagem-especial-na-bienal-do-livro-bahia\/#article\",\"isPartOf\":{\"@id\":\"https:\/\/brasilnoticias.org\/site\/mestre-bule-bule-ganhara-homenagem-especial-na-bienal-do-livro-bahia\/\"},\"author\":{\"name\":\"Reda\u00e7\u00e3o\",\"@id\":\"https:\/\/brasilnoticias.org\/site\/#\/schema\/person\/03bbbfe6c7634ad18c26444ea39049fa\"},\"headline\":\"Mestre Bule Bule ganhar\u00e1 homenagem especial na Bienal do Livro Bahia\",\"datePublished\":\"2024-04-12T22:39:29+00:00\",\"mainEntityOfPage\":{\"@id\":\"https:\/\/brasilnoticias.org\/site\/mestre-bule-bule-ganhara-homenagem-especial-na-bienal-do-livro-bahia\/\"},\"wordCount\":398,\"commentCount\":0,\"publisher\":{\"@id\":\"https:\/\/brasilnoticias.org\/site\/#organization\"},\"image\":{\"@id\":\"https:\/\/brasilnoticias.org\/site\/mestre-bule-bule-ganhara-homenagem-especial-na-bienal-do-livro-bahia\/#primaryimage\"},\"thumbnailUrl\":\"https:\/\/brasilnoticias.org\/site\/wp-content\/uploads\/2024\/04\/Snapinsta.app_395271336_7011248142266162_363877570497975755_n_1080-e1712960326801-960x500-1.jpg\",\"articleSection\":[\"Entretenimento\",\"\u00daltimas\"],\"inLanguage\":\"pt-PT\",\"potentialAction\":[{\"@type\":\"CommentAction\",\"name\":\"Comment\",\"target\":[\"https:\/\/brasilnoticias.org\/site\/mestre-bule-bule-ganhara-homenagem-especial-na-bienal-do-livro-bahia\/#respond\"]}]},{\"@type\":\"WebPage\",\"@id\":\"https:\/\/brasilnoticias.org\/site\/mestre-bule-bule-ganhara-homenagem-especial-na-bienal-do-livro-bahia\/\",\"url\":\"https:\/\/brasilnoticias.org\/site\/mestre-bule-bule-ganhara-homenagem-especial-na-bienal-do-livro-bahia\/\",\"name\":\"Mestre Bule Bule ganhar\u00e1 homenagem especial na Bienal do Livro Bahia - Brasil not\u00edcias\",\"isPartOf\":{\"@id\":\"https:\/\/brasilnoticias.org\/site\/#website\"},\"primaryImageOfPage\":{\"@id\":\"https:\/\/brasilnoticias.org\/site\/mestre-bule-bule-ganhara-homenagem-especial-na-bienal-do-livro-bahia\/#primaryimage\"},\"image\":{\"@id\":\"https:\/\/brasilnoticias.org\/site\/mestre-bule-bule-ganhara-homenagem-especial-na-bienal-do-livro-bahia\/#primaryimage\"},\"thumbnailUrl\":\"https:\/\/brasilnoticias.org\/site\/wp-content\/uploads\/2024\/04\/Snapinsta.app_395271336_7011248142266162_363877570497975755_n_1080-e1712960326801-960x500-1.jpg\",\"datePublished\":\"2024-04-12T22:39:29+00:00\",\"breadcrumb\":{\"@id\":\"https:\/\/brasilnoticias.org\/site\/mestre-bule-bule-ganhara-homenagem-especial-na-bienal-do-livro-bahia\/#breadcrumb\"},\"inLanguage\":\"pt-PT\",\"potentialAction\":[{\"@type\":\"ReadAction\",\"target\":[\"https:\/\/brasilnoticias.org\/site\/mestre-bule-bule-ganhara-homenagem-especial-na-bienal-do-livro-bahia\/\"]}]},{\"@type\":\"ImageObject\",\"inLanguage\":\"pt-PT\",\"@id\":\"https:\/\/brasilnoticias.org\/site\/mestre-bule-bule-ganhara-homenagem-especial-na-bienal-do-livro-bahia\/#primaryimage\",\"url\":\"https:\/\/brasilnoticias.org\/site\/wp-content\/uploads\/2024\/04\/Snapinsta.app_395271336_7011248142266162_363877570497975755_n_1080-e1712960326801-960x500-1.jpg\",\"contentUrl\":\"https:\/\/brasilnoticias.org\/site\/wp-content\/uploads\/2024\/04\/Snapinsta.app_395271336_7011248142266162_363877570497975755_n_1080-e1712960326801-960x500-1.jpg\",\"width\":960,\"height\":500},{\"@type\":\"BreadcrumbList\",\"@id\":\"https:\/\/brasilnoticias.org\/site\/mestre-bule-bule-ganhara-homenagem-especial-na-bienal-do-livro-bahia\/#breadcrumb\",\"itemListElement\":[{\"@type\":\"ListItem\",\"position\":1,\"name\":\"In\u00edcio\",\"item\":\"https:\/\/brasilnoticias.org\/site\/\"},{\"@type\":\"ListItem\",\"position\":2,\"name\":\"Mestre Bule Bule ganhar\u00e1 homenagem especial na Bienal do Livro Bahia\"}]},{\"@type\":\"WebSite\",\"@id\":\"https:\/\/brasilnoticias.org\/site\/#website\",\"url\":\"https:\/\/brasilnoticias.org\/site\/\",\"name\":\"Brasil not\u00edcias\",\"description\":\"Brasil not\u00edcias\",\"publisher\":{\"@id\":\"https:\/\/brasilnoticias.org\/site\/#organization\"},\"potentialAction\":[{\"@type\":\"SearchAction\",\"target\":{\"@type\":\"EntryPoint\",\"urlTemplate\":\"https:\/\/brasilnoticias.org\/site\/?s={search_term_string}\"},\"query-input\":{\"@type\":\"PropertyValueSpecification\",\"valueRequired\":true,\"valueName\":\"search_term_string\"}}],\"inLanguage\":\"pt-PT\"},{\"@type\":\"Organization\",\"@id\":\"https:\/\/brasilnoticias.org\/site\/#organization\",\"name\":\"Brasil not\u00edcias\",\"url\":\"https:\/\/brasilnoticias.org\/site\/\",\"logo\":{\"@type\":\"ImageObject\",\"inLanguage\":\"pt-PT\",\"@id\":\"https:\/\/brasilnoticias.org\/site\/#\/schema\/logo\/image\/\",\"url\":\"https:\/\/brasilnoticias.org\/site\/wp-content\/uploads\/2022\/05\/cropped-brasilnoticias-mini.jpg\",\"contentUrl\":\"https:\/\/brasilnoticias.org\/site\/wp-content\/uploads\/2022\/05\/cropped-brasilnoticias-mini.jpg\",\"width\":314,\"height\":86,\"caption\":\"Brasil not\u00edcias\"},\"image\":{\"@id\":\"https:\/\/brasilnoticias.org\/site\/#\/schema\/logo\/image\/\"}},{\"@type\":\"Person\",\"@id\":\"https:\/\/brasilnoticias.org\/site\/#\/schema\/person\/03bbbfe6c7634ad18c26444ea39049fa\",\"name\":\"Reda\u00e7\u00e3o\",\"image\":{\"@type\":\"ImageObject\",\"inLanguage\":\"pt-PT\",\"@id\":\"https:\/\/brasilnoticias.org\/site\/#\/schema\/person\/image\/\",\"url\":\"https:\/\/secure.gravatar.com\/avatar\/9ecaf7327a696cb23ad926fedded5f1f04d7049de9e445375d55b48c001a6e42?s=96&d=mm&r=g\",\"contentUrl\":\"https:\/\/secure.gravatar.com\/avatar\/9ecaf7327a696cb23ad926fedded5f1f04d7049de9e445375d55b48c001a6e42?s=96&d=mm&r=g\",\"caption\":\"Reda\u00e7\u00e3o\"},\"url\":\"https:\/\/brasilnoticias.org\/site\/author\/henrique\/\"}]}<\/script>\n<!-- \/ Yoast SEO plugin. -->","yoast_head_json":{"title":"Mestre Bule Bule ganhar\u00e1 homenagem especial na Bienal do Livro Bahia - Brasil not\u00edcias","robots":{"index":"index","follow":"follow","max-snippet":"max-snippet:-1","max-image-preview":"max-image-preview:large","max-video-preview":"max-video-preview:-1"},"canonical":"https:\/\/brasilnoticias.org\/site\/mestre-bule-bule-ganhara-homenagem-especial-na-bienal-do-livro-bahia\/","og_locale":"pt_PT","og_type":"article","og_title":"Mestre Bule Bule ganhar\u00e1 homenagem especial na Bienal do Livro Bahia - Brasil not\u00edcias","og_description":"Al\u00e9m da homenagem, o cordelista lan\u00e7ar\u00e1 o seu novo livro intitulado de \u2018Cord\u00e9is Antol\u00f3gicos\u2019 Com um dos principais eventos liter\u00e1rios","og_url":"https:\/\/brasilnoticias.org\/site\/mestre-bule-bule-ganhara-homenagem-especial-na-bienal-do-livro-bahia\/","og_site_name":"Brasil not\u00edcias","article_published_time":"2024-04-12T22:39:29+00:00","og_image":[{"width":960,"height":500,"url":"https:\/\/brasilnoticias.org\/site\/wp-content\/uploads\/2024\/04\/Snapinsta.app_395271336_7011248142266162_363877570497975755_n_1080-e1712960326801-960x500-1.jpg","type":"image\/jpeg"}],"author":"Reda\u00e7\u00e3o","twitter_card":"summary_large_image","twitter_misc":{"Escrito por":"Reda\u00e7\u00e3o","Tempo estimado de leitura":"1 minuto"},"schema":{"@context":"https:\/\/schema.org","@graph":[{"@type":"Article","@id":"https:\/\/brasilnoticias.org\/site\/mestre-bule-bule-ganhara-homenagem-especial-na-bienal-do-livro-bahia\/#article","isPartOf":{"@id":"https:\/\/brasilnoticias.org\/site\/mestre-bule-bule-ganhara-homenagem-especial-na-bienal-do-livro-bahia\/"},"author":{"name":"Reda\u00e7\u00e3o","@id":"https:\/\/brasilnoticias.org\/site\/#\/schema\/person\/03bbbfe6c7634ad18c26444ea39049fa"},"headline":"Mestre Bule Bule ganhar\u00e1 homenagem especial na Bienal do Livro Bahia","datePublished":"2024-04-12T22:39:29+00:00","mainEntityOfPage":{"@id":"https:\/\/brasilnoticias.org\/site\/mestre-bule-bule-ganhara-homenagem-especial-na-bienal-do-livro-bahia\/"},"wordCount":398,"commentCount":0,"publisher":{"@id":"https:\/\/brasilnoticias.org\/site\/#organization"},"image":{"@id":"https:\/\/brasilnoticias.org\/site\/mestre-bule-bule-ganhara-homenagem-especial-na-bienal-do-livro-bahia\/#primaryimage"},"thumbnailUrl":"https:\/\/brasilnoticias.org\/site\/wp-content\/uploads\/2024\/04\/Snapinsta.app_395271336_7011248142266162_363877570497975755_n_1080-e1712960326801-960x500-1.jpg","articleSection":["Entretenimento","\u00daltimas"],"inLanguage":"pt-PT","potentialAction":[{"@type":"CommentAction","name":"Comment","target":["https:\/\/brasilnoticias.org\/site\/mestre-bule-bule-ganhara-homenagem-especial-na-bienal-do-livro-bahia\/#respond"]}]},{"@type":"WebPage","@id":"https:\/\/brasilnoticias.org\/site\/mestre-bule-bule-ganhara-homenagem-especial-na-bienal-do-livro-bahia\/","url":"https:\/\/brasilnoticias.org\/site\/mestre-bule-bule-ganhara-homenagem-especial-na-bienal-do-livro-bahia\/","name":"Mestre Bule Bule ganhar\u00e1 homenagem especial na Bienal do Livro Bahia - Brasil not\u00edcias","isPartOf":{"@id":"https:\/\/brasilnoticias.org\/site\/#website"},"primaryImageOfPage":{"@id":"https:\/\/brasilnoticias.org\/site\/mestre-bule-bule-ganhara-homenagem-especial-na-bienal-do-livro-bahia\/#primaryimage"},"image":{"@id":"https:\/\/brasilnoticias.org\/site\/mestre-bule-bule-ganhara-homenagem-especial-na-bienal-do-livro-bahia\/#primaryimage"},"thumbnailUrl":"https:\/\/brasilnoticias.org\/site\/wp-content\/uploads\/2024\/04\/Snapinsta.app_395271336_7011248142266162_363877570497975755_n_1080-e1712960326801-960x500-1.jpg","datePublished":"2024-04-12T22:39:29+00:00","breadcrumb":{"@id":"https:\/\/brasilnoticias.org\/site\/mestre-bule-bule-ganhara-homenagem-especial-na-bienal-do-livro-bahia\/#breadcrumb"},"inLanguage":"pt-PT","potentialAction":[{"@type":"ReadAction","target":["https:\/\/brasilnoticias.org\/site\/mestre-bule-bule-ganhara-homenagem-especial-na-bienal-do-livro-bahia\/"]}]},{"@type":"ImageObject","inLanguage":"pt-PT","@id":"https:\/\/brasilnoticias.org\/site\/mestre-bule-bule-ganhara-homenagem-especial-na-bienal-do-livro-bahia\/#primaryimage","url":"https:\/\/brasilnoticias.org\/site\/wp-content\/uploads\/2024\/04\/Snapinsta.app_395271336_7011248142266162_363877570497975755_n_1080-e1712960326801-960x500-1.jpg","contentUrl":"https:\/\/brasilnoticias.org\/site\/wp-content\/uploads\/2024\/04\/Snapinsta.app_395271336_7011248142266162_363877570497975755_n_1080-e1712960326801-960x500-1.jpg","width":960,"height":500},{"@type":"BreadcrumbList","@id":"https:\/\/brasilnoticias.org\/site\/mestre-bule-bule-ganhara-homenagem-especial-na-bienal-do-livro-bahia\/#breadcrumb","itemListElement":[{"@type":"ListItem","position":1,"name":"In\u00edcio","item":"https:\/\/brasilnoticias.org\/site\/"},{"@type":"ListItem","position":2,"name":"Mestre Bule Bule ganhar\u00e1 homenagem especial na Bienal do Livro Bahia"}]},{"@type":"WebSite","@id":"https:\/\/brasilnoticias.org\/site\/#website","url":"https:\/\/brasilnoticias.org\/site\/","name":"Brasil not\u00edcias","description":"Brasil not\u00edcias","publisher":{"@id":"https:\/\/brasilnoticias.org\/site\/#organization"},"potentialAction":[{"@type":"SearchAction","target":{"@type":"EntryPoint","urlTemplate":"https:\/\/brasilnoticias.org\/site\/?s={search_term_string}"},"query-input":{"@type":"PropertyValueSpecification","valueRequired":true,"valueName":"search_term_string"}}],"inLanguage":"pt-PT"},{"@type":"Organization","@id":"https:\/\/brasilnoticias.org\/site\/#organization","name":"Brasil not\u00edcias","url":"https:\/\/brasilnoticias.org\/site\/","logo":{"@type":"ImageObject","inLanguage":"pt-PT","@id":"https:\/\/brasilnoticias.org\/site\/#\/schema\/logo\/image\/","url":"https:\/\/brasilnoticias.org\/site\/wp-content\/uploads\/2022\/05\/cropped-brasilnoticias-mini.jpg","contentUrl":"https:\/\/brasilnoticias.org\/site\/wp-content\/uploads\/2022\/05\/cropped-brasilnoticias-mini.jpg","width":314,"height":86,"caption":"Brasil not\u00edcias"},"image":{"@id":"https:\/\/brasilnoticias.org\/site\/#\/schema\/logo\/image\/"}},{"@type":"Person","@id":"https:\/\/brasilnoticias.org\/site\/#\/schema\/person\/03bbbfe6c7634ad18c26444ea39049fa","name":"Reda\u00e7\u00e3o","image":{"@type":"ImageObject","inLanguage":"pt-PT","@id":"https:\/\/brasilnoticias.org\/site\/#\/schema\/person\/image\/","url":"https:\/\/secure.gravatar.com\/avatar\/9ecaf7327a696cb23ad926fedded5f1f04d7049de9e445375d55b48c001a6e42?s=96&d=mm&r=g","contentUrl":"https:\/\/secure.gravatar.com\/avatar\/9ecaf7327a696cb23ad926fedded5f1f04d7049de9e445375d55b48c001a6e42?s=96&d=mm&r=g","caption":"Reda\u00e7\u00e3o"},"url":"https:\/\/brasilnoticias.org\/site\/author\/henrique\/"}]}},"_links":{"self":[{"href":"https:\/\/brasilnoticias.org\/site\/wp-json\/wp\/v2\/posts\/13576","targetHints":{"allow":["GET"]}}],"collection":[{"href":"https:\/\/brasilnoticias.org\/site\/wp-json\/wp\/v2\/posts"}],"about":[{"href":"https:\/\/brasilnoticias.org\/site\/wp-json\/wp\/v2\/types\/post"}],"author":[{"embeddable":true,"href":"https:\/\/brasilnoticias.org\/site\/wp-json\/wp\/v2\/users\/4"}],"replies":[{"embeddable":true,"href":"https:\/\/brasilnoticias.org\/site\/wp-json\/wp\/v2\/comments?post=13576"}],"version-history":[{"count":1,"href":"https:\/\/brasilnoticias.org\/site\/wp-json\/wp\/v2\/posts\/13576\/revisions"}],"predecessor-version":[{"id":13578,"href":"https:\/\/brasilnoticias.org\/site\/wp-json\/wp\/v2\/posts\/13576\/revisions\/13578"}],"wp:featuredmedia":[{"embeddable":true,"href":"https:\/\/brasilnoticias.org\/site\/wp-json\/wp\/v2\/media\/13577"}],"wp:attachment":[{"href":"https:\/\/brasilnoticias.org\/site\/wp-json\/wp\/v2\/media?parent=13576"}],"wp:term":[{"taxonomy":"category","embeddable":true,"href":"https:\/\/brasilnoticias.org\/site\/wp-json\/wp\/v2\/categories?post=13576"},{"taxonomy":"post_tag","embeddable":true,"href":"https:\/\/brasilnoticias.org\/site\/wp-json\/wp\/v2\/tags?post=13576"}],"curies":[{"name":"wp","href":"https:\/\/api.w.org\/{rel}","templated":true}]}}