{"id":13585,"date":"2024-04-12T19:43:32","date_gmt":"2024-04-12T22:43:32","guid":{"rendered":"https:\/\/brasilnoticias.org\/site\/?p=13585"},"modified":"2024-04-12T19:43:32","modified_gmt":"2024-04-12T22:43:32","slug":"governo-da-bahia-investe-r-14-milhoes-na-requalificacao-do-parque-tecnologico","status":"publish","type":"post","link":"https:\/\/brasilnoticias.org\/site\/governo-da-bahia-investe-r-14-milhoes-na-requalificacao-do-parque-tecnologico\/","title":{"rendered":"Governo da Bahia investe R$ 14 milh\u00f5es na requalifica\u00e7\u00e3o do Parque Tecnol\u00f3gico"},"content":{"rendered":"<p>A Associa\u00e7\u00e3o das Empresas do Parque Tecnol\u00f3gico da Bahia (AEPTECBA) publicou na quarta-feira (10) convoca\u00e7\u00e3o a empresas de engenharia que manifestem interesse para dar in\u00edcio \u00e0s obras de requalifica\u00e7\u00e3o do Tecnocentro, edif\u00edcio-sede do Parque, situado na Avenida Paralela. Ser\u00e3o investidos R$ 14 milh\u00f5es na restaura\u00e7\u00e3o total do equipamento. A AEPTECBA \u00e9 uma organiza\u00e7\u00e3o social sem fins lucrativos que administra o Parque sob contrato de gest\u00e3o com a Secretaria de Ci\u00eancia, Tecnologia e Inova\u00e7\u00e3o do Estado da Bahia (Secti).<\/p>\n<p>Conforme o documento, as empresas ter\u00e3o prazo de 30 dias a partir da data de publica\u00e7\u00e3o para que apresentem seus portf\u00f3lios para serem analisados pela dire\u00e7\u00e3o da AEPTECBA. As proponentes dever\u00e3o demonstrar expertise em servi\u00e7os de recupera\u00e7\u00e3o de estrutura met\u00e1lica e de concreto, incluindo diversos tipos de procedimentos t\u00e9cnicos. Os requisitos podem ser consultados na convocat\u00f3ria dispon\u00edvel no site aeptecba.org.br.<\/p>\n<p>Implantado h\u00e1 12 anos pelo Governo do Estado, o Parque Tecnol\u00f3gico da Bahia assumiu a tarefa de atuar como centro de converg\u00eancia do sistema estadual de inova\u00e7\u00e3o. O Tecnocentro abriga mais de 50 empreendimentos, entre startups, empresas de base tecnol\u00f3gica, institutos de ensino e pesquisa e laborat\u00f3rios. Seu desenho institucional re\u00fane poder p\u00fablico, comunidade acad\u00eamica e o setor empresarial, que trabalham de forma integrada e cooperativa com foco no desenvolvimento de produtos e processos.<\/p>\n<p>A restaura\u00e7\u00e3o do Tecnocentro consolida o novo momento que o Parque atravessa, que j\u00e1 conta com equipamentos dinamizadores importantes, como a \u00c1ity Incubadora de startups, o Living Lab Smart Cities, voltado \u00e0 demonstra\u00e7\u00e3o de solu\u00e7\u00f5es em cidades inteligentes, e o Espa\u00e7o Colaborar, o coworking do Parque. E na esfera internacional, parcerias com Amazon Web Service (AWS), o escrit\u00f3rio transnacional de neg\u00f3cios Atlantic Hub e a DNA Cascais, um centro de empreendedorismo sediado em Portugal. <\/p>\n<p>&#8220;Esse investimento nos credencia ainda mais para expans\u00e3o do ecossistema de inova\u00e7\u00e3o do estado&#8221;, afirmou Rafael Guedes, diretor-executivo da AEPTECBA. O gestor ressalta que a Bahia j\u00e1 est\u00e1 em s\u00e9timo lugar no Brasil no ranking em empreendedorismo de empresas de base tecnol\u00f3gica. &#8220;E j\u00e1 ocupamos o primeiro lugar no Nordeste. A Bahia pode se consolidar como refer\u00eancia nacional em inova\u00e7\u00e3o&#8221;, cravou o executivo.          <\/p>\n<p>Com 90% de ocupa\u00e7\u00e3o, o equipamento adentra seu quarto ano sob a gest\u00e3o da AEPTECBA. E a expans\u00e3o \u00e9 o vetor atual. Cinco novas unidades no interior do estado ser\u00e3o implantadas nos pr\u00f3ximos anos nas cidades de Vit\u00f3ria da Conquista, Juazeiro, Ilh\u00e9us e Feira de Santana. &#8220;Al\u00e9m dessa iniciativa, outra de igual import\u00e2ncia tamb\u00e9m se p\u00f5e em curso no Tecnocentro: o Maker Space da Ind\u00fastria Criativa, voltado para projetos e solu\u00e7\u00f5es na \u00e1rea de games, audiovisual, m\u00fasica e podcast, segmentos que t\u00eam se constitu\u00eddo com pujantes cadeias produtivas, gerando emprego e renda&#8221;, afirmou Guedes.<\/p>\n<p>Para este ano, o Parque Tecnol\u00f3gico da Bahia contemplar\u00e1 intensa programa\u00e7\u00e3o de eventos, entre elas o Bahia Tech Experience, o BTX, maior encontro de tecnologia e inova\u00e7\u00e3o do Estado e que ocorrer\u00e1 no pr\u00f3ximo m\u00eas de Setembro. Na edi\u00e7\u00e3o de 2023 o BTX reuniu cerca de quatro mil pessoas. A expectativa para esse ano \u00e9 um p\u00fablico ainda maior.<\/p>\n<p>Foto:  Eduardo Moody\/Secti<\/p>\n","protected":false},"excerpt":{"rendered":"<p>A Associa\u00e7\u00e3o das Empresas do Parque Tecnol\u00f3gico da Bahia (AEPTECBA) publicou na quarta-feira (10) convoca\u00e7\u00e3o a empresas de engenharia que<\/p>\n","protected":false},"author":4,"featured_media":13586,"comment_status":"open","ping_status":"open","sticky":false,"template":"","format":"standard","meta":{"colormag_page_container_layout":"default_layout","colormag_page_sidebar_layout":"default_layout","_FSMCFIC_featured_image_caption":"","_FSMCFIC_featured_image_nocaption":"","_FSMCFIC_featured_image_hide":"","footnotes":""},"categories":[5,1],"tags":[],"class_list":["post-13585","post","type-post","status-publish","format-standard","has-post-thumbnail","hentry","category-politica","category-ultimas"],"yoast_head":"<!-- This site is optimized with the Yoast SEO plugin v27.1.1 - https:\/\/yoast.com\/product\/yoast-seo-wordpress\/ -->\n<title>Governo da Bahia investe R$ 14 milh\u00f5es na requalifica\u00e7\u00e3o do Parque Tecnol\u00f3gico - Brasil not\u00edcias<\/title>\n<meta name=\"robots\" content=\"index, follow, max-snippet:-1, max-image-preview:large, max-video-preview:-1\" \/>\n<link rel=\"canonical\" href=\"https:\/\/brasilnoticias.org\/site\/governo-da-bahia-investe-r-14-milhoes-na-requalificacao-do-parque-tecnologico\/\" \/>\n<meta property=\"og:locale\" content=\"pt_PT\" \/>\n<meta property=\"og:type\" content=\"article\" \/>\n<meta property=\"og:title\" content=\"Governo da Bahia investe R$ 14 milh\u00f5es na requalifica\u00e7\u00e3o do Parque Tecnol\u00f3gico - Brasil not\u00edcias\" \/>\n<meta property=\"og:description\" content=\"A Associa\u00e7\u00e3o das Empresas do Parque Tecnol\u00f3gico da Bahia (AEPTECBA) publicou na quarta-feira (10) convoca\u00e7\u00e3o a empresas de engenharia que\" \/>\n<meta property=\"og:url\" content=\"https:\/\/brasilnoticias.org\/site\/governo-da-bahia-investe-r-14-milhoes-na-requalificacao-do-parque-tecnologico\/\" \/>\n<meta property=\"og:site_name\" content=\"Brasil not\u00edcias\" \/>\n<meta property=\"article:published_time\" content=\"2024-04-12T22:43:32+00:00\" \/>\n<meta property=\"og:image\" content=\"https:\/\/brasilnoticias.org\/site\/wp-content\/uploads\/2024\/04\/parque-696x463-1.jpg\" \/>\n\t<meta property=\"og:image:width\" content=\"696\" \/>\n\t<meta property=\"og:image:height\" content=\"463\" \/>\n\t<meta property=\"og:image:type\" content=\"image\/jpeg\" \/>\n<meta name=\"author\" content=\"Reda\u00e7\u00e3o\" \/>\n<meta name=\"twitter:card\" content=\"summary_large_image\" \/>\n<meta name=\"twitter:label1\" content=\"Escrito por\" \/>\n\t<meta name=\"twitter:data1\" content=\"Reda\u00e7\u00e3o\" \/>\n\t<meta name=\"twitter:label2\" content=\"Tempo estimado de leitura\" \/>\n\t<meta name=\"twitter:data2\" content=\"1 minuto\" \/>\n<script type=\"application\/ld+json\" class=\"yoast-schema-graph\">{\"@context\":\"https:\/\/schema.org\",\"@graph\":[{\"@type\":\"Article\",\"@id\":\"https:\/\/brasilnoticias.org\/site\/governo-da-bahia-investe-r-14-milhoes-na-requalificacao-do-parque-tecnologico\/#article\",\"isPartOf\":{\"@id\":\"https:\/\/brasilnoticias.org\/site\/governo-da-bahia-investe-r-14-milhoes-na-requalificacao-do-parque-tecnologico\/\"},\"author\":{\"name\":\"Reda\u00e7\u00e3o\",\"@id\":\"https:\/\/brasilnoticias.org\/site\/#\/schema\/person\/03bbbfe6c7634ad18c26444ea39049fa\"},\"headline\":\"Governo da Bahia investe R$ 14 milh\u00f5es na requalifica\u00e7\u00e3o do Parque Tecnol\u00f3gico\",\"datePublished\":\"2024-04-12T22:43:32+00:00\",\"mainEntityOfPage\":{\"@id\":\"https:\/\/brasilnoticias.org\/site\/governo-da-bahia-investe-r-14-milhoes-na-requalificacao-do-parque-tecnologico\/\"},\"wordCount\":578,\"commentCount\":0,\"publisher\":{\"@id\":\"https:\/\/brasilnoticias.org\/site\/#organization\"},\"image\":{\"@id\":\"https:\/\/brasilnoticias.org\/site\/governo-da-bahia-investe-r-14-milhoes-na-requalificacao-do-parque-tecnologico\/#primaryimage\"},\"thumbnailUrl\":\"https:\/\/brasilnoticias.org\/site\/wp-content\/uploads\/2024\/04\/parque-696x463-1.jpg\",\"articleSection\":[\"Pol\u00edtica\",\"\u00daltimas\"],\"inLanguage\":\"pt-PT\",\"potentialAction\":[{\"@type\":\"CommentAction\",\"name\":\"Comment\",\"target\":[\"https:\/\/brasilnoticias.org\/site\/governo-da-bahia-investe-r-14-milhoes-na-requalificacao-do-parque-tecnologico\/#respond\"]}]},{\"@type\":\"WebPage\",\"@id\":\"https:\/\/brasilnoticias.org\/site\/governo-da-bahia-investe-r-14-milhoes-na-requalificacao-do-parque-tecnologico\/\",\"url\":\"https:\/\/brasilnoticias.org\/site\/governo-da-bahia-investe-r-14-milhoes-na-requalificacao-do-parque-tecnologico\/\",\"name\":\"Governo da Bahia investe R$ 14 milh\u00f5es na requalifica\u00e7\u00e3o do Parque Tecnol\u00f3gico - Brasil not\u00edcias\",\"isPartOf\":{\"@id\":\"https:\/\/brasilnoticias.org\/site\/#website\"},\"primaryImageOfPage\":{\"@id\":\"https:\/\/brasilnoticias.org\/site\/governo-da-bahia-investe-r-14-milhoes-na-requalificacao-do-parque-tecnologico\/#primaryimage\"},\"image\":{\"@id\":\"https:\/\/brasilnoticias.org\/site\/governo-da-bahia-investe-r-14-milhoes-na-requalificacao-do-parque-tecnologico\/#primaryimage\"},\"thumbnailUrl\":\"https:\/\/brasilnoticias.org\/site\/wp-content\/uploads\/2024\/04\/parque-696x463-1.jpg\",\"datePublished\":\"2024-04-12T22:43:32+00:00\",\"breadcrumb\":{\"@id\":\"https:\/\/brasilnoticias.org\/site\/governo-da-bahia-investe-r-14-milhoes-na-requalificacao-do-parque-tecnologico\/#breadcrumb\"},\"inLanguage\":\"pt-PT\",\"potentialAction\":[{\"@type\":\"ReadAction\",\"target\":[\"https:\/\/brasilnoticias.org\/site\/governo-da-bahia-investe-r-14-milhoes-na-requalificacao-do-parque-tecnologico\/\"]}]},{\"@type\":\"ImageObject\",\"inLanguage\":\"pt-PT\",\"@id\":\"https:\/\/brasilnoticias.org\/site\/governo-da-bahia-investe-r-14-milhoes-na-requalificacao-do-parque-tecnologico\/#primaryimage\",\"url\":\"https:\/\/brasilnoticias.org\/site\/wp-content\/uploads\/2024\/04\/parque-696x463-1.jpg\",\"contentUrl\":\"https:\/\/brasilnoticias.org\/site\/wp-content\/uploads\/2024\/04\/parque-696x463-1.jpg\",\"width\":696,\"height\":463},{\"@type\":\"BreadcrumbList\",\"@id\":\"https:\/\/brasilnoticias.org\/site\/governo-da-bahia-investe-r-14-milhoes-na-requalificacao-do-parque-tecnologico\/#breadcrumb\",\"itemListElement\":[{\"@type\":\"ListItem\",\"position\":1,\"name\":\"In\u00edcio\",\"item\":\"https:\/\/brasilnoticias.org\/site\/\"},{\"@type\":\"ListItem\",\"position\":2,\"name\":\"Governo da Bahia investe R$ 14 milh\u00f5es na requalifica\u00e7\u00e3o do Parque Tecnol\u00f3gico\"}]},{\"@type\":\"WebSite\",\"@id\":\"https:\/\/brasilnoticias.org\/site\/#website\",\"url\":\"https:\/\/brasilnoticias.org\/site\/\",\"name\":\"Brasil not\u00edcias\",\"description\":\"Brasil not\u00edcias\",\"publisher\":{\"@id\":\"https:\/\/brasilnoticias.org\/site\/#organization\"},\"potentialAction\":[{\"@type\":\"SearchAction\",\"target\":{\"@type\":\"EntryPoint\",\"urlTemplate\":\"https:\/\/brasilnoticias.org\/site\/?s={search_term_string}\"},\"query-input\":{\"@type\":\"PropertyValueSpecification\",\"valueRequired\":true,\"valueName\":\"search_term_string\"}}],\"inLanguage\":\"pt-PT\"},{\"@type\":\"Organization\",\"@id\":\"https:\/\/brasilnoticias.org\/site\/#organization\",\"name\":\"Brasil not\u00edcias\",\"url\":\"https:\/\/brasilnoticias.org\/site\/\",\"logo\":{\"@type\":\"ImageObject\",\"inLanguage\":\"pt-PT\",\"@id\":\"https:\/\/brasilnoticias.org\/site\/#\/schema\/logo\/image\/\",\"url\":\"https:\/\/brasilnoticias.org\/site\/wp-content\/uploads\/2022\/05\/cropped-brasilnoticias-mini.jpg\",\"contentUrl\":\"https:\/\/brasilnoticias.org\/site\/wp-content\/uploads\/2022\/05\/cropped-brasilnoticias-mini.jpg\",\"width\":314,\"height\":86,\"caption\":\"Brasil not\u00edcias\"},\"image\":{\"@id\":\"https:\/\/brasilnoticias.org\/site\/#\/schema\/logo\/image\/\"}},{\"@type\":\"Person\",\"@id\":\"https:\/\/brasilnoticias.org\/site\/#\/schema\/person\/03bbbfe6c7634ad18c26444ea39049fa\",\"name\":\"Reda\u00e7\u00e3o\",\"image\":{\"@type\":\"ImageObject\",\"inLanguage\":\"pt-PT\",\"@id\":\"https:\/\/brasilnoticias.org\/site\/#\/schema\/person\/image\/\",\"url\":\"https:\/\/secure.gravatar.com\/avatar\/9ecaf7327a696cb23ad926fedded5f1f04d7049de9e445375d55b48c001a6e42?s=96&d=mm&r=g\",\"contentUrl\":\"https:\/\/secure.gravatar.com\/avatar\/9ecaf7327a696cb23ad926fedded5f1f04d7049de9e445375d55b48c001a6e42?s=96&d=mm&r=g\",\"caption\":\"Reda\u00e7\u00e3o\"},\"url\":\"https:\/\/brasilnoticias.org\/site\/author\/henrique\/\"}]}<\/script>\n<!-- \/ Yoast SEO plugin. -->","yoast_head_json":{"title":"Governo da Bahia investe R$ 14 milh\u00f5es na requalifica\u00e7\u00e3o do Parque Tecnol\u00f3gico - Brasil not\u00edcias","robots":{"index":"index","follow":"follow","max-snippet":"max-snippet:-1","max-image-preview":"max-image-preview:large","max-video-preview":"max-video-preview:-1"},"canonical":"https:\/\/brasilnoticias.org\/site\/governo-da-bahia-investe-r-14-milhoes-na-requalificacao-do-parque-tecnologico\/","og_locale":"pt_PT","og_type":"article","og_title":"Governo da Bahia investe R$ 14 milh\u00f5es na requalifica\u00e7\u00e3o do Parque Tecnol\u00f3gico - Brasil not\u00edcias","og_description":"A Associa\u00e7\u00e3o das Empresas do Parque Tecnol\u00f3gico da Bahia (AEPTECBA) publicou na quarta-feira (10) convoca\u00e7\u00e3o a empresas de engenharia que","og_url":"https:\/\/brasilnoticias.org\/site\/governo-da-bahia-investe-r-14-milhoes-na-requalificacao-do-parque-tecnologico\/","og_site_name":"Brasil not\u00edcias","article_published_time":"2024-04-12T22:43:32+00:00","og_image":[{"width":696,"height":463,"url":"https:\/\/brasilnoticias.org\/site\/wp-content\/uploads\/2024\/04\/parque-696x463-1.jpg","type":"image\/jpeg"}],"author":"Reda\u00e7\u00e3o","twitter_card":"summary_large_image","twitter_misc":{"Escrito por":"Reda\u00e7\u00e3o","Tempo estimado de leitura":"1 minuto"},"schema":{"@context":"https:\/\/schema.org","@graph":[{"@type":"Article","@id":"https:\/\/brasilnoticias.org\/site\/governo-da-bahia-investe-r-14-milhoes-na-requalificacao-do-parque-tecnologico\/#article","isPartOf":{"@id":"https:\/\/brasilnoticias.org\/site\/governo-da-bahia-investe-r-14-milhoes-na-requalificacao-do-parque-tecnologico\/"},"author":{"name":"Reda\u00e7\u00e3o","@id":"https:\/\/brasilnoticias.org\/site\/#\/schema\/person\/03bbbfe6c7634ad18c26444ea39049fa"},"headline":"Governo da Bahia investe R$ 14 milh\u00f5es na requalifica\u00e7\u00e3o do Parque Tecnol\u00f3gico","datePublished":"2024-04-12T22:43:32+00:00","mainEntityOfPage":{"@id":"https:\/\/brasilnoticias.org\/site\/governo-da-bahia-investe-r-14-milhoes-na-requalificacao-do-parque-tecnologico\/"},"wordCount":578,"commentCount":0,"publisher":{"@id":"https:\/\/brasilnoticias.org\/site\/#organization"},"image":{"@id":"https:\/\/brasilnoticias.org\/site\/governo-da-bahia-investe-r-14-milhoes-na-requalificacao-do-parque-tecnologico\/#primaryimage"},"thumbnailUrl":"https:\/\/brasilnoticias.org\/site\/wp-content\/uploads\/2024\/04\/parque-696x463-1.jpg","articleSection":["Pol\u00edtica","\u00daltimas"],"inLanguage":"pt-PT","potentialAction":[{"@type":"CommentAction","name":"Comment","target":["https:\/\/brasilnoticias.org\/site\/governo-da-bahia-investe-r-14-milhoes-na-requalificacao-do-parque-tecnologico\/#respond"]}]},{"@type":"WebPage","@id":"https:\/\/brasilnoticias.org\/site\/governo-da-bahia-investe-r-14-milhoes-na-requalificacao-do-parque-tecnologico\/","url":"https:\/\/brasilnoticias.org\/site\/governo-da-bahia-investe-r-14-milhoes-na-requalificacao-do-parque-tecnologico\/","name":"Governo da Bahia investe R$ 14 milh\u00f5es na requalifica\u00e7\u00e3o do Parque Tecnol\u00f3gico - Brasil not\u00edcias","isPartOf":{"@id":"https:\/\/brasilnoticias.org\/site\/#website"},"primaryImageOfPage":{"@id":"https:\/\/brasilnoticias.org\/site\/governo-da-bahia-investe-r-14-milhoes-na-requalificacao-do-parque-tecnologico\/#primaryimage"},"image":{"@id":"https:\/\/brasilnoticias.org\/site\/governo-da-bahia-investe-r-14-milhoes-na-requalificacao-do-parque-tecnologico\/#primaryimage"},"thumbnailUrl":"https:\/\/brasilnoticias.org\/site\/wp-content\/uploads\/2024\/04\/parque-696x463-1.jpg","datePublished":"2024-04-12T22:43:32+00:00","breadcrumb":{"@id":"https:\/\/brasilnoticias.org\/site\/governo-da-bahia-investe-r-14-milhoes-na-requalificacao-do-parque-tecnologico\/#breadcrumb"},"inLanguage":"pt-PT","potentialAction":[{"@type":"ReadAction","target":["https:\/\/brasilnoticias.org\/site\/governo-da-bahia-investe-r-14-milhoes-na-requalificacao-do-parque-tecnologico\/"]}]},{"@type":"ImageObject","inLanguage":"pt-PT","@id":"https:\/\/brasilnoticias.org\/site\/governo-da-bahia-investe-r-14-milhoes-na-requalificacao-do-parque-tecnologico\/#primaryimage","url":"https:\/\/brasilnoticias.org\/site\/wp-content\/uploads\/2024\/04\/parque-696x463-1.jpg","contentUrl":"https:\/\/brasilnoticias.org\/site\/wp-content\/uploads\/2024\/04\/parque-696x463-1.jpg","width":696,"height":463},{"@type":"BreadcrumbList","@id":"https:\/\/brasilnoticias.org\/site\/governo-da-bahia-investe-r-14-milhoes-na-requalificacao-do-parque-tecnologico\/#breadcrumb","itemListElement":[{"@type":"ListItem","position":1,"name":"In\u00edcio","item":"https:\/\/brasilnoticias.org\/site\/"},{"@type":"ListItem","position":2,"name":"Governo da Bahia investe R$ 14 milh\u00f5es na requalifica\u00e7\u00e3o do Parque Tecnol\u00f3gico"}]},{"@type":"WebSite","@id":"https:\/\/brasilnoticias.org\/site\/#website","url":"https:\/\/brasilnoticias.org\/site\/","name":"Brasil not\u00edcias","description":"Brasil not\u00edcias","publisher":{"@id":"https:\/\/brasilnoticias.org\/site\/#organization"},"potentialAction":[{"@type":"SearchAction","target":{"@type":"EntryPoint","urlTemplate":"https:\/\/brasilnoticias.org\/site\/?s={search_term_string}"},"query-input":{"@type":"PropertyValueSpecification","valueRequired":true,"valueName":"search_term_string"}}],"inLanguage":"pt-PT"},{"@type":"Organization","@id":"https:\/\/brasilnoticias.org\/site\/#organization","name":"Brasil not\u00edcias","url":"https:\/\/brasilnoticias.org\/site\/","logo":{"@type":"ImageObject","inLanguage":"pt-PT","@id":"https:\/\/brasilnoticias.org\/site\/#\/schema\/logo\/image\/","url":"https:\/\/brasilnoticias.org\/site\/wp-content\/uploads\/2022\/05\/cropped-brasilnoticias-mini.jpg","contentUrl":"https:\/\/brasilnoticias.org\/site\/wp-content\/uploads\/2022\/05\/cropped-brasilnoticias-mini.jpg","width":314,"height":86,"caption":"Brasil not\u00edcias"},"image":{"@id":"https:\/\/brasilnoticias.org\/site\/#\/schema\/logo\/image\/"}},{"@type":"Person","@id":"https:\/\/brasilnoticias.org\/site\/#\/schema\/person\/03bbbfe6c7634ad18c26444ea39049fa","name":"Reda\u00e7\u00e3o","image":{"@type":"ImageObject","inLanguage":"pt-PT","@id":"https:\/\/brasilnoticias.org\/site\/#\/schema\/person\/image\/","url":"https:\/\/secure.gravatar.com\/avatar\/9ecaf7327a696cb23ad926fedded5f1f04d7049de9e445375d55b48c001a6e42?s=96&d=mm&r=g","contentUrl":"https:\/\/secure.gravatar.com\/avatar\/9ecaf7327a696cb23ad926fedded5f1f04d7049de9e445375d55b48c001a6e42?s=96&d=mm&r=g","caption":"Reda\u00e7\u00e3o"},"url":"https:\/\/brasilnoticias.org\/site\/author\/henrique\/"}]}},"_links":{"self":[{"href":"https:\/\/brasilnoticias.org\/site\/wp-json\/wp\/v2\/posts\/13585","targetHints":{"allow":["GET"]}}],"collection":[{"href":"https:\/\/brasilnoticias.org\/site\/wp-json\/wp\/v2\/posts"}],"about":[{"href":"https:\/\/brasilnoticias.org\/site\/wp-json\/wp\/v2\/types\/post"}],"author":[{"embeddable":true,"href":"https:\/\/brasilnoticias.org\/site\/wp-json\/wp\/v2\/users\/4"}],"replies":[{"embeddable":true,"href":"https:\/\/brasilnoticias.org\/site\/wp-json\/wp\/v2\/comments?post=13585"}],"version-history":[{"count":1,"href":"https:\/\/brasilnoticias.org\/site\/wp-json\/wp\/v2\/posts\/13585\/revisions"}],"predecessor-version":[{"id":13587,"href":"https:\/\/brasilnoticias.org\/site\/wp-json\/wp\/v2\/posts\/13585\/revisions\/13587"}],"wp:featuredmedia":[{"embeddable":true,"href":"https:\/\/brasilnoticias.org\/site\/wp-json\/wp\/v2\/media\/13586"}],"wp:attachment":[{"href":"https:\/\/brasilnoticias.org\/site\/wp-json\/wp\/v2\/media?parent=13585"}],"wp:term":[{"taxonomy":"category","embeddable":true,"href":"https:\/\/brasilnoticias.org\/site\/wp-json\/wp\/v2\/categories?post=13585"},{"taxonomy":"post_tag","embeddable":true,"href":"https:\/\/brasilnoticias.org\/site\/wp-json\/wp\/v2\/tags?post=13585"}],"curies":[{"name":"wp","href":"https:\/\/api.w.org\/{rel}","templated":true}]}}