{"id":13588,"date":"2024-04-14T20:57:06","date_gmt":"2024-04-14T23:57:06","guid":{"rendered":"https:\/\/brasilnoticias.org\/site\/?p=13588"},"modified":"2024-04-14T20:57:06","modified_gmt":"2024-04-14T23:57:06","slug":"bahia-perde-de-virada-para-o-internacional-na-estreia-do-brasileirao","status":"publish","type":"post","link":"https:\/\/brasilnoticias.org\/site\/bahia-perde-de-virada-para-o-internacional-na-estreia-do-brasileirao\/","title":{"rendered":"Bahia perde de virada para o Internacional na estreia do Brasileir\u00e3o"},"content":{"rendered":"<p>Biel abriu o placar para o Tricolor, mas Wesley e Fernando viraram para o Colorado; partida terminou em 2 x 1 no Est\u00e1dio Beira-Rio, em Porto Alegre (RS)<\/p>\n<p>O Bahia perdeu para o Internacional por 2 x 1 pela primeira rodada do Campeonato Brasileiro. Neste s\u00e1bado (13), as equipes fizeram um primeiro tempo equilibrado no Est\u00e1dio Beira-Rio, em Porto Alegre (RS), mas os goleiros n\u00e3o deixaram o zero sair do placar.<\/p>\n<p>Na segunda etapa, o Tricolor inaugurou o marcador com Biel, mas logo em seguida, Wesley empatou para o Colorado. Perto do fim, Fernando virou para os ga\u00fachos. Com a derrota, o Esquadr\u00e3o segue sem vencer fora de casa em estreia de S\u00e9rie A &#8211; s\u00e3o 48 anos de tabu &#8211; e tamb\u00e9m manteve o jejum de quase 10 anos sem derrotar o Internacional fora de casa.<\/p>\n<p>Sem tempo para descansar, o Bahia enfrenta o Fluminense pelo Brasileir\u00e3o j\u00e1 na pr\u00f3xima ter\u00e7a-feira (16). A partida est\u00e1 marcada para 21h30, na Arena Fonte Nova, pela segunda rodada do campeonato.<\/p>\n<p>O JOGO<\/p>\n<p>Primeiro tempo<\/p>\n<p>Jogo equilibrado no Est\u00e1dio Beira-Rio. As equipes come\u00e7aram a partida tentando impor o seu ritmo diante do advers\u00e1rio, mas erravam muitos passes. O Internacional teve duas boas chances para inaugurar o marcador, por\u00e9m Marcos Felipe foi crucial para manter o zero no placar. Do outro lado, o Bahia respondeu com finaliza\u00e7\u00f5es de Everton Ribeiro e Jean Lucas, mas faltou capricho para marcar. <\/p>\n<p>Aos 17 minutos, Maur\u00edcio cobrou escanteio e Thiago Maia subiu sozinho para cabecear. Bem posicionado, Marcos Felipe espalmou para fora.<\/p>\n<p>Defesa\u00e7a! Aos 22, Lucca avan\u00e7ou pela esquerda e cruzou para Borr\u00e9. Na pequena \u00e1rea, o centroavante pegou de primeira, mas o goleiro tricolor defendeu.<\/p>\n<p>Aos 26 minutos, Estupi\u00f1an foi desarmado na meia-lua e a bola sobrou para Everton Ribeiro. O camisa 10 arriscou de longe e mandou rente \u00e0 trave direita.<\/p>\n<p>Na sequ\u00eancia, Jean Lucas arrancou em velocidade pelo meio, tabelou com Santiago Arias e, quase sem \u00e2ngulo, bateu cruzado para a defesa de Rochet.<\/p>\n<p>Segundo tempo<\/p>\n<p>No in\u00edcio da segunda etapa, o Bahia foi &#8220;sufocado&#8221; pela forte marca\u00e7\u00e3o do Internacional. O Colorado for\u00e7ou alguns erros na sa\u00edda de bola tricolor e por pouco n\u00e3o abriu o placar. Encurralado na defesa, o Esquadr\u00e3o n\u00e3o conseguia sair da press\u00e3o ga\u00facha. At\u00e9 que aos 24 minutos, Jean Lucas escapou pelo meio e tocou para Biel na esquerda, que deixou a marca\u00e7\u00e3o no ch\u00e3o e abriu o placar no Beira-Rio. Por\u00e9m, na sequ\u00eancia, a equipe ga\u00facha logo conseguiu o empate com gol de Wesley.  Perto do fim, Fernando marcou de cabe\u00e7a ap\u00f3s escanteio cobrado por Bruno Henrique e virou o a partida. Fim de jogo e festa para os mandantes.<\/p>\n<p>Aos 14 minutos, ap\u00f3s cobran\u00e7a de escanteio pela esquerda, Borr\u00e9 subiu livre de marca\u00e7\u00e3o para cabecear, mas n\u00e3o pegou em cheio e mandou para fora.<\/p>\n<p>Aos 20, Wanderson cruzou para \u00e1rea, Kanu cortou mal e a bola sobrou para Maur\u00edcio. O meia finalizou de voleio, por\u00e9m passou \u00e0 esquerda da meta.<\/p>\n<p>Mais uma chance ga\u00facha! Aos 22 minutos, Maur\u00edcio arriscou de longe e Marcos Felipe rebateu. Na sobra, Ren\u00ea tentou completar, mas o goleiro tricolor defendeu mais uma vez.<\/p>\n<p>Gol do Bahia! Aos 24, Everton Ribeiro carregou pelo meio e deixou com Jean Lucas. O volante abriu com Biel na esquerda, que cortou a marca\u00e7\u00e3o e bateu colocado. A bola desviou na defesa e pegou Rochet no contrap\u00e9.<\/p>\n<p>Empate Colorado! Aos 27 minutos, Ren\u00ea cobrou lateral para \u00e1rea, a bola passou por todos e sobrou para Wesley. O atacante chutou por baixo das pernas de Marcos Felipe e deixou tudo igual no marcador.<\/p>\n<p>Virada ga\u00facha! Aos 37, Bruno Henrique cobrou escanteio na segunda trave e Fernando subiu mais alto que a defesa para cabecear. O goleiro tricolor ainda tocou na bola, mas n\u00e3o conseguiu evitar o gol.<\/p>\n<p>FICHA T\u00c9CNICA<\/p>\n<p>Internacional 2 x 1 Bahia<br \/>\nS\u00e9rie A &#8211; 1\u00aa rodada<br \/>\nLocal: Est\u00e1dio Beira-Rio, em Porto Alegre (RS)<br \/>\nData: 13\/04\/2024 (s\u00e1bado)<br \/>\nHor\u00e1rio: 18h30<br \/>\n\u00c1rbitro: Rodrigo Jos\u00e9 Pereira de Lima (FIFA-PE)<br \/>\nAssistentes: Francisco Chaves Bezerra J\u00fanior (PE) e Luis Carlos de Fran\u00e7a Costa (RN)<br \/>\nQuarto \u00e1rbitro: Michelangelo Martins de Almeida J\u00fanior (PE)<br \/>\nVAR: Rodrigo Guarizo Ferreira do Amaral (FIFA-SP)<\/p>\n<p>Gols: Wesley e Fernando (Internacional) \/ Biel (Bahia)<br \/>\nCart\u00f5es amarelos: Maur\u00edcio, Fernando, Alario, Mercado e Bustos (Internacional) \/ Jean Lucas, Everaldo e De Pena (Bahia)<\/p>\n<p>Internacional: Rochet; Fabricio Bustos, Vit\u00e3o, Fernando e Ren\u00ea \u00a9; Thiago Maia (Gabriel Mercado), Bruno Gomes (Bruno Henrique) e Maur\u00edcio (Gustavo); Wanderson (Alario), Lucca (Wesley) e Rafael Borr\u00e9. T\u00e9cnico: Eduardo Coudet<\/p>\n<p>Bahia: Marcos Felipe; Santiago Arias, Kanu, Victor Cuesta e Luciano Juba; Rezende, Caio Alexandre (Biel), Jean Lucas, Everton Ribeiro \u00a9 (Carlos de Pena) e Thaciano (Everaldo); Oscar Estupi\u00f1an (Cauly). T\u00e9cnico: Rog\u00e9rio Ceni<\/p>\n<p>Foto: Let\u00edcia Martins\/EC Bahia<br \/>\nPor: Jos\u00e9 Gabriel<\/p>\n","protected":false},"excerpt":{"rendered":"<p>Biel abriu o placar para o Tricolor, mas Wesley e Fernando viraram para o Colorado; partida terminou em 2 x<\/p>\n","protected":false},"author":4,"featured_media":13589,"comment_status":"open","ping_status":"open","sticky":false,"template":"","format":"standard","meta":{"colormag_page_container_layout":"default_layout","colormag_page_sidebar_layout":"default_layout","_FSMCFIC_featured_image_caption":"","_FSMCFIC_featured_image_nocaption":"","_FSMCFIC_featured_image_hide":"","footnotes":""},"categories":[4,1],"tags":[],"class_list":["post-13588","post","type-post","status-publish","format-standard","has-post-thumbnail","hentry","category-esporte","category-ultimas"],"yoast_head":"<!-- This site is optimized with the Yoast SEO plugin v27.1.1 - https:\/\/yoast.com\/product\/yoast-seo-wordpress\/ -->\n<title>Bahia perde de virada para o Internacional na estreia do Brasileir\u00e3o - Brasil not\u00edcias<\/title>\n<meta name=\"robots\" content=\"index, follow, max-snippet:-1, max-image-preview:large, max-video-preview:-1\" \/>\n<link rel=\"canonical\" href=\"https:\/\/brasilnoticias.org\/site\/bahia-perde-de-virada-para-o-internacional-na-estreia-do-brasileirao\/\" \/>\n<meta property=\"og:locale\" content=\"pt_PT\" \/>\n<meta property=\"og:type\" content=\"article\" \/>\n<meta property=\"og:title\" content=\"Bahia perde de virada para o Internacional na estreia do Brasileir\u00e3o - Brasil not\u00edcias\" \/>\n<meta property=\"og:description\" content=\"Biel abriu o placar para o Tricolor, mas Wesley e Fernando viraram para o Colorado; partida terminou em 2 x\" \/>\n<meta property=\"og:url\" content=\"https:\/\/brasilnoticias.org\/site\/bahia-perde-de-virada-para-o-internacional-na-estreia-do-brasileirao\/\" \/>\n<meta property=\"og:site_name\" content=\"Brasil not\u00edcias\" \/>\n<meta property=\"article:published_time\" content=\"2024-04-14T23:57:06+00:00\" \/>\n<meta property=\"og:image\" content=\"https:\/\/brasilnoticias.org\/site\/wp-content\/uploads\/2024\/04\/148704bahia-perde-de-virada-para-o-internacional-na-estreia-do-brasileirao-3.jpg\" \/>\n\t<meta property=\"og:image:width\" content=\"1600\" \/>\n\t<meta property=\"og:image:height\" content=\"752\" \/>\n\t<meta property=\"og:image:type\" content=\"image\/jpeg\" \/>\n<meta name=\"author\" content=\"Reda\u00e7\u00e3o\" \/>\n<meta name=\"twitter:card\" content=\"summary_large_image\" \/>\n<meta name=\"twitter:label1\" content=\"Escrito por\" \/>\n\t<meta name=\"twitter:data1\" content=\"Reda\u00e7\u00e3o\" \/>\n\t<meta name=\"twitter:label2\" content=\"Tempo estimado de leitura\" \/>\n\t<meta name=\"twitter:data2\" content=\"1 minuto\" \/>\n<script type=\"application\/ld+json\" class=\"yoast-schema-graph\">{\"@context\":\"https:\/\/schema.org\",\"@graph\":[{\"@type\":\"Article\",\"@id\":\"https:\/\/brasilnoticias.org\/site\/bahia-perde-de-virada-para-o-internacional-na-estreia-do-brasileirao\/#article\",\"isPartOf\":{\"@id\":\"https:\/\/brasilnoticias.org\/site\/bahia-perde-de-virada-para-o-internacional-na-estreia-do-brasileirao\/\"},\"author\":{\"name\":\"Reda\u00e7\u00e3o\",\"@id\":\"https:\/\/brasilnoticias.org\/site\/#\/schema\/person\/03bbbfe6c7634ad18c26444ea39049fa\"},\"headline\":\"Bahia perde de virada para o Internacional na estreia do Brasileir\u00e3o\",\"datePublished\":\"2024-04-14T23:57:06+00:00\",\"mainEntityOfPage\":{\"@id\":\"https:\/\/brasilnoticias.org\/site\/bahia-perde-de-virada-para-o-internacional-na-estreia-do-brasileirao\/\"},\"wordCount\":831,\"commentCount\":0,\"publisher\":{\"@id\":\"https:\/\/brasilnoticias.org\/site\/#organization\"},\"image\":{\"@id\":\"https:\/\/brasilnoticias.org\/site\/bahia-perde-de-virada-para-o-internacional-na-estreia-do-brasileirao\/#primaryimage\"},\"thumbnailUrl\":\"https:\/\/brasilnoticias.org\/site\/wp-content\/uploads\/2024\/04\/148704bahia-perde-de-virada-para-o-internacional-na-estreia-do-brasileirao-3.jpg\",\"articleSection\":[\"Esporte\",\"\u00daltimas\"],\"inLanguage\":\"pt-PT\",\"potentialAction\":[{\"@type\":\"CommentAction\",\"name\":\"Comment\",\"target\":[\"https:\/\/brasilnoticias.org\/site\/bahia-perde-de-virada-para-o-internacional-na-estreia-do-brasileirao\/#respond\"]}]},{\"@type\":\"WebPage\",\"@id\":\"https:\/\/brasilnoticias.org\/site\/bahia-perde-de-virada-para-o-internacional-na-estreia-do-brasileirao\/\",\"url\":\"https:\/\/brasilnoticias.org\/site\/bahia-perde-de-virada-para-o-internacional-na-estreia-do-brasileirao\/\",\"name\":\"Bahia perde de virada para o Internacional na estreia do Brasileir\u00e3o - Brasil not\u00edcias\",\"isPartOf\":{\"@id\":\"https:\/\/brasilnoticias.org\/site\/#website\"},\"primaryImageOfPage\":{\"@id\":\"https:\/\/brasilnoticias.org\/site\/bahia-perde-de-virada-para-o-internacional-na-estreia-do-brasileirao\/#primaryimage\"},\"image\":{\"@id\":\"https:\/\/brasilnoticias.org\/site\/bahia-perde-de-virada-para-o-internacional-na-estreia-do-brasileirao\/#primaryimage\"},\"thumbnailUrl\":\"https:\/\/brasilnoticias.org\/site\/wp-content\/uploads\/2024\/04\/148704bahia-perde-de-virada-para-o-internacional-na-estreia-do-brasileirao-3.jpg\",\"datePublished\":\"2024-04-14T23:57:06+00:00\",\"breadcrumb\":{\"@id\":\"https:\/\/brasilnoticias.org\/site\/bahia-perde-de-virada-para-o-internacional-na-estreia-do-brasileirao\/#breadcrumb\"},\"inLanguage\":\"pt-PT\",\"potentialAction\":[{\"@type\":\"ReadAction\",\"target\":[\"https:\/\/brasilnoticias.org\/site\/bahia-perde-de-virada-para-o-internacional-na-estreia-do-brasileirao\/\"]}]},{\"@type\":\"ImageObject\",\"inLanguage\":\"pt-PT\",\"@id\":\"https:\/\/brasilnoticias.org\/site\/bahia-perde-de-virada-para-o-internacional-na-estreia-do-brasileirao\/#primaryimage\",\"url\":\"https:\/\/brasilnoticias.org\/site\/wp-content\/uploads\/2024\/04\/148704bahia-perde-de-virada-para-o-internacional-na-estreia-do-brasileirao-3.jpg\",\"contentUrl\":\"https:\/\/brasilnoticias.org\/site\/wp-content\/uploads\/2024\/04\/148704bahia-perde-de-virada-para-o-internacional-na-estreia-do-brasileirao-3.jpg\",\"width\":1600,\"height\":752},{\"@type\":\"BreadcrumbList\",\"@id\":\"https:\/\/brasilnoticias.org\/site\/bahia-perde-de-virada-para-o-internacional-na-estreia-do-brasileirao\/#breadcrumb\",\"itemListElement\":[{\"@type\":\"ListItem\",\"position\":1,\"name\":\"In\u00edcio\",\"item\":\"https:\/\/brasilnoticias.org\/site\/\"},{\"@type\":\"ListItem\",\"position\":2,\"name\":\"Bahia perde de virada para o Internacional na estreia do Brasileir\u00e3o\"}]},{\"@type\":\"WebSite\",\"@id\":\"https:\/\/brasilnoticias.org\/site\/#website\",\"url\":\"https:\/\/brasilnoticias.org\/site\/\",\"name\":\"Brasil not\u00edcias\",\"description\":\"Brasil not\u00edcias\",\"publisher\":{\"@id\":\"https:\/\/brasilnoticias.org\/site\/#organization\"},\"potentialAction\":[{\"@type\":\"SearchAction\",\"target\":{\"@type\":\"EntryPoint\",\"urlTemplate\":\"https:\/\/brasilnoticias.org\/site\/?s={search_term_string}\"},\"query-input\":{\"@type\":\"PropertyValueSpecification\",\"valueRequired\":true,\"valueName\":\"search_term_string\"}}],\"inLanguage\":\"pt-PT\"},{\"@type\":\"Organization\",\"@id\":\"https:\/\/brasilnoticias.org\/site\/#organization\",\"name\":\"Brasil not\u00edcias\",\"url\":\"https:\/\/brasilnoticias.org\/site\/\",\"logo\":{\"@type\":\"ImageObject\",\"inLanguage\":\"pt-PT\",\"@id\":\"https:\/\/brasilnoticias.org\/site\/#\/schema\/logo\/image\/\",\"url\":\"https:\/\/brasilnoticias.org\/site\/wp-content\/uploads\/2022\/05\/cropped-brasilnoticias-mini.jpg\",\"contentUrl\":\"https:\/\/brasilnoticias.org\/site\/wp-content\/uploads\/2022\/05\/cropped-brasilnoticias-mini.jpg\",\"width\":314,\"height\":86,\"caption\":\"Brasil not\u00edcias\"},\"image\":{\"@id\":\"https:\/\/brasilnoticias.org\/site\/#\/schema\/logo\/image\/\"}},{\"@type\":\"Person\",\"@id\":\"https:\/\/brasilnoticias.org\/site\/#\/schema\/person\/03bbbfe6c7634ad18c26444ea39049fa\",\"name\":\"Reda\u00e7\u00e3o\",\"image\":{\"@type\":\"ImageObject\",\"inLanguage\":\"pt-PT\",\"@id\":\"https:\/\/brasilnoticias.org\/site\/#\/schema\/person\/image\/\",\"url\":\"https:\/\/secure.gravatar.com\/avatar\/9ecaf7327a696cb23ad926fedded5f1f04d7049de9e445375d55b48c001a6e42?s=96&d=mm&r=g\",\"contentUrl\":\"https:\/\/secure.gravatar.com\/avatar\/9ecaf7327a696cb23ad926fedded5f1f04d7049de9e445375d55b48c001a6e42?s=96&d=mm&r=g\",\"caption\":\"Reda\u00e7\u00e3o\"},\"url\":\"https:\/\/brasilnoticias.org\/site\/author\/henrique\/\"}]}<\/script>\n<!-- \/ Yoast SEO plugin. -->","yoast_head_json":{"title":"Bahia perde de virada para o Internacional na estreia do Brasileir\u00e3o - Brasil not\u00edcias","robots":{"index":"index","follow":"follow","max-snippet":"max-snippet:-1","max-image-preview":"max-image-preview:large","max-video-preview":"max-video-preview:-1"},"canonical":"https:\/\/brasilnoticias.org\/site\/bahia-perde-de-virada-para-o-internacional-na-estreia-do-brasileirao\/","og_locale":"pt_PT","og_type":"article","og_title":"Bahia perde de virada para o Internacional na estreia do Brasileir\u00e3o - Brasil not\u00edcias","og_description":"Biel abriu o placar para o Tricolor, mas Wesley e Fernando viraram para o Colorado; partida terminou em 2 x","og_url":"https:\/\/brasilnoticias.org\/site\/bahia-perde-de-virada-para-o-internacional-na-estreia-do-brasileirao\/","og_site_name":"Brasil not\u00edcias","article_published_time":"2024-04-14T23:57:06+00:00","og_image":[{"width":1600,"height":752,"url":"https:\/\/brasilnoticias.org\/site\/wp-content\/uploads\/2024\/04\/148704bahia-perde-de-virada-para-o-internacional-na-estreia-do-brasileirao-3.jpg","type":"image\/jpeg"}],"author":"Reda\u00e7\u00e3o","twitter_card":"summary_large_image","twitter_misc":{"Escrito por":"Reda\u00e7\u00e3o","Tempo estimado de leitura":"1 minuto"},"schema":{"@context":"https:\/\/schema.org","@graph":[{"@type":"Article","@id":"https:\/\/brasilnoticias.org\/site\/bahia-perde-de-virada-para-o-internacional-na-estreia-do-brasileirao\/#article","isPartOf":{"@id":"https:\/\/brasilnoticias.org\/site\/bahia-perde-de-virada-para-o-internacional-na-estreia-do-brasileirao\/"},"author":{"name":"Reda\u00e7\u00e3o","@id":"https:\/\/brasilnoticias.org\/site\/#\/schema\/person\/03bbbfe6c7634ad18c26444ea39049fa"},"headline":"Bahia perde de virada para o Internacional na estreia do Brasileir\u00e3o","datePublished":"2024-04-14T23:57:06+00:00","mainEntityOfPage":{"@id":"https:\/\/brasilnoticias.org\/site\/bahia-perde-de-virada-para-o-internacional-na-estreia-do-brasileirao\/"},"wordCount":831,"commentCount":0,"publisher":{"@id":"https:\/\/brasilnoticias.org\/site\/#organization"},"image":{"@id":"https:\/\/brasilnoticias.org\/site\/bahia-perde-de-virada-para-o-internacional-na-estreia-do-brasileirao\/#primaryimage"},"thumbnailUrl":"https:\/\/brasilnoticias.org\/site\/wp-content\/uploads\/2024\/04\/148704bahia-perde-de-virada-para-o-internacional-na-estreia-do-brasileirao-3.jpg","articleSection":["Esporte","\u00daltimas"],"inLanguage":"pt-PT","potentialAction":[{"@type":"CommentAction","name":"Comment","target":["https:\/\/brasilnoticias.org\/site\/bahia-perde-de-virada-para-o-internacional-na-estreia-do-brasileirao\/#respond"]}]},{"@type":"WebPage","@id":"https:\/\/brasilnoticias.org\/site\/bahia-perde-de-virada-para-o-internacional-na-estreia-do-brasileirao\/","url":"https:\/\/brasilnoticias.org\/site\/bahia-perde-de-virada-para-o-internacional-na-estreia-do-brasileirao\/","name":"Bahia perde de virada para o Internacional na estreia do Brasileir\u00e3o - Brasil not\u00edcias","isPartOf":{"@id":"https:\/\/brasilnoticias.org\/site\/#website"},"primaryImageOfPage":{"@id":"https:\/\/brasilnoticias.org\/site\/bahia-perde-de-virada-para-o-internacional-na-estreia-do-brasileirao\/#primaryimage"},"image":{"@id":"https:\/\/brasilnoticias.org\/site\/bahia-perde-de-virada-para-o-internacional-na-estreia-do-brasileirao\/#primaryimage"},"thumbnailUrl":"https:\/\/brasilnoticias.org\/site\/wp-content\/uploads\/2024\/04\/148704bahia-perde-de-virada-para-o-internacional-na-estreia-do-brasileirao-3.jpg","datePublished":"2024-04-14T23:57:06+00:00","breadcrumb":{"@id":"https:\/\/brasilnoticias.org\/site\/bahia-perde-de-virada-para-o-internacional-na-estreia-do-brasileirao\/#breadcrumb"},"inLanguage":"pt-PT","potentialAction":[{"@type":"ReadAction","target":["https:\/\/brasilnoticias.org\/site\/bahia-perde-de-virada-para-o-internacional-na-estreia-do-brasileirao\/"]}]},{"@type":"ImageObject","inLanguage":"pt-PT","@id":"https:\/\/brasilnoticias.org\/site\/bahia-perde-de-virada-para-o-internacional-na-estreia-do-brasileirao\/#primaryimage","url":"https:\/\/brasilnoticias.org\/site\/wp-content\/uploads\/2024\/04\/148704bahia-perde-de-virada-para-o-internacional-na-estreia-do-brasileirao-3.jpg","contentUrl":"https:\/\/brasilnoticias.org\/site\/wp-content\/uploads\/2024\/04\/148704bahia-perde-de-virada-para-o-internacional-na-estreia-do-brasileirao-3.jpg","width":1600,"height":752},{"@type":"BreadcrumbList","@id":"https:\/\/brasilnoticias.org\/site\/bahia-perde-de-virada-para-o-internacional-na-estreia-do-brasileirao\/#breadcrumb","itemListElement":[{"@type":"ListItem","position":1,"name":"In\u00edcio","item":"https:\/\/brasilnoticias.org\/site\/"},{"@type":"ListItem","position":2,"name":"Bahia perde de virada para o Internacional na estreia do Brasileir\u00e3o"}]},{"@type":"WebSite","@id":"https:\/\/brasilnoticias.org\/site\/#website","url":"https:\/\/brasilnoticias.org\/site\/","name":"Brasil not\u00edcias","description":"Brasil not\u00edcias","publisher":{"@id":"https:\/\/brasilnoticias.org\/site\/#organization"},"potentialAction":[{"@type":"SearchAction","target":{"@type":"EntryPoint","urlTemplate":"https:\/\/brasilnoticias.org\/site\/?s={search_term_string}"},"query-input":{"@type":"PropertyValueSpecification","valueRequired":true,"valueName":"search_term_string"}}],"inLanguage":"pt-PT"},{"@type":"Organization","@id":"https:\/\/brasilnoticias.org\/site\/#organization","name":"Brasil not\u00edcias","url":"https:\/\/brasilnoticias.org\/site\/","logo":{"@type":"ImageObject","inLanguage":"pt-PT","@id":"https:\/\/brasilnoticias.org\/site\/#\/schema\/logo\/image\/","url":"https:\/\/brasilnoticias.org\/site\/wp-content\/uploads\/2022\/05\/cropped-brasilnoticias-mini.jpg","contentUrl":"https:\/\/brasilnoticias.org\/site\/wp-content\/uploads\/2022\/05\/cropped-brasilnoticias-mini.jpg","width":314,"height":86,"caption":"Brasil not\u00edcias"},"image":{"@id":"https:\/\/brasilnoticias.org\/site\/#\/schema\/logo\/image\/"}},{"@type":"Person","@id":"https:\/\/brasilnoticias.org\/site\/#\/schema\/person\/03bbbfe6c7634ad18c26444ea39049fa","name":"Reda\u00e7\u00e3o","image":{"@type":"ImageObject","inLanguage":"pt-PT","@id":"https:\/\/brasilnoticias.org\/site\/#\/schema\/person\/image\/","url":"https:\/\/secure.gravatar.com\/avatar\/9ecaf7327a696cb23ad926fedded5f1f04d7049de9e445375d55b48c001a6e42?s=96&d=mm&r=g","contentUrl":"https:\/\/secure.gravatar.com\/avatar\/9ecaf7327a696cb23ad926fedded5f1f04d7049de9e445375d55b48c001a6e42?s=96&d=mm&r=g","caption":"Reda\u00e7\u00e3o"},"url":"https:\/\/brasilnoticias.org\/site\/author\/henrique\/"}]}},"_links":{"self":[{"href":"https:\/\/brasilnoticias.org\/site\/wp-json\/wp\/v2\/posts\/13588","targetHints":{"allow":["GET"]}}],"collection":[{"href":"https:\/\/brasilnoticias.org\/site\/wp-json\/wp\/v2\/posts"}],"about":[{"href":"https:\/\/brasilnoticias.org\/site\/wp-json\/wp\/v2\/types\/post"}],"author":[{"embeddable":true,"href":"https:\/\/brasilnoticias.org\/site\/wp-json\/wp\/v2\/users\/4"}],"replies":[{"embeddable":true,"href":"https:\/\/brasilnoticias.org\/site\/wp-json\/wp\/v2\/comments?post=13588"}],"version-history":[{"count":1,"href":"https:\/\/brasilnoticias.org\/site\/wp-json\/wp\/v2\/posts\/13588\/revisions"}],"predecessor-version":[{"id":13590,"href":"https:\/\/brasilnoticias.org\/site\/wp-json\/wp\/v2\/posts\/13588\/revisions\/13590"}],"wp:featuredmedia":[{"embeddable":true,"href":"https:\/\/brasilnoticias.org\/site\/wp-json\/wp\/v2\/media\/13589"}],"wp:attachment":[{"href":"https:\/\/brasilnoticias.org\/site\/wp-json\/wp\/v2\/media?parent=13588"}],"wp:term":[{"taxonomy":"category","embeddable":true,"href":"https:\/\/brasilnoticias.org\/site\/wp-json\/wp\/v2\/categories?post=13588"},{"taxonomy":"post_tag","embeddable":true,"href":"https:\/\/brasilnoticias.org\/site\/wp-json\/wp\/v2\/tags?post=13588"}],"curies":[{"name":"wp","href":"https:\/\/api.w.org\/{rel}","templated":true}]}}