{"id":13591,"date":"2024-04-14T21:00:52","date_gmt":"2024-04-15T00:00:52","guid":{"rendered":"https:\/\/brasilnoticias.org\/site\/?p=13591"},"modified":"2024-04-14T21:00:52","modified_gmt":"2024-04-15T00:00:52","slug":"rogerio-ceni-ve-falta-de-maturidade-e-concentracao-do-bahia-na-derrota-para-o-inter","status":"publish","type":"post","link":"https:\/\/brasilnoticias.org\/site\/rogerio-ceni-ve-falta-de-maturidade-e-concentracao-do-bahia-na-derrota-para-o-inter\/","title":{"rendered":"Rog\u00e9rio Ceni v\u00ea falta de maturidade e concentra\u00e7\u00e3o do Bahia na derrota para o Inter"},"content":{"rendered":"<p>O Bahia n\u00e3o estreou como gostaria no Campeonato Brasileiro 2024. Pela primeira rodada da competi\u00e7\u00e3o nacional, o Tricolor perdeu de virada para o Internacional por 2 a 1 e j\u00e1 soma a sua primeira derrota no torneio. Para o treinador Rog\u00e9rio Ceni, faltou maturidade ao grupo para segurar o resultado e sair com os tr\u00eas pontos da partida realizada em Porto Alegre no \u00faltimo s\u00e1bado (13\/4).<\/p>\n<p>\u201cO que fica \u00e9 que temos que ter mais maturidade com vantagem fora de casa, colocar o advers\u00e1rio em situa\u00e7\u00e3o mais dif\u00edcil por mais tempo. Falta de aten\u00e7\u00e3o nossa\u201d, lamentou o t\u00e9cnico, que tamb\u00e9m falou de falta de concentra\u00e7\u00e3o do elenco nos gols sofridos para o time ga\u00facho.<\/p>\n<p>\u201cDiferente dos outros jogos, hoje foram gols at\u00edpicos. Lateral, a\u00ed \u00e9 realmente uma falta de aten\u00e7\u00e3o. N\u00e3o h\u00e1 outra conota\u00e7\u00e3o que n\u00e3o seja falta de concentra\u00e7\u00e3o. Na bola parada, tamb\u00e9m \u00e9 o time que mais jogou. \u00c9 uma preocupa\u00e7\u00e3o, por isso fa\u00e7o trocas com jogadores altos. Mesmo assim, a gente vem sofrendo.\u201d, completou.<\/p>\n<p>O Bahia volta a campo na pr\u00f3xima ter\u00e7a-feira (16\/4), quando enfrenta o Fluminense \u00e0s 21h30 pela segunda rodada do Brasileir\u00e3o. A partida ser\u00e1 a primeira do Esquadr\u00e3o na Arena Fonte Nova pelo torneio nacional deste ano.<\/p>\n<p>Foto: Divulga\u00e7\u00e3o\/Bahia<br \/>\nAratu On<\/p>\n","protected":false},"excerpt":{"rendered":"<p>O Bahia n\u00e3o estreou como gostaria no Campeonato Brasileiro 2024. Pela primeira rodada da competi\u00e7\u00e3o nacional, o Tricolor perdeu de<\/p>\n","protected":false},"author":4,"featured_media":13592,"comment_status":"open","ping_status":"open","sticky":false,"template":"","format":"standard","meta":{"colormag_page_container_layout":"default_layout","colormag_page_sidebar_layout":"default_layout","_FSMCFIC_featured_image_caption":"","_FSMCFIC_featured_image_nocaption":"","_FSMCFIC_featured_image_hide":"","footnotes":""},"categories":[4,1],"tags":[],"class_list":["post-13591","post","type-post","status-publish","format-standard","has-post-thumbnail","hentry","category-esporte","category-ultimas"],"yoast_head":"<!-- This site is optimized with the Yoast SEO plugin v27.1.1 - https:\/\/yoast.com\/product\/yoast-seo-wordpress\/ -->\n<title>Rog\u00e9rio Ceni v\u00ea falta de maturidade e concentra\u00e7\u00e3o do Bahia na derrota para o Inter - Brasil not\u00edcias<\/title>\n<meta name=\"robots\" content=\"index, follow, max-snippet:-1, max-image-preview:large, max-video-preview:-1\" \/>\n<link rel=\"canonical\" href=\"https:\/\/brasilnoticias.org\/site\/rogerio-ceni-ve-falta-de-maturidade-e-concentracao-do-bahia-na-derrota-para-o-inter\/\" \/>\n<meta property=\"og:locale\" content=\"pt_PT\" \/>\n<meta property=\"og:type\" content=\"article\" \/>\n<meta property=\"og:title\" content=\"Rog\u00e9rio Ceni v\u00ea falta de maturidade e concentra\u00e7\u00e3o do Bahia na derrota para o Inter - Brasil not\u00edcias\" \/>\n<meta property=\"og:description\" content=\"O Bahia n\u00e3o estreou como gostaria no Campeonato Brasileiro 2024. Pela primeira rodada da competi\u00e7\u00e3o nacional, o Tricolor perdeu de\" \/>\n<meta property=\"og:url\" content=\"https:\/\/brasilnoticias.org\/site\/rogerio-ceni-ve-falta-de-maturidade-e-concentracao-do-bahia-na-derrota-para-o-inter\/\" \/>\n<meta property=\"og:site_name\" content=\"Brasil not\u00edcias\" \/>\n<meta property=\"article:published_time\" content=\"2024-04-15T00:00:52+00:00\" \/>\n<meta property=\"og:image\" content=\"https:\/\/brasilnoticias.org\/site\/wp-content\/uploads\/2024\/04\/53652126765_b9a86eee0b_k-960x500-1.jpg\" \/>\n\t<meta property=\"og:image:width\" content=\"960\" \/>\n\t<meta property=\"og:image:height\" content=\"500\" \/>\n\t<meta property=\"og:image:type\" content=\"image\/jpeg\" \/>\n<meta name=\"author\" content=\"Reda\u00e7\u00e3o\" \/>\n<meta name=\"twitter:card\" content=\"summary_large_image\" \/>\n<meta name=\"twitter:label1\" content=\"Escrito por\" \/>\n\t<meta name=\"twitter:data1\" content=\"Reda\u00e7\u00e3o\" \/>\n<script type=\"application\/ld+json\" class=\"yoast-schema-graph\">{\"@context\":\"https:\/\/schema.org\",\"@graph\":[{\"@type\":\"Article\",\"@id\":\"https:\/\/brasilnoticias.org\/site\/rogerio-ceni-ve-falta-de-maturidade-e-concentracao-do-bahia-na-derrota-para-o-inter\/#article\",\"isPartOf\":{\"@id\":\"https:\/\/brasilnoticias.org\/site\/rogerio-ceni-ve-falta-de-maturidade-e-concentracao-do-bahia-na-derrota-para-o-inter\/\"},\"author\":{\"name\":\"Reda\u00e7\u00e3o\",\"@id\":\"https:\/\/brasilnoticias.org\/site\/#\/schema\/person\/03bbbfe6c7634ad18c26444ea39049fa\"},\"headline\":\"Rog\u00e9rio Ceni v\u00ea falta de maturidade e concentra\u00e7\u00e3o do Bahia na derrota para o Inter\",\"datePublished\":\"2024-04-15T00:00:52+00:00\",\"mainEntityOfPage\":{\"@id\":\"https:\/\/brasilnoticias.org\/site\/rogerio-ceni-ve-falta-de-maturidade-e-concentracao-do-bahia-na-derrota-para-o-inter\/\"},\"wordCount\":243,\"commentCount\":0,\"publisher\":{\"@id\":\"https:\/\/brasilnoticias.org\/site\/#organization\"},\"image\":{\"@id\":\"https:\/\/brasilnoticias.org\/site\/rogerio-ceni-ve-falta-de-maturidade-e-concentracao-do-bahia-na-derrota-para-o-inter\/#primaryimage\"},\"thumbnailUrl\":\"https:\/\/brasilnoticias.org\/site\/wp-content\/uploads\/2024\/04\/53652126765_b9a86eee0b_k-960x500-1.jpg\",\"articleSection\":[\"Esporte\",\"\u00daltimas\"],\"inLanguage\":\"pt-PT\",\"potentialAction\":[{\"@type\":\"CommentAction\",\"name\":\"Comment\",\"target\":[\"https:\/\/brasilnoticias.org\/site\/rogerio-ceni-ve-falta-de-maturidade-e-concentracao-do-bahia-na-derrota-para-o-inter\/#respond\"]}]},{\"@type\":\"WebPage\",\"@id\":\"https:\/\/brasilnoticias.org\/site\/rogerio-ceni-ve-falta-de-maturidade-e-concentracao-do-bahia-na-derrota-para-o-inter\/\",\"url\":\"https:\/\/brasilnoticias.org\/site\/rogerio-ceni-ve-falta-de-maturidade-e-concentracao-do-bahia-na-derrota-para-o-inter\/\",\"name\":\"Rog\u00e9rio Ceni v\u00ea falta de maturidade e concentra\u00e7\u00e3o do Bahia na derrota para o Inter - Brasil not\u00edcias\",\"isPartOf\":{\"@id\":\"https:\/\/brasilnoticias.org\/site\/#website\"},\"primaryImageOfPage\":{\"@id\":\"https:\/\/brasilnoticias.org\/site\/rogerio-ceni-ve-falta-de-maturidade-e-concentracao-do-bahia-na-derrota-para-o-inter\/#primaryimage\"},\"image\":{\"@id\":\"https:\/\/brasilnoticias.org\/site\/rogerio-ceni-ve-falta-de-maturidade-e-concentracao-do-bahia-na-derrota-para-o-inter\/#primaryimage\"},\"thumbnailUrl\":\"https:\/\/brasilnoticias.org\/site\/wp-content\/uploads\/2024\/04\/53652126765_b9a86eee0b_k-960x500-1.jpg\",\"datePublished\":\"2024-04-15T00:00:52+00:00\",\"breadcrumb\":{\"@id\":\"https:\/\/brasilnoticias.org\/site\/rogerio-ceni-ve-falta-de-maturidade-e-concentracao-do-bahia-na-derrota-para-o-inter\/#breadcrumb\"},\"inLanguage\":\"pt-PT\",\"potentialAction\":[{\"@type\":\"ReadAction\",\"target\":[\"https:\/\/brasilnoticias.org\/site\/rogerio-ceni-ve-falta-de-maturidade-e-concentracao-do-bahia-na-derrota-para-o-inter\/\"]}]},{\"@type\":\"ImageObject\",\"inLanguage\":\"pt-PT\",\"@id\":\"https:\/\/brasilnoticias.org\/site\/rogerio-ceni-ve-falta-de-maturidade-e-concentracao-do-bahia-na-derrota-para-o-inter\/#primaryimage\",\"url\":\"https:\/\/brasilnoticias.org\/site\/wp-content\/uploads\/2024\/04\/53652126765_b9a86eee0b_k-960x500-1.jpg\",\"contentUrl\":\"https:\/\/brasilnoticias.org\/site\/wp-content\/uploads\/2024\/04\/53652126765_b9a86eee0b_k-960x500-1.jpg\",\"width\":960,\"height\":500},{\"@type\":\"BreadcrumbList\",\"@id\":\"https:\/\/brasilnoticias.org\/site\/rogerio-ceni-ve-falta-de-maturidade-e-concentracao-do-bahia-na-derrota-para-o-inter\/#breadcrumb\",\"itemListElement\":[{\"@type\":\"ListItem\",\"position\":1,\"name\":\"In\u00edcio\",\"item\":\"https:\/\/brasilnoticias.org\/site\/\"},{\"@type\":\"ListItem\",\"position\":2,\"name\":\"Rog\u00e9rio Ceni v\u00ea falta de maturidade e concentra\u00e7\u00e3o do Bahia na derrota para o Inter\"}]},{\"@type\":\"WebSite\",\"@id\":\"https:\/\/brasilnoticias.org\/site\/#website\",\"url\":\"https:\/\/brasilnoticias.org\/site\/\",\"name\":\"Brasil not\u00edcias\",\"description\":\"Brasil not\u00edcias\",\"publisher\":{\"@id\":\"https:\/\/brasilnoticias.org\/site\/#organization\"},\"potentialAction\":[{\"@type\":\"SearchAction\",\"target\":{\"@type\":\"EntryPoint\",\"urlTemplate\":\"https:\/\/brasilnoticias.org\/site\/?s={search_term_string}\"},\"query-input\":{\"@type\":\"PropertyValueSpecification\",\"valueRequired\":true,\"valueName\":\"search_term_string\"}}],\"inLanguage\":\"pt-PT\"},{\"@type\":\"Organization\",\"@id\":\"https:\/\/brasilnoticias.org\/site\/#organization\",\"name\":\"Brasil not\u00edcias\",\"url\":\"https:\/\/brasilnoticias.org\/site\/\",\"logo\":{\"@type\":\"ImageObject\",\"inLanguage\":\"pt-PT\",\"@id\":\"https:\/\/brasilnoticias.org\/site\/#\/schema\/logo\/image\/\",\"url\":\"https:\/\/brasilnoticias.org\/site\/wp-content\/uploads\/2022\/05\/cropped-brasilnoticias-mini.jpg\",\"contentUrl\":\"https:\/\/brasilnoticias.org\/site\/wp-content\/uploads\/2022\/05\/cropped-brasilnoticias-mini.jpg\",\"width\":314,\"height\":86,\"caption\":\"Brasil not\u00edcias\"},\"image\":{\"@id\":\"https:\/\/brasilnoticias.org\/site\/#\/schema\/logo\/image\/\"}},{\"@type\":\"Person\",\"@id\":\"https:\/\/brasilnoticias.org\/site\/#\/schema\/person\/03bbbfe6c7634ad18c26444ea39049fa\",\"name\":\"Reda\u00e7\u00e3o\",\"image\":{\"@type\":\"ImageObject\",\"inLanguage\":\"pt-PT\",\"@id\":\"https:\/\/brasilnoticias.org\/site\/#\/schema\/person\/image\/\",\"url\":\"https:\/\/secure.gravatar.com\/avatar\/9ecaf7327a696cb23ad926fedded5f1f04d7049de9e445375d55b48c001a6e42?s=96&d=mm&r=g\",\"contentUrl\":\"https:\/\/secure.gravatar.com\/avatar\/9ecaf7327a696cb23ad926fedded5f1f04d7049de9e445375d55b48c001a6e42?s=96&d=mm&r=g\",\"caption\":\"Reda\u00e7\u00e3o\"},\"url\":\"https:\/\/brasilnoticias.org\/site\/author\/henrique\/\"}]}<\/script>\n<!-- \/ Yoast SEO plugin. -->","yoast_head_json":{"title":"Rog\u00e9rio Ceni v\u00ea falta de maturidade e concentra\u00e7\u00e3o do Bahia na derrota para o Inter - Brasil not\u00edcias","robots":{"index":"index","follow":"follow","max-snippet":"max-snippet:-1","max-image-preview":"max-image-preview:large","max-video-preview":"max-video-preview:-1"},"canonical":"https:\/\/brasilnoticias.org\/site\/rogerio-ceni-ve-falta-de-maturidade-e-concentracao-do-bahia-na-derrota-para-o-inter\/","og_locale":"pt_PT","og_type":"article","og_title":"Rog\u00e9rio Ceni v\u00ea falta de maturidade e concentra\u00e7\u00e3o do Bahia na derrota para o Inter - Brasil not\u00edcias","og_description":"O Bahia n\u00e3o estreou como gostaria no Campeonato Brasileiro 2024. Pela primeira rodada da competi\u00e7\u00e3o nacional, o Tricolor perdeu de","og_url":"https:\/\/brasilnoticias.org\/site\/rogerio-ceni-ve-falta-de-maturidade-e-concentracao-do-bahia-na-derrota-para-o-inter\/","og_site_name":"Brasil not\u00edcias","article_published_time":"2024-04-15T00:00:52+00:00","og_image":[{"width":960,"height":500,"url":"https:\/\/brasilnoticias.org\/site\/wp-content\/uploads\/2024\/04\/53652126765_b9a86eee0b_k-960x500-1.jpg","type":"image\/jpeg"}],"author":"Reda\u00e7\u00e3o","twitter_card":"summary_large_image","twitter_misc":{"Escrito por":"Reda\u00e7\u00e3o"},"schema":{"@context":"https:\/\/schema.org","@graph":[{"@type":"Article","@id":"https:\/\/brasilnoticias.org\/site\/rogerio-ceni-ve-falta-de-maturidade-e-concentracao-do-bahia-na-derrota-para-o-inter\/#article","isPartOf":{"@id":"https:\/\/brasilnoticias.org\/site\/rogerio-ceni-ve-falta-de-maturidade-e-concentracao-do-bahia-na-derrota-para-o-inter\/"},"author":{"name":"Reda\u00e7\u00e3o","@id":"https:\/\/brasilnoticias.org\/site\/#\/schema\/person\/03bbbfe6c7634ad18c26444ea39049fa"},"headline":"Rog\u00e9rio Ceni v\u00ea falta de maturidade e concentra\u00e7\u00e3o do Bahia na derrota para o Inter","datePublished":"2024-04-15T00:00:52+00:00","mainEntityOfPage":{"@id":"https:\/\/brasilnoticias.org\/site\/rogerio-ceni-ve-falta-de-maturidade-e-concentracao-do-bahia-na-derrota-para-o-inter\/"},"wordCount":243,"commentCount":0,"publisher":{"@id":"https:\/\/brasilnoticias.org\/site\/#organization"},"image":{"@id":"https:\/\/brasilnoticias.org\/site\/rogerio-ceni-ve-falta-de-maturidade-e-concentracao-do-bahia-na-derrota-para-o-inter\/#primaryimage"},"thumbnailUrl":"https:\/\/brasilnoticias.org\/site\/wp-content\/uploads\/2024\/04\/53652126765_b9a86eee0b_k-960x500-1.jpg","articleSection":["Esporte","\u00daltimas"],"inLanguage":"pt-PT","potentialAction":[{"@type":"CommentAction","name":"Comment","target":["https:\/\/brasilnoticias.org\/site\/rogerio-ceni-ve-falta-de-maturidade-e-concentracao-do-bahia-na-derrota-para-o-inter\/#respond"]}]},{"@type":"WebPage","@id":"https:\/\/brasilnoticias.org\/site\/rogerio-ceni-ve-falta-de-maturidade-e-concentracao-do-bahia-na-derrota-para-o-inter\/","url":"https:\/\/brasilnoticias.org\/site\/rogerio-ceni-ve-falta-de-maturidade-e-concentracao-do-bahia-na-derrota-para-o-inter\/","name":"Rog\u00e9rio Ceni v\u00ea falta de maturidade e concentra\u00e7\u00e3o do Bahia na derrota para o Inter - Brasil not\u00edcias","isPartOf":{"@id":"https:\/\/brasilnoticias.org\/site\/#website"},"primaryImageOfPage":{"@id":"https:\/\/brasilnoticias.org\/site\/rogerio-ceni-ve-falta-de-maturidade-e-concentracao-do-bahia-na-derrota-para-o-inter\/#primaryimage"},"image":{"@id":"https:\/\/brasilnoticias.org\/site\/rogerio-ceni-ve-falta-de-maturidade-e-concentracao-do-bahia-na-derrota-para-o-inter\/#primaryimage"},"thumbnailUrl":"https:\/\/brasilnoticias.org\/site\/wp-content\/uploads\/2024\/04\/53652126765_b9a86eee0b_k-960x500-1.jpg","datePublished":"2024-04-15T00:00:52+00:00","breadcrumb":{"@id":"https:\/\/brasilnoticias.org\/site\/rogerio-ceni-ve-falta-de-maturidade-e-concentracao-do-bahia-na-derrota-para-o-inter\/#breadcrumb"},"inLanguage":"pt-PT","potentialAction":[{"@type":"ReadAction","target":["https:\/\/brasilnoticias.org\/site\/rogerio-ceni-ve-falta-de-maturidade-e-concentracao-do-bahia-na-derrota-para-o-inter\/"]}]},{"@type":"ImageObject","inLanguage":"pt-PT","@id":"https:\/\/brasilnoticias.org\/site\/rogerio-ceni-ve-falta-de-maturidade-e-concentracao-do-bahia-na-derrota-para-o-inter\/#primaryimage","url":"https:\/\/brasilnoticias.org\/site\/wp-content\/uploads\/2024\/04\/53652126765_b9a86eee0b_k-960x500-1.jpg","contentUrl":"https:\/\/brasilnoticias.org\/site\/wp-content\/uploads\/2024\/04\/53652126765_b9a86eee0b_k-960x500-1.jpg","width":960,"height":500},{"@type":"BreadcrumbList","@id":"https:\/\/brasilnoticias.org\/site\/rogerio-ceni-ve-falta-de-maturidade-e-concentracao-do-bahia-na-derrota-para-o-inter\/#breadcrumb","itemListElement":[{"@type":"ListItem","position":1,"name":"In\u00edcio","item":"https:\/\/brasilnoticias.org\/site\/"},{"@type":"ListItem","position":2,"name":"Rog\u00e9rio Ceni v\u00ea falta de maturidade e concentra\u00e7\u00e3o do Bahia na derrota para o Inter"}]},{"@type":"WebSite","@id":"https:\/\/brasilnoticias.org\/site\/#website","url":"https:\/\/brasilnoticias.org\/site\/","name":"Brasil not\u00edcias","description":"Brasil not\u00edcias","publisher":{"@id":"https:\/\/brasilnoticias.org\/site\/#organization"},"potentialAction":[{"@type":"SearchAction","target":{"@type":"EntryPoint","urlTemplate":"https:\/\/brasilnoticias.org\/site\/?s={search_term_string}"},"query-input":{"@type":"PropertyValueSpecification","valueRequired":true,"valueName":"search_term_string"}}],"inLanguage":"pt-PT"},{"@type":"Organization","@id":"https:\/\/brasilnoticias.org\/site\/#organization","name":"Brasil not\u00edcias","url":"https:\/\/brasilnoticias.org\/site\/","logo":{"@type":"ImageObject","inLanguage":"pt-PT","@id":"https:\/\/brasilnoticias.org\/site\/#\/schema\/logo\/image\/","url":"https:\/\/brasilnoticias.org\/site\/wp-content\/uploads\/2022\/05\/cropped-brasilnoticias-mini.jpg","contentUrl":"https:\/\/brasilnoticias.org\/site\/wp-content\/uploads\/2022\/05\/cropped-brasilnoticias-mini.jpg","width":314,"height":86,"caption":"Brasil not\u00edcias"},"image":{"@id":"https:\/\/brasilnoticias.org\/site\/#\/schema\/logo\/image\/"}},{"@type":"Person","@id":"https:\/\/brasilnoticias.org\/site\/#\/schema\/person\/03bbbfe6c7634ad18c26444ea39049fa","name":"Reda\u00e7\u00e3o","image":{"@type":"ImageObject","inLanguage":"pt-PT","@id":"https:\/\/brasilnoticias.org\/site\/#\/schema\/person\/image\/","url":"https:\/\/secure.gravatar.com\/avatar\/9ecaf7327a696cb23ad926fedded5f1f04d7049de9e445375d55b48c001a6e42?s=96&d=mm&r=g","contentUrl":"https:\/\/secure.gravatar.com\/avatar\/9ecaf7327a696cb23ad926fedded5f1f04d7049de9e445375d55b48c001a6e42?s=96&d=mm&r=g","caption":"Reda\u00e7\u00e3o"},"url":"https:\/\/brasilnoticias.org\/site\/author\/henrique\/"}]}},"_links":{"self":[{"href":"https:\/\/brasilnoticias.org\/site\/wp-json\/wp\/v2\/posts\/13591","targetHints":{"allow":["GET"]}}],"collection":[{"href":"https:\/\/brasilnoticias.org\/site\/wp-json\/wp\/v2\/posts"}],"about":[{"href":"https:\/\/brasilnoticias.org\/site\/wp-json\/wp\/v2\/types\/post"}],"author":[{"embeddable":true,"href":"https:\/\/brasilnoticias.org\/site\/wp-json\/wp\/v2\/users\/4"}],"replies":[{"embeddable":true,"href":"https:\/\/brasilnoticias.org\/site\/wp-json\/wp\/v2\/comments?post=13591"}],"version-history":[{"count":1,"href":"https:\/\/brasilnoticias.org\/site\/wp-json\/wp\/v2\/posts\/13591\/revisions"}],"predecessor-version":[{"id":13593,"href":"https:\/\/brasilnoticias.org\/site\/wp-json\/wp\/v2\/posts\/13591\/revisions\/13593"}],"wp:featuredmedia":[{"embeddable":true,"href":"https:\/\/brasilnoticias.org\/site\/wp-json\/wp\/v2\/media\/13592"}],"wp:attachment":[{"href":"https:\/\/brasilnoticias.org\/site\/wp-json\/wp\/v2\/media?parent=13591"}],"wp:term":[{"taxonomy":"category","embeddable":true,"href":"https:\/\/brasilnoticias.org\/site\/wp-json\/wp\/v2\/categories?post=13591"},{"taxonomy":"post_tag","embeddable":true,"href":"https:\/\/brasilnoticias.org\/site\/wp-json\/wp\/v2\/tags?post=13591"}],"curies":[{"name":"wp","href":"https:\/\/api.w.org\/{rel}","templated":true}]}}