{"id":13594,"date":"2024-04-14T21:02:17","date_gmt":"2024-04-15T00:02:17","guid":{"rendered":"https:\/\/brasilnoticias.org\/site\/?p=13594"},"modified":"2024-04-14T21:02:17","modified_gmt":"2024-04-15T00:02:17","slug":"ufsb-e-mais-18-universidades-federais-marcam-greve-nesta-segunda-feira-15-4","status":"publish","type":"post","link":"https:\/\/brasilnoticias.org\/site\/ufsb-e-mais-18-universidades-federais-marcam-greve-nesta-segunda-feira-15-4\/","title":{"rendered":"UFSB e mais 18 universidades federais marcam greve nesta segunda-feira (15\/4)"},"content":{"rendered":"<p>Al\u00e9m da UFSB, a UFRB j\u00e1 teve indicativo de greve aprovada, mas ainda sem data para a deflagra\u00e7\u00e3o<\/p>\n<p>Professores da Universidade Federal do Sul da Bahia (UFSB) e mais 18 institui\u00e7\u00f5es federais de ensino marcaram para a pr\u00f3xima segunda-feira (15\/4) o in\u00edcio de uma greve que tem como meta o reajuste salarial e a equipara\u00e7\u00e3o dos benef\u00edcios dos servidores p\u00fablicos federais. Eles se juntam aos 30 institutos federais que j\u00e1 est\u00e3o em greve h\u00e1 um m\u00eas.<\/p>\n<p>O reajuste exigido pela categoria \u00e9 de 22%, dividido em tr\u00eas parcelas iguais de 7,06% com a primeira a ser paga este ano e as outras em 2025 e 2026. Al\u00e9m disso, a categoria tamb\u00e9m pede por maior investimento nas institui\u00e7\u00f5es, que segundo eles vivem grave crise financeira desde o governo do presidente Jair Bolsonaro (PL).<\/p>\n<p>\u201cO MEC vem enviando todos os esfor\u00e7os para buscar alternativas de valoriza\u00e7\u00e3o dos servidores da educa\u00e7\u00e3o, atento ao di\u00e1logo franco e respeitoso com as categorias. No ano passado, o governo federal promoveu reajuste de 9% para todos os servidores\u201d, afirma o Minist\u00e9rio da Educa\u00e7\u00e3o em nota.]<\/p>\n<p>Das Universidades e Institutos que residem na Bahia, apenas a UFSB aderiu a greve nesta segunda. Entretanto, a Universidade Federal do Rec\u00f4ncavo da Bahia (UFRB) j\u00e1 teve indicativo de greve aprovada, mas ainda sem data para a deflagra\u00e7\u00e3o.<\/p>\n<p>Confira abaixo a lista de universidades que entram em greve nesta segunda-feira em todo o pa\u00eds:<\/p>\n<p>Centro Federal de Educa\u00e7\u00e3o Tecnol\u00f3gica de Minas Gerais (Cefet-MG);<\/p>\n<p>Instituto Federal do Piau\u00ed (IFPI);<\/p>\n<p>Universidade da Integra\u00e7\u00e3o Internacional da Lusofonia Afro-Brasileira (UNILAB);<\/p>\n<p>Universidade Federal de Bras\u00edlia (UnB)<\/p>\n<p>Universidade Federal de Juiz de Fora (UFJF)<\/p>\n<p>Universidade Federal de Ouro Preto (UFOP)<\/p>\n<p>Universidade Federal de Pelotas (UFPel)<\/p>\n<p>Universidade Federal de Vi\u00e7osa (UFV)<\/p>\n<p>Universidade Federal do Cariri (UFCA)<\/p>\n<p>Universidade Federal do Cear\u00e1 (UFC)<\/p>\n<p>Universidade Federal do Esp\u00edrito Santo (UFES)<\/p>\n<p>Universidade Federal do Maranh\u00e3o (UFMA)<\/p>\n<p>Universidade Federal do Par\u00e1 (UFPA)<\/p>\n<p>Universidade Federal do Paran\u00e1 (UFPR)<\/p>\n<p>Universidade Federal do Sul da Bahia (UFSB)<\/p>\n<p>Universidade Federal do Sul e Sudeste do Par\u00e1 (Unifesspa)<\/p>\n<p>Universidade Tecnol\u00f3gica Federal do Paran\u00e1 (UTFPR)<\/p>\n<p>Foto: Divulga\u00e7\u00e3o<br \/>\nAratu On<\/p>\n","protected":false},"excerpt":{"rendered":"<p>Al\u00e9m da UFSB, a UFRB j\u00e1 teve indicativo de greve aprovada, mas ainda sem data para a deflagra\u00e7\u00e3o Professores da<\/p>\n","protected":false},"author":4,"featured_media":13595,"comment_status":"open","ping_status":"open","sticky":false,"template":"","format":"standard","meta":{"colormag_page_container_layout":"default_layout","colormag_page_sidebar_layout":"default_layout","_FSMCFIC_featured_image_caption":"","_FSMCFIC_featured_image_nocaption":"","_FSMCFIC_featured_image_hide":"","footnotes":""},"categories":[2,1],"tags":[],"class_list":["post-13594","post","type-post","status-publish","format-standard","has-post-thumbnail","hentry","category-noticias","category-ultimas"],"yoast_head":"<!-- This site is optimized with the Yoast SEO plugin v27.1.1 - https:\/\/yoast.com\/product\/yoast-seo-wordpress\/ -->\n<title>UFSB e mais 18 universidades federais marcam greve nesta segunda-feira (15\/4) - Brasil not\u00edcias<\/title>\n<meta name=\"robots\" content=\"index, follow, max-snippet:-1, max-image-preview:large, max-video-preview:-1\" \/>\n<link rel=\"canonical\" href=\"https:\/\/brasilnoticias.org\/site\/ufsb-e-mais-18-universidades-federais-marcam-greve-nesta-segunda-feira-15-4\/\" \/>\n<meta property=\"og:locale\" content=\"pt_PT\" \/>\n<meta property=\"og:type\" content=\"article\" \/>\n<meta property=\"og:title\" content=\"UFSB e mais 18 universidades federais marcam greve nesta segunda-feira (15\/4) - Brasil not\u00edcias\" \/>\n<meta property=\"og:description\" content=\"Al\u00e9m da UFSB, a UFRB j\u00e1 teve indicativo de greve aprovada, mas ainda sem data para a deflagra\u00e7\u00e3o Professores da\" \/>\n<meta property=\"og:url\" content=\"https:\/\/brasilnoticias.org\/site\/ufsb-e-mais-18-universidades-federais-marcam-greve-nesta-segunda-feira-15-4\/\" \/>\n<meta property=\"og:site_name\" content=\"Brasil not\u00edcias\" \/>\n<meta property=\"article:published_time\" content=\"2024-04-15T00:02:17+00:00\" \/>\n<meta property=\"og:image\" content=\"https:\/\/brasilnoticias.org\/site\/wp-content\/uploads\/2024\/04\/ufsb-1858508-article.jpg\" \/>\n\t<meta property=\"og:image:width\" content=\"601\" \/>\n\t<meta property=\"og:image:height\" content=\"376\" \/>\n\t<meta property=\"og:image:type\" content=\"image\/jpeg\" \/>\n<meta name=\"author\" content=\"Reda\u00e7\u00e3o\" \/>\n<meta name=\"twitter:card\" content=\"summary_large_image\" \/>\n<meta name=\"twitter:label1\" content=\"Escrito por\" \/>\n\t<meta name=\"twitter:data1\" content=\"Reda\u00e7\u00e3o\" \/>\n<script type=\"application\/ld+json\" class=\"yoast-schema-graph\">{\"@context\":\"https:\/\/schema.org\",\"@graph\":[{\"@type\":\"Article\",\"@id\":\"https:\/\/brasilnoticias.org\/site\/ufsb-e-mais-18-universidades-federais-marcam-greve-nesta-segunda-feira-15-4\/#article\",\"isPartOf\":{\"@id\":\"https:\/\/brasilnoticias.org\/site\/ufsb-e-mais-18-universidades-federais-marcam-greve-nesta-segunda-feira-15-4\/\"},\"author\":{\"name\":\"Reda\u00e7\u00e3o\",\"@id\":\"https:\/\/brasilnoticias.org\/site\/#\/schema\/person\/03bbbfe6c7634ad18c26444ea39049fa\"},\"headline\":\"UFSB e mais 18 universidades federais marcam greve nesta segunda-feira (15\/4)\",\"datePublished\":\"2024-04-15T00:02:17+00:00\",\"mainEntityOfPage\":{\"@id\":\"https:\/\/brasilnoticias.org\/site\/ufsb-e-mais-18-universidades-federais-marcam-greve-nesta-segunda-feira-15-4\/\"},\"wordCount\":371,\"commentCount\":0,\"publisher\":{\"@id\":\"https:\/\/brasilnoticias.org\/site\/#organization\"},\"image\":{\"@id\":\"https:\/\/brasilnoticias.org\/site\/ufsb-e-mais-18-universidades-federais-marcam-greve-nesta-segunda-feira-15-4\/#primaryimage\"},\"thumbnailUrl\":\"https:\/\/brasilnoticias.org\/site\/wp-content\/uploads\/2024\/04\/ufsb-1858508-article.jpg\",\"articleSection\":[\"Not\u00edcias\",\"\u00daltimas\"],\"inLanguage\":\"pt-PT\",\"potentialAction\":[{\"@type\":\"CommentAction\",\"name\":\"Comment\",\"target\":[\"https:\/\/brasilnoticias.org\/site\/ufsb-e-mais-18-universidades-federais-marcam-greve-nesta-segunda-feira-15-4\/#respond\"]}]},{\"@type\":\"WebPage\",\"@id\":\"https:\/\/brasilnoticias.org\/site\/ufsb-e-mais-18-universidades-federais-marcam-greve-nesta-segunda-feira-15-4\/\",\"url\":\"https:\/\/brasilnoticias.org\/site\/ufsb-e-mais-18-universidades-federais-marcam-greve-nesta-segunda-feira-15-4\/\",\"name\":\"UFSB e mais 18 universidades federais marcam greve nesta segunda-feira (15\/4) - Brasil not\u00edcias\",\"isPartOf\":{\"@id\":\"https:\/\/brasilnoticias.org\/site\/#website\"},\"primaryImageOfPage\":{\"@id\":\"https:\/\/brasilnoticias.org\/site\/ufsb-e-mais-18-universidades-federais-marcam-greve-nesta-segunda-feira-15-4\/#primaryimage\"},\"image\":{\"@id\":\"https:\/\/brasilnoticias.org\/site\/ufsb-e-mais-18-universidades-federais-marcam-greve-nesta-segunda-feira-15-4\/#primaryimage\"},\"thumbnailUrl\":\"https:\/\/brasilnoticias.org\/site\/wp-content\/uploads\/2024\/04\/ufsb-1858508-article.jpg\",\"datePublished\":\"2024-04-15T00:02:17+00:00\",\"breadcrumb\":{\"@id\":\"https:\/\/brasilnoticias.org\/site\/ufsb-e-mais-18-universidades-federais-marcam-greve-nesta-segunda-feira-15-4\/#breadcrumb\"},\"inLanguage\":\"pt-PT\",\"potentialAction\":[{\"@type\":\"ReadAction\",\"target\":[\"https:\/\/brasilnoticias.org\/site\/ufsb-e-mais-18-universidades-federais-marcam-greve-nesta-segunda-feira-15-4\/\"]}]},{\"@type\":\"ImageObject\",\"inLanguage\":\"pt-PT\",\"@id\":\"https:\/\/brasilnoticias.org\/site\/ufsb-e-mais-18-universidades-federais-marcam-greve-nesta-segunda-feira-15-4\/#primaryimage\",\"url\":\"https:\/\/brasilnoticias.org\/site\/wp-content\/uploads\/2024\/04\/ufsb-1858508-article.jpg\",\"contentUrl\":\"https:\/\/brasilnoticias.org\/site\/wp-content\/uploads\/2024\/04\/ufsb-1858508-article.jpg\",\"width\":601,\"height\":376},{\"@type\":\"BreadcrumbList\",\"@id\":\"https:\/\/brasilnoticias.org\/site\/ufsb-e-mais-18-universidades-federais-marcam-greve-nesta-segunda-feira-15-4\/#breadcrumb\",\"itemListElement\":[{\"@type\":\"ListItem\",\"position\":1,\"name\":\"In\u00edcio\",\"item\":\"https:\/\/brasilnoticias.org\/site\/\"},{\"@type\":\"ListItem\",\"position\":2,\"name\":\"UFSB e mais 18 universidades federais marcam greve nesta segunda-feira (15\/4)\"}]},{\"@type\":\"WebSite\",\"@id\":\"https:\/\/brasilnoticias.org\/site\/#website\",\"url\":\"https:\/\/brasilnoticias.org\/site\/\",\"name\":\"Brasil not\u00edcias\",\"description\":\"Brasil not\u00edcias\",\"publisher\":{\"@id\":\"https:\/\/brasilnoticias.org\/site\/#organization\"},\"potentialAction\":[{\"@type\":\"SearchAction\",\"target\":{\"@type\":\"EntryPoint\",\"urlTemplate\":\"https:\/\/brasilnoticias.org\/site\/?s={search_term_string}\"},\"query-input\":{\"@type\":\"PropertyValueSpecification\",\"valueRequired\":true,\"valueName\":\"search_term_string\"}}],\"inLanguage\":\"pt-PT\"},{\"@type\":\"Organization\",\"@id\":\"https:\/\/brasilnoticias.org\/site\/#organization\",\"name\":\"Brasil not\u00edcias\",\"url\":\"https:\/\/brasilnoticias.org\/site\/\",\"logo\":{\"@type\":\"ImageObject\",\"inLanguage\":\"pt-PT\",\"@id\":\"https:\/\/brasilnoticias.org\/site\/#\/schema\/logo\/image\/\",\"url\":\"https:\/\/brasilnoticias.org\/site\/wp-content\/uploads\/2022\/05\/cropped-brasilnoticias-mini.jpg\",\"contentUrl\":\"https:\/\/brasilnoticias.org\/site\/wp-content\/uploads\/2022\/05\/cropped-brasilnoticias-mini.jpg\",\"width\":314,\"height\":86,\"caption\":\"Brasil not\u00edcias\"},\"image\":{\"@id\":\"https:\/\/brasilnoticias.org\/site\/#\/schema\/logo\/image\/\"}},{\"@type\":\"Person\",\"@id\":\"https:\/\/brasilnoticias.org\/site\/#\/schema\/person\/03bbbfe6c7634ad18c26444ea39049fa\",\"name\":\"Reda\u00e7\u00e3o\",\"image\":{\"@type\":\"ImageObject\",\"inLanguage\":\"pt-PT\",\"@id\":\"https:\/\/brasilnoticias.org\/site\/#\/schema\/person\/image\/\",\"url\":\"https:\/\/secure.gravatar.com\/avatar\/9ecaf7327a696cb23ad926fedded5f1f04d7049de9e445375d55b48c001a6e42?s=96&d=mm&r=g\",\"contentUrl\":\"https:\/\/secure.gravatar.com\/avatar\/9ecaf7327a696cb23ad926fedded5f1f04d7049de9e445375d55b48c001a6e42?s=96&d=mm&r=g\",\"caption\":\"Reda\u00e7\u00e3o\"},\"url\":\"https:\/\/brasilnoticias.org\/site\/author\/henrique\/\"}]}<\/script>\n<!-- \/ Yoast SEO plugin. -->","yoast_head_json":{"title":"UFSB e mais 18 universidades federais marcam greve nesta segunda-feira (15\/4) - Brasil not\u00edcias","robots":{"index":"index","follow":"follow","max-snippet":"max-snippet:-1","max-image-preview":"max-image-preview:large","max-video-preview":"max-video-preview:-1"},"canonical":"https:\/\/brasilnoticias.org\/site\/ufsb-e-mais-18-universidades-federais-marcam-greve-nesta-segunda-feira-15-4\/","og_locale":"pt_PT","og_type":"article","og_title":"UFSB e mais 18 universidades federais marcam greve nesta segunda-feira (15\/4) - Brasil not\u00edcias","og_description":"Al\u00e9m da UFSB, a UFRB j\u00e1 teve indicativo de greve aprovada, mas ainda sem data para a deflagra\u00e7\u00e3o Professores da","og_url":"https:\/\/brasilnoticias.org\/site\/ufsb-e-mais-18-universidades-federais-marcam-greve-nesta-segunda-feira-15-4\/","og_site_name":"Brasil not\u00edcias","article_published_time":"2024-04-15T00:02:17+00:00","og_image":[{"width":601,"height":376,"url":"https:\/\/brasilnoticias.org\/site\/wp-content\/uploads\/2024\/04\/ufsb-1858508-article.jpg","type":"image\/jpeg"}],"author":"Reda\u00e7\u00e3o","twitter_card":"summary_large_image","twitter_misc":{"Escrito por":"Reda\u00e7\u00e3o"},"schema":{"@context":"https:\/\/schema.org","@graph":[{"@type":"Article","@id":"https:\/\/brasilnoticias.org\/site\/ufsb-e-mais-18-universidades-federais-marcam-greve-nesta-segunda-feira-15-4\/#article","isPartOf":{"@id":"https:\/\/brasilnoticias.org\/site\/ufsb-e-mais-18-universidades-federais-marcam-greve-nesta-segunda-feira-15-4\/"},"author":{"name":"Reda\u00e7\u00e3o","@id":"https:\/\/brasilnoticias.org\/site\/#\/schema\/person\/03bbbfe6c7634ad18c26444ea39049fa"},"headline":"UFSB e mais 18 universidades federais marcam greve nesta segunda-feira (15\/4)","datePublished":"2024-04-15T00:02:17+00:00","mainEntityOfPage":{"@id":"https:\/\/brasilnoticias.org\/site\/ufsb-e-mais-18-universidades-federais-marcam-greve-nesta-segunda-feira-15-4\/"},"wordCount":371,"commentCount":0,"publisher":{"@id":"https:\/\/brasilnoticias.org\/site\/#organization"},"image":{"@id":"https:\/\/brasilnoticias.org\/site\/ufsb-e-mais-18-universidades-federais-marcam-greve-nesta-segunda-feira-15-4\/#primaryimage"},"thumbnailUrl":"https:\/\/brasilnoticias.org\/site\/wp-content\/uploads\/2024\/04\/ufsb-1858508-article.jpg","articleSection":["Not\u00edcias","\u00daltimas"],"inLanguage":"pt-PT","potentialAction":[{"@type":"CommentAction","name":"Comment","target":["https:\/\/brasilnoticias.org\/site\/ufsb-e-mais-18-universidades-federais-marcam-greve-nesta-segunda-feira-15-4\/#respond"]}]},{"@type":"WebPage","@id":"https:\/\/brasilnoticias.org\/site\/ufsb-e-mais-18-universidades-federais-marcam-greve-nesta-segunda-feira-15-4\/","url":"https:\/\/brasilnoticias.org\/site\/ufsb-e-mais-18-universidades-federais-marcam-greve-nesta-segunda-feira-15-4\/","name":"UFSB e mais 18 universidades federais marcam greve nesta segunda-feira (15\/4) - Brasil not\u00edcias","isPartOf":{"@id":"https:\/\/brasilnoticias.org\/site\/#website"},"primaryImageOfPage":{"@id":"https:\/\/brasilnoticias.org\/site\/ufsb-e-mais-18-universidades-federais-marcam-greve-nesta-segunda-feira-15-4\/#primaryimage"},"image":{"@id":"https:\/\/brasilnoticias.org\/site\/ufsb-e-mais-18-universidades-federais-marcam-greve-nesta-segunda-feira-15-4\/#primaryimage"},"thumbnailUrl":"https:\/\/brasilnoticias.org\/site\/wp-content\/uploads\/2024\/04\/ufsb-1858508-article.jpg","datePublished":"2024-04-15T00:02:17+00:00","breadcrumb":{"@id":"https:\/\/brasilnoticias.org\/site\/ufsb-e-mais-18-universidades-federais-marcam-greve-nesta-segunda-feira-15-4\/#breadcrumb"},"inLanguage":"pt-PT","potentialAction":[{"@type":"ReadAction","target":["https:\/\/brasilnoticias.org\/site\/ufsb-e-mais-18-universidades-federais-marcam-greve-nesta-segunda-feira-15-4\/"]}]},{"@type":"ImageObject","inLanguage":"pt-PT","@id":"https:\/\/brasilnoticias.org\/site\/ufsb-e-mais-18-universidades-federais-marcam-greve-nesta-segunda-feira-15-4\/#primaryimage","url":"https:\/\/brasilnoticias.org\/site\/wp-content\/uploads\/2024\/04\/ufsb-1858508-article.jpg","contentUrl":"https:\/\/brasilnoticias.org\/site\/wp-content\/uploads\/2024\/04\/ufsb-1858508-article.jpg","width":601,"height":376},{"@type":"BreadcrumbList","@id":"https:\/\/brasilnoticias.org\/site\/ufsb-e-mais-18-universidades-federais-marcam-greve-nesta-segunda-feira-15-4\/#breadcrumb","itemListElement":[{"@type":"ListItem","position":1,"name":"In\u00edcio","item":"https:\/\/brasilnoticias.org\/site\/"},{"@type":"ListItem","position":2,"name":"UFSB e mais 18 universidades federais marcam greve nesta segunda-feira (15\/4)"}]},{"@type":"WebSite","@id":"https:\/\/brasilnoticias.org\/site\/#website","url":"https:\/\/brasilnoticias.org\/site\/","name":"Brasil not\u00edcias","description":"Brasil not\u00edcias","publisher":{"@id":"https:\/\/brasilnoticias.org\/site\/#organization"},"potentialAction":[{"@type":"SearchAction","target":{"@type":"EntryPoint","urlTemplate":"https:\/\/brasilnoticias.org\/site\/?s={search_term_string}"},"query-input":{"@type":"PropertyValueSpecification","valueRequired":true,"valueName":"search_term_string"}}],"inLanguage":"pt-PT"},{"@type":"Organization","@id":"https:\/\/brasilnoticias.org\/site\/#organization","name":"Brasil not\u00edcias","url":"https:\/\/brasilnoticias.org\/site\/","logo":{"@type":"ImageObject","inLanguage":"pt-PT","@id":"https:\/\/brasilnoticias.org\/site\/#\/schema\/logo\/image\/","url":"https:\/\/brasilnoticias.org\/site\/wp-content\/uploads\/2022\/05\/cropped-brasilnoticias-mini.jpg","contentUrl":"https:\/\/brasilnoticias.org\/site\/wp-content\/uploads\/2022\/05\/cropped-brasilnoticias-mini.jpg","width":314,"height":86,"caption":"Brasil not\u00edcias"},"image":{"@id":"https:\/\/brasilnoticias.org\/site\/#\/schema\/logo\/image\/"}},{"@type":"Person","@id":"https:\/\/brasilnoticias.org\/site\/#\/schema\/person\/03bbbfe6c7634ad18c26444ea39049fa","name":"Reda\u00e7\u00e3o","image":{"@type":"ImageObject","inLanguage":"pt-PT","@id":"https:\/\/brasilnoticias.org\/site\/#\/schema\/person\/image\/","url":"https:\/\/secure.gravatar.com\/avatar\/9ecaf7327a696cb23ad926fedded5f1f04d7049de9e445375d55b48c001a6e42?s=96&d=mm&r=g","contentUrl":"https:\/\/secure.gravatar.com\/avatar\/9ecaf7327a696cb23ad926fedded5f1f04d7049de9e445375d55b48c001a6e42?s=96&d=mm&r=g","caption":"Reda\u00e7\u00e3o"},"url":"https:\/\/brasilnoticias.org\/site\/author\/henrique\/"}]}},"_links":{"self":[{"href":"https:\/\/brasilnoticias.org\/site\/wp-json\/wp\/v2\/posts\/13594","targetHints":{"allow":["GET"]}}],"collection":[{"href":"https:\/\/brasilnoticias.org\/site\/wp-json\/wp\/v2\/posts"}],"about":[{"href":"https:\/\/brasilnoticias.org\/site\/wp-json\/wp\/v2\/types\/post"}],"author":[{"embeddable":true,"href":"https:\/\/brasilnoticias.org\/site\/wp-json\/wp\/v2\/users\/4"}],"replies":[{"embeddable":true,"href":"https:\/\/brasilnoticias.org\/site\/wp-json\/wp\/v2\/comments?post=13594"}],"version-history":[{"count":1,"href":"https:\/\/brasilnoticias.org\/site\/wp-json\/wp\/v2\/posts\/13594\/revisions"}],"predecessor-version":[{"id":13596,"href":"https:\/\/brasilnoticias.org\/site\/wp-json\/wp\/v2\/posts\/13594\/revisions\/13596"}],"wp:featuredmedia":[{"embeddable":true,"href":"https:\/\/brasilnoticias.org\/site\/wp-json\/wp\/v2\/media\/13595"}],"wp:attachment":[{"href":"https:\/\/brasilnoticias.org\/site\/wp-json\/wp\/v2\/media?parent=13594"}],"wp:term":[{"taxonomy":"category","embeddable":true,"href":"https:\/\/brasilnoticias.org\/site\/wp-json\/wp\/v2\/categories?post=13594"},{"taxonomy":"post_tag","embeddable":true,"href":"https:\/\/brasilnoticias.org\/site\/wp-json\/wp\/v2\/tags?post=13594"}],"curies":[{"name":"wp","href":"https:\/\/api.w.org\/{rel}","templated":true}]}}