{"id":13597,"date":"2024-04-14T21:02:58","date_gmt":"2024-04-15T00:02:58","guid":{"rendered":"https:\/\/brasilnoticias.org\/site\/?p=13597"},"modified":"2024-04-14T21:02:58","modified_gmt":"2024-04-15T00:02:58","slug":"ira-pagara-na-hora-certa-pelo-ataque-de-sabado-diz-membro-do-gabinete-de-guerra-de-israel","status":"publish","type":"post","link":"https:\/\/brasilnoticias.org\/site\/ira-pagara-na-hora-certa-pelo-ataque-de-sabado-diz-membro-do-gabinete-de-guerra-de-israel\/","title":{"rendered":"Ir\u00e3 pagar\u00e1 &#8216;na hora certa&#8217; pelo ataque de s\u00e1bado, diz membro do Gabinete de Guerra de Israel"},"content":{"rendered":"<p>O porta-voz da Diplomacia P\u00fablica de Israel, Avi Hyman, declarou que o primeiro-ministro israelense, Benjamin Netanyahu, afirmou que o pa\u00eds ir\u00e1 &#8220;ferir qualquer um&#8221; que tenha planos de atacar Israel.<\/p>\n<p>Benny Gantz, membro do Gabinete de Guerra de Israel, afirmou neste domingo (14) que o Ir\u00e3 pagar\u00e1 na hora certa pelo ataque feito ao pa\u00eds na noite do \u00faltimo s\u00e1bado (13). &#8220;Construiremos uma coaliz\u00e3o regional e cobraremos o pre\u00e7o do Ir\u00e3 da maneira e no momento certo para n\u00f3s&#8221;, afirmou Gantz em comunicado oficial. O Gabinete de Guerra de Israel se re\u00fane para discutir a resposta do pa\u00eds ao ataque iraniano.<\/p>\n<p>O porta-voz da Diplomacia P\u00fablica de Israel, Avi Hyman, declarou que o primeiro-ministro israelense, Benjamin Netanyahu, afirmou que o pa\u00eds ir\u00e1 &#8220;ferir qualquer um&#8221; que tenha planos de atacar Israel. &#8220;O primeiro-ministro disse que vai ferir qualquer um que tenha planos de nos atacar ou que aja nesse sentido. O ir\u00e3 continua a desestabilizar o mundo e a trazer perigo para a regi\u00e3o [&#8230;]. Nenhum pa\u00eds no mundo toleraria amea\u00e7as repetidas dessa natureza&#8221;, disse o porta-voz.<\/p>\n<p>Reuni\u00f5es <\/p>\n<p>Algumas reuni\u00f5es est\u00e3o previstas para este domingo (14) para tratar sobre o tema, que elevou a tens\u00e3o no Oriente M\u00e9dio. Al\u00e9m do encontro do Gabinete de Guerra israelense para organizar uma resposta ao ataque do Ir\u00e3 contra Israel, os l\u00edderes do G7, grupo dos sete pa\u00edses mais industrializados do mundo (EUA, It\u00e1lia, Canad\u00e1, Fran\u00e7a, Alemanha, Inglaterra e Jap\u00e3o), tamb\u00e9m realizam uma reuni\u00e3o virtual para articular uma resposta &#8220;diplom\u00e1tica e unida&#8221; \u00e0 situa\u00e7\u00e3o.<\/p>\n<p>Foto: David Silverman<br \/>\nPor: Metro1<\/p>\n","protected":false},"excerpt":{"rendered":"<p>O porta-voz da Diplomacia P\u00fablica de Israel, Avi Hyman, declarou que o primeiro-ministro israelense, Benjamin Netanyahu, afirmou que o pa\u00eds<\/p>\n","protected":false},"author":4,"featured_media":13598,"comment_status":"open","ping_status":"open","sticky":false,"template":"","format":"standard","meta":{"colormag_page_container_layout":"default_layout","colormag_page_sidebar_layout":"default_layout","_FSMCFIC_featured_image_caption":"","_FSMCFIC_featured_image_nocaption":"","_FSMCFIC_featured_image_hide":"","footnotes":""},"categories":[6,1],"tags":[],"class_list":["post-13597","post","type-post","status-publish","format-standard","has-post-thumbnail","hentry","category-mundo","category-ultimas"],"yoast_head":"<!-- This site is optimized with the Yoast SEO plugin v27.1.1 - https:\/\/yoast.com\/product\/yoast-seo-wordpress\/ -->\n<title>Ir\u00e3 pagar\u00e1 &#039;na hora certa&#039; pelo ataque de s\u00e1bado, diz membro do Gabinete de Guerra de Israel - Brasil not\u00edcias<\/title>\n<meta name=\"robots\" content=\"index, follow, max-snippet:-1, max-image-preview:large, max-video-preview:-1\" \/>\n<link rel=\"canonical\" href=\"https:\/\/brasilnoticias.org\/site\/ira-pagara-na-hora-certa-pelo-ataque-de-sabado-diz-membro-do-gabinete-de-guerra-de-israel\/\" \/>\n<meta property=\"og:locale\" content=\"pt_PT\" \/>\n<meta property=\"og:type\" content=\"article\" \/>\n<meta property=\"og:title\" content=\"Ir\u00e3 pagar\u00e1 &#039;na hora certa&#039; pelo ataque de s\u00e1bado, diz membro do Gabinete de Guerra de Israel - Brasil not\u00edcias\" \/>\n<meta property=\"og:description\" content=\"O porta-voz da Diplomacia P\u00fablica de Israel, Avi Hyman, declarou que o primeiro-ministro israelense, Benjamin Netanyahu, afirmou que o pa\u00eds\" \/>\n<meta property=\"og:url\" content=\"https:\/\/brasilnoticias.org\/site\/ira-pagara-na-hora-certa-pelo-ataque-de-sabado-diz-membro-do-gabinete-de-guerra-de-israel\/\" \/>\n<meta property=\"og:site_name\" content=\"Brasil not\u00edcias\" \/>\n<meta property=\"article:published_time\" content=\"2024-04-15T00:02:58+00:00\" \/>\n<meta property=\"og:image\" content=\"https:\/\/brasilnoticias.org\/site\/wp-content\/uploads\/2024\/04\/148718ira-pagara-na-hora-certa-pelo-ataque-de-sabado-diz-membro-do-gabinete-de-guerra-de-israel-3.jpg\" \/>\n\t<meta property=\"og:image:width\" content=\"1600\" \/>\n\t<meta property=\"og:image:height\" content=\"752\" \/>\n\t<meta property=\"og:image:type\" content=\"image\/jpeg\" \/>\n<meta name=\"author\" content=\"Reda\u00e7\u00e3o\" \/>\n<meta name=\"twitter:card\" content=\"summary_large_image\" \/>\n<meta name=\"twitter:label1\" content=\"Escrito por\" \/>\n\t<meta name=\"twitter:data1\" content=\"Reda\u00e7\u00e3o\" \/>\n<script type=\"application\/ld+json\" class=\"yoast-schema-graph\">{\"@context\":\"https:\/\/schema.org\",\"@graph\":[{\"@type\":\"Article\",\"@id\":\"https:\/\/brasilnoticias.org\/site\/ira-pagara-na-hora-certa-pelo-ataque-de-sabado-diz-membro-do-gabinete-de-guerra-de-israel\/#article\",\"isPartOf\":{\"@id\":\"https:\/\/brasilnoticias.org\/site\/ira-pagara-na-hora-certa-pelo-ataque-de-sabado-diz-membro-do-gabinete-de-guerra-de-israel\/\"},\"author\":{\"name\":\"Reda\u00e7\u00e3o\",\"@id\":\"https:\/\/brasilnoticias.org\/site\/#\/schema\/person\/03bbbfe6c7634ad18c26444ea39049fa\"},\"headline\":\"Ir\u00e3 pagar\u00e1 &#8216;na hora certa&#8217; pelo ataque de s\u00e1bado, diz membro do Gabinete de Guerra de Israel\",\"datePublished\":\"2024-04-15T00:02:58+00:00\",\"mainEntityOfPage\":{\"@id\":\"https:\/\/brasilnoticias.org\/site\/ira-pagara-na-hora-certa-pelo-ataque-de-sabado-diz-membro-do-gabinete-de-guerra-de-israel\/\"},\"wordCount\":297,\"commentCount\":0,\"publisher\":{\"@id\":\"https:\/\/brasilnoticias.org\/site\/#organization\"},\"image\":{\"@id\":\"https:\/\/brasilnoticias.org\/site\/ira-pagara-na-hora-certa-pelo-ataque-de-sabado-diz-membro-do-gabinete-de-guerra-de-israel\/#primaryimage\"},\"thumbnailUrl\":\"https:\/\/brasilnoticias.org\/site\/wp-content\/uploads\/2024\/04\/148718ira-pagara-na-hora-certa-pelo-ataque-de-sabado-diz-membro-do-gabinete-de-guerra-de-israel-3.jpg\",\"articleSection\":[\"Mundo\",\"\u00daltimas\"],\"inLanguage\":\"pt-PT\",\"potentialAction\":[{\"@type\":\"CommentAction\",\"name\":\"Comment\",\"target\":[\"https:\/\/brasilnoticias.org\/site\/ira-pagara-na-hora-certa-pelo-ataque-de-sabado-diz-membro-do-gabinete-de-guerra-de-israel\/#respond\"]}]},{\"@type\":\"WebPage\",\"@id\":\"https:\/\/brasilnoticias.org\/site\/ira-pagara-na-hora-certa-pelo-ataque-de-sabado-diz-membro-do-gabinete-de-guerra-de-israel\/\",\"url\":\"https:\/\/brasilnoticias.org\/site\/ira-pagara-na-hora-certa-pelo-ataque-de-sabado-diz-membro-do-gabinete-de-guerra-de-israel\/\",\"name\":\"Ir\u00e3 pagar\u00e1 'na hora certa' pelo ataque de s\u00e1bado, diz membro do Gabinete de Guerra de Israel - Brasil not\u00edcias\",\"isPartOf\":{\"@id\":\"https:\/\/brasilnoticias.org\/site\/#website\"},\"primaryImageOfPage\":{\"@id\":\"https:\/\/brasilnoticias.org\/site\/ira-pagara-na-hora-certa-pelo-ataque-de-sabado-diz-membro-do-gabinete-de-guerra-de-israel\/#primaryimage\"},\"image\":{\"@id\":\"https:\/\/brasilnoticias.org\/site\/ira-pagara-na-hora-certa-pelo-ataque-de-sabado-diz-membro-do-gabinete-de-guerra-de-israel\/#primaryimage\"},\"thumbnailUrl\":\"https:\/\/brasilnoticias.org\/site\/wp-content\/uploads\/2024\/04\/148718ira-pagara-na-hora-certa-pelo-ataque-de-sabado-diz-membro-do-gabinete-de-guerra-de-israel-3.jpg\",\"datePublished\":\"2024-04-15T00:02:58+00:00\",\"breadcrumb\":{\"@id\":\"https:\/\/brasilnoticias.org\/site\/ira-pagara-na-hora-certa-pelo-ataque-de-sabado-diz-membro-do-gabinete-de-guerra-de-israel\/#breadcrumb\"},\"inLanguage\":\"pt-PT\",\"potentialAction\":[{\"@type\":\"ReadAction\",\"target\":[\"https:\/\/brasilnoticias.org\/site\/ira-pagara-na-hora-certa-pelo-ataque-de-sabado-diz-membro-do-gabinete-de-guerra-de-israel\/\"]}]},{\"@type\":\"ImageObject\",\"inLanguage\":\"pt-PT\",\"@id\":\"https:\/\/brasilnoticias.org\/site\/ira-pagara-na-hora-certa-pelo-ataque-de-sabado-diz-membro-do-gabinete-de-guerra-de-israel\/#primaryimage\",\"url\":\"https:\/\/brasilnoticias.org\/site\/wp-content\/uploads\/2024\/04\/148718ira-pagara-na-hora-certa-pelo-ataque-de-sabado-diz-membro-do-gabinete-de-guerra-de-israel-3.jpg\",\"contentUrl\":\"https:\/\/brasilnoticias.org\/site\/wp-content\/uploads\/2024\/04\/148718ira-pagara-na-hora-certa-pelo-ataque-de-sabado-diz-membro-do-gabinete-de-guerra-de-israel-3.jpg\",\"width\":1600,\"height\":752},{\"@type\":\"BreadcrumbList\",\"@id\":\"https:\/\/brasilnoticias.org\/site\/ira-pagara-na-hora-certa-pelo-ataque-de-sabado-diz-membro-do-gabinete-de-guerra-de-israel\/#breadcrumb\",\"itemListElement\":[{\"@type\":\"ListItem\",\"position\":1,\"name\":\"In\u00edcio\",\"item\":\"https:\/\/brasilnoticias.org\/site\/\"},{\"@type\":\"ListItem\",\"position\":2,\"name\":\"Ir\u00e3 pagar\u00e1 &#8216;na hora certa&#8217; pelo ataque de s\u00e1bado, diz membro do Gabinete de Guerra de Israel\"}]},{\"@type\":\"WebSite\",\"@id\":\"https:\/\/brasilnoticias.org\/site\/#website\",\"url\":\"https:\/\/brasilnoticias.org\/site\/\",\"name\":\"Brasil not\u00edcias\",\"description\":\"Brasil not\u00edcias\",\"publisher\":{\"@id\":\"https:\/\/brasilnoticias.org\/site\/#organization\"},\"potentialAction\":[{\"@type\":\"SearchAction\",\"target\":{\"@type\":\"EntryPoint\",\"urlTemplate\":\"https:\/\/brasilnoticias.org\/site\/?s={search_term_string}\"},\"query-input\":{\"@type\":\"PropertyValueSpecification\",\"valueRequired\":true,\"valueName\":\"search_term_string\"}}],\"inLanguage\":\"pt-PT\"},{\"@type\":\"Organization\",\"@id\":\"https:\/\/brasilnoticias.org\/site\/#organization\",\"name\":\"Brasil not\u00edcias\",\"url\":\"https:\/\/brasilnoticias.org\/site\/\",\"logo\":{\"@type\":\"ImageObject\",\"inLanguage\":\"pt-PT\",\"@id\":\"https:\/\/brasilnoticias.org\/site\/#\/schema\/logo\/image\/\",\"url\":\"https:\/\/brasilnoticias.org\/site\/wp-content\/uploads\/2022\/05\/cropped-brasilnoticias-mini.jpg\",\"contentUrl\":\"https:\/\/brasilnoticias.org\/site\/wp-content\/uploads\/2022\/05\/cropped-brasilnoticias-mini.jpg\",\"width\":314,\"height\":86,\"caption\":\"Brasil not\u00edcias\"},\"image\":{\"@id\":\"https:\/\/brasilnoticias.org\/site\/#\/schema\/logo\/image\/\"}},{\"@type\":\"Person\",\"@id\":\"https:\/\/brasilnoticias.org\/site\/#\/schema\/person\/03bbbfe6c7634ad18c26444ea39049fa\",\"name\":\"Reda\u00e7\u00e3o\",\"image\":{\"@type\":\"ImageObject\",\"inLanguage\":\"pt-PT\",\"@id\":\"https:\/\/brasilnoticias.org\/site\/#\/schema\/person\/image\/\",\"url\":\"https:\/\/secure.gravatar.com\/avatar\/9ecaf7327a696cb23ad926fedded5f1f04d7049de9e445375d55b48c001a6e42?s=96&d=mm&r=g\",\"contentUrl\":\"https:\/\/secure.gravatar.com\/avatar\/9ecaf7327a696cb23ad926fedded5f1f04d7049de9e445375d55b48c001a6e42?s=96&d=mm&r=g\",\"caption\":\"Reda\u00e7\u00e3o\"},\"url\":\"https:\/\/brasilnoticias.org\/site\/author\/henrique\/\"}]}<\/script>\n<!-- \/ Yoast SEO plugin. -->","yoast_head_json":{"title":"Ir\u00e3 pagar\u00e1 'na hora certa' pelo ataque de s\u00e1bado, diz membro do Gabinete de Guerra de Israel - Brasil not\u00edcias","robots":{"index":"index","follow":"follow","max-snippet":"max-snippet:-1","max-image-preview":"max-image-preview:large","max-video-preview":"max-video-preview:-1"},"canonical":"https:\/\/brasilnoticias.org\/site\/ira-pagara-na-hora-certa-pelo-ataque-de-sabado-diz-membro-do-gabinete-de-guerra-de-israel\/","og_locale":"pt_PT","og_type":"article","og_title":"Ir\u00e3 pagar\u00e1 'na hora certa' pelo ataque de s\u00e1bado, diz membro do Gabinete de Guerra de Israel - Brasil not\u00edcias","og_description":"O porta-voz da Diplomacia P\u00fablica de Israel, Avi Hyman, declarou que o primeiro-ministro israelense, Benjamin Netanyahu, afirmou que o pa\u00eds","og_url":"https:\/\/brasilnoticias.org\/site\/ira-pagara-na-hora-certa-pelo-ataque-de-sabado-diz-membro-do-gabinete-de-guerra-de-israel\/","og_site_name":"Brasil not\u00edcias","article_published_time":"2024-04-15T00:02:58+00:00","og_image":[{"width":1600,"height":752,"url":"https:\/\/brasilnoticias.org\/site\/wp-content\/uploads\/2024\/04\/148718ira-pagara-na-hora-certa-pelo-ataque-de-sabado-diz-membro-do-gabinete-de-guerra-de-israel-3.jpg","type":"image\/jpeg"}],"author":"Reda\u00e7\u00e3o","twitter_card":"summary_large_image","twitter_misc":{"Escrito por":"Reda\u00e7\u00e3o"},"schema":{"@context":"https:\/\/schema.org","@graph":[{"@type":"Article","@id":"https:\/\/brasilnoticias.org\/site\/ira-pagara-na-hora-certa-pelo-ataque-de-sabado-diz-membro-do-gabinete-de-guerra-de-israel\/#article","isPartOf":{"@id":"https:\/\/brasilnoticias.org\/site\/ira-pagara-na-hora-certa-pelo-ataque-de-sabado-diz-membro-do-gabinete-de-guerra-de-israel\/"},"author":{"name":"Reda\u00e7\u00e3o","@id":"https:\/\/brasilnoticias.org\/site\/#\/schema\/person\/03bbbfe6c7634ad18c26444ea39049fa"},"headline":"Ir\u00e3 pagar\u00e1 &#8216;na hora certa&#8217; pelo ataque de s\u00e1bado, diz membro do Gabinete de Guerra de Israel","datePublished":"2024-04-15T00:02:58+00:00","mainEntityOfPage":{"@id":"https:\/\/brasilnoticias.org\/site\/ira-pagara-na-hora-certa-pelo-ataque-de-sabado-diz-membro-do-gabinete-de-guerra-de-israel\/"},"wordCount":297,"commentCount":0,"publisher":{"@id":"https:\/\/brasilnoticias.org\/site\/#organization"},"image":{"@id":"https:\/\/brasilnoticias.org\/site\/ira-pagara-na-hora-certa-pelo-ataque-de-sabado-diz-membro-do-gabinete-de-guerra-de-israel\/#primaryimage"},"thumbnailUrl":"https:\/\/brasilnoticias.org\/site\/wp-content\/uploads\/2024\/04\/148718ira-pagara-na-hora-certa-pelo-ataque-de-sabado-diz-membro-do-gabinete-de-guerra-de-israel-3.jpg","articleSection":["Mundo","\u00daltimas"],"inLanguage":"pt-PT","potentialAction":[{"@type":"CommentAction","name":"Comment","target":["https:\/\/brasilnoticias.org\/site\/ira-pagara-na-hora-certa-pelo-ataque-de-sabado-diz-membro-do-gabinete-de-guerra-de-israel\/#respond"]}]},{"@type":"WebPage","@id":"https:\/\/brasilnoticias.org\/site\/ira-pagara-na-hora-certa-pelo-ataque-de-sabado-diz-membro-do-gabinete-de-guerra-de-israel\/","url":"https:\/\/brasilnoticias.org\/site\/ira-pagara-na-hora-certa-pelo-ataque-de-sabado-diz-membro-do-gabinete-de-guerra-de-israel\/","name":"Ir\u00e3 pagar\u00e1 'na hora certa' pelo ataque de s\u00e1bado, diz membro do Gabinete de Guerra de Israel - Brasil not\u00edcias","isPartOf":{"@id":"https:\/\/brasilnoticias.org\/site\/#website"},"primaryImageOfPage":{"@id":"https:\/\/brasilnoticias.org\/site\/ira-pagara-na-hora-certa-pelo-ataque-de-sabado-diz-membro-do-gabinete-de-guerra-de-israel\/#primaryimage"},"image":{"@id":"https:\/\/brasilnoticias.org\/site\/ira-pagara-na-hora-certa-pelo-ataque-de-sabado-diz-membro-do-gabinete-de-guerra-de-israel\/#primaryimage"},"thumbnailUrl":"https:\/\/brasilnoticias.org\/site\/wp-content\/uploads\/2024\/04\/148718ira-pagara-na-hora-certa-pelo-ataque-de-sabado-diz-membro-do-gabinete-de-guerra-de-israel-3.jpg","datePublished":"2024-04-15T00:02:58+00:00","breadcrumb":{"@id":"https:\/\/brasilnoticias.org\/site\/ira-pagara-na-hora-certa-pelo-ataque-de-sabado-diz-membro-do-gabinete-de-guerra-de-israel\/#breadcrumb"},"inLanguage":"pt-PT","potentialAction":[{"@type":"ReadAction","target":["https:\/\/brasilnoticias.org\/site\/ira-pagara-na-hora-certa-pelo-ataque-de-sabado-diz-membro-do-gabinete-de-guerra-de-israel\/"]}]},{"@type":"ImageObject","inLanguage":"pt-PT","@id":"https:\/\/brasilnoticias.org\/site\/ira-pagara-na-hora-certa-pelo-ataque-de-sabado-diz-membro-do-gabinete-de-guerra-de-israel\/#primaryimage","url":"https:\/\/brasilnoticias.org\/site\/wp-content\/uploads\/2024\/04\/148718ira-pagara-na-hora-certa-pelo-ataque-de-sabado-diz-membro-do-gabinete-de-guerra-de-israel-3.jpg","contentUrl":"https:\/\/brasilnoticias.org\/site\/wp-content\/uploads\/2024\/04\/148718ira-pagara-na-hora-certa-pelo-ataque-de-sabado-diz-membro-do-gabinete-de-guerra-de-israel-3.jpg","width":1600,"height":752},{"@type":"BreadcrumbList","@id":"https:\/\/brasilnoticias.org\/site\/ira-pagara-na-hora-certa-pelo-ataque-de-sabado-diz-membro-do-gabinete-de-guerra-de-israel\/#breadcrumb","itemListElement":[{"@type":"ListItem","position":1,"name":"In\u00edcio","item":"https:\/\/brasilnoticias.org\/site\/"},{"@type":"ListItem","position":2,"name":"Ir\u00e3 pagar\u00e1 &#8216;na hora certa&#8217; pelo ataque de s\u00e1bado, diz membro do Gabinete de Guerra de Israel"}]},{"@type":"WebSite","@id":"https:\/\/brasilnoticias.org\/site\/#website","url":"https:\/\/brasilnoticias.org\/site\/","name":"Brasil not\u00edcias","description":"Brasil not\u00edcias","publisher":{"@id":"https:\/\/brasilnoticias.org\/site\/#organization"},"potentialAction":[{"@type":"SearchAction","target":{"@type":"EntryPoint","urlTemplate":"https:\/\/brasilnoticias.org\/site\/?s={search_term_string}"},"query-input":{"@type":"PropertyValueSpecification","valueRequired":true,"valueName":"search_term_string"}}],"inLanguage":"pt-PT"},{"@type":"Organization","@id":"https:\/\/brasilnoticias.org\/site\/#organization","name":"Brasil not\u00edcias","url":"https:\/\/brasilnoticias.org\/site\/","logo":{"@type":"ImageObject","inLanguage":"pt-PT","@id":"https:\/\/brasilnoticias.org\/site\/#\/schema\/logo\/image\/","url":"https:\/\/brasilnoticias.org\/site\/wp-content\/uploads\/2022\/05\/cropped-brasilnoticias-mini.jpg","contentUrl":"https:\/\/brasilnoticias.org\/site\/wp-content\/uploads\/2022\/05\/cropped-brasilnoticias-mini.jpg","width":314,"height":86,"caption":"Brasil not\u00edcias"},"image":{"@id":"https:\/\/brasilnoticias.org\/site\/#\/schema\/logo\/image\/"}},{"@type":"Person","@id":"https:\/\/brasilnoticias.org\/site\/#\/schema\/person\/03bbbfe6c7634ad18c26444ea39049fa","name":"Reda\u00e7\u00e3o","image":{"@type":"ImageObject","inLanguage":"pt-PT","@id":"https:\/\/brasilnoticias.org\/site\/#\/schema\/person\/image\/","url":"https:\/\/secure.gravatar.com\/avatar\/9ecaf7327a696cb23ad926fedded5f1f04d7049de9e445375d55b48c001a6e42?s=96&d=mm&r=g","contentUrl":"https:\/\/secure.gravatar.com\/avatar\/9ecaf7327a696cb23ad926fedded5f1f04d7049de9e445375d55b48c001a6e42?s=96&d=mm&r=g","caption":"Reda\u00e7\u00e3o"},"url":"https:\/\/brasilnoticias.org\/site\/author\/henrique\/"}]}},"_links":{"self":[{"href":"https:\/\/brasilnoticias.org\/site\/wp-json\/wp\/v2\/posts\/13597","targetHints":{"allow":["GET"]}}],"collection":[{"href":"https:\/\/brasilnoticias.org\/site\/wp-json\/wp\/v2\/posts"}],"about":[{"href":"https:\/\/brasilnoticias.org\/site\/wp-json\/wp\/v2\/types\/post"}],"author":[{"embeddable":true,"href":"https:\/\/brasilnoticias.org\/site\/wp-json\/wp\/v2\/users\/4"}],"replies":[{"embeddable":true,"href":"https:\/\/brasilnoticias.org\/site\/wp-json\/wp\/v2\/comments?post=13597"}],"version-history":[{"count":1,"href":"https:\/\/brasilnoticias.org\/site\/wp-json\/wp\/v2\/posts\/13597\/revisions"}],"predecessor-version":[{"id":13599,"href":"https:\/\/brasilnoticias.org\/site\/wp-json\/wp\/v2\/posts\/13597\/revisions\/13599"}],"wp:featuredmedia":[{"embeddable":true,"href":"https:\/\/brasilnoticias.org\/site\/wp-json\/wp\/v2\/media\/13598"}],"wp:attachment":[{"href":"https:\/\/brasilnoticias.org\/site\/wp-json\/wp\/v2\/media?parent=13597"}],"wp:term":[{"taxonomy":"category","embeddable":true,"href":"https:\/\/brasilnoticias.org\/site\/wp-json\/wp\/v2\/categories?post=13597"},{"taxonomy":"post_tag","embeddable":true,"href":"https:\/\/brasilnoticias.org\/site\/wp-json\/wp\/v2\/tags?post=13597"}],"curies":[{"name":"wp","href":"https:\/\/api.w.org\/{rel}","templated":true}]}}