{"id":13600,"date":"2024-04-14T21:03:56","date_gmt":"2024-04-15T00:03:56","guid":{"rendered":"https:\/\/brasilnoticias.org\/site\/?p=13600"},"modified":"2024-04-14T21:03:56","modified_gmt":"2024-04-15T00:03:56","slug":"g7-condena-ataque-do-ira-contra-israel","status":"publish","type":"post","link":"https:\/\/brasilnoticias.org\/site\/g7-condena-ataque-do-ira-contra-israel\/","title":{"rendered":"G7 condena ataque do Ir\u00e3 contra Israel"},"content":{"rendered":"<p>A presidente da Comiss\u00e3o Europeia, Ursula von der Leyen, refor\u00e7ou o compromisso com Tel Aviv<\/p>\n<p>O G7, grupo com 7 das maiores economias do mundo, condenou neste domingo (14) o ataque com m\u00edsseis e drones contra Israel feito pelo Ir\u00e3 neste s\u00e1bado (13) . <\/p>\n<p>A presidente da Comiss\u00e3o Europeia, Ursula von der Leyen, reafirmou o compromisso com a seguran\u00e7a de Israel e prestou solidariedade.\u201cHoje, n\u00f3s, os l\u00edderes do G7, condenamos o ataque sem precedentes do Ir\u00e3 contra Israel nos termos mais fortes. N\u00f3s expressamos a nossa solidariedade e suporte para com as pessoas de Israel. E reafirmamos o nosso compromisso com a sua seguran\u00e7a. N\u00f3s vamos continuar trabalhando para estabilizar a situa\u00e7\u00e3o\u201d, Escreveu<\/p>\n<p>Von der Leyen em uma postagem no seu perfil do X (antigo Twitter).<br \/>\nSegundo a presidente, o G7 vai trabalhar para evitar a escalada de tens\u00e3o na regi\u00e3o. Ela tamb\u00e9m falou sobre impor san\u00e7\u00f5es contra o Ir\u00e3. <\/p>\n<p>A declara\u00e7\u00e3o ocorreu ap\u00f3s o G7 se reunir neste domingo (14) para debater a situa\u00e7\u00e3o. O encontro foi convocado pela primeira-ministra italiana, Giorgia Meloni. A It\u00e1lia assumiu em janeiro de 2024 a presid\u00eancia tempor\u00e1ria do grupo.<\/p>\n<p>O presidente dos Estados Unidos, Joe Biden, tamb\u00e9m se manifestou horas ap\u00f3s o ataque do Ir\u00e3 contra Israel, neste s\u00e1bado (13), e classificou a a\u00e7\u00e3o como &#8220;descarada&#8221; e solicitou reuni\u00e3o com os l\u00edderes do G7 para coordenar uma resposta &#8220;diplom\u00e1tica e unida&#8221;. <\/p>\n<p>O G7 \u00e9 composto pelos paises:<\/p>\n<p>Alemanha;<br \/>\nCanad\u00e1;<br \/>\nEstados Unidos;<br \/>\nFran\u00e7a;<br \/>\nIt\u00e1lia;<br \/>\nJap\u00e3o;<br \/>\nReino Unido.<\/p>\n<p>Foto: Reprodu\u00e7\u00e3o\/Youtube<br \/>\nPor: Metro1 <\/p>\n","protected":false},"excerpt":{"rendered":"<p>A presidente da Comiss\u00e3o Europeia, Ursula von der Leyen, refor\u00e7ou o compromisso com Tel Aviv O G7, grupo com 7<\/p>\n","protected":false},"author":4,"featured_media":13601,"comment_status":"open","ping_status":"open","sticky":false,"template":"","format":"standard","meta":{"colormag_page_container_layout":"default_layout","colormag_page_sidebar_layout":"default_layout","_FSMCFIC_featured_image_caption":"","_FSMCFIC_featured_image_nocaption":"","_FSMCFIC_featured_image_hide":"","footnotes":""},"categories":[6,1],"tags":[],"class_list":["post-13600","post","type-post","status-publish","format-standard","has-post-thumbnail","hentry","category-mundo","category-ultimas"],"yoast_head":"<!-- This site is optimized with the Yoast SEO plugin v27.1.1 - https:\/\/yoast.com\/product\/yoast-seo-wordpress\/ -->\n<title>G7 condena ataque do Ir\u00e3 contra Israel - Brasil not\u00edcias<\/title>\n<meta name=\"robots\" content=\"index, follow, max-snippet:-1, max-image-preview:large, max-video-preview:-1\" \/>\n<link rel=\"canonical\" href=\"https:\/\/brasilnoticias.org\/site\/g7-condena-ataque-do-ira-contra-israel\/\" \/>\n<meta property=\"og:locale\" content=\"pt_PT\" \/>\n<meta property=\"og:type\" content=\"article\" \/>\n<meta property=\"og:title\" content=\"G7 condena ataque do Ir\u00e3 contra Israel - Brasil not\u00edcias\" \/>\n<meta property=\"og:description\" content=\"A presidente da Comiss\u00e3o Europeia, Ursula von der Leyen, refor\u00e7ou o compromisso com Tel Aviv O G7, grupo com 7\" \/>\n<meta property=\"og:url\" content=\"https:\/\/brasilnoticias.org\/site\/g7-condena-ataque-do-ira-contra-israel\/\" \/>\n<meta property=\"og:site_name\" content=\"Brasil not\u00edcias\" \/>\n<meta property=\"article:published_time\" content=\"2024-04-15T00:03:56+00:00\" \/>\n<meta property=\"og:image\" content=\"https:\/\/brasilnoticias.org\/site\/wp-content\/uploads\/2024\/04\/148722g7-condena-ataque-do-ira-contra-israel-3.jpg\" \/>\n\t<meta property=\"og:image:width\" content=\"1600\" \/>\n\t<meta property=\"og:image:height\" content=\"752\" \/>\n\t<meta property=\"og:image:type\" content=\"image\/jpeg\" \/>\n<meta name=\"author\" content=\"Reda\u00e7\u00e3o\" \/>\n<meta name=\"twitter:card\" content=\"summary_large_image\" \/>\n<meta name=\"twitter:label1\" content=\"Escrito por\" \/>\n\t<meta name=\"twitter:data1\" content=\"Reda\u00e7\u00e3o\" \/>\n\t<meta name=\"twitter:label2\" content=\"Tempo estimado de leitura\" \/>\n\t<meta name=\"twitter:data2\" content=\"1 minuto\" \/>\n<script type=\"application\/ld+json\" class=\"yoast-schema-graph\">{\"@context\":\"https:\/\/schema.org\",\"@graph\":[{\"@type\":\"Article\",\"@id\":\"https:\/\/brasilnoticias.org\/site\/g7-condena-ataque-do-ira-contra-israel\/#article\",\"isPartOf\":{\"@id\":\"https:\/\/brasilnoticias.org\/site\/g7-condena-ataque-do-ira-contra-israel\/\"},\"author\":{\"name\":\"Reda\u00e7\u00e3o\",\"@id\":\"https:\/\/brasilnoticias.org\/site\/#\/schema\/person\/03bbbfe6c7634ad18c26444ea39049fa\"},\"headline\":\"G7 condena ataque do Ir\u00e3 contra Israel\",\"datePublished\":\"2024-04-15T00:03:56+00:00\",\"mainEntityOfPage\":{\"@id\":\"https:\/\/brasilnoticias.org\/site\/g7-condena-ataque-do-ira-contra-israel\/\"},\"wordCount\":281,\"commentCount\":0,\"publisher\":{\"@id\":\"https:\/\/brasilnoticias.org\/site\/#organization\"},\"image\":{\"@id\":\"https:\/\/brasilnoticias.org\/site\/g7-condena-ataque-do-ira-contra-israel\/#primaryimage\"},\"thumbnailUrl\":\"https:\/\/brasilnoticias.org\/site\/wp-content\/uploads\/2024\/04\/148722g7-condena-ataque-do-ira-contra-israel-3.jpg\",\"articleSection\":[\"Mundo\",\"\u00daltimas\"],\"inLanguage\":\"pt-PT\",\"potentialAction\":[{\"@type\":\"CommentAction\",\"name\":\"Comment\",\"target\":[\"https:\/\/brasilnoticias.org\/site\/g7-condena-ataque-do-ira-contra-israel\/#respond\"]}]},{\"@type\":\"WebPage\",\"@id\":\"https:\/\/brasilnoticias.org\/site\/g7-condena-ataque-do-ira-contra-israel\/\",\"url\":\"https:\/\/brasilnoticias.org\/site\/g7-condena-ataque-do-ira-contra-israel\/\",\"name\":\"G7 condena ataque do Ir\u00e3 contra Israel - Brasil not\u00edcias\",\"isPartOf\":{\"@id\":\"https:\/\/brasilnoticias.org\/site\/#website\"},\"primaryImageOfPage\":{\"@id\":\"https:\/\/brasilnoticias.org\/site\/g7-condena-ataque-do-ira-contra-israel\/#primaryimage\"},\"image\":{\"@id\":\"https:\/\/brasilnoticias.org\/site\/g7-condena-ataque-do-ira-contra-israel\/#primaryimage\"},\"thumbnailUrl\":\"https:\/\/brasilnoticias.org\/site\/wp-content\/uploads\/2024\/04\/148722g7-condena-ataque-do-ira-contra-israel-3.jpg\",\"datePublished\":\"2024-04-15T00:03:56+00:00\",\"breadcrumb\":{\"@id\":\"https:\/\/brasilnoticias.org\/site\/g7-condena-ataque-do-ira-contra-israel\/#breadcrumb\"},\"inLanguage\":\"pt-PT\",\"potentialAction\":[{\"@type\":\"ReadAction\",\"target\":[\"https:\/\/brasilnoticias.org\/site\/g7-condena-ataque-do-ira-contra-israel\/\"]}]},{\"@type\":\"ImageObject\",\"inLanguage\":\"pt-PT\",\"@id\":\"https:\/\/brasilnoticias.org\/site\/g7-condena-ataque-do-ira-contra-israel\/#primaryimage\",\"url\":\"https:\/\/brasilnoticias.org\/site\/wp-content\/uploads\/2024\/04\/148722g7-condena-ataque-do-ira-contra-israel-3.jpg\",\"contentUrl\":\"https:\/\/brasilnoticias.org\/site\/wp-content\/uploads\/2024\/04\/148722g7-condena-ataque-do-ira-contra-israel-3.jpg\",\"width\":1600,\"height\":752},{\"@type\":\"BreadcrumbList\",\"@id\":\"https:\/\/brasilnoticias.org\/site\/g7-condena-ataque-do-ira-contra-israel\/#breadcrumb\",\"itemListElement\":[{\"@type\":\"ListItem\",\"position\":1,\"name\":\"In\u00edcio\",\"item\":\"https:\/\/brasilnoticias.org\/site\/\"},{\"@type\":\"ListItem\",\"position\":2,\"name\":\"G7 condena ataque do Ir\u00e3 contra Israel\"}]},{\"@type\":\"WebSite\",\"@id\":\"https:\/\/brasilnoticias.org\/site\/#website\",\"url\":\"https:\/\/brasilnoticias.org\/site\/\",\"name\":\"Brasil not\u00edcias\",\"description\":\"Brasil not\u00edcias\",\"publisher\":{\"@id\":\"https:\/\/brasilnoticias.org\/site\/#organization\"},\"potentialAction\":[{\"@type\":\"SearchAction\",\"target\":{\"@type\":\"EntryPoint\",\"urlTemplate\":\"https:\/\/brasilnoticias.org\/site\/?s={search_term_string}\"},\"query-input\":{\"@type\":\"PropertyValueSpecification\",\"valueRequired\":true,\"valueName\":\"search_term_string\"}}],\"inLanguage\":\"pt-PT\"},{\"@type\":\"Organization\",\"@id\":\"https:\/\/brasilnoticias.org\/site\/#organization\",\"name\":\"Brasil not\u00edcias\",\"url\":\"https:\/\/brasilnoticias.org\/site\/\",\"logo\":{\"@type\":\"ImageObject\",\"inLanguage\":\"pt-PT\",\"@id\":\"https:\/\/brasilnoticias.org\/site\/#\/schema\/logo\/image\/\",\"url\":\"https:\/\/brasilnoticias.org\/site\/wp-content\/uploads\/2022\/05\/cropped-brasilnoticias-mini.jpg\",\"contentUrl\":\"https:\/\/brasilnoticias.org\/site\/wp-content\/uploads\/2022\/05\/cropped-brasilnoticias-mini.jpg\",\"width\":314,\"height\":86,\"caption\":\"Brasil not\u00edcias\"},\"image\":{\"@id\":\"https:\/\/brasilnoticias.org\/site\/#\/schema\/logo\/image\/\"}},{\"@type\":\"Person\",\"@id\":\"https:\/\/brasilnoticias.org\/site\/#\/schema\/person\/03bbbfe6c7634ad18c26444ea39049fa\",\"name\":\"Reda\u00e7\u00e3o\",\"image\":{\"@type\":\"ImageObject\",\"inLanguage\":\"pt-PT\",\"@id\":\"https:\/\/brasilnoticias.org\/site\/#\/schema\/person\/image\/\",\"url\":\"https:\/\/secure.gravatar.com\/avatar\/9ecaf7327a696cb23ad926fedded5f1f04d7049de9e445375d55b48c001a6e42?s=96&d=mm&r=g\",\"contentUrl\":\"https:\/\/secure.gravatar.com\/avatar\/9ecaf7327a696cb23ad926fedded5f1f04d7049de9e445375d55b48c001a6e42?s=96&d=mm&r=g\",\"caption\":\"Reda\u00e7\u00e3o\"},\"url\":\"https:\/\/brasilnoticias.org\/site\/author\/henrique\/\"}]}<\/script>\n<!-- \/ Yoast SEO plugin. -->","yoast_head_json":{"title":"G7 condena ataque do Ir\u00e3 contra Israel - Brasil not\u00edcias","robots":{"index":"index","follow":"follow","max-snippet":"max-snippet:-1","max-image-preview":"max-image-preview:large","max-video-preview":"max-video-preview:-1"},"canonical":"https:\/\/brasilnoticias.org\/site\/g7-condena-ataque-do-ira-contra-israel\/","og_locale":"pt_PT","og_type":"article","og_title":"G7 condena ataque do Ir\u00e3 contra Israel - Brasil not\u00edcias","og_description":"A presidente da Comiss\u00e3o Europeia, Ursula von der Leyen, refor\u00e7ou o compromisso com Tel Aviv O G7, grupo com 7","og_url":"https:\/\/brasilnoticias.org\/site\/g7-condena-ataque-do-ira-contra-israel\/","og_site_name":"Brasil not\u00edcias","article_published_time":"2024-04-15T00:03:56+00:00","og_image":[{"width":1600,"height":752,"url":"https:\/\/brasilnoticias.org\/site\/wp-content\/uploads\/2024\/04\/148722g7-condena-ataque-do-ira-contra-israel-3.jpg","type":"image\/jpeg"}],"author":"Reda\u00e7\u00e3o","twitter_card":"summary_large_image","twitter_misc":{"Escrito por":"Reda\u00e7\u00e3o","Tempo estimado de leitura":"1 minuto"},"schema":{"@context":"https:\/\/schema.org","@graph":[{"@type":"Article","@id":"https:\/\/brasilnoticias.org\/site\/g7-condena-ataque-do-ira-contra-israel\/#article","isPartOf":{"@id":"https:\/\/brasilnoticias.org\/site\/g7-condena-ataque-do-ira-contra-israel\/"},"author":{"name":"Reda\u00e7\u00e3o","@id":"https:\/\/brasilnoticias.org\/site\/#\/schema\/person\/03bbbfe6c7634ad18c26444ea39049fa"},"headline":"G7 condena ataque do Ir\u00e3 contra Israel","datePublished":"2024-04-15T00:03:56+00:00","mainEntityOfPage":{"@id":"https:\/\/brasilnoticias.org\/site\/g7-condena-ataque-do-ira-contra-israel\/"},"wordCount":281,"commentCount":0,"publisher":{"@id":"https:\/\/brasilnoticias.org\/site\/#organization"},"image":{"@id":"https:\/\/brasilnoticias.org\/site\/g7-condena-ataque-do-ira-contra-israel\/#primaryimage"},"thumbnailUrl":"https:\/\/brasilnoticias.org\/site\/wp-content\/uploads\/2024\/04\/148722g7-condena-ataque-do-ira-contra-israel-3.jpg","articleSection":["Mundo","\u00daltimas"],"inLanguage":"pt-PT","potentialAction":[{"@type":"CommentAction","name":"Comment","target":["https:\/\/brasilnoticias.org\/site\/g7-condena-ataque-do-ira-contra-israel\/#respond"]}]},{"@type":"WebPage","@id":"https:\/\/brasilnoticias.org\/site\/g7-condena-ataque-do-ira-contra-israel\/","url":"https:\/\/brasilnoticias.org\/site\/g7-condena-ataque-do-ira-contra-israel\/","name":"G7 condena ataque do Ir\u00e3 contra Israel - Brasil not\u00edcias","isPartOf":{"@id":"https:\/\/brasilnoticias.org\/site\/#website"},"primaryImageOfPage":{"@id":"https:\/\/brasilnoticias.org\/site\/g7-condena-ataque-do-ira-contra-israel\/#primaryimage"},"image":{"@id":"https:\/\/brasilnoticias.org\/site\/g7-condena-ataque-do-ira-contra-israel\/#primaryimage"},"thumbnailUrl":"https:\/\/brasilnoticias.org\/site\/wp-content\/uploads\/2024\/04\/148722g7-condena-ataque-do-ira-contra-israel-3.jpg","datePublished":"2024-04-15T00:03:56+00:00","breadcrumb":{"@id":"https:\/\/brasilnoticias.org\/site\/g7-condena-ataque-do-ira-contra-israel\/#breadcrumb"},"inLanguage":"pt-PT","potentialAction":[{"@type":"ReadAction","target":["https:\/\/brasilnoticias.org\/site\/g7-condena-ataque-do-ira-contra-israel\/"]}]},{"@type":"ImageObject","inLanguage":"pt-PT","@id":"https:\/\/brasilnoticias.org\/site\/g7-condena-ataque-do-ira-contra-israel\/#primaryimage","url":"https:\/\/brasilnoticias.org\/site\/wp-content\/uploads\/2024\/04\/148722g7-condena-ataque-do-ira-contra-israel-3.jpg","contentUrl":"https:\/\/brasilnoticias.org\/site\/wp-content\/uploads\/2024\/04\/148722g7-condena-ataque-do-ira-contra-israel-3.jpg","width":1600,"height":752},{"@type":"BreadcrumbList","@id":"https:\/\/brasilnoticias.org\/site\/g7-condena-ataque-do-ira-contra-israel\/#breadcrumb","itemListElement":[{"@type":"ListItem","position":1,"name":"In\u00edcio","item":"https:\/\/brasilnoticias.org\/site\/"},{"@type":"ListItem","position":2,"name":"G7 condena ataque do Ir\u00e3 contra Israel"}]},{"@type":"WebSite","@id":"https:\/\/brasilnoticias.org\/site\/#website","url":"https:\/\/brasilnoticias.org\/site\/","name":"Brasil not\u00edcias","description":"Brasil not\u00edcias","publisher":{"@id":"https:\/\/brasilnoticias.org\/site\/#organization"},"potentialAction":[{"@type":"SearchAction","target":{"@type":"EntryPoint","urlTemplate":"https:\/\/brasilnoticias.org\/site\/?s={search_term_string}"},"query-input":{"@type":"PropertyValueSpecification","valueRequired":true,"valueName":"search_term_string"}}],"inLanguage":"pt-PT"},{"@type":"Organization","@id":"https:\/\/brasilnoticias.org\/site\/#organization","name":"Brasil not\u00edcias","url":"https:\/\/brasilnoticias.org\/site\/","logo":{"@type":"ImageObject","inLanguage":"pt-PT","@id":"https:\/\/brasilnoticias.org\/site\/#\/schema\/logo\/image\/","url":"https:\/\/brasilnoticias.org\/site\/wp-content\/uploads\/2022\/05\/cropped-brasilnoticias-mini.jpg","contentUrl":"https:\/\/brasilnoticias.org\/site\/wp-content\/uploads\/2022\/05\/cropped-brasilnoticias-mini.jpg","width":314,"height":86,"caption":"Brasil not\u00edcias"},"image":{"@id":"https:\/\/brasilnoticias.org\/site\/#\/schema\/logo\/image\/"}},{"@type":"Person","@id":"https:\/\/brasilnoticias.org\/site\/#\/schema\/person\/03bbbfe6c7634ad18c26444ea39049fa","name":"Reda\u00e7\u00e3o","image":{"@type":"ImageObject","inLanguage":"pt-PT","@id":"https:\/\/brasilnoticias.org\/site\/#\/schema\/person\/image\/","url":"https:\/\/secure.gravatar.com\/avatar\/9ecaf7327a696cb23ad926fedded5f1f04d7049de9e445375d55b48c001a6e42?s=96&d=mm&r=g","contentUrl":"https:\/\/secure.gravatar.com\/avatar\/9ecaf7327a696cb23ad926fedded5f1f04d7049de9e445375d55b48c001a6e42?s=96&d=mm&r=g","caption":"Reda\u00e7\u00e3o"},"url":"https:\/\/brasilnoticias.org\/site\/author\/henrique\/"}]}},"_links":{"self":[{"href":"https:\/\/brasilnoticias.org\/site\/wp-json\/wp\/v2\/posts\/13600","targetHints":{"allow":["GET"]}}],"collection":[{"href":"https:\/\/brasilnoticias.org\/site\/wp-json\/wp\/v2\/posts"}],"about":[{"href":"https:\/\/brasilnoticias.org\/site\/wp-json\/wp\/v2\/types\/post"}],"author":[{"embeddable":true,"href":"https:\/\/brasilnoticias.org\/site\/wp-json\/wp\/v2\/users\/4"}],"replies":[{"embeddable":true,"href":"https:\/\/brasilnoticias.org\/site\/wp-json\/wp\/v2\/comments?post=13600"}],"version-history":[{"count":1,"href":"https:\/\/brasilnoticias.org\/site\/wp-json\/wp\/v2\/posts\/13600\/revisions"}],"predecessor-version":[{"id":13602,"href":"https:\/\/brasilnoticias.org\/site\/wp-json\/wp\/v2\/posts\/13600\/revisions\/13602"}],"wp:featuredmedia":[{"embeddable":true,"href":"https:\/\/brasilnoticias.org\/site\/wp-json\/wp\/v2\/media\/13601"}],"wp:attachment":[{"href":"https:\/\/brasilnoticias.org\/site\/wp-json\/wp\/v2\/media?parent=13600"}],"wp:term":[{"taxonomy":"category","embeddable":true,"href":"https:\/\/brasilnoticias.org\/site\/wp-json\/wp\/v2\/categories?post=13600"},{"taxonomy":"post_tag","embeddable":true,"href":"https:\/\/brasilnoticias.org\/site\/wp-json\/wp\/v2\/tags?post=13600"}],"curies":[{"name":"wp","href":"https:\/\/api.w.org\/{rel}","templated":true}]}}