{"id":13609,"date":"2024-04-14T21:06:55","date_gmt":"2024-04-15T00:06:55","guid":{"rendered":"https:\/\/brasilnoticias.org\/site\/?p=13609"},"modified":"2024-04-14T21:06:55","modified_gmt":"2024-04-15T00:06:55","slug":"eua-dizem-a-netanyahu-que-nao-pretendem-entrar-em-guerra-com-ira","status":"publish","type":"post","link":"https:\/\/brasilnoticias.org\/site\/eua-dizem-a-netanyahu-que-nao-pretendem-entrar-em-guerra-com-ira\/","title":{"rendered":"EUA dizem a Netanyahu que n\u00e3o pretendem entrar em guerra com Ir\u00e3"},"content":{"rendered":"<p>Segundo Casa Branca, EUA n\u00e3o quer participar de uma batalha, mas se Ir\u00e3 atacar tropas norte-americanas, haver\u00e1 \u201cconsequ\u00eancias\u201d<\/p>\n<p>O porta-voz da Seguran\u00e7a dos EUA, John Kirby, declarou neste domingo (14) que a mensagem do presidente norte-americano Joe Biden para o primeiro-ministro israelense, Benjamin Netanyahu, foi de que o pa\u00eds continuar\u00e1 ao lado de Israel, mas n\u00e3o quer guerra com o Ir\u00e3. A fala foi feita em entrevista ao programa \u201cThis Week\u201d, da emissora ABC\u2019s. <\/p>\n<p>\u201cA mensagem do presidente para o primeiro-ministro foi de que ele sabe que os EUA est\u00e3o ao lado de Israel [\u2026] Israel demonstrou uma capacidade militar superior ao que os iranianos lan\u00e7aram contra eles e, claro, como n\u00f3s dissemos muitas, muitas vezes, n\u00f3s n\u00e3o queremos ver a situa\u00e7\u00e3o escalar mais. N\u00f3s n\u00e3o estamos procurando por uma guerra contra o Ir\u00e3\u201d, disse Kirby.<\/p>\n<p>Embora tenha dito que os Estados Unidos n\u00e3o tem interesse em participar de um grande conflito com o Ir\u00e3, o porta-voz afirmou que caso o Ir\u00e3 ataque as tropas americanas que est\u00e3o no local, haver\u00e1 \u201cconsequ\u00eancias\u201d.<\/p>\n<p>Foto: Adam Schultz\/Casa Branca<br \/>\nPor: Metro1<\/p>\n","protected":false},"excerpt":{"rendered":"<p>Segundo Casa Branca, EUA n\u00e3o quer participar de uma batalha, mas se Ir\u00e3 atacar tropas norte-americanas, haver\u00e1 \u201cconsequ\u00eancias\u201d O porta-voz<\/p>\n","protected":false},"author":4,"featured_media":13610,"comment_status":"open","ping_status":"open","sticky":false,"template":"","format":"standard","meta":{"colormag_page_container_layout":"default_layout","colormag_page_sidebar_layout":"default_layout","_FSMCFIC_featured_image_caption":"","_FSMCFIC_featured_image_nocaption":"","_FSMCFIC_featured_image_hide":"","footnotes":""},"categories":[6,1],"tags":[],"class_list":["post-13609","post","type-post","status-publish","format-standard","has-post-thumbnail","hentry","category-mundo","category-ultimas"],"yoast_head":"<!-- This site is optimized with the Yoast SEO plugin v27.1.1 - https:\/\/yoast.com\/product\/yoast-seo-wordpress\/ -->\n<title>EUA dizem a Netanyahu que n\u00e3o pretendem entrar em guerra com Ir\u00e3 - Brasil not\u00edcias<\/title>\n<meta name=\"robots\" content=\"index, follow, max-snippet:-1, max-image-preview:large, max-video-preview:-1\" \/>\n<link rel=\"canonical\" href=\"https:\/\/brasilnoticias.org\/site\/eua-dizem-a-netanyahu-que-nao-pretendem-entrar-em-guerra-com-ira\/\" \/>\n<meta property=\"og:locale\" content=\"pt_PT\" \/>\n<meta property=\"og:type\" content=\"article\" \/>\n<meta property=\"og:title\" content=\"EUA dizem a Netanyahu que n\u00e3o pretendem entrar em guerra com Ir\u00e3 - Brasil not\u00edcias\" \/>\n<meta property=\"og:description\" content=\"Segundo Casa Branca, EUA n\u00e3o quer participar de uma batalha, mas se Ir\u00e3 atacar tropas norte-americanas, haver\u00e1 \u201cconsequ\u00eancias\u201d O porta-voz\" \/>\n<meta property=\"og:url\" content=\"https:\/\/brasilnoticias.org\/site\/eua-dizem-a-netanyahu-que-nao-pretendem-entrar-em-guerra-com-ira\/\" \/>\n<meta property=\"og:site_name\" content=\"Brasil not\u00edcias\" \/>\n<meta property=\"article:published_time\" content=\"2024-04-15T00:06:55+00:00\" \/>\n<meta property=\"og:image\" content=\"https:\/\/brasilnoticias.org\/site\/wp-content\/uploads\/2024\/04\/148729eua-dizem-a-netanyahu-que-nao-pretendem-entrar-em-guerra-com-ira-3.jpg\" \/>\n\t<meta property=\"og:image:width\" content=\"1600\" \/>\n\t<meta property=\"og:image:height\" content=\"752\" \/>\n\t<meta property=\"og:image:type\" content=\"image\/jpeg\" \/>\n<meta name=\"author\" content=\"Reda\u00e7\u00e3o\" \/>\n<meta name=\"twitter:card\" content=\"summary_large_image\" \/>\n<meta name=\"twitter:label1\" content=\"Escrito por\" \/>\n\t<meta name=\"twitter:data1\" content=\"Reda\u00e7\u00e3o\" \/>\n<script type=\"application\/ld+json\" class=\"yoast-schema-graph\">{\"@context\":\"https:\/\/schema.org\",\"@graph\":[{\"@type\":\"Article\",\"@id\":\"https:\/\/brasilnoticias.org\/site\/eua-dizem-a-netanyahu-que-nao-pretendem-entrar-em-guerra-com-ira\/#article\",\"isPartOf\":{\"@id\":\"https:\/\/brasilnoticias.org\/site\/eua-dizem-a-netanyahu-que-nao-pretendem-entrar-em-guerra-com-ira\/\"},\"author\":{\"name\":\"Reda\u00e7\u00e3o\",\"@id\":\"https:\/\/brasilnoticias.org\/site\/#\/schema\/person\/03bbbfe6c7634ad18c26444ea39049fa\"},\"headline\":\"EUA dizem a Netanyahu que n\u00e3o pretendem entrar em guerra com Ir\u00e3\",\"datePublished\":\"2024-04-15T00:06:55+00:00\",\"mainEntityOfPage\":{\"@id\":\"https:\/\/brasilnoticias.org\/site\/eua-dizem-a-netanyahu-que-nao-pretendem-entrar-em-guerra-com-ira\/\"},\"wordCount\":207,\"commentCount\":0,\"publisher\":{\"@id\":\"https:\/\/brasilnoticias.org\/site\/#organization\"},\"image\":{\"@id\":\"https:\/\/brasilnoticias.org\/site\/eua-dizem-a-netanyahu-que-nao-pretendem-entrar-em-guerra-com-ira\/#primaryimage\"},\"thumbnailUrl\":\"https:\/\/brasilnoticias.org\/site\/wp-content\/uploads\/2024\/04\/148729eua-dizem-a-netanyahu-que-nao-pretendem-entrar-em-guerra-com-ira-3.jpg\",\"articleSection\":[\"Mundo\",\"\u00daltimas\"],\"inLanguage\":\"pt-PT\",\"potentialAction\":[{\"@type\":\"CommentAction\",\"name\":\"Comment\",\"target\":[\"https:\/\/brasilnoticias.org\/site\/eua-dizem-a-netanyahu-que-nao-pretendem-entrar-em-guerra-com-ira\/#respond\"]}]},{\"@type\":\"WebPage\",\"@id\":\"https:\/\/brasilnoticias.org\/site\/eua-dizem-a-netanyahu-que-nao-pretendem-entrar-em-guerra-com-ira\/\",\"url\":\"https:\/\/brasilnoticias.org\/site\/eua-dizem-a-netanyahu-que-nao-pretendem-entrar-em-guerra-com-ira\/\",\"name\":\"EUA dizem a Netanyahu que n\u00e3o pretendem entrar em guerra com Ir\u00e3 - Brasil not\u00edcias\",\"isPartOf\":{\"@id\":\"https:\/\/brasilnoticias.org\/site\/#website\"},\"primaryImageOfPage\":{\"@id\":\"https:\/\/brasilnoticias.org\/site\/eua-dizem-a-netanyahu-que-nao-pretendem-entrar-em-guerra-com-ira\/#primaryimage\"},\"image\":{\"@id\":\"https:\/\/brasilnoticias.org\/site\/eua-dizem-a-netanyahu-que-nao-pretendem-entrar-em-guerra-com-ira\/#primaryimage\"},\"thumbnailUrl\":\"https:\/\/brasilnoticias.org\/site\/wp-content\/uploads\/2024\/04\/148729eua-dizem-a-netanyahu-que-nao-pretendem-entrar-em-guerra-com-ira-3.jpg\",\"datePublished\":\"2024-04-15T00:06:55+00:00\",\"breadcrumb\":{\"@id\":\"https:\/\/brasilnoticias.org\/site\/eua-dizem-a-netanyahu-que-nao-pretendem-entrar-em-guerra-com-ira\/#breadcrumb\"},\"inLanguage\":\"pt-PT\",\"potentialAction\":[{\"@type\":\"ReadAction\",\"target\":[\"https:\/\/brasilnoticias.org\/site\/eua-dizem-a-netanyahu-que-nao-pretendem-entrar-em-guerra-com-ira\/\"]}]},{\"@type\":\"ImageObject\",\"inLanguage\":\"pt-PT\",\"@id\":\"https:\/\/brasilnoticias.org\/site\/eua-dizem-a-netanyahu-que-nao-pretendem-entrar-em-guerra-com-ira\/#primaryimage\",\"url\":\"https:\/\/brasilnoticias.org\/site\/wp-content\/uploads\/2024\/04\/148729eua-dizem-a-netanyahu-que-nao-pretendem-entrar-em-guerra-com-ira-3.jpg\",\"contentUrl\":\"https:\/\/brasilnoticias.org\/site\/wp-content\/uploads\/2024\/04\/148729eua-dizem-a-netanyahu-que-nao-pretendem-entrar-em-guerra-com-ira-3.jpg\",\"width\":1600,\"height\":752},{\"@type\":\"BreadcrumbList\",\"@id\":\"https:\/\/brasilnoticias.org\/site\/eua-dizem-a-netanyahu-que-nao-pretendem-entrar-em-guerra-com-ira\/#breadcrumb\",\"itemListElement\":[{\"@type\":\"ListItem\",\"position\":1,\"name\":\"In\u00edcio\",\"item\":\"https:\/\/brasilnoticias.org\/site\/\"},{\"@type\":\"ListItem\",\"position\":2,\"name\":\"EUA dizem a Netanyahu que n\u00e3o pretendem entrar em guerra com Ir\u00e3\"}]},{\"@type\":\"WebSite\",\"@id\":\"https:\/\/brasilnoticias.org\/site\/#website\",\"url\":\"https:\/\/brasilnoticias.org\/site\/\",\"name\":\"Brasil not\u00edcias\",\"description\":\"Brasil not\u00edcias\",\"publisher\":{\"@id\":\"https:\/\/brasilnoticias.org\/site\/#organization\"},\"potentialAction\":[{\"@type\":\"SearchAction\",\"target\":{\"@type\":\"EntryPoint\",\"urlTemplate\":\"https:\/\/brasilnoticias.org\/site\/?s={search_term_string}\"},\"query-input\":{\"@type\":\"PropertyValueSpecification\",\"valueRequired\":true,\"valueName\":\"search_term_string\"}}],\"inLanguage\":\"pt-PT\"},{\"@type\":\"Organization\",\"@id\":\"https:\/\/brasilnoticias.org\/site\/#organization\",\"name\":\"Brasil not\u00edcias\",\"url\":\"https:\/\/brasilnoticias.org\/site\/\",\"logo\":{\"@type\":\"ImageObject\",\"inLanguage\":\"pt-PT\",\"@id\":\"https:\/\/brasilnoticias.org\/site\/#\/schema\/logo\/image\/\",\"url\":\"https:\/\/brasilnoticias.org\/site\/wp-content\/uploads\/2022\/05\/cropped-brasilnoticias-mini.jpg\",\"contentUrl\":\"https:\/\/brasilnoticias.org\/site\/wp-content\/uploads\/2022\/05\/cropped-brasilnoticias-mini.jpg\",\"width\":314,\"height\":86,\"caption\":\"Brasil not\u00edcias\"},\"image\":{\"@id\":\"https:\/\/brasilnoticias.org\/site\/#\/schema\/logo\/image\/\"}},{\"@type\":\"Person\",\"@id\":\"https:\/\/brasilnoticias.org\/site\/#\/schema\/person\/03bbbfe6c7634ad18c26444ea39049fa\",\"name\":\"Reda\u00e7\u00e3o\",\"image\":{\"@type\":\"ImageObject\",\"inLanguage\":\"pt-PT\",\"@id\":\"https:\/\/brasilnoticias.org\/site\/#\/schema\/person\/image\/\",\"url\":\"https:\/\/secure.gravatar.com\/avatar\/9ecaf7327a696cb23ad926fedded5f1f04d7049de9e445375d55b48c001a6e42?s=96&d=mm&r=g\",\"contentUrl\":\"https:\/\/secure.gravatar.com\/avatar\/9ecaf7327a696cb23ad926fedded5f1f04d7049de9e445375d55b48c001a6e42?s=96&d=mm&r=g\",\"caption\":\"Reda\u00e7\u00e3o\"},\"url\":\"https:\/\/brasilnoticias.org\/site\/author\/henrique\/\"}]}<\/script>\n<!-- \/ Yoast SEO plugin. -->","yoast_head_json":{"title":"EUA dizem a Netanyahu que n\u00e3o pretendem entrar em guerra com Ir\u00e3 - Brasil not\u00edcias","robots":{"index":"index","follow":"follow","max-snippet":"max-snippet:-1","max-image-preview":"max-image-preview:large","max-video-preview":"max-video-preview:-1"},"canonical":"https:\/\/brasilnoticias.org\/site\/eua-dizem-a-netanyahu-que-nao-pretendem-entrar-em-guerra-com-ira\/","og_locale":"pt_PT","og_type":"article","og_title":"EUA dizem a Netanyahu que n\u00e3o pretendem entrar em guerra com Ir\u00e3 - Brasil not\u00edcias","og_description":"Segundo Casa Branca, EUA n\u00e3o quer participar de uma batalha, mas se Ir\u00e3 atacar tropas norte-americanas, haver\u00e1 \u201cconsequ\u00eancias\u201d O porta-voz","og_url":"https:\/\/brasilnoticias.org\/site\/eua-dizem-a-netanyahu-que-nao-pretendem-entrar-em-guerra-com-ira\/","og_site_name":"Brasil not\u00edcias","article_published_time":"2024-04-15T00:06:55+00:00","og_image":[{"width":1600,"height":752,"url":"https:\/\/brasilnoticias.org\/site\/wp-content\/uploads\/2024\/04\/148729eua-dizem-a-netanyahu-que-nao-pretendem-entrar-em-guerra-com-ira-3.jpg","type":"image\/jpeg"}],"author":"Reda\u00e7\u00e3o","twitter_card":"summary_large_image","twitter_misc":{"Escrito por":"Reda\u00e7\u00e3o"},"schema":{"@context":"https:\/\/schema.org","@graph":[{"@type":"Article","@id":"https:\/\/brasilnoticias.org\/site\/eua-dizem-a-netanyahu-que-nao-pretendem-entrar-em-guerra-com-ira\/#article","isPartOf":{"@id":"https:\/\/brasilnoticias.org\/site\/eua-dizem-a-netanyahu-que-nao-pretendem-entrar-em-guerra-com-ira\/"},"author":{"name":"Reda\u00e7\u00e3o","@id":"https:\/\/brasilnoticias.org\/site\/#\/schema\/person\/03bbbfe6c7634ad18c26444ea39049fa"},"headline":"EUA dizem a Netanyahu que n\u00e3o pretendem entrar em guerra com Ir\u00e3","datePublished":"2024-04-15T00:06:55+00:00","mainEntityOfPage":{"@id":"https:\/\/brasilnoticias.org\/site\/eua-dizem-a-netanyahu-que-nao-pretendem-entrar-em-guerra-com-ira\/"},"wordCount":207,"commentCount":0,"publisher":{"@id":"https:\/\/brasilnoticias.org\/site\/#organization"},"image":{"@id":"https:\/\/brasilnoticias.org\/site\/eua-dizem-a-netanyahu-que-nao-pretendem-entrar-em-guerra-com-ira\/#primaryimage"},"thumbnailUrl":"https:\/\/brasilnoticias.org\/site\/wp-content\/uploads\/2024\/04\/148729eua-dizem-a-netanyahu-que-nao-pretendem-entrar-em-guerra-com-ira-3.jpg","articleSection":["Mundo","\u00daltimas"],"inLanguage":"pt-PT","potentialAction":[{"@type":"CommentAction","name":"Comment","target":["https:\/\/brasilnoticias.org\/site\/eua-dizem-a-netanyahu-que-nao-pretendem-entrar-em-guerra-com-ira\/#respond"]}]},{"@type":"WebPage","@id":"https:\/\/brasilnoticias.org\/site\/eua-dizem-a-netanyahu-que-nao-pretendem-entrar-em-guerra-com-ira\/","url":"https:\/\/brasilnoticias.org\/site\/eua-dizem-a-netanyahu-que-nao-pretendem-entrar-em-guerra-com-ira\/","name":"EUA dizem a Netanyahu que n\u00e3o pretendem entrar em guerra com Ir\u00e3 - Brasil not\u00edcias","isPartOf":{"@id":"https:\/\/brasilnoticias.org\/site\/#website"},"primaryImageOfPage":{"@id":"https:\/\/brasilnoticias.org\/site\/eua-dizem-a-netanyahu-que-nao-pretendem-entrar-em-guerra-com-ira\/#primaryimage"},"image":{"@id":"https:\/\/brasilnoticias.org\/site\/eua-dizem-a-netanyahu-que-nao-pretendem-entrar-em-guerra-com-ira\/#primaryimage"},"thumbnailUrl":"https:\/\/brasilnoticias.org\/site\/wp-content\/uploads\/2024\/04\/148729eua-dizem-a-netanyahu-que-nao-pretendem-entrar-em-guerra-com-ira-3.jpg","datePublished":"2024-04-15T00:06:55+00:00","breadcrumb":{"@id":"https:\/\/brasilnoticias.org\/site\/eua-dizem-a-netanyahu-que-nao-pretendem-entrar-em-guerra-com-ira\/#breadcrumb"},"inLanguage":"pt-PT","potentialAction":[{"@type":"ReadAction","target":["https:\/\/brasilnoticias.org\/site\/eua-dizem-a-netanyahu-que-nao-pretendem-entrar-em-guerra-com-ira\/"]}]},{"@type":"ImageObject","inLanguage":"pt-PT","@id":"https:\/\/brasilnoticias.org\/site\/eua-dizem-a-netanyahu-que-nao-pretendem-entrar-em-guerra-com-ira\/#primaryimage","url":"https:\/\/brasilnoticias.org\/site\/wp-content\/uploads\/2024\/04\/148729eua-dizem-a-netanyahu-que-nao-pretendem-entrar-em-guerra-com-ira-3.jpg","contentUrl":"https:\/\/brasilnoticias.org\/site\/wp-content\/uploads\/2024\/04\/148729eua-dizem-a-netanyahu-que-nao-pretendem-entrar-em-guerra-com-ira-3.jpg","width":1600,"height":752},{"@type":"BreadcrumbList","@id":"https:\/\/brasilnoticias.org\/site\/eua-dizem-a-netanyahu-que-nao-pretendem-entrar-em-guerra-com-ira\/#breadcrumb","itemListElement":[{"@type":"ListItem","position":1,"name":"In\u00edcio","item":"https:\/\/brasilnoticias.org\/site\/"},{"@type":"ListItem","position":2,"name":"EUA dizem a Netanyahu que n\u00e3o pretendem entrar em guerra com Ir\u00e3"}]},{"@type":"WebSite","@id":"https:\/\/brasilnoticias.org\/site\/#website","url":"https:\/\/brasilnoticias.org\/site\/","name":"Brasil not\u00edcias","description":"Brasil not\u00edcias","publisher":{"@id":"https:\/\/brasilnoticias.org\/site\/#organization"},"potentialAction":[{"@type":"SearchAction","target":{"@type":"EntryPoint","urlTemplate":"https:\/\/brasilnoticias.org\/site\/?s={search_term_string}"},"query-input":{"@type":"PropertyValueSpecification","valueRequired":true,"valueName":"search_term_string"}}],"inLanguage":"pt-PT"},{"@type":"Organization","@id":"https:\/\/brasilnoticias.org\/site\/#organization","name":"Brasil not\u00edcias","url":"https:\/\/brasilnoticias.org\/site\/","logo":{"@type":"ImageObject","inLanguage":"pt-PT","@id":"https:\/\/brasilnoticias.org\/site\/#\/schema\/logo\/image\/","url":"https:\/\/brasilnoticias.org\/site\/wp-content\/uploads\/2022\/05\/cropped-brasilnoticias-mini.jpg","contentUrl":"https:\/\/brasilnoticias.org\/site\/wp-content\/uploads\/2022\/05\/cropped-brasilnoticias-mini.jpg","width":314,"height":86,"caption":"Brasil not\u00edcias"},"image":{"@id":"https:\/\/brasilnoticias.org\/site\/#\/schema\/logo\/image\/"}},{"@type":"Person","@id":"https:\/\/brasilnoticias.org\/site\/#\/schema\/person\/03bbbfe6c7634ad18c26444ea39049fa","name":"Reda\u00e7\u00e3o","image":{"@type":"ImageObject","inLanguage":"pt-PT","@id":"https:\/\/brasilnoticias.org\/site\/#\/schema\/person\/image\/","url":"https:\/\/secure.gravatar.com\/avatar\/9ecaf7327a696cb23ad926fedded5f1f04d7049de9e445375d55b48c001a6e42?s=96&d=mm&r=g","contentUrl":"https:\/\/secure.gravatar.com\/avatar\/9ecaf7327a696cb23ad926fedded5f1f04d7049de9e445375d55b48c001a6e42?s=96&d=mm&r=g","caption":"Reda\u00e7\u00e3o"},"url":"https:\/\/brasilnoticias.org\/site\/author\/henrique\/"}]}},"_links":{"self":[{"href":"https:\/\/brasilnoticias.org\/site\/wp-json\/wp\/v2\/posts\/13609","targetHints":{"allow":["GET"]}}],"collection":[{"href":"https:\/\/brasilnoticias.org\/site\/wp-json\/wp\/v2\/posts"}],"about":[{"href":"https:\/\/brasilnoticias.org\/site\/wp-json\/wp\/v2\/types\/post"}],"author":[{"embeddable":true,"href":"https:\/\/brasilnoticias.org\/site\/wp-json\/wp\/v2\/users\/4"}],"replies":[{"embeddable":true,"href":"https:\/\/brasilnoticias.org\/site\/wp-json\/wp\/v2\/comments?post=13609"}],"version-history":[{"count":1,"href":"https:\/\/brasilnoticias.org\/site\/wp-json\/wp\/v2\/posts\/13609\/revisions"}],"predecessor-version":[{"id":13611,"href":"https:\/\/brasilnoticias.org\/site\/wp-json\/wp\/v2\/posts\/13609\/revisions\/13611"}],"wp:featuredmedia":[{"embeddable":true,"href":"https:\/\/brasilnoticias.org\/site\/wp-json\/wp\/v2\/media\/13610"}],"wp:attachment":[{"href":"https:\/\/brasilnoticias.org\/site\/wp-json\/wp\/v2\/media?parent=13609"}],"wp:term":[{"taxonomy":"category","embeddable":true,"href":"https:\/\/brasilnoticias.org\/site\/wp-json\/wp\/v2\/categories?post=13609"},{"taxonomy":"post_tag","embeddable":true,"href":"https:\/\/brasilnoticias.org\/site\/wp-json\/wp\/v2\/tags?post=13609"}],"curies":[{"name":"wp","href":"https:\/\/api.w.org\/{rel}","templated":true}]}}