{"id":13612,"date":"2024-04-14T21:07:56","date_gmt":"2024-04-15T00:07:56","guid":{"rendered":"https:\/\/brasilnoticias.org\/site\/?p=13612"},"modified":"2024-04-14T21:07:56","modified_gmt":"2024-04-15T00:07:56","slug":"em-estreia-na-serie-a-vitoria-e-derrotado-pelo-palmeiras-e-perde-invencibilidade-no-barradao","status":"publish","type":"post","link":"https:\/\/brasilnoticias.org\/site\/em-estreia-na-serie-a-vitoria-e-derrotado-pelo-palmeiras-e-perde-invencibilidade-no-barradao\/","title":{"rendered":"Em estreia na S\u00e9rie A, Vit\u00f3ria \u00e9 derrotado pelo Palmeiras e perde invencibilidade no Barrad\u00e3o"},"content":{"rendered":"<p>Richard R\u00edos marcou o \u00fanico gol da partida<\/p>\n<p>O Vit\u00f3ria foi derrotado pelo Palmeiras por 1 x 0 pela primeira rodada do Campeonato Brasileiro 2024. Neste domingo (14), o Rubro-Negro demorou de se encontrar em campo e o Verd\u00e3o aproveitou para abrir o placar com Richard R\u00edos. Na segunda etapa, o jogo ficou truncado, com muitas faltas, e nenhuma das equipes produziu o suficiente para balan\u00e7ar as redes.<\/p>\n<p>Com o resultado negativo, o Le\u00e3o perdeu a invencibilidade no Barrad\u00e3o, que j\u00e1 era de 10 meses &#8211; a maior entre os clubes da S\u00e9rie A. Al\u00e9m disso, a equipe baiana n\u00e3o conseguiu quebrar o tabu de quase 15 anos sem vencer na estreia da competi\u00e7\u00e3o.<\/p>\n<p>No pr\u00f3ximo domingo (21), o Vit\u00f3ria entra em campo pela terceira rodada do Brasileir\u00e3o. A partida contra o Cuiab\u00e1 pela rodada dois foi adiada pela CBF. Portanto, o novo desafio do time rubro-negro ser\u00e1 o cl\u00e1ssico contra o Bahia &#8211; a bola rola \u00e0s 16h, no Barrad\u00e3o.<\/p>\n<p>O JOGO<\/p>\n<p>Primeiro tempo<\/p>\n<p>O jogo come\u00e7ou com o Palmeiras mais presente no campo de ataque, o Verd\u00e3o levou perigo pelos lados do campo, principalmente na direita com Endrick e Est\u00eav\u00e3o. J\u00e1 o Vit\u00f3ria teve dificuldade para infiltrar na defesa paulista e errou muitos passes na hora de construir os ataques. Aos 19 minutos, em Richard R\u00edos contou com a sorte para abrir o placar para a equipe alviverde no Barrad\u00e3o. O Rubro-Negro melhorou ap\u00f3s o gol sofrido e passou a ser mais incisivo. A grande chance do Le\u00e3o foi nos acr\u00e9scimos com Osvaldo, que finalizou \u00e0 queima-roupa na pequena \u00e1rea, mas Werverton defendeu. <\/p>\n<p>Aos 17 minutos, Est\u00eav\u00e3o cruzou para a \u00e1rea e Wagner Leonardo cortou parcialmente para a intermedi\u00e1ria. Na sobra, Raphael Veiga pegou de primeira e obrigou Lucas Arcanjo a fazer a defesa em dois tempos.<\/p>\n<p>Na sequ\u00eancia, Lucas Esteves avan\u00e7ou pela esquerda e cruzou para Alerrandro. O camisa 9 tentou finalizar, mas n\u00e3o pegou em cheio, j\u00e1 que foi atrapalhado pela marca\u00e7\u00e3o, e Weverton ficou com a bola. <\/p>\n<p>Gol do Palmeiras! Aos 19 minutos, Endrick ajeitou de cabe\u00e7a para Rony, que fez o piv\u00f4 e tocou para Richar R\u00edos. O volante chutou forte, a bola desviou na defesa e encobriu o goleiro rubro-negro.<\/p>\n<p>Aos 46, Lucas Esteves fez mais uma jogada pelo lado esquerdo e cruzou rasteiro. Osvaldo desviou, mas o goleiro alviverde defendeu.<\/p>\n<p>Segundo tempo<\/p>\n<p>Na volta do intervalo, as equipes demoraram de entrar no ritmo e a segunda etapa come\u00e7ou truncada. A partir dos 15 minutos, o Vit\u00f3ria passou a dominar a partida, mas errava no \u00faltimo passe e n\u00e3o teve qualidade para definir. Ap\u00f3s as substitui\u00e7\u00f5es, o Palmeiras ganhou f\u00f4lego no jogo e pressionou o Le\u00e3o em busca do segundo gol para matar o confronto. Sem criatividade, o Rubro-Negro apenas observou o Verd\u00e3o controlar a partida. Melhor para os mandantes que come\u00e7aram a S\u00e9rie A com o p\u00e9 direito.<\/p>\n<p>Aos 24 minutos, L\u00e1zaro cruzou para \u00e1rea e Murilo subiu mais que todo mundo para cabecear. Lucas Arcanjo foi no cantinho e afastou para escanteio.<\/p>\n<p>Aos 36, o golerio rubro-negro saiu jogando errado e entregou nos p\u00e9s de Rony. Por\u00e9m, o atacante demorou para finalizar e Camutanga cortou o perigo.<\/p>\n<p>FICHA T\u00c9CNICA<\/p>\n<p>Vit\u00f3ria 0 x 1 Palmeiras<br \/>\nS\u00e9rie A &#8211; 1\u00aa rodada<br \/>\nLocal: Est\u00e1dio Barrad\u00e3o, em Salvador (BA)<br \/>\nData: 14\/04\/2024 (domingo)<br \/>\nHor\u00e1rio: 18h30<br \/>\n\u00c1rbitro: Br\u00e1ulio da Silva Machado (FIFA-SC)<br \/>\nAssistentes: Alex dos Santos (SC) e Thiaggo Americano Labes (SC)<br \/>\nQuarto \u00e1rbitro: Caio Max Augusto Vieira (RN)<br \/>\nVAR: Rodolpho Toski Marques (FIFA-PR)<\/p>\n<p>Gol: Richard R\u00edos (Palmeiras)<br \/>\nCart\u00f5es amarelos: Alerrandro, Lucas Esteves e Camutanga (Vit\u00f3ria) \/ Richard R\u00edos, Endrick, Gabriel Menino, Mayke e Flaco L\u00f3pez (Palmeiras)<\/p>\n<p>Vit\u00f3ria: Lucas Arcanjo; Zeca \u00a9, Wagner Leonardo, Camutanga e Lucas Esteves (Z\u00e9 Hugo); Willian Oliveira, Rodrigo Andrade (Jean Mota) e Dudu (Mateus Gon\u00e7alves); Matheuzinho, Osvaldo (Iury Castilho) e Alerrandro (Luiz Adriano). T\u00e9cnico: L\u00e9o Cond\u00e9<\/p>\n<p>Palmeiras: Weverton; Mayke, Luan \u00a9, Murilo e Vanderlan; Richard R\u00edos (Flaco L\u00f3pez), Gabriel Menino e Raphael Veiga (Fabinho); Est\u00eav\u00e3o (L\u00e1zaro), Rony (Naves) e Endrick (Luis Guilherme). T\u00e9cnico: Abel Ferreira<\/p>\n<p>Foto: Cesar Greco\/Palmeiras<br \/>\nPor: Jos\u00e9 Gabriel <\/p>\n","protected":false},"excerpt":{"rendered":"<p>Richard R\u00edos marcou o \u00fanico gol da partida O Vit\u00f3ria foi derrotado pelo Palmeiras por 1 x 0 pela primeira<\/p>\n","protected":false},"author":4,"featured_media":13613,"comment_status":"open","ping_status":"open","sticky":false,"template":"","format":"standard","meta":{"colormag_page_container_layout":"default_layout","colormag_page_sidebar_layout":"default_layout","_FSMCFIC_featured_image_caption":"","_FSMCFIC_featured_image_nocaption":"","_FSMCFIC_featured_image_hide":"","footnotes":""},"categories":[4,1],"tags":[],"class_list":["post-13612","post","type-post","status-publish","format-standard","has-post-thumbnail","hentry","category-esporte","category-ultimas"],"yoast_head":"<!-- This site is optimized with the Yoast SEO plugin v27.1.1 - https:\/\/yoast.com\/product\/yoast-seo-wordpress\/ -->\n<title>Em estreia na S\u00e9rie A, Vit\u00f3ria \u00e9 derrotado pelo Palmeiras e perde invencibilidade no Barrad\u00e3o - Brasil not\u00edcias<\/title>\n<meta name=\"robots\" content=\"index, follow, max-snippet:-1, max-image-preview:large, max-video-preview:-1\" \/>\n<link rel=\"canonical\" href=\"https:\/\/brasilnoticias.org\/site\/em-estreia-na-serie-a-vitoria-e-derrotado-pelo-palmeiras-e-perde-invencibilidade-no-barradao\/\" \/>\n<meta property=\"og:locale\" content=\"pt_PT\" \/>\n<meta property=\"og:type\" content=\"article\" \/>\n<meta property=\"og:title\" content=\"Em estreia na S\u00e9rie A, Vit\u00f3ria \u00e9 derrotado pelo Palmeiras e perde invencibilidade no Barrad\u00e3o - Brasil not\u00edcias\" \/>\n<meta property=\"og:description\" content=\"Richard R\u00edos marcou o \u00fanico gol da partida O Vit\u00f3ria foi derrotado pelo Palmeiras por 1 x 0 pela primeira\" \/>\n<meta property=\"og:url\" content=\"https:\/\/brasilnoticias.org\/site\/em-estreia-na-serie-a-vitoria-e-derrotado-pelo-palmeiras-e-perde-invencibilidade-no-barradao\/\" \/>\n<meta property=\"og:site_name\" content=\"Brasil not\u00edcias\" \/>\n<meta property=\"article:published_time\" content=\"2024-04-15T00:07:56+00:00\" \/>\n<meta property=\"og:image\" content=\"https:\/\/brasilnoticias.org\/site\/wp-content\/uploads\/2024\/04\/148731em-estreia-na-serie-a-vitoria-e-derrotado-pelo-palmeiras-e-perde-invencibilidade-no-barradao-3.jpg\" \/>\n\t<meta property=\"og:image:width\" content=\"1600\" \/>\n\t<meta property=\"og:image:height\" content=\"752\" \/>\n\t<meta property=\"og:image:type\" content=\"image\/jpeg\" \/>\n<meta name=\"author\" content=\"Reda\u00e7\u00e3o\" \/>\n<meta name=\"twitter:card\" content=\"summary_large_image\" \/>\n<meta name=\"twitter:label1\" content=\"Escrito por\" \/>\n\t<meta name=\"twitter:data1\" content=\"Reda\u00e7\u00e3o\" \/>\n\t<meta name=\"twitter:label2\" content=\"Tempo estimado de leitura\" \/>\n\t<meta name=\"twitter:data2\" content=\"1 minuto\" \/>\n<script type=\"application\/ld+json\" class=\"yoast-schema-graph\">{\"@context\":\"https:\/\/schema.org\",\"@graph\":[{\"@type\":\"Article\",\"@id\":\"https:\/\/brasilnoticias.org\/site\/em-estreia-na-serie-a-vitoria-e-derrotado-pelo-palmeiras-e-perde-invencibilidade-no-barradao\/#article\",\"isPartOf\":{\"@id\":\"https:\/\/brasilnoticias.org\/site\/em-estreia-na-serie-a-vitoria-e-derrotado-pelo-palmeiras-e-perde-invencibilidade-no-barradao\/\"},\"author\":{\"name\":\"Reda\u00e7\u00e3o\",\"@id\":\"https:\/\/brasilnoticias.org\/site\/#\/schema\/person\/03bbbfe6c7634ad18c26444ea39049fa\"},\"headline\":\"Em estreia na S\u00e9rie A, Vit\u00f3ria \u00e9 derrotado pelo Palmeiras e perde invencibilidade no Barrad\u00e3o\",\"datePublished\":\"2024-04-15T00:07:56+00:00\",\"mainEntityOfPage\":{\"@id\":\"https:\/\/brasilnoticias.org\/site\/em-estreia-na-serie-a-vitoria-e-derrotado-pelo-palmeiras-e-perde-invencibilidade-no-barradao\/\"},\"wordCount\":734,\"commentCount\":0,\"publisher\":{\"@id\":\"https:\/\/brasilnoticias.org\/site\/#organization\"},\"image\":{\"@id\":\"https:\/\/brasilnoticias.org\/site\/em-estreia-na-serie-a-vitoria-e-derrotado-pelo-palmeiras-e-perde-invencibilidade-no-barradao\/#primaryimage\"},\"thumbnailUrl\":\"https:\/\/brasilnoticias.org\/site\/wp-content\/uploads\/2024\/04\/148731em-estreia-na-serie-a-vitoria-e-derrotado-pelo-palmeiras-e-perde-invencibilidade-no-barradao-3.jpg\",\"articleSection\":[\"Esporte\",\"\u00daltimas\"],\"inLanguage\":\"pt-PT\",\"potentialAction\":[{\"@type\":\"CommentAction\",\"name\":\"Comment\",\"target\":[\"https:\/\/brasilnoticias.org\/site\/em-estreia-na-serie-a-vitoria-e-derrotado-pelo-palmeiras-e-perde-invencibilidade-no-barradao\/#respond\"]}]},{\"@type\":\"WebPage\",\"@id\":\"https:\/\/brasilnoticias.org\/site\/em-estreia-na-serie-a-vitoria-e-derrotado-pelo-palmeiras-e-perde-invencibilidade-no-barradao\/\",\"url\":\"https:\/\/brasilnoticias.org\/site\/em-estreia-na-serie-a-vitoria-e-derrotado-pelo-palmeiras-e-perde-invencibilidade-no-barradao\/\",\"name\":\"Em estreia na S\u00e9rie A, Vit\u00f3ria \u00e9 derrotado pelo Palmeiras e perde invencibilidade no Barrad\u00e3o - Brasil not\u00edcias\",\"isPartOf\":{\"@id\":\"https:\/\/brasilnoticias.org\/site\/#website\"},\"primaryImageOfPage\":{\"@id\":\"https:\/\/brasilnoticias.org\/site\/em-estreia-na-serie-a-vitoria-e-derrotado-pelo-palmeiras-e-perde-invencibilidade-no-barradao\/#primaryimage\"},\"image\":{\"@id\":\"https:\/\/brasilnoticias.org\/site\/em-estreia-na-serie-a-vitoria-e-derrotado-pelo-palmeiras-e-perde-invencibilidade-no-barradao\/#primaryimage\"},\"thumbnailUrl\":\"https:\/\/brasilnoticias.org\/site\/wp-content\/uploads\/2024\/04\/148731em-estreia-na-serie-a-vitoria-e-derrotado-pelo-palmeiras-e-perde-invencibilidade-no-barradao-3.jpg\",\"datePublished\":\"2024-04-15T00:07:56+00:00\",\"breadcrumb\":{\"@id\":\"https:\/\/brasilnoticias.org\/site\/em-estreia-na-serie-a-vitoria-e-derrotado-pelo-palmeiras-e-perde-invencibilidade-no-barradao\/#breadcrumb\"},\"inLanguage\":\"pt-PT\",\"potentialAction\":[{\"@type\":\"ReadAction\",\"target\":[\"https:\/\/brasilnoticias.org\/site\/em-estreia-na-serie-a-vitoria-e-derrotado-pelo-palmeiras-e-perde-invencibilidade-no-barradao\/\"]}]},{\"@type\":\"ImageObject\",\"inLanguage\":\"pt-PT\",\"@id\":\"https:\/\/brasilnoticias.org\/site\/em-estreia-na-serie-a-vitoria-e-derrotado-pelo-palmeiras-e-perde-invencibilidade-no-barradao\/#primaryimage\",\"url\":\"https:\/\/brasilnoticias.org\/site\/wp-content\/uploads\/2024\/04\/148731em-estreia-na-serie-a-vitoria-e-derrotado-pelo-palmeiras-e-perde-invencibilidade-no-barradao-3.jpg\",\"contentUrl\":\"https:\/\/brasilnoticias.org\/site\/wp-content\/uploads\/2024\/04\/148731em-estreia-na-serie-a-vitoria-e-derrotado-pelo-palmeiras-e-perde-invencibilidade-no-barradao-3.jpg\",\"width\":1600,\"height\":752},{\"@type\":\"BreadcrumbList\",\"@id\":\"https:\/\/brasilnoticias.org\/site\/em-estreia-na-serie-a-vitoria-e-derrotado-pelo-palmeiras-e-perde-invencibilidade-no-barradao\/#breadcrumb\",\"itemListElement\":[{\"@type\":\"ListItem\",\"position\":1,\"name\":\"In\u00edcio\",\"item\":\"https:\/\/brasilnoticias.org\/site\/\"},{\"@type\":\"ListItem\",\"position\":2,\"name\":\"Em estreia na S\u00e9rie A, Vit\u00f3ria \u00e9 derrotado pelo Palmeiras e perde invencibilidade no Barrad\u00e3o\"}]},{\"@type\":\"WebSite\",\"@id\":\"https:\/\/brasilnoticias.org\/site\/#website\",\"url\":\"https:\/\/brasilnoticias.org\/site\/\",\"name\":\"Brasil not\u00edcias\",\"description\":\"Brasil not\u00edcias\",\"publisher\":{\"@id\":\"https:\/\/brasilnoticias.org\/site\/#organization\"},\"potentialAction\":[{\"@type\":\"SearchAction\",\"target\":{\"@type\":\"EntryPoint\",\"urlTemplate\":\"https:\/\/brasilnoticias.org\/site\/?s={search_term_string}\"},\"query-input\":{\"@type\":\"PropertyValueSpecification\",\"valueRequired\":true,\"valueName\":\"search_term_string\"}}],\"inLanguage\":\"pt-PT\"},{\"@type\":\"Organization\",\"@id\":\"https:\/\/brasilnoticias.org\/site\/#organization\",\"name\":\"Brasil not\u00edcias\",\"url\":\"https:\/\/brasilnoticias.org\/site\/\",\"logo\":{\"@type\":\"ImageObject\",\"inLanguage\":\"pt-PT\",\"@id\":\"https:\/\/brasilnoticias.org\/site\/#\/schema\/logo\/image\/\",\"url\":\"https:\/\/brasilnoticias.org\/site\/wp-content\/uploads\/2022\/05\/cropped-brasilnoticias-mini.jpg\",\"contentUrl\":\"https:\/\/brasilnoticias.org\/site\/wp-content\/uploads\/2022\/05\/cropped-brasilnoticias-mini.jpg\",\"width\":314,\"height\":86,\"caption\":\"Brasil not\u00edcias\"},\"image\":{\"@id\":\"https:\/\/brasilnoticias.org\/site\/#\/schema\/logo\/image\/\"}},{\"@type\":\"Person\",\"@id\":\"https:\/\/brasilnoticias.org\/site\/#\/schema\/person\/03bbbfe6c7634ad18c26444ea39049fa\",\"name\":\"Reda\u00e7\u00e3o\",\"image\":{\"@type\":\"ImageObject\",\"inLanguage\":\"pt-PT\",\"@id\":\"https:\/\/brasilnoticias.org\/site\/#\/schema\/person\/image\/\",\"url\":\"https:\/\/secure.gravatar.com\/avatar\/9ecaf7327a696cb23ad926fedded5f1f04d7049de9e445375d55b48c001a6e42?s=96&d=mm&r=g\",\"contentUrl\":\"https:\/\/secure.gravatar.com\/avatar\/9ecaf7327a696cb23ad926fedded5f1f04d7049de9e445375d55b48c001a6e42?s=96&d=mm&r=g\",\"caption\":\"Reda\u00e7\u00e3o\"},\"url\":\"https:\/\/brasilnoticias.org\/site\/author\/henrique\/\"}]}<\/script>\n<!-- \/ Yoast SEO plugin. -->","yoast_head_json":{"title":"Em estreia na S\u00e9rie A, Vit\u00f3ria \u00e9 derrotado pelo Palmeiras e perde invencibilidade no Barrad\u00e3o - Brasil not\u00edcias","robots":{"index":"index","follow":"follow","max-snippet":"max-snippet:-1","max-image-preview":"max-image-preview:large","max-video-preview":"max-video-preview:-1"},"canonical":"https:\/\/brasilnoticias.org\/site\/em-estreia-na-serie-a-vitoria-e-derrotado-pelo-palmeiras-e-perde-invencibilidade-no-barradao\/","og_locale":"pt_PT","og_type":"article","og_title":"Em estreia na S\u00e9rie A, Vit\u00f3ria \u00e9 derrotado pelo Palmeiras e perde invencibilidade no Barrad\u00e3o - Brasil not\u00edcias","og_description":"Richard R\u00edos marcou o \u00fanico gol da partida O Vit\u00f3ria foi derrotado pelo Palmeiras por 1 x 0 pela primeira","og_url":"https:\/\/brasilnoticias.org\/site\/em-estreia-na-serie-a-vitoria-e-derrotado-pelo-palmeiras-e-perde-invencibilidade-no-barradao\/","og_site_name":"Brasil not\u00edcias","article_published_time":"2024-04-15T00:07:56+00:00","og_image":[{"width":1600,"height":752,"url":"https:\/\/brasilnoticias.org\/site\/wp-content\/uploads\/2024\/04\/148731em-estreia-na-serie-a-vitoria-e-derrotado-pelo-palmeiras-e-perde-invencibilidade-no-barradao-3.jpg","type":"image\/jpeg"}],"author":"Reda\u00e7\u00e3o","twitter_card":"summary_large_image","twitter_misc":{"Escrito por":"Reda\u00e7\u00e3o","Tempo estimado de leitura":"1 minuto"},"schema":{"@context":"https:\/\/schema.org","@graph":[{"@type":"Article","@id":"https:\/\/brasilnoticias.org\/site\/em-estreia-na-serie-a-vitoria-e-derrotado-pelo-palmeiras-e-perde-invencibilidade-no-barradao\/#article","isPartOf":{"@id":"https:\/\/brasilnoticias.org\/site\/em-estreia-na-serie-a-vitoria-e-derrotado-pelo-palmeiras-e-perde-invencibilidade-no-barradao\/"},"author":{"name":"Reda\u00e7\u00e3o","@id":"https:\/\/brasilnoticias.org\/site\/#\/schema\/person\/03bbbfe6c7634ad18c26444ea39049fa"},"headline":"Em estreia na S\u00e9rie A, Vit\u00f3ria \u00e9 derrotado pelo Palmeiras e perde invencibilidade no Barrad\u00e3o","datePublished":"2024-04-15T00:07:56+00:00","mainEntityOfPage":{"@id":"https:\/\/brasilnoticias.org\/site\/em-estreia-na-serie-a-vitoria-e-derrotado-pelo-palmeiras-e-perde-invencibilidade-no-barradao\/"},"wordCount":734,"commentCount":0,"publisher":{"@id":"https:\/\/brasilnoticias.org\/site\/#organization"},"image":{"@id":"https:\/\/brasilnoticias.org\/site\/em-estreia-na-serie-a-vitoria-e-derrotado-pelo-palmeiras-e-perde-invencibilidade-no-barradao\/#primaryimage"},"thumbnailUrl":"https:\/\/brasilnoticias.org\/site\/wp-content\/uploads\/2024\/04\/148731em-estreia-na-serie-a-vitoria-e-derrotado-pelo-palmeiras-e-perde-invencibilidade-no-barradao-3.jpg","articleSection":["Esporte","\u00daltimas"],"inLanguage":"pt-PT","potentialAction":[{"@type":"CommentAction","name":"Comment","target":["https:\/\/brasilnoticias.org\/site\/em-estreia-na-serie-a-vitoria-e-derrotado-pelo-palmeiras-e-perde-invencibilidade-no-barradao\/#respond"]}]},{"@type":"WebPage","@id":"https:\/\/brasilnoticias.org\/site\/em-estreia-na-serie-a-vitoria-e-derrotado-pelo-palmeiras-e-perde-invencibilidade-no-barradao\/","url":"https:\/\/brasilnoticias.org\/site\/em-estreia-na-serie-a-vitoria-e-derrotado-pelo-palmeiras-e-perde-invencibilidade-no-barradao\/","name":"Em estreia na S\u00e9rie A, Vit\u00f3ria \u00e9 derrotado pelo Palmeiras e perde invencibilidade no Barrad\u00e3o - Brasil not\u00edcias","isPartOf":{"@id":"https:\/\/brasilnoticias.org\/site\/#website"},"primaryImageOfPage":{"@id":"https:\/\/brasilnoticias.org\/site\/em-estreia-na-serie-a-vitoria-e-derrotado-pelo-palmeiras-e-perde-invencibilidade-no-barradao\/#primaryimage"},"image":{"@id":"https:\/\/brasilnoticias.org\/site\/em-estreia-na-serie-a-vitoria-e-derrotado-pelo-palmeiras-e-perde-invencibilidade-no-barradao\/#primaryimage"},"thumbnailUrl":"https:\/\/brasilnoticias.org\/site\/wp-content\/uploads\/2024\/04\/148731em-estreia-na-serie-a-vitoria-e-derrotado-pelo-palmeiras-e-perde-invencibilidade-no-barradao-3.jpg","datePublished":"2024-04-15T00:07:56+00:00","breadcrumb":{"@id":"https:\/\/brasilnoticias.org\/site\/em-estreia-na-serie-a-vitoria-e-derrotado-pelo-palmeiras-e-perde-invencibilidade-no-barradao\/#breadcrumb"},"inLanguage":"pt-PT","potentialAction":[{"@type":"ReadAction","target":["https:\/\/brasilnoticias.org\/site\/em-estreia-na-serie-a-vitoria-e-derrotado-pelo-palmeiras-e-perde-invencibilidade-no-barradao\/"]}]},{"@type":"ImageObject","inLanguage":"pt-PT","@id":"https:\/\/brasilnoticias.org\/site\/em-estreia-na-serie-a-vitoria-e-derrotado-pelo-palmeiras-e-perde-invencibilidade-no-barradao\/#primaryimage","url":"https:\/\/brasilnoticias.org\/site\/wp-content\/uploads\/2024\/04\/148731em-estreia-na-serie-a-vitoria-e-derrotado-pelo-palmeiras-e-perde-invencibilidade-no-barradao-3.jpg","contentUrl":"https:\/\/brasilnoticias.org\/site\/wp-content\/uploads\/2024\/04\/148731em-estreia-na-serie-a-vitoria-e-derrotado-pelo-palmeiras-e-perde-invencibilidade-no-barradao-3.jpg","width":1600,"height":752},{"@type":"BreadcrumbList","@id":"https:\/\/brasilnoticias.org\/site\/em-estreia-na-serie-a-vitoria-e-derrotado-pelo-palmeiras-e-perde-invencibilidade-no-barradao\/#breadcrumb","itemListElement":[{"@type":"ListItem","position":1,"name":"In\u00edcio","item":"https:\/\/brasilnoticias.org\/site\/"},{"@type":"ListItem","position":2,"name":"Em estreia na S\u00e9rie A, Vit\u00f3ria \u00e9 derrotado pelo Palmeiras e perde invencibilidade no Barrad\u00e3o"}]},{"@type":"WebSite","@id":"https:\/\/brasilnoticias.org\/site\/#website","url":"https:\/\/brasilnoticias.org\/site\/","name":"Brasil not\u00edcias","description":"Brasil not\u00edcias","publisher":{"@id":"https:\/\/brasilnoticias.org\/site\/#organization"},"potentialAction":[{"@type":"SearchAction","target":{"@type":"EntryPoint","urlTemplate":"https:\/\/brasilnoticias.org\/site\/?s={search_term_string}"},"query-input":{"@type":"PropertyValueSpecification","valueRequired":true,"valueName":"search_term_string"}}],"inLanguage":"pt-PT"},{"@type":"Organization","@id":"https:\/\/brasilnoticias.org\/site\/#organization","name":"Brasil not\u00edcias","url":"https:\/\/brasilnoticias.org\/site\/","logo":{"@type":"ImageObject","inLanguage":"pt-PT","@id":"https:\/\/brasilnoticias.org\/site\/#\/schema\/logo\/image\/","url":"https:\/\/brasilnoticias.org\/site\/wp-content\/uploads\/2022\/05\/cropped-brasilnoticias-mini.jpg","contentUrl":"https:\/\/brasilnoticias.org\/site\/wp-content\/uploads\/2022\/05\/cropped-brasilnoticias-mini.jpg","width":314,"height":86,"caption":"Brasil not\u00edcias"},"image":{"@id":"https:\/\/brasilnoticias.org\/site\/#\/schema\/logo\/image\/"}},{"@type":"Person","@id":"https:\/\/brasilnoticias.org\/site\/#\/schema\/person\/03bbbfe6c7634ad18c26444ea39049fa","name":"Reda\u00e7\u00e3o","image":{"@type":"ImageObject","inLanguage":"pt-PT","@id":"https:\/\/brasilnoticias.org\/site\/#\/schema\/person\/image\/","url":"https:\/\/secure.gravatar.com\/avatar\/9ecaf7327a696cb23ad926fedded5f1f04d7049de9e445375d55b48c001a6e42?s=96&d=mm&r=g","contentUrl":"https:\/\/secure.gravatar.com\/avatar\/9ecaf7327a696cb23ad926fedded5f1f04d7049de9e445375d55b48c001a6e42?s=96&d=mm&r=g","caption":"Reda\u00e7\u00e3o"},"url":"https:\/\/brasilnoticias.org\/site\/author\/henrique\/"}]}},"_links":{"self":[{"href":"https:\/\/brasilnoticias.org\/site\/wp-json\/wp\/v2\/posts\/13612","targetHints":{"allow":["GET"]}}],"collection":[{"href":"https:\/\/brasilnoticias.org\/site\/wp-json\/wp\/v2\/posts"}],"about":[{"href":"https:\/\/brasilnoticias.org\/site\/wp-json\/wp\/v2\/types\/post"}],"author":[{"embeddable":true,"href":"https:\/\/brasilnoticias.org\/site\/wp-json\/wp\/v2\/users\/4"}],"replies":[{"embeddable":true,"href":"https:\/\/brasilnoticias.org\/site\/wp-json\/wp\/v2\/comments?post=13612"}],"version-history":[{"count":1,"href":"https:\/\/brasilnoticias.org\/site\/wp-json\/wp\/v2\/posts\/13612\/revisions"}],"predecessor-version":[{"id":13614,"href":"https:\/\/brasilnoticias.org\/site\/wp-json\/wp\/v2\/posts\/13612\/revisions\/13614"}],"wp:featuredmedia":[{"embeddable":true,"href":"https:\/\/brasilnoticias.org\/site\/wp-json\/wp\/v2\/media\/13613"}],"wp:attachment":[{"href":"https:\/\/brasilnoticias.org\/site\/wp-json\/wp\/v2\/media?parent=13612"}],"wp:term":[{"taxonomy":"category","embeddable":true,"href":"https:\/\/brasilnoticias.org\/site\/wp-json\/wp\/v2\/categories?post=13612"},{"taxonomy":"post_tag","embeddable":true,"href":"https:\/\/brasilnoticias.org\/site\/wp-json\/wp\/v2\/tags?post=13612"}],"curies":[{"name":"wp","href":"https:\/\/api.w.org\/{rel}","templated":true}]}}