{"id":13630,"date":"2024-04-16T17:49:38","date_gmt":"2024-04-16T20:49:38","guid":{"rendered":"https:\/\/brasilnoticias.org\/site\/?p=13630"},"modified":"2024-04-16T17:49:38","modified_gmt":"2024-04-16T20:49:38","slug":"numero-de-casos-de-dengue-cresce-667-em-relacao-ao-ano-passado-na-bahia","status":"publish","type":"post","link":"https:\/\/brasilnoticias.org\/site\/numero-de-casos-de-dengue-cresce-667-em-relacao-ao-ano-passado-na-bahia\/","title":{"rendered":"N\u00famero de casos de dengue cresce 667% em rela\u00e7\u00e3o ao ano passado na Bahia"},"content":{"rendered":"<p>Desde o \u00faltimo s\u00e1bado (13), foram notificados 134.953 casos prov\u00e1veis da doen\u00e7a, em compara\u00e7\u00e3o com os 17.595 casos registrados no mesmo per\u00edodo de 2023<\/p>\n<p>O quadro de epidemia de dengue na Bahia provocou um aumento de 667% em 2024. Desde o \u00faltimo s\u00e1bado (13), foram notificados 134.953 casos prov\u00e1veis da doen\u00e7a, em compara\u00e7\u00e3o com os 17.595 casos registrados no mesmo per\u00edodo de 2023.<\/p>\n<p>De acordo com a Secretaria de Sa\u00fade do estado (Sesab), ao todo 269 munic\u00edpios est\u00e3o em epidemia. No entanto, o estado possui uma taxa de letalidade de 2,7%, menor do que a m\u00e9dia nacional. Ao todo, foram confirmados 37 \u00f3bitos por dengue. <\/p>\n<p>Na segunda-feira (15), durante a reuni\u00e3o semanal do Centro de Opera\u00e7\u00f5es de Emerg\u00eancia em Sa\u00fade (Coes), o munic\u00edpio de Vit\u00f3ria da Conquista foi citado como o caso mais preocupante.<\/p>\n<p>\u201cVit\u00f3ria da Conquista lidera o n\u00famero de casos prov\u00e1veis e mortes da doen\u00e7a na Bahia. Hoje o munic\u00edpio tem o triplo de casos de Salvador e quatro vezes mais do que Feira de Santana. S\u00e3o 21.099 casos e 8 mortes confirmadas por Dengue, isso sem contar as 2.378 notifica\u00e7\u00f5es de Chikungunya e 1.123 de Zika\u201d, afirma o subsecret\u00e1rio da sa\u00fade do Estado, Paulo Barbosa.<\/p>\n<p>Foto: Pixabay\/Sahmmiknr<br \/>\nPor: Metro1 <\/p>\n","protected":false},"excerpt":{"rendered":"<p>Desde o \u00faltimo s\u00e1bado (13), foram notificados 134.953 casos prov\u00e1veis da doen\u00e7a, em compara\u00e7\u00e3o com os 17.595 casos registrados no<\/p>\n","protected":false},"author":4,"featured_media":13631,"comment_status":"open","ping_status":"open","sticky":false,"template":"","format":"standard","meta":{"colormag_page_container_layout":"default_layout","colormag_page_sidebar_layout":"default_layout","_FSMCFIC_featured_image_caption":"","_FSMCFIC_featured_image_nocaption":"","_FSMCFIC_featured_image_hide":"","footnotes":""},"categories":[2,1],"tags":[],"class_list":["post-13630","post","type-post","status-publish","format-standard","has-post-thumbnail","hentry","category-noticias","category-ultimas"],"yoast_head":"<!-- This site is optimized with the Yoast SEO plugin v27.1.1 - https:\/\/yoast.com\/product\/yoast-seo-wordpress\/ -->\n<title>N\u00famero de casos de dengue cresce 667% em rela\u00e7\u00e3o ao ano passado na Bahia - Brasil not\u00edcias<\/title>\n<meta name=\"robots\" content=\"index, follow, max-snippet:-1, max-image-preview:large, max-video-preview:-1\" \/>\n<link rel=\"canonical\" href=\"https:\/\/brasilnoticias.org\/site\/numero-de-casos-de-dengue-cresce-667-em-relacao-ao-ano-passado-na-bahia\/\" \/>\n<meta property=\"og:locale\" content=\"pt_PT\" \/>\n<meta property=\"og:type\" content=\"article\" \/>\n<meta property=\"og:title\" content=\"N\u00famero de casos de dengue cresce 667% em rela\u00e7\u00e3o ao ano passado na Bahia - Brasil not\u00edcias\" \/>\n<meta property=\"og:description\" content=\"Desde o \u00faltimo s\u00e1bado (13), foram notificados 134.953 casos prov\u00e1veis da doen\u00e7a, em compara\u00e7\u00e3o com os 17.595 casos registrados no\" \/>\n<meta property=\"og:url\" content=\"https:\/\/brasilnoticias.org\/site\/numero-de-casos-de-dengue-cresce-667-em-relacao-ao-ano-passado-na-bahia\/\" \/>\n<meta property=\"og:site_name\" content=\"Brasil not\u00edcias\" \/>\n<meta property=\"article:published_time\" content=\"2024-04-16T20:49:38+00:00\" \/>\n<meta property=\"og:image\" content=\"https:\/\/brasilnoticias.org\/site\/wp-content\/uploads\/2024\/04\/148813numero-de-casos-de-dengue-cresce-667-em-relacao-ao-ano-passado-na-bahia-3.jpg\" \/>\n\t<meta property=\"og:image:width\" content=\"1600\" \/>\n\t<meta property=\"og:image:height\" content=\"752\" \/>\n\t<meta property=\"og:image:type\" content=\"image\/jpeg\" \/>\n<meta name=\"author\" content=\"Reda\u00e7\u00e3o\" \/>\n<meta name=\"twitter:card\" content=\"summary_large_image\" \/>\n<meta name=\"twitter:label1\" content=\"Escrito por\" \/>\n\t<meta name=\"twitter:data1\" content=\"Reda\u00e7\u00e3o\" \/>\n\t<meta name=\"twitter:label2\" content=\"Tempo estimado de leitura\" \/>\n\t<meta name=\"twitter:data2\" content=\"1 minuto\" \/>\n<script type=\"application\/ld+json\" class=\"yoast-schema-graph\">{\"@context\":\"https:\/\/schema.org\",\"@graph\":[{\"@type\":\"Article\",\"@id\":\"https:\/\/brasilnoticias.org\/site\/numero-de-casos-de-dengue-cresce-667-em-relacao-ao-ano-passado-na-bahia\/#article\",\"isPartOf\":{\"@id\":\"https:\/\/brasilnoticias.org\/site\/numero-de-casos-de-dengue-cresce-667-em-relacao-ao-ano-passado-na-bahia\/\"},\"author\":{\"name\":\"Reda\u00e7\u00e3o\",\"@id\":\"https:\/\/brasilnoticias.org\/site\/#\/schema\/person\/03bbbfe6c7634ad18c26444ea39049fa\"},\"headline\":\"N\u00famero de casos de dengue cresce 667% em rela\u00e7\u00e3o ao ano passado na Bahia\",\"datePublished\":\"2024-04-16T20:49:38+00:00\",\"mainEntityOfPage\":{\"@id\":\"https:\/\/brasilnoticias.org\/site\/numero-de-casos-de-dengue-cresce-667-em-relacao-ao-ano-passado-na-bahia\/\"},\"wordCount\":229,\"commentCount\":0,\"publisher\":{\"@id\":\"https:\/\/brasilnoticias.org\/site\/#organization\"},\"image\":{\"@id\":\"https:\/\/brasilnoticias.org\/site\/numero-de-casos-de-dengue-cresce-667-em-relacao-ao-ano-passado-na-bahia\/#primaryimage\"},\"thumbnailUrl\":\"https:\/\/brasilnoticias.org\/site\/wp-content\/uploads\/2024\/04\/148813numero-de-casos-de-dengue-cresce-667-em-relacao-ao-ano-passado-na-bahia-3.jpg\",\"articleSection\":[\"Not\u00edcias\",\"\u00daltimas\"],\"inLanguage\":\"pt-PT\",\"potentialAction\":[{\"@type\":\"CommentAction\",\"name\":\"Comment\",\"target\":[\"https:\/\/brasilnoticias.org\/site\/numero-de-casos-de-dengue-cresce-667-em-relacao-ao-ano-passado-na-bahia\/#respond\"]}]},{\"@type\":\"WebPage\",\"@id\":\"https:\/\/brasilnoticias.org\/site\/numero-de-casos-de-dengue-cresce-667-em-relacao-ao-ano-passado-na-bahia\/\",\"url\":\"https:\/\/brasilnoticias.org\/site\/numero-de-casos-de-dengue-cresce-667-em-relacao-ao-ano-passado-na-bahia\/\",\"name\":\"N\u00famero de casos de dengue cresce 667% em rela\u00e7\u00e3o ao ano passado na Bahia - Brasil not\u00edcias\",\"isPartOf\":{\"@id\":\"https:\/\/brasilnoticias.org\/site\/#website\"},\"primaryImageOfPage\":{\"@id\":\"https:\/\/brasilnoticias.org\/site\/numero-de-casos-de-dengue-cresce-667-em-relacao-ao-ano-passado-na-bahia\/#primaryimage\"},\"image\":{\"@id\":\"https:\/\/brasilnoticias.org\/site\/numero-de-casos-de-dengue-cresce-667-em-relacao-ao-ano-passado-na-bahia\/#primaryimage\"},\"thumbnailUrl\":\"https:\/\/brasilnoticias.org\/site\/wp-content\/uploads\/2024\/04\/148813numero-de-casos-de-dengue-cresce-667-em-relacao-ao-ano-passado-na-bahia-3.jpg\",\"datePublished\":\"2024-04-16T20:49:38+00:00\",\"breadcrumb\":{\"@id\":\"https:\/\/brasilnoticias.org\/site\/numero-de-casos-de-dengue-cresce-667-em-relacao-ao-ano-passado-na-bahia\/#breadcrumb\"},\"inLanguage\":\"pt-PT\",\"potentialAction\":[{\"@type\":\"ReadAction\",\"target\":[\"https:\/\/brasilnoticias.org\/site\/numero-de-casos-de-dengue-cresce-667-em-relacao-ao-ano-passado-na-bahia\/\"]}]},{\"@type\":\"ImageObject\",\"inLanguage\":\"pt-PT\",\"@id\":\"https:\/\/brasilnoticias.org\/site\/numero-de-casos-de-dengue-cresce-667-em-relacao-ao-ano-passado-na-bahia\/#primaryimage\",\"url\":\"https:\/\/brasilnoticias.org\/site\/wp-content\/uploads\/2024\/04\/148813numero-de-casos-de-dengue-cresce-667-em-relacao-ao-ano-passado-na-bahia-3.jpg\",\"contentUrl\":\"https:\/\/brasilnoticias.org\/site\/wp-content\/uploads\/2024\/04\/148813numero-de-casos-de-dengue-cresce-667-em-relacao-ao-ano-passado-na-bahia-3.jpg\",\"width\":1600,\"height\":752},{\"@type\":\"BreadcrumbList\",\"@id\":\"https:\/\/brasilnoticias.org\/site\/numero-de-casos-de-dengue-cresce-667-em-relacao-ao-ano-passado-na-bahia\/#breadcrumb\",\"itemListElement\":[{\"@type\":\"ListItem\",\"position\":1,\"name\":\"In\u00edcio\",\"item\":\"https:\/\/brasilnoticias.org\/site\/\"},{\"@type\":\"ListItem\",\"position\":2,\"name\":\"N\u00famero de casos de dengue cresce 667% em rela\u00e7\u00e3o ao ano passado na Bahia\"}]},{\"@type\":\"WebSite\",\"@id\":\"https:\/\/brasilnoticias.org\/site\/#website\",\"url\":\"https:\/\/brasilnoticias.org\/site\/\",\"name\":\"Brasil not\u00edcias\",\"description\":\"Brasil not\u00edcias\",\"publisher\":{\"@id\":\"https:\/\/brasilnoticias.org\/site\/#organization\"},\"potentialAction\":[{\"@type\":\"SearchAction\",\"target\":{\"@type\":\"EntryPoint\",\"urlTemplate\":\"https:\/\/brasilnoticias.org\/site\/?s={search_term_string}\"},\"query-input\":{\"@type\":\"PropertyValueSpecification\",\"valueRequired\":true,\"valueName\":\"search_term_string\"}}],\"inLanguage\":\"pt-PT\"},{\"@type\":\"Organization\",\"@id\":\"https:\/\/brasilnoticias.org\/site\/#organization\",\"name\":\"Brasil not\u00edcias\",\"url\":\"https:\/\/brasilnoticias.org\/site\/\",\"logo\":{\"@type\":\"ImageObject\",\"inLanguage\":\"pt-PT\",\"@id\":\"https:\/\/brasilnoticias.org\/site\/#\/schema\/logo\/image\/\",\"url\":\"https:\/\/brasilnoticias.org\/site\/wp-content\/uploads\/2022\/05\/cropped-brasilnoticias-mini.jpg\",\"contentUrl\":\"https:\/\/brasilnoticias.org\/site\/wp-content\/uploads\/2022\/05\/cropped-brasilnoticias-mini.jpg\",\"width\":314,\"height\":86,\"caption\":\"Brasil not\u00edcias\"},\"image\":{\"@id\":\"https:\/\/brasilnoticias.org\/site\/#\/schema\/logo\/image\/\"}},{\"@type\":\"Person\",\"@id\":\"https:\/\/brasilnoticias.org\/site\/#\/schema\/person\/03bbbfe6c7634ad18c26444ea39049fa\",\"name\":\"Reda\u00e7\u00e3o\",\"image\":{\"@type\":\"ImageObject\",\"inLanguage\":\"pt-PT\",\"@id\":\"https:\/\/brasilnoticias.org\/site\/#\/schema\/person\/image\/\",\"url\":\"https:\/\/secure.gravatar.com\/avatar\/9ecaf7327a696cb23ad926fedded5f1f04d7049de9e445375d55b48c001a6e42?s=96&d=mm&r=g\",\"contentUrl\":\"https:\/\/secure.gravatar.com\/avatar\/9ecaf7327a696cb23ad926fedded5f1f04d7049de9e445375d55b48c001a6e42?s=96&d=mm&r=g\",\"caption\":\"Reda\u00e7\u00e3o\"},\"url\":\"https:\/\/brasilnoticias.org\/site\/author\/henrique\/\"}]}<\/script>\n<!-- \/ Yoast SEO plugin. -->","yoast_head_json":{"title":"N\u00famero de casos de dengue cresce 667% em rela\u00e7\u00e3o ao ano passado na Bahia - Brasil not\u00edcias","robots":{"index":"index","follow":"follow","max-snippet":"max-snippet:-1","max-image-preview":"max-image-preview:large","max-video-preview":"max-video-preview:-1"},"canonical":"https:\/\/brasilnoticias.org\/site\/numero-de-casos-de-dengue-cresce-667-em-relacao-ao-ano-passado-na-bahia\/","og_locale":"pt_PT","og_type":"article","og_title":"N\u00famero de casos de dengue cresce 667% em rela\u00e7\u00e3o ao ano passado na Bahia - Brasil not\u00edcias","og_description":"Desde o \u00faltimo s\u00e1bado (13), foram notificados 134.953 casos prov\u00e1veis da doen\u00e7a, em compara\u00e7\u00e3o com os 17.595 casos registrados no","og_url":"https:\/\/brasilnoticias.org\/site\/numero-de-casos-de-dengue-cresce-667-em-relacao-ao-ano-passado-na-bahia\/","og_site_name":"Brasil not\u00edcias","article_published_time":"2024-04-16T20:49:38+00:00","og_image":[{"width":1600,"height":752,"url":"https:\/\/brasilnoticias.org\/site\/wp-content\/uploads\/2024\/04\/148813numero-de-casos-de-dengue-cresce-667-em-relacao-ao-ano-passado-na-bahia-3.jpg","type":"image\/jpeg"}],"author":"Reda\u00e7\u00e3o","twitter_card":"summary_large_image","twitter_misc":{"Escrito por":"Reda\u00e7\u00e3o","Tempo estimado de leitura":"1 minuto"},"schema":{"@context":"https:\/\/schema.org","@graph":[{"@type":"Article","@id":"https:\/\/brasilnoticias.org\/site\/numero-de-casos-de-dengue-cresce-667-em-relacao-ao-ano-passado-na-bahia\/#article","isPartOf":{"@id":"https:\/\/brasilnoticias.org\/site\/numero-de-casos-de-dengue-cresce-667-em-relacao-ao-ano-passado-na-bahia\/"},"author":{"name":"Reda\u00e7\u00e3o","@id":"https:\/\/brasilnoticias.org\/site\/#\/schema\/person\/03bbbfe6c7634ad18c26444ea39049fa"},"headline":"N\u00famero de casos de dengue cresce 667% em rela\u00e7\u00e3o ao ano passado na Bahia","datePublished":"2024-04-16T20:49:38+00:00","mainEntityOfPage":{"@id":"https:\/\/brasilnoticias.org\/site\/numero-de-casos-de-dengue-cresce-667-em-relacao-ao-ano-passado-na-bahia\/"},"wordCount":229,"commentCount":0,"publisher":{"@id":"https:\/\/brasilnoticias.org\/site\/#organization"},"image":{"@id":"https:\/\/brasilnoticias.org\/site\/numero-de-casos-de-dengue-cresce-667-em-relacao-ao-ano-passado-na-bahia\/#primaryimage"},"thumbnailUrl":"https:\/\/brasilnoticias.org\/site\/wp-content\/uploads\/2024\/04\/148813numero-de-casos-de-dengue-cresce-667-em-relacao-ao-ano-passado-na-bahia-3.jpg","articleSection":["Not\u00edcias","\u00daltimas"],"inLanguage":"pt-PT","potentialAction":[{"@type":"CommentAction","name":"Comment","target":["https:\/\/brasilnoticias.org\/site\/numero-de-casos-de-dengue-cresce-667-em-relacao-ao-ano-passado-na-bahia\/#respond"]}]},{"@type":"WebPage","@id":"https:\/\/brasilnoticias.org\/site\/numero-de-casos-de-dengue-cresce-667-em-relacao-ao-ano-passado-na-bahia\/","url":"https:\/\/brasilnoticias.org\/site\/numero-de-casos-de-dengue-cresce-667-em-relacao-ao-ano-passado-na-bahia\/","name":"N\u00famero de casos de dengue cresce 667% em rela\u00e7\u00e3o ao ano passado na Bahia - Brasil not\u00edcias","isPartOf":{"@id":"https:\/\/brasilnoticias.org\/site\/#website"},"primaryImageOfPage":{"@id":"https:\/\/brasilnoticias.org\/site\/numero-de-casos-de-dengue-cresce-667-em-relacao-ao-ano-passado-na-bahia\/#primaryimage"},"image":{"@id":"https:\/\/brasilnoticias.org\/site\/numero-de-casos-de-dengue-cresce-667-em-relacao-ao-ano-passado-na-bahia\/#primaryimage"},"thumbnailUrl":"https:\/\/brasilnoticias.org\/site\/wp-content\/uploads\/2024\/04\/148813numero-de-casos-de-dengue-cresce-667-em-relacao-ao-ano-passado-na-bahia-3.jpg","datePublished":"2024-04-16T20:49:38+00:00","breadcrumb":{"@id":"https:\/\/brasilnoticias.org\/site\/numero-de-casos-de-dengue-cresce-667-em-relacao-ao-ano-passado-na-bahia\/#breadcrumb"},"inLanguage":"pt-PT","potentialAction":[{"@type":"ReadAction","target":["https:\/\/brasilnoticias.org\/site\/numero-de-casos-de-dengue-cresce-667-em-relacao-ao-ano-passado-na-bahia\/"]}]},{"@type":"ImageObject","inLanguage":"pt-PT","@id":"https:\/\/brasilnoticias.org\/site\/numero-de-casos-de-dengue-cresce-667-em-relacao-ao-ano-passado-na-bahia\/#primaryimage","url":"https:\/\/brasilnoticias.org\/site\/wp-content\/uploads\/2024\/04\/148813numero-de-casos-de-dengue-cresce-667-em-relacao-ao-ano-passado-na-bahia-3.jpg","contentUrl":"https:\/\/brasilnoticias.org\/site\/wp-content\/uploads\/2024\/04\/148813numero-de-casos-de-dengue-cresce-667-em-relacao-ao-ano-passado-na-bahia-3.jpg","width":1600,"height":752},{"@type":"BreadcrumbList","@id":"https:\/\/brasilnoticias.org\/site\/numero-de-casos-de-dengue-cresce-667-em-relacao-ao-ano-passado-na-bahia\/#breadcrumb","itemListElement":[{"@type":"ListItem","position":1,"name":"In\u00edcio","item":"https:\/\/brasilnoticias.org\/site\/"},{"@type":"ListItem","position":2,"name":"N\u00famero de casos de dengue cresce 667% em rela\u00e7\u00e3o ao ano passado na Bahia"}]},{"@type":"WebSite","@id":"https:\/\/brasilnoticias.org\/site\/#website","url":"https:\/\/brasilnoticias.org\/site\/","name":"Brasil not\u00edcias","description":"Brasil not\u00edcias","publisher":{"@id":"https:\/\/brasilnoticias.org\/site\/#organization"},"potentialAction":[{"@type":"SearchAction","target":{"@type":"EntryPoint","urlTemplate":"https:\/\/brasilnoticias.org\/site\/?s={search_term_string}"},"query-input":{"@type":"PropertyValueSpecification","valueRequired":true,"valueName":"search_term_string"}}],"inLanguage":"pt-PT"},{"@type":"Organization","@id":"https:\/\/brasilnoticias.org\/site\/#organization","name":"Brasil not\u00edcias","url":"https:\/\/brasilnoticias.org\/site\/","logo":{"@type":"ImageObject","inLanguage":"pt-PT","@id":"https:\/\/brasilnoticias.org\/site\/#\/schema\/logo\/image\/","url":"https:\/\/brasilnoticias.org\/site\/wp-content\/uploads\/2022\/05\/cropped-brasilnoticias-mini.jpg","contentUrl":"https:\/\/brasilnoticias.org\/site\/wp-content\/uploads\/2022\/05\/cropped-brasilnoticias-mini.jpg","width":314,"height":86,"caption":"Brasil not\u00edcias"},"image":{"@id":"https:\/\/brasilnoticias.org\/site\/#\/schema\/logo\/image\/"}},{"@type":"Person","@id":"https:\/\/brasilnoticias.org\/site\/#\/schema\/person\/03bbbfe6c7634ad18c26444ea39049fa","name":"Reda\u00e7\u00e3o","image":{"@type":"ImageObject","inLanguage":"pt-PT","@id":"https:\/\/brasilnoticias.org\/site\/#\/schema\/person\/image\/","url":"https:\/\/secure.gravatar.com\/avatar\/9ecaf7327a696cb23ad926fedded5f1f04d7049de9e445375d55b48c001a6e42?s=96&d=mm&r=g","contentUrl":"https:\/\/secure.gravatar.com\/avatar\/9ecaf7327a696cb23ad926fedded5f1f04d7049de9e445375d55b48c001a6e42?s=96&d=mm&r=g","caption":"Reda\u00e7\u00e3o"},"url":"https:\/\/brasilnoticias.org\/site\/author\/henrique\/"}]}},"_links":{"self":[{"href":"https:\/\/brasilnoticias.org\/site\/wp-json\/wp\/v2\/posts\/13630","targetHints":{"allow":["GET"]}}],"collection":[{"href":"https:\/\/brasilnoticias.org\/site\/wp-json\/wp\/v2\/posts"}],"about":[{"href":"https:\/\/brasilnoticias.org\/site\/wp-json\/wp\/v2\/types\/post"}],"author":[{"embeddable":true,"href":"https:\/\/brasilnoticias.org\/site\/wp-json\/wp\/v2\/users\/4"}],"replies":[{"embeddable":true,"href":"https:\/\/brasilnoticias.org\/site\/wp-json\/wp\/v2\/comments?post=13630"}],"version-history":[{"count":1,"href":"https:\/\/brasilnoticias.org\/site\/wp-json\/wp\/v2\/posts\/13630\/revisions"}],"predecessor-version":[{"id":13632,"href":"https:\/\/brasilnoticias.org\/site\/wp-json\/wp\/v2\/posts\/13630\/revisions\/13632"}],"wp:featuredmedia":[{"embeddable":true,"href":"https:\/\/brasilnoticias.org\/site\/wp-json\/wp\/v2\/media\/13631"}],"wp:attachment":[{"href":"https:\/\/brasilnoticias.org\/site\/wp-json\/wp\/v2\/media?parent=13630"}],"wp:term":[{"taxonomy":"category","embeddable":true,"href":"https:\/\/brasilnoticias.org\/site\/wp-json\/wp\/v2\/categories?post=13630"},{"taxonomy":"post_tag","embeddable":true,"href":"https:\/\/brasilnoticias.org\/site\/wp-json\/wp\/v2\/tags?post=13630"}],"curies":[{"name":"wp","href":"https:\/\/api.w.org\/{rel}","templated":true}]}}