{"id":13639,"date":"2024-04-16T17:57:17","date_gmt":"2024-04-16T20:57:17","guid":{"rendered":"https:\/\/brasilnoticias.org\/site\/?p=13639"},"modified":"2024-04-16T17:57:17","modified_gmt":"2024-04-16T20:57:17","slug":"corpo-decapitado-e-encontrado-em-mirantes-de-periperi-vitima-ainda-nao-foi-identificada","status":"publish","type":"post","link":"https:\/\/brasilnoticias.org\/site\/corpo-decapitado-e-encontrado-em-mirantes-de-periperi-vitima-ainda-nao-foi-identificada\/","title":{"rendered":"Corpo decapitado \u00e9 encontrado em Mirantes de Periperi; v\u00edtima ainda n\u00e3o foi identificada"},"content":{"rendered":"<p>De acordo com a pol\u00edcia, h\u00e1 ind\u00edcios de que o corpo \u00e9 o mesmo da cabe\u00e7a encontrada decapitada na segunda-feira (15\/4)<\/p>\n<p>Um corpo decapitado, com marcas de tiros e queimaduras, foi encontrado pela Pol\u00edcia Civil da Bahia (PC) nesta ter\u00e7a-feira (16\/4), no bairro de Mirantes de Periperi, em Salvador. A v\u00edtima do corpo ainda n\u00e3o foi identificada pelos policiais.<\/p>\n<p>De acordo com informa\u00e7\u00f5es preliminares da pol\u00edcia, os ind\u00edcios s\u00e3o de que o corpo \u00e9 o mesmo da cabe\u00e7a encontrada decapitada em uma lata de tinta nesta segunda-feira (15\/4) na Rua do Curi\u00f3, no mesmo bairro, mas ainda passar\u00e1 por exames periciais para confirmar a informa\u00e7\u00e3o.<\/p>\n<p>INSEGURAN\u00c7A<\/p>\n<p>A regi\u00e3o de Periperi tem sofrido com uma onda de viol\u00eancia, nos \u00faltimos dias, devido \u00e0 guerra entre fac\u00e7\u00f5es rivais pelo controle do tr\u00e1fico de drogas. O policiamento no local foi intensificado, com o apoio de batalh\u00f5es, companhias independentes e do Graer.<\/p>\n<p>No domingo (14\/4), cinco indiv\u00edduos foram detidos e um fuzil, uma pistola e drogas foram apreendidas.<\/p>\n<p>Foto: divulga\u00e7\u00e3o\/Pol\u00edcia Civil<br \/>\nAratu On<\/p>\n","protected":false},"excerpt":{"rendered":"<p>De acordo com a pol\u00edcia, h\u00e1 ind\u00edcios de que o corpo \u00e9 o mesmo da cabe\u00e7a encontrada decapitada na segunda-feira<\/p>\n","protected":false},"author":4,"featured_media":13640,"comment_status":"open","ping_status":"open","sticky":false,"template":"","format":"standard","meta":{"colormag_page_container_layout":"default_layout","colormag_page_sidebar_layout":"default_layout","_FSMCFIC_featured_image_caption":"","_FSMCFIC_featured_image_nocaption":"","_FSMCFIC_featured_image_hide":"","footnotes":""},"categories":[2,1],"tags":[],"class_list":["post-13639","post","type-post","status-publish","format-standard","has-post-thumbnail","hentry","category-noticias","category-ultimas"],"yoast_head":"<!-- This site is optimized with the Yoast SEO plugin v27.1.1 - https:\/\/yoast.com\/product\/yoast-seo-wordpress\/ -->\n<title>Corpo decapitado \u00e9 encontrado em Mirantes de Periperi; v\u00edtima ainda n\u00e3o foi identificada - Brasil not\u00edcias<\/title>\n<meta name=\"robots\" content=\"index, follow, max-snippet:-1, max-image-preview:large, max-video-preview:-1\" \/>\n<link rel=\"canonical\" href=\"https:\/\/brasilnoticias.org\/site\/corpo-decapitado-e-encontrado-em-mirantes-de-periperi-vitima-ainda-nao-foi-identificada\/\" \/>\n<meta property=\"og:locale\" content=\"pt_PT\" \/>\n<meta property=\"og:type\" content=\"article\" \/>\n<meta property=\"og:title\" content=\"Corpo decapitado \u00e9 encontrado em Mirantes de Periperi; v\u00edtima ainda n\u00e3o foi identificada - Brasil not\u00edcias\" \/>\n<meta property=\"og:description\" content=\"De acordo com a pol\u00edcia, h\u00e1 ind\u00edcios de que o corpo \u00e9 o mesmo da cabe\u00e7a encontrada decapitada na segunda-feira\" \/>\n<meta property=\"og:url\" content=\"https:\/\/brasilnoticias.org\/site\/corpo-decapitado-e-encontrado-em-mirantes-de-periperi-vitima-ainda-nao-foi-identificada\/\" \/>\n<meta property=\"og:site_name\" content=\"Brasil not\u00edcias\" \/>\n<meta property=\"article:published_time\" content=\"2024-04-16T20:57:17+00:00\" \/>\n<meta property=\"og:image\" content=\"https:\/\/brasilnoticias.org\/site\/wp-content\/uploads\/2024\/04\/WhatsApp-Image-2023-02-01-at-8.13.44-PM-e1708016981865-960x500-1.jpeg\" \/>\n\t<meta property=\"og:image:width\" content=\"960\" \/>\n\t<meta property=\"og:image:height\" content=\"500\" \/>\n\t<meta property=\"og:image:type\" content=\"image\/jpeg\" \/>\n<meta name=\"author\" content=\"Reda\u00e7\u00e3o\" \/>\n<meta name=\"twitter:card\" content=\"summary_large_image\" \/>\n<meta name=\"twitter:label1\" content=\"Escrito por\" \/>\n\t<meta name=\"twitter:data1\" content=\"Reda\u00e7\u00e3o\" \/>\n\t<meta name=\"twitter:label2\" content=\"Tempo estimado de leitura\" \/>\n\t<meta name=\"twitter:data2\" content=\"1 minuto\" \/>\n<script type=\"application\/ld+json\" class=\"yoast-schema-graph\">{\"@context\":\"https:\/\/schema.org\",\"@graph\":[{\"@type\":\"Article\",\"@id\":\"https:\/\/brasilnoticias.org\/site\/corpo-decapitado-e-encontrado-em-mirantes-de-periperi-vitima-ainda-nao-foi-identificada\/#article\",\"isPartOf\":{\"@id\":\"https:\/\/brasilnoticias.org\/site\/corpo-decapitado-e-encontrado-em-mirantes-de-periperi-vitima-ainda-nao-foi-identificada\/\"},\"author\":{\"name\":\"Reda\u00e7\u00e3o\",\"@id\":\"https:\/\/brasilnoticias.org\/site\/#\/schema\/person\/03bbbfe6c7634ad18c26444ea39049fa\"},\"headline\":\"Corpo decapitado \u00e9 encontrado em Mirantes de Periperi; v\u00edtima ainda n\u00e3o foi identificada\",\"datePublished\":\"2024-04-16T20:57:17+00:00\",\"mainEntityOfPage\":{\"@id\":\"https:\/\/brasilnoticias.org\/site\/corpo-decapitado-e-encontrado-em-mirantes-de-periperi-vitima-ainda-nao-foi-identificada\/\"},\"wordCount\":199,\"commentCount\":0,\"publisher\":{\"@id\":\"https:\/\/brasilnoticias.org\/site\/#organization\"},\"image\":{\"@id\":\"https:\/\/brasilnoticias.org\/site\/corpo-decapitado-e-encontrado-em-mirantes-de-periperi-vitima-ainda-nao-foi-identificada\/#primaryimage\"},\"thumbnailUrl\":\"https:\/\/brasilnoticias.org\/site\/wp-content\/uploads\/2024\/04\/WhatsApp-Image-2023-02-01-at-8.13.44-PM-e1708016981865-960x500-1.jpeg\",\"articleSection\":[\"Not\u00edcias\",\"\u00daltimas\"],\"inLanguage\":\"pt-PT\",\"potentialAction\":[{\"@type\":\"CommentAction\",\"name\":\"Comment\",\"target\":[\"https:\/\/brasilnoticias.org\/site\/corpo-decapitado-e-encontrado-em-mirantes-de-periperi-vitima-ainda-nao-foi-identificada\/#respond\"]}]},{\"@type\":\"WebPage\",\"@id\":\"https:\/\/brasilnoticias.org\/site\/corpo-decapitado-e-encontrado-em-mirantes-de-periperi-vitima-ainda-nao-foi-identificada\/\",\"url\":\"https:\/\/brasilnoticias.org\/site\/corpo-decapitado-e-encontrado-em-mirantes-de-periperi-vitima-ainda-nao-foi-identificada\/\",\"name\":\"Corpo decapitado \u00e9 encontrado em Mirantes de Periperi; v\u00edtima ainda n\u00e3o foi identificada - Brasil not\u00edcias\",\"isPartOf\":{\"@id\":\"https:\/\/brasilnoticias.org\/site\/#website\"},\"primaryImageOfPage\":{\"@id\":\"https:\/\/brasilnoticias.org\/site\/corpo-decapitado-e-encontrado-em-mirantes-de-periperi-vitima-ainda-nao-foi-identificada\/#primaryimage\"},\"image\":{\"@id\":\"https:\/\/brasilnoticias.org\/site\/corpo-decapitado-e-encontrado-em-mirantes-de-periperi-vitima-ainda-nao-foi-identificada\/#primaryimage\"},\"thumbnailUrl\":\"https:\/\/brasilnoticias.org\/site\/wp-content\/uploads\/2024\/04\/WhatsApp-Image-2023-02-01-at-8.13.44-PM-e1708016981865-960x500-1.jpeg\",\"datePublished\":\"2024-04-16T20:57:17+00:00\",\"breadcrumb\":{\"@id\":\"https:\/\/brasilnoticias.org\/site\/corpo-decapitado-e-encontrado-em-mirantes-de-periperi-vitima-ainda-nao-foi-identificada\/#breadcrumb\"},\"inLanguage\":\"pt-PT\",\"potentialAction\":[{\"@type\":\"ReadAction\",\"target\":[\"https:\/\/brasilnoticias.org\/site\/corpo-decapitado-e-encontrado-em-mirantes-de-periperi-vitima-ainda-nao-foi-identificada\/\"]}]},{\"@type\":\"ImageObject\",\"inLanguage\":\"pt-PT\",\"@id\":\"https:\/\/brasilnoticias.org\/site\/corpo-decapitado-e-encontrado-em-mirantes-de-periperi-vitima-ainda-nao-foi-identificada\/#primaryimage\",\"url\":\"https:\/\/brasilnoticias.org\/site\/wp-content\/uploads\/2024\/04\/WhatsApp-Image-2023-02-01-at-8.13.44-PM-e1708016981865-960x500-1.jpeg\",\"contentUrl\":\"https:\/\/brasilnoticias.org\/site\/wp-content\/uploads\/2024\/04\/WhatsApp-Image-2023-02-01-at-8.13.44-PM-e1708016981865-960x500-1.jpeg\",\"width\":960,\"height\":500},{\"@type\":\"BreadcrumbList\",\"@id\":\"https:\/\/brasilnoticias.org\/site\/corpo-decapitado-e-encontrado-em-mirantes-de-periperi-vitima-ainda-nao-foi-identificada\/#breadcrumb\",\"itemListElement\":[{\"@type\":\"ListItem\",\"position\":1,\"name\":\"In\u00edcio\",\"item\":\"https:\/\/brasilnoticias.org\/site\/\"},{\"@type\":\"ListItem\",\"position\":2,\"name\":\"Corpo decapitado \u00e9 encontrado em Mirantes de Periperi; v\u00edtima ainda n\u00e3o foi identificada\"}]},{\"@type\":\"WebSite\",\"@id\":\"https:\/\/brasilnoticias.org\/site\/#website\",\"url\":\"https:\/\/brasilnoticias.org\/site\/\",\"name\":\"Brasil not\u00edcias\",\"description\":\"Brasil not\u00edcias\",\"publisher\":{\"@id\":\"https:\/\/brasilnoticias.org\/site\/#organization\"},\"potentialAction\":[{\"@type\":\"SearchAction\",\"target\":{\"@type\":\"EntryPoint\",\"urlTemplate\":\"https:\/\/brasilnoticias.org\/site\/?s={search_term_string}\"},\"query-input\":{\"@type\":\"PropertyValueSpecification\",\"valueRequired\":true,\"valueName\":\"search_term_string\"}}],\"inLanguage\":\"pt-PT\"},{\"@type\":\"Organization\",\"@id\":\"https:\/\/brasilnoticias.org\/site\/#organization\",\"name\":\"Brasil not\u00edcias\",\"url\":\"https:\/\/brasilnoticias.org\/site\/\",\"logo\":{\"@type\":\"ImageObject\",\"inLanguage\":\"pt-PT\",\"@id\":\"https:\/\/brasilnoticias.org\/site\/#\/schema\/logo\/image\/\",\"url\":\"https:\/\/brasilnoticias.org\/site\/wp-content\/uploads\/2022\/05\/cropped-brasilnoticias-mini.jpg\",\"contentUrl\":\"https:\/\/brasilnoticias.org\/site\/wp-content\/uploads\/2022\/05\/cropped-brasilnoticias-mini.jpg\",\"width\":314,\"height\":86,\"caption\":\"Brasil not\u00edcias\"},\"image\":{\"@id\":\"https:\/\/brasilnoticias.org\/site\/#\/schema\/logo\/image\/\"}},{\"@type\":\"Person\",\"@id\":\"https:\/\/brasilnoticias.org\/site\/#\/schema\/person\/03bbbfe6c7634ad18c26444ea39049fa\",\"name\":\"Reda\u00e7\u00e3o\",\"image\":{\"@type\":\"ImageObject\",\"inLanguage\":\"pt-PT\",\"@id\":\"https:\/\/brasilnoticias.org\/site\/#\/schema\/person\/image\/\",\"url\":\"https:\/\/secure.gravatar.com\/avatar\/9ecaf7327a696cb23ad926fedded5f1f04d7049de9e445375d55b48c001a6e42?s=96&d=mm&r=g\",\"contentUrl\":\"https:\/\/secure.gravatar.com\/avatar\/9ecaf7327a696cb23ad926fedded5f1f04d7049de9e445375d55b48c001a6e42?s=96&d=mm&r=g\",\"caption\":\"Reda\u00e7\u00e3o\"},\"url\":\"https:\/\/brasilnoticias.org\/site\/author\/henrique\/\"}]}<\/script>\n<!-- \/ Yoast SEO plugin. -->","yoast_head_json":{"title":"Corpo decapitado \u00e9 encontrado em Mirantes de Periperi; v\u00edtima ainda n\u00e3o foi identificada - Brasil not\u00edcias","robots":{"index":"index","follow":"follow","max-snippet":"max-snippet:-1","max-image-preview":"max-image-preview:large","max-video-preview":"max-video-preview:-1"},"canonical":"https:\/\/brasilnoticias.org\/site\/corpo-decapitado-e-encontrado-em-mirantes-de-periperi-vitima-ainda-nao-foi-identificada\/","og_locale":"pt_PT","og_type":"article","og_title":"Corpo decapitado \u00e9 encontrado em Mirantes de Periperi; v\u00edtima ainda n\u00e3o foi identificada - Brasil not\u00edcias","og_description":"De acordo com a pol\u00edcia, h\u00e1 ind\u00edcios de que o corpo \u00e9 o mesmo da cabe\u00e7a encontrada decapitada na segunda-feira","og_url":"https:\/\/brasilnoticias.org\/site\/corpo-decapitado-e-encontrado-em-mirantes-de-periperi-vitima-ainda-nao-foi-identificada\/","og_site_name":"Brasil not\u00edcias","article_published_time":"2024-04-16T20:57:17+00:00","og_image":[{"width":960,"height":500,"url":"https:\/\/brasilnoticias.org\/site\/wp-content\/uploads\/2024\/04\/WhatsApp-Image-2023-02-01-at-8.13.44-PM-e1708016981865-960x500-1.jpeg","type":"image\/jpeg"}],"author":"Reda\u00e7\u00e3o","twitter_card":"summary_large_image","twitter_misc":{"Escrito por":"Reda\u00e7\u00e3o","Tempo estimado de leitura":"1 minuto"},"schema":{"@context":"https:\/\/schema.org","@graph":[{"@type":"Article","@id":"https:\/\/brasilnoticias.org\/site\/corpo-decapitado-e-encontrado-em-mirantes-de-periperi-vitima-ainda-nao-foi-identificada\/#article","isPartOf":{"@id":"https:\/\/brasilnoticias.org\/site\/corpo-decapitado-e-encontrado-em-mirantes-de-periperi-vitima-ainda-nao-foi-identificada\/"},"author":{"name":"Reda\u00e7\u00e3o","@id":"https:\/\/brasilnoticias.org\/site\/#\/schema\/person\/03bbbfe6c7634ad18c26444ea39049fa"},"headline":"Corpo decapitado \u00e9 encontrado em Mirantes de Periperi; v\u00edtima ainda n\u00e3o foi identificada","datePublished":"2024-04-16T20:57:17+00:00","mainEntityOfPage":{"@id":"https:\/\/brasilnoticias.org\/site\/corpo-decapitado-e-encontrado-em-mirantes-de-periperi-vitima-ainda-nao-foi-identificada\/"},"wordCount":199,"commentCount":0,"publisher":{"@id":"https:\/\/brasilnoticias.org\/site\/#organization"},"image":{"@id":"https:\/\/brasilnoticias.org\/site\/corpo-decapitado-e-encontrado-em-mirantes-de-periperi-vitima-ainda-nao-foi-identificada\/#primaryimage"},"thumbnailUrl":"https:\/\/brasilnoticias.org\/site\/wp-content\/uploads\/2024\/04\/WhatsApp-Image-2023-02-01-at-8.13.44-PM-e1708016981865-960x500-1.jpeg","articleSection":["Not\u00edcias","\u00daltimas"],"inLanguage":"pt-PT","potentialAction":[{"@type":"CommentAction","name":"Comment","target":["https:\/\/brasilnoticias.org\/site\/corpo-decapitado-e-encontrado-em-mirantes-de-periperi-vitima-ainda-nao-foi-identificada\/#respond"]}]},{"@type":"WebPage","@id":"https:\/\/brasilnoticias.org\/site\/corpo-decapitado-e-encontrado-em-mirantes-de-periperi-vitima-ainda-nao-foi-identificada\/","url":"https:\/\/brasilnoticias.org\/site\/corpo-decapitado-e-encontrado-em-mirantes-de-periperi-vitima-ainda-nao-foi-identificada\/","name":"Corpo decapitado \u00e9 encontrado em Mirantes de Periperi; v\u00edtima ainda n\u00e3o foi identificada - Brasil not\u00edcias","isPartOf":{"@id":"https:\/\/brasilnoticias.org\/site\/#website"},"primaryImageOfPage":{"@id":"https:\/\/brasilnoticias.org\/site\/corpo-decapitado-e-encontrado-em-mirantes-de-periperi-vitima-ainda-nao-foi-identificada\/#primaryimage"},"image":{"@id":"https:\/\/brasilnoticias.org\/site\/corpo-decapitado-e-encontrado-em-mirantes-de-periperi-vitima-ainda-nao-foi-identificada\/#primaryimage"},"thumbnailUrl":"https:\/\/brasilnoticias.org\/site\/wp-content\/uploads\/2024\/04\/WhatsApp-Image-2023-02-01-at-8.13.44-PM-e1708016981865-960x500-1.jpeg","datePublished":"2024-04-16T20:57:17+00:00","breadcrumb":{"@id":"https:\/\/brasilnoticias.org\/site\/corpo-decapitado-e-encontrado-em-mirantes-de-periperi-vitima-ainda-nao-foi-identificada\/#breadcrumb"},"inLanguage":"pt-PT","potentialAction":[{"@type":"ReadAction","target":["https:\/\/brasilnoticias.org\/site\/corpo-decapitado-e-encontrado-em-mirantes-de-periperi-vitima-ainda-nao-foi-identificada\/"]}]},{"@type":"ImageObject","inLanguage":"pt-PT","@id":"https:\/\/brasilnoticias.org\/site\/corpo-decapitado-e-encontrado-em-mirantes-de-periperi-vitima-ainda-nao-foi-identificada\/#primaryimage","url":"https:\/\/brasilnoticias.org\/site\/wp-content\/uploads\/2024\/04\/WhatsApp-Image-2023-02-01-at-8.13.44-PM-e1708016981865-960x500-1.jpeg","contentUrl":"https:\/\/brasilnoticias.org\/site\/wp-content\/uploads\/2024\/04\/WhatsApp-Image-2023-02-01-at-8.13.44-PM-e1708016981865-960x500-1.jpeg","width":960,"height":500},{"@type":"BreadcrumbList","@id":"https:\/\/brasilnoticias.org\/site\/corpo-decapitado-e-encontrado-em-mirantes-de-periperi-vitima-ainda-nao-foi-identificada\/#breadcrumb","itemListElement":[{"@type":"ListItem","position":1,"name":"In\u00edcio","item":"https:\/\/brasilnoticias.org\/site\/"},{"@type":"ListItem","position":2,"name":"Corpo decapitado \u00e9 encontrado em Mirantes de Periperi; v\u00edtima ainda n\u00e3o foi identificada"}]},{"@type":"WebSite","@id":"https:\/\/brasilnoticias.org\/site\/#website","url":"https:\/\/brasilnoticias.org\/site\/","name":"Brasil not\u00edcias","description":"Brasil not\u00edcias","publisher":{"@id":"https:\/\/brasilnoticias.org\/site\/#organization"},"potentialAction":[{"@type":"SearchAction","target":{"@type":"EntryPoint","urlTemplate":"https:\/\/brasilnoticias.org\/site\/?s={search_term_string}"},"query-input":{"@type":"PropertyValueSpecification","valueRequired":true,"valueName":"search_term_string"}}],"inLanguage":"pt-PT"},{"@type":"Organization","@id":"https:\/\/brasilnoticias.org\/site\/#organization","name":"Brasil not\u00edcias","url":"https:\/\/brasilnoticias.org\/site\/","logo":{"@type":"ImageObject","inLanguage":"pt-PT","@id":"https:\/\/brasilnoticias.org\/site\/#\/schema\/logo\/image\/","url":"https:\/\/brasilnoticias.org\/site\/wp-content\/uploads\/2022\/05\/cropped-brasilnoticias-mini.jpg","contentUrl":"https:\/\/brasilnoticias.org\/site\/wp-content\/uploads\/2022\/05\/cropped-brasilnoticias-mini.jpg","width":314,"height":86,"caption":"Brasil not\u00edcias"},"image":{"@id":"https:\/\/brasilnoticias.org\/site\/#\/schema\/logo\/image\/"}},{"@type":"Person","@id":"https:\/\/brasilnoticias.org\/site\/#\/schema\/person\/03bbbfe6c7634ad18c26444ea39049fa","name":"Reda\u00e7\u00e3o","image":{"@type":"ImageObject","inLanguage":"pt-PT","@id":"https:\/\/brasilnoticias.org\/site\/#\/schema\/person\/image\/","url":"https:\/\/secure.gravatar.com\/avatar\/9ecaf7327a696cb23ad926fedded5f1f04d7049de9e445375d55b48c001a6e42?s=96&d=mm&r=g","contentUrl":"https:\/\/secure.gravatar.com\/avatar\/9ecaf7327a696cb23ad926fedded5f1f04d7049de9e445375d55b48c001a6e42?s=96&d=mm&r=g","caption":"Reda\u00e7\u00e3o"},"url":"https:\/\/brasilnoticias.org\/site\/author\/henrique\/"}]}},"_links":{"self":[{"href":"https:\/\/brasilnoticias.org\/site\/wp-json\/wp\/v2\/posts\/13639","targetHints":{"allow":["GET"]}}],"collection":[{"href":"https:\/\/brasilnoticias.org\/site\/wp-json\/wp\/v2\/posts"}],"about":[{"href":"https:\/\/brasilnoticias.org\/site\/wp-json\/wp\/v2\/types\/post"}],"author":[{"embeddable":true,"href":"https:\/\/brasilnoticias.org\/site\/wp-json\/wp\/v2\/users\/4"}],"replies":[{"embeddable":true,"href":"https:\/\/brasilnoticias.org\/site\/wp-json\/wp\/v2\/comments?post=13639"}],"version-history":[{"count":1,"href":"https:\/\/brasilnoticias.org\/site\/wp-json\/wp\/v2\/posts\/13639\/revisions"}],"predecessor-version":[{"id":13641,"href":"https:\/\/brasilnoticias.org\/site\/wp-json\/wp\/v2\/posts\/13639\/revisions\/13641"}],"wp:featuredmedia":[{"embeddable":true,"href":"https:\/\/brasilnoticias.org\/site\/wp-json\/wp\/v2\/media\/13640"}],"wp:attachment":[{"href":"https:\/\/brasilnoticias.org\/site\/wp-json\/wp\/v2\/media?parent=13639"}],"wp:term":[{"taxonomy":"category","embeddable":true,"href":"https:\/\/brasilnoticias.org\/site\/wp-json\/wp\/v2\/categories?post=13639"},{"taxonomy":"post_tag","embeddable":true,"href":"https:\/\/brasilnoticias.org\/site\/wp-json\/wp\/v2\/tags?post=13639"}],"curies":[{"name":"wp","href":"https:\/\/api.w.org\/{rel}","templated":true}]}}