{"id":13676,"date":"2024-04-18T10:41:17","date_gmt":"2024-04-18T13:41:17","guid":{"rendered":"https:\/\/brasilnoticias.org\/site\/?p=13676"},"modified":"2024-04-18T10:48:32","modified_gmt":"2024-04-18T13:48:32","slug":"comercio-deve-crescer-7-no-mes-do-dia-das-maes-estima-fecomercio-ba","status":"publish","type":"post","link":"https:\/\/brasilnoticias.org\/site\/comercio-deve-crescer-7-no-mes-do-dia-das-maes-estima-fecomercio-ba\/","title":{"rendered":"Com\u00e9rcio deve crescer 7% no m\u00eas do Dia das M\u00e3es, estima Fecom\u00e9rcio-BA"},"content":{"rendered":"<p>Ap\u00f3s registrar estabilidade em 2023, os principais setores que possuem alguma rela\u00e7\u00e3o com o Dia das M\u00e3es devem registrar crescimento de 7,1% no estado da Bahia, no m\u00eas de maio deste ano, de acordo com proje\u00e7\u00f5es da Fecom\u00e9rcio-BA e da CNC \u2013 Confedera\u00e7\u00e3o Nacional do Com\u00e9rcio de Bens, Servi\u00e7os e Turismo.<\/p>\n<p>O melhor desempenho para o per\u00edodo deve ser dos Supermercados, com alta estimada de 11% na compara\u00e7\u00e3o anual, com faturamento de quase 5 bilh\u00f5es de reais. O segmento \u00e9 beneficiado de forma direta e indireta pela data. \u201cNa primeira situa\u00e7\u00e3o, s\u00e3o os pr\u00f3prios consumidores que v\u00e3o as compras buscando os ingredientes e bebidas para o almo\u00e7o no domingo. E no segundo caso, s\u00e3o empres\u00e1rios, donos de restaurantes, que precisam abastecer seus estoques para um dia de grande movimenta\u00e7\u00e3o, com tradicionais filas de espera\u201d, destaca o consultor econ\u00f4mico da Fecom\u00e9rcio-BA, Guilherme Dietze.<\/p>\n<p>A segunda maior varia\u00e7\u00e3o no m\u00eas estima ser das Lojas de M\u00f3veis e Decora\u00e7\u00e3o, de 8%. Com a redu\u00e7\u00e3o da taxa de juros, esses tipos de produtos ficam relativamente mais acess\u00edveis, pois dependem num grau elevado do custo de cr\u00e9dito. No entanto, para o Dia das M\u00e3es, esse grupo n\u00e3o se posiciona entre os principais itens de busca.<\/p>\n<p>Outra alta deve ser vista nas lojas de Eletrodom\u00e9sticos e Eletr\u00f4nicos, de 3%. \u201cNeste caso, j\u00e1 h\u00e1 uma busca mais intensa, do desejo de compra de telefone celular, computadores ou algum produto de utilidade dom\u00e9stica. Vale ressaltar que, o cr\u00e9dito mais barato e o n\u00edvel de inadimpl\u00eancia mais baixo do que h\u00e1 um ano, s\u00e3o fatores que devem contribuir para a expans\u00e3o de vendas nesse segmento\u201d, pontua Dietze.<\/p>\n<p>No sentido contr\u00e1rio, segundo as proje\u00e7\u00f5es, \u00e9 prov\u00e1vel haver queda de 3% no segmento de Farm\u00e1cias e Perfumarias. Esse resultado n\u00e3o pode ser considerado negativo, pois trata-se de uma base muito elevada de compara\u00e7\u00e3o, com o Setor batendo nos \u00faltimos meses recorde de vendas.<\/p>\n<p>E, por fim, as Lojas de Vestu\u00e1rio, Tecidos e Cal\u00e7ados, que devem ficar praticamente no 0 a 0 em rela\u00e7\u00e3o a maio de 2023. A varia\u00e7\u00e3o prevista \u00e9 de -1% no contraponto anual.<\/p>\n<p>\u201cEsse setor \u00e9 certamente o mais demandado para o Dia das M\u00e3es, sendo sempre o primeiro da lista quando s\u00e3o feitas pesquisas de inten\u00e7\u00e3o de compra para o per\u00edodo. Isso porque s\u00e3o produtos com pre\u00e7os acess\u00edveis, de valor agregado mais baixo, sem a necessidade de cr\u00e9dito. H\u00e1 no mercado todos os tipos de op\u00e7\u00f5es e que pode caber em qualquer bolso\u201d, salienta Dietze.<\/p>\n<p>E analisando esses n\u00fameros \u00e9 importante destacar que tecnicamente \u00e9 invi\u00e1vel, a partir da base de dados, segmentar o que \u00e9 faturamento das compras habituais do m\u00eas das compras espec\u00edficas para o Dia das M\u00e3es.<\/p>\n<p>\u201cDe qualquer forma, como o evento de maio tem uma relev\u00e2ncia grande no resultado das vendas, \u00e9 poss\u00edvel argumentar que o desempenho do m\u00eas est\u00e1 relacionado a data comemorativa, ou seja, se a tend\u00eancia \u00e9 ter aumento no valor geral de maio, tamb\u00e9m se compreende que a comemora\u00e7\u00e3o ser\u00e1 positiva\u201d, cita o consultor econ\u00f4mico.<\/p>\n<p>\u00c9 um bom momento para o varejo baiano que deve apresentar crescimento de 7% no 1\u00ba semestre. Os consumidores est\u00e3o com contas mais equilibradas, com mais seguran\u00e7a no emprego e com maior disponibilidade de cr\u00e9dito.<\/p>\n<p>\u201cA dica para o per\u00edodo \u00e9 pesquisar, pois a concorr\u00eancia \u00e9 ampla e as op\u00e7\u00f5es de pagamento tamb\u00e9m podem trazer alguma diferen\u00e7a importante de pre\u00e7o, sobretudo no pagamento na modalidade PIX. Importante enfatizar que o aumento do faturamento n\u00e3o quer dizer, necessariamente, lucro. O Dia das M\u00e3es \u00e9 uma grande oportunidade para os empres\u00e1rios conseguirem reduzir os seus estoques, fortalecer o fluxo de caixa e pensar nas estrat\u00e9gias para as pr\u00f3ximas datas comemorativas para o setor, Dia dos Namorados, S\u00e3o Jo\u00e3o e Dia dos Pais.<\/p>\n<p>Foto:Divulga\u00e7\u00e3o<br \/>\nInforma\u00e7\u00f5es da Fecom\u00e9rcio-BA<\/p>\n","protected":false},"excerpt":{"rendered":"<p>Ap\u00f3s registrar estabilidade em 2023, os principais setores que possuem alguma rela\u00e7\u00e3o com o Dia das M\u00e3es devem registrar crescimento<\/p>\n","protected":false},"author":4,"featured_media":13677,"comment_status":"open","ping_status":"open","sticky":false,"template":"","format":"standard","meta":{"colormag_page_container_layout":"default_layout","colormag_page_sidebar_layout":"default_layout","_FSMCFIC_featured_image_caption":"","_FSMCFIC_featured_image_nocaption":"","_FSMCFIC_featured_image_hide":"","footnotes":""},"categories":[2,1],"tags":[],"class_list":["post-13676","post","type-post","status-publish","format-standard","has-post-thumbnail","hentry","category-noticias","category-ultimas"],"yoast_head":"<!-- This site is optimized with the Yoast SEO plugin v27.1.1 - https:\/\/yoast.com\/product\/yoast-seo-wordpress\/ -->\n<title>Com\u00e9rcio deve crescer 7% no m\u00eas do Dia das M\u00e3es, estima Fecom\u00e9rcio-BA - Brasil not\u00edcias<\/title>\n<meta name=\"robots\" content=\"index, follow, max-snippet:-1, max-image-preview:large, max-video-preview:-1\" \/>\n<link rel=\"canonical\" href=\"https:\/\/brasilnoticias.org\/site\/comercio-deve-crescer-7-no-mes-do-dia-das-maes-estima-fecomercio-ba\/\" \/>\n<meta property=\"og:locale\" content=\"pt_PT\" \/>\n<meta property=\"og:type\" content=\"article\" \/>\n<meta property=\"og:title\" content=\"Com\u00e9rcio deve crescer 7% no m\u00eas do Dia das M\u00e3es, estima Fecom\u00e9rcio-BA - Brasil not\u00edcias\" \/>\n<meta property=\"og:description\" content=\"Ap\u00f3s registrar estabilidade em 2023, os principais setores que possuem alguma rela\u00e7\u00e3o com o Dia das M\u00e3es devem registrar crescimento\" \/>\n<meta property=\"og:url\" content=\"https:\/\/brasilnoticias.org\/site\/comercio-deve-crescer-7-no-mes-do-dia-das-maes-estima-fecomercio-ba\/\" \/>\n<meta property=\"og:site_name\" content=\"Brasil not\u00edcias\" \/>\n<meta property=\"article:published_time\" content=\"2024-04-18T13:41:17+00:00\" \/>\n<meta property=\"article:modified_time\" content=\"2024-04-18T13:48:32+00:00\" \/>\n<meta property=\"og:image\" content=\"https:\/\/brasilnoticias.org\/site\/wp-content\/uploads\/2024\/04\/IMG_1149.jpeg\" \/>\n\t<meta property=\"og:image:width\" content=\"1208\" \/>\n\t<meta property=\"og:image:height\" content=\"868\" \/>\n\t<meta property=\"og:image:type\" content=\"image\/jpeg\" \/>\n<meta name=\"author\" content=\"Reda\u00e7\u00e3o\" \/>\n<meta name=\"twitter:card\" content=\"summary_large_image\" \/>\n<meta name=\"twitter:label1\" content=\"Escrito por\" \/>\n\t<meta name=\"twitter:data1\" content=\"Reda\u00e7\u00e3o\" \/>\n\t<meta name=\"twitter:label2\" content=\"Tempo estimado de leitura\" \/>\n\t<meta name=\"twitter:data2\" content=\"4 minutos\" \/>\n<script type=\"application\/ld+json\" class=\"yoast-schema-graph\">{\"@context\":\"https:\/\/schema.org\",\"@graph\":[{\"@type\":\"Article\",\"@id\":\"https:\/\/brasilnoticias.org\/site\/comercio-deve-crescer-7-no-mes-do-dia-das-maes-estima-fecomercio-ba\/#article\",\"isPartOf\":{\"@id\":\"https:\/\/brasilnoticias.org\/site\/comercio-deve-crescer-7-no-mes-do-dia-das-maes-estima-fecomercio-ba\/\"},\"author\":{\"name\":\"Reda\u00e7\u00e3o\",\"@id\":\"https:\/\/brasilnoticias.org\/site\/#\/schema\/person\/03bbbfe6c7634ad18c26444ea39049fa\"},\"headline\":\"Com\u00e9rcio deve crescer 7% no m\u00eas do Dia das M\u00e3es, estima Fecom\u00e9rcio-BA\",\"datePublished\":\"2024-04-18T13:41:17+00:00\",\"dateModified\":\"2024-04-18T13:48:32+00:00\",\"mainEntityOfPage\":{\"@id\":\"https:\/\/brasilnoticias.org\/site\/comercio-deve-crescer-7-no-mes-do-dia-das-maes-estima-fecomercio-ba\/\"},\"wordCount\":700,\"commentCount\":0,\"publisher\":{\"@id\":\"https:\/\/brasilnoticias.org\/site\/#organization\"},\"image\":{\"@id\":\"https:\/\/brasilnoticias.org\/site\/comercio-deve-crescer-7-no-mes-do-dia-das-maes-estima-fecomercio-ba\/#primaryimage\"},\"thumbnailUrl\":\"https:\/\/brasilnoticias.org\/site\/wp-content\/uploads\/2024\/04\/IMG_1149.jpeg\",\"articleSection\":[\"Not\u00edcias\",\"\u00daltimas\"],\"inLanguage\":\"pt-PT\",\"potentialAction\":[{\"@type\":\"CommentAction\",\"name\":\"Comment\",\"target\":[\"https:\/\/brasilnoticias.org\/site\/comercio-deve-crescer-7-no-mes-do-dia-das-maes-estima-fecomercio-ba\/#respond\"]}]},{\"@type\":\"WebPage\",\"@id\":\"https:\/\/brasilnoticias.org\/site\/comercio-deve-crescer-7-no-mes-do-dia-das-maes-estima-fecomercio-ba\/\",\"url\":\"https:\/\/brasilnoticias.org\/site\/comercio-deve-crescer-7-no-mes-do-dia-das-maes-estima-fecomercio-ba\/\",\"name\":\"Com\u00e9rcio deve crescer 7% no m\u00eas do Dia das M\u00e3es, estima Fecom\u00e9rcio-BA - Brasil not\u00edcias\",\"isPartOf\":{\"@id\":\"https:\/\/brasilnoticias.org\/site\/#website\"},\"primaryImageOfPage\":{\"@id\":\"https:\/\/brasilnoticias.org\/site\/comercio-deve-crescer-7-no-mes-do-dia-das-maes-estima-fecomercio-ba\/#primaryimage\"},\"image\":{\"@id\":\"https:\/\/brasilnoticias.org\/site\/comercio-deve-crescer-7-no-mes-do-dia-das-maes-estima-fecomercio-ba\/#primaryimage\"},\"thumbnailUrl\":\"https:\/\/brasilnoticias.org\/site\/wp-content\/uploads\/2024\/04\/IMG_1149.jpeg\",\"datePublished\":\"2024-04-18T13:41:17+00:00\",\"dateModified\":\"2024-04-18T13:48:32+00:00\",\"breadcrumb\":{\"@id\":\"https:\/\/brasilnoticias.org\/site\/comercio-deve-crescer-7-no-mes-do-dia-das-maes-estima-fecomercio-ba\/#breadcrumb\"},\"inLanguage\":\"pt-PT\",\"potentialAction\":[{\"@type\":\"ReadAction\",\"target\":[\"https:\/\/brasilnoticias.org\/site\/comercio-deve-crescer-7-no-mes-do-dia-das-maes-estima-fecomercio-ba\/\"]}]},{\"@type\":\"ImageObject\",\"inLanguage\":\"pt-PT\",\"@id\":\"https:\/\/brasilnoticias.org\/site\/comercio-deve-crescer-7-no-mes-do-dia-das-maes-estima-fecomercio-ba\/#primaryimage\",\"url\":\"https:\/\/brasilnoticias.org\/site\/wp-content\/uploads\/2024\/04\/IMG_1149.jpeg\",\"contentUrl\":\"https:\/\/brasilnoticias.org\/site\/wp-content\/uploads\/2024\/04\/IMG_1149.jpeg\",\"width\":1208,\"height\":868},{\"@type\":\"BreadcrumbList\",\"@id\":\"https:\/\/brasilnoticias.org\/site\/comercio-deve-crescer-7-no-mes-do-dia-das-maes-estima-fecomercio-ba\/#breadcrumb\",\"itemListElement\":[{\"@type\":\"ListItem\",\"position\":1,\"name\":\"In\u00edcio\",\"item\":\"https:\/\/brasilnoticias.org\/site\/\"},{\"@type\":\"ListItem\",\"position\":2,\"name\":\"Com\u00e9rcio deve crescer 7% no m\u00eas do Dia das M\u00e3es, estima Fecom\u00e9rcio-BA\"}]},{\"@type\":\"WebSite\",\"@id\":\"https:\/\/brasilnoticias.org\/site\/#website\",\"url\":\"https:\/\/brasilnoticias.org\/site\/\",\"name\":\"Brasil not\u00edcias\",\"description\":\"Brasil not\u00edcias\",\"publisher\":{\"@id\":\"https:\/\/brasilnoticias.org\/site\/#organization\"},\"potentialAction\":[{\"@type\":\"SearchAction\",\"target\":{\"@type\":\"EntryPoint\",\"urlTemplate\":\"https:\/\/brasilnoticias.org\/site\/?s={search_term_string}\"},\"query-input\":{\"@type\":\"PropertyValueSpecification\",\"valueRequired\":true,\"valueName\":\"search_term_string\"}}],\"inLanguage\":\"pt-PT\"},{\"@type\":\"Organization\",\"@id\":\"https:\/\/brasilnoticias.org\/site\/#organization\",\"name\":\"Brasil not\u00edcias\",\"url\":\"https:\/\/brasilnoticias.org\/site\/\",\"logo\":{\"@type\":\"ImageObject\",\"inLanguage\":\"pt-PT\",\"@id\":\"https:\/\/brasilnoticias.org\/site\/#\/schema\/logo\/image\/\",\"url\":\"https:\/\/brasilnoticias.org\/site\/wp-content\/uploads\/2022\/05\/cropped-brasilnoticias-mini.jpg\",\"contentUrl\":\"https:\/\/brasilnoticias.org\/site\/wp-content\/uploads\/2022\/05\/cropped-brasilnoticias-mini.jpg\",\"width\":314,\"height\":86,\"caption\":\"Brasil not\u00edcias\"},\"image\":{\"@id\":\"https:\/\/brasilnoticias.org\/site\/#\/schema\/logo\/image\/\"}},{\"@type\":\"Person\",\"@id\":\"https:\/\/brasilnoticias.org\/site\/#\/schema\/person\/03bbbfe6c7634ad18c26444ea39049fa\",\"name\":\"Reda\u00e7\u00e3o\",\"image\":{\"@type\":\"ImageObject\",\"inLanguage\":\"pt-PT\",\"@id\":\"https:\/\/brasilnoticias.org\/site\/#\/schema\/person\/image\/\",\"url\":\"https:\/\/secure.gravatar.com\/avatar\/9ecaf7327a696cb23ad926fedded5f1f04d7049de9e445375d55b48c001a6e42?s=96&d=mm&r=g\",\"contentUrl\":\"https:\/\/secure.gravatar.com\/avatar\/9ecaf7327a696cb23ad926fedded5f1f04d7049de9e445375d55b48c001a6e42?s=96&d=mm&r=g\",\"caption\":\"Reda\u00e7\u00e3o\"},\"url\":\"https:\/\/brasilnoticias.org\/site\/author\/henrique\/\"}]}<\/script>\n<!-- \/ Yoast SEO plugin. -->","yoast_head_json":{"title":"Com\u00e9rcio deve crescer 7% no m\u00eas do Dia das M\u00e3es, estima Fecom\u00e9rcio-BA - Brasil not\u00edcias","robots":{"index":"index","follow":"follow","max-snippet":"max-snippet:-1","max-image-preview":"max-image-preview:large","max-video-preview":"max-video-preview:-1"},"canonical":"https:\/\/brasilnoticias.org\/site\/comercio-deve-crescer-7-no-mes-do-dia-das-maes-estima-fecomercio-ba\/","og_locale":"pt_PT","og_type":"article","og_title":"Com\u00e9rcio deve crescer 7% no m\u00eas do Dia das M\u00e3es, estima Fecom\u00e9rcio-BA - Brasil not\u00edcias","og_description":"Ap\u00f3s registrar estabilidade em 2023, os principais setores que possuem alguma rela\u00e7\u00e3o com o Dia das M\u00e3es devem registrar crescimento","og_url":"https:\/\/brasilnoticias.org\/site\/comercio-deve-crescer-7-no-mes-do-dia-das-maes-estima-fecomercio-ba\/","og_site_name":"Brasil not\u00edcias","article_published_time":"2024-04-18T13:41:17+00:00","article_modified_time":"2024-04-18T13:48:32+00:00","og_image":[{"width":1208,"height":868,"url":"https:\/\/brasilnoticias.org\/site\/wp-content\/uploads\/2024\/04\/IMG_1149.jpeg","type":"image\/jpeg"}],"author":"Reda\u00e7\u00e3o","twitter_card":"summary_large_image","twitter_misc":{"Escrito por":"Reda\u00e7\u00e3o","Tempo estimado de leitura":"4 minutos"},"schema":{"@context":"https:\/\/schema.org","@graph":[{"@type":"Article","@id":"https:\/\/brasilnoticias.org\/site\/comercio-deve-crescer-7-no-mes-do-dia-das-maes-estima-fecomercio-ba\/#article","isPartOf":{"@id":"https:\/\/brasilnoticias.org\/site\/comercio-deve-crescer-7-no-mes-do-dia-das-maes-estima-fecomercio-ba\/"},"author":{"name":"Reda\u00e7\u00e3o","@id":"https:\/\/brasilnoticias.org\/site\/#\/schema\/person\/03bbbfe6c7634ad18c26444ea39049fa"},"headline":"Com\u00e9rcio deve crescer 7% no m\u00eas do Dia das M\u00e3es, estima Fecom\u00e9rcio-BA","datePublished":"2024-04-18T13:41:17+00:00","dateModified":"2024-04-18T13:48:32+00:00","mainEntityOfPage":{"@id":"https:\/\/brasilnoticias.org\/site\/comercio-deve-crescer-7-no-mes-do-dia-das-maes-estima-fecomercio-ba\/"},"wordCount":700,"commentCount":0,"publisher":{"@id":"https:\/\/brasilnoticias.org\/site\/#organization"},"image":{"@id":"https:\/\/brasilnoticias.org\/site\/comercio-deve-crescer-7-no-mes-do-dia-das-maes-estima-fecomercio-ba\/#primaryimage"},"thumbnailUrl":"https:\/\/brasilnoticias.org\/site\/wp-content\/uploads\/2024\/04\/IMG_1149.jpeg","articleSection":["Not\u00edcias","\u00daltimas"],"inLanguage":"pt-PT","potentialAction":[{"@type":"CommentAction","name":"Comment","target":["https:\/\/brasilnoticias.org\/site\/comercio-deve-crescer-7-no-mes-do-dia-das-maes-estima-fecomercio-ba\/#respond"]}]},{"@type":"WebPage","@id":"https:\/\/brasilnoticias.org\/site\/comercio-deve-crescer-7-no-mes-do-dia-das-maes-estima-fecomercio-ba\/","url":"https:\/\/brasilnoticias.org\/site\/comercio-deve-crescer-7-no-mes-do-dia-das-maes-estima-fecomercio-ba\/","name":"Com\u00e9rcio deve crescer 7% no m\u00eas do Dia das M\u00e3es, estima Fecom\u00e9rcio-BA - Brasil not\u00edcias","isPartOf":{"@id":"https:\/\/brasilnoticias.org\/site\/#website"},"primaryImageOfPage":{"@id":"https:\/\/brasilnoticias.org\/site\/comercio-deve-crescer-7-no-mes-do-dia-das-maes-estima-fecomercio-ba\/#primaryimage"},"image":{"@id":"https:\/\/brasilnoticias.org\/site\/comercio-deve-crescer-7-no-mes-do-dia-das-maes-estima-fecomercio-ba\/#primaryimage"},"thumbnailUrl":"https:\/\/brasilnoticias.org\/site\/wp-content\/uploads\/2024\/04\/IMG_1149.jpeg","datePublished":"2024-04-18T13:41:17+00:00","dateModified":"2024-04-18T13:48:32+00:00","breadcrumb":{"@id":"https:\/\/brasilnoticias.org\/site\/comercio-deve-crescer-7-no-mes-do-dia-das-maes-estima-fecomercio-ba\/#breadcrumb"},"inLanguage":"pt-PT","potentialAction":[{"@type":"ReadAction","target":["https:\/\/brasilnoticias.org\/site\/comercio-deve-crescer-7-no-mes-do-dia-das-maes-estima-fecomercio-ba\/"]}]},{"@type":"ImageObject","inLanguage":"pt-PT","@id":"https:\/\/brasilnoticias.org\/site\/comercio-deve-crescer-7-no-mes-do-dia-das-maes-estima-fecomercio-ba\/#primaryimage","url":"https:\/\/brasilnoticias.org\/site\/wp-content\/uploads\/2024\/04\/IMG_1149.jpeg","contentUrl":"https:\/\/brasilnoticias.org\/site\/wp-content\/uploads\/2024\/04\/IMG_1149.jpeg","width":1208,"height":868},{"@type":"BreadcrumbList","@id":"https:\/\/brasilnoticias.org\/site\/comercio-deve-crescer-7-no-mes-do-dia-das-maes-estima-fecomercio-ba\/#breadcrumb","itemListElement":[{"@type":"ListItem","position":1,"name":"In\u00edcio","item":"https:\/\/brasilnoticias.org\/site\/"},{"@type":"ListItem","position":2,"name":"Com\u00e9rcio deve crescer 7% no m\u00eas do Dia das M\u00e3es, estima Fecom\u00e9rcio-BA"}]},{"@type":"WebSite","@id":"https:\/\/brasilnoticias.org\/site\/#website","url":"https:\/\/brasilnoticias.org\/site\/","name":"Brasil not\u00edcias","description":"Brasil not\u00edcias","publisher":{"@id":"https:\/\/brasilnoticias.org\/site\/#organization"},"potentialAction":[{"@type":"SearchAction","target":{"@type":"EntryPoint","urlTemplate":"https:\/\/brasilnoticias.org\/site\/?s={search_term_string}"},"query-input":{"@type":"PropertyValueSpecification","valueRequired":true,"valueName":"search_term_string"}}],"inLanguage":"pt-PT"},{"@type":"Organization","@id":"https:\/\/brasilnoticias.org\/site\/#organization","name":"Brasil not\u00edcias","url":"https:\/\/brasilnoticias.org\/site\/","logo":{"@type":"ImageObject","inLanguage":"pt-PT","@id":"https:\/\/brasilnoticias.org\/site\/#\/schema\/logo\/image\/","url":"https:\/\/brasilnoticias.org\/site\/wp-content\/uploads\/2022\/05\/cropped-brasilnoticias-mini.jpg","contentUrl":"https:\/\/brasilnoticias.org\/site\/wp-content\/uploads\/2022\/05\/cropped-brasilnoticias-mini.jpg","width":314,"height":86,"caption":"Brasil not\u00edcias"},"image":{"@id":"https:\/\/brasilnoticias.org\/site\/#\/schema\/logo\/image\/"}},{"@type":"Person","@id":"https:\/\/brasilnoticias.org\/site\/#\/schema\/person\/03bbbfe6c7634ad18c26444ea39049fa","name":"Reda\u00e7\u00e3o","image":{"@type":"ImageObject","inLanguage":"pt-PT","@id":"https:\/\/brasilnoticias.org\/site\/#\/schema\/person\/image\/","url":"https:\/\/secure.gravatar.com\/avatar\/9ecaf7327a696cb23ad926fedded5f1f04d7049de9e445375d55b48c001a6e42?s=96&d=mm&r=g","contentUrl":"https:\/\/secure.gravatar.com\/avatar\/9ecaf7327a696cb23ad926fedded5f1f04d7049de9e445375d55b48c001a6e42?s=96&d=mm&r=g","caption":"Reda\u00e7\u00e3o"},"url":"https:\/\/brasilnoticias.org\/site\/author\/henrique\/"}]}},"_links":{"self":[{"href":"https:\/\/brasilnoticias.org\/site\/wp-json\/wp\/v2\/posts\/13676","targetHints":{"allow":["GET"]}}],"collection":[{"href":"https:\/\/brasilnoticias.org\/site\/wp-json\/wp\/v2\/posts"}],"about":[{"href":"https:\/\/brasilnoticias.org\/site\/wp-json\/wp\/v2\/types\/post"}],"author":[{"embeddable":true,"href":"https:\/\/brasilnoticias.org\/site\/wp-json\/wp\/v2\/users\/4"}],"replies":[{"embeddable":true,"href":"https:\/\/brasilnoticias.org\/site\/wp-json\/wp\/v2\/comments?post=13676"}],"version-history":[{"count":1,"href":"https:\/\/brasilnoticias.org\/site\/wp-json\/wp\/v2\/posts\/13676\/revisions"}],"predecessor-version":[{"id":13678,"href":"https:\/\/brasilnoticias.org\/site\/wp-json\/wp\/v2\/posts\/13676\/revisions\/13678"}],"wp:featuredmedia":[{"embeddable":true,"href":"https:\/\/brasilnoticias.org\/site\/wp-json\/wp\/v2\/media\/13677"}],"wp:attachment":[{"href":"https:\/\/brasilnoticias.org\/site\/wp-json\/wp\/v2\/media?parent=13676"}],"wp:term":[{"taxonomy":"category","embeddable":true,"href":"https:\/\/brasilnoticias.org\/site\/wp-json\/wp\/v2\/categories?post=13676"},{"taxonomy":"post_tag","embeddable":true,"href":"https:\/\/brasilnoticias.org\/site\/wp-json\/wp\/v2\/tags?post=13676"}],"curies":[{"name":"wp","href":"https:\/\/api.w.org\/{rel}","templated":true}]}}