{"id":13679,"date":"2024-04-19T17:51:40","date_gmt":"2024-04-19T20:51:40","guid":{"rendered":"https:\/\/brasilnoticias.org\/site\/?p=13679"},"modified":"2024-04-19T17:51:40","modified_gmt":"2024-04-19T20:51:40","slug":"suspeito-de-tentar-esfaquear-ex-companheira-e-sequestrar-filho-da-vitima-e-preso-no-sul-da-bahia","status":"publish","type":"post","link":"https:\/\/brasilnoticias.org\/site\/suspeito-de-tentar-esfaquear-ex-companheira-e-sequestrar-filho-da-vitima-e-preso-no-sul-da-bahia\/","title":{"rendered":"Suspeito de tentar esfaquear ex-companheira e sequestrar filho da v\u00edtima \u00e9 preso no sul da Bahia"},"content":{"rendered":"<p>Segundo a Pol\u00edcia Militar, a tentativa de agress\u00e3o aconteceu na quinta-feira (18\/4) e ningu\u00e9m se feriu<\/p>\n<p>Foi preso o homem acusado de tentar esfaquear sua ex-companheira e sequestrar uma crian\u00e7a de dois anos \u2013 filho da v\u00edtima \u2013 no munic\u00edpio de Itoror\u00f3, no sul da Bahia. Segundo a Pol\u00edcia Militar (PM), a tentativa de agress\u00e3o aconteceu na quinta-feira (18\/4) e n\u00e3o deixou nenhum ferido.<\/p>\n<p>A filha da v\u00edtima, que n\u00e3o teve a identidade revelada, testemunhou que a m\u00e3e, de 41 anos, mesmo separada do homem, ainda mantinha contato com o ex-companheiro por um aplicativo de mensagens.<\/p>\n<p>Momentos antes, o homem exigiu que a mulher fosse ao seu encontro sozinha e amea\u00e7ou matar o filho da v\u00edtima caso ela levasse a crian\u00e7a. Ainda n\u00e3o h\u00e1 informa\u00e7\u00f5es que confirmem se o homem \u00e9 pai do menino.<\/p>\n<p>Ainda segundo a PM, no momento em que o homem amea\u00e7ava a v\u00edtima com uma faca, ela conseguiu se desvencilhar do ex-companheiro e fugir do local, mas o suspeito pegou a crian\u00e7a e se escondeu em uma \u00e1rea de matagal que fica atr\u00e1s de uma baia de cavalos da cidade.<\/p>\n<p>Ap\u00f3s ser acionada, a pol\u00edcia resgatou o menino e prendeu o suspeito, levado para a delegacia da regi\u00e3o. Com ele, foram apreendidos um celular e a faca usada para amea\u00e7ar a ex-companheira.<\/p>\n<p>Foto: Policia Militar<br \/>\nAratu On<\/p>\n","protected":false},"excerpt":{"rendered":"<p>Segundo a Pol\u00edcia Militar, a tentativa de agress\u00e3o aconteceu na quinta-feira (18\/4) e ningu\u00e9m se feriu Foi preso o homem<\/p>\n","protected":false},"author":4,"featured_media":13680,"comment_status":"open","ping_status":"open","sticky":false,"template":"","format":"standard","meta":{"colormag_page_container_layout":"default_layout","colormag_page_sidebar_layout":"default_layout","_FSMCFIC_featured_image_caption":"","_FSMCFIC_featured_image_nocaption":"","_FSMCFIC_featured_image_hide":"","footnotes":""},"categories":[3,1],"tags":[],"class_list":["post-13679","post","type-post","status-publish","format-standard","has-post-thumbnail","hentry","category-policia","category-ultimas"],"yoast_head":"<!-- This site is optimized with the Yoast SEO plugin v27.1.1 - https:\/\/yoast.com\/product\/yoast-seo-wordpress\/ -->\n<title>Suspeito de tentar esfaquear ex-companheira e sequestrar filho da v\u00edtima \u00e9 preso no sul da Bahia - Brasil not\u00edcias<\/title>\n<meta name=\"robots\" content=\"index, follow, max-snippet:-1, max-image-preview:large, max-video-preview:-1\" \/>\n<link rel=\"canonical\" href=\"https:\/\/brasilnoticias.org\/site\/suspeito-de-tentar-esfaquear-ex-companheira-e-sequestrar-filho-da-vitima-e-preso-no-sul-da-bahia\/\" \/>\n<meta property=\"og:locale\" content=\"pt_PT\" \/>\n<meta property=\"og:type\" content=\"article\" \/>\n<meta property=\"og:title\" content=\"Suspeito de tentar esfaquear ex-companheira e sequestrar filho da v\u00edtima \u00e9 preso no sul da Bahia - Brasil not\u00edcias\" \/>\n<meta property=\"og:description\" content=\"Segundo a Pol\u00edcia Militar, a tentativa de agress\u00e3o aconteceu na quinta-feira (18\/4) e ningu\u00e9m se feriu Foi preso o homem\" \/>\n<meta property=\"og:url\" content=\"https:\/\/brasilnoticias.org\/site\/suspeito-de-tentar-esfaquear-ex-companheira-e-sequestrar-filho-da-vitima-e-preso-no-sul-da-bahia\/\" \/>\n<meta property=\"og:site_name\" content=\"Brasil not\u00edcias\" \/>\n<meta property=\"article:published_time\" content=\"2024-04-19T20:51:40+00:00\" \/>\n<meta name=\"author\" content=\"Reda\u00e7\u00e3o\" \/>\n<meta name=\"twitter:card\" content=\"summary_large_image\" \/>\n<meta name=\"twitter:label1\" content=\"Escrito por\" \/>\n\t<meta name=\"twitter:data1\" content=\"Reda\u00e7\u00e3o\" \/>\n\t<meta name=\"twitter:label2\" content=\"Tempo estimado de leitura\" \/>\n\t<meta name=\"twitter:data2\" content=\"1 minuto\" \/>\n<script type=\"application\/ld+json\" class=\"yoast-schema-graph\">{\"@context\":\"https:\/\/schema.org\",\"@graph\":[{\"@type\":\"Article\",\"@id\":\"https:\/\/brasilnoticias.org\/site\/suspeito-de-tentar-esfaquear-ex-companheira-e-sequestrar-filho-da-vitima-e-preso-no-sul-da-bahia\/#article\",\"isPartOf\":{\"@id\":\"https:\/\/brasilnoticias.org\/site\/suspeito-de-tentar-esfaquear-ex-companheira-e-sequestrar-filho-da-vitima-e-preso-no-sul-da-bahia\/\"},\"author\":{\"name\":\"Reda\u00e7\u00e3o\",\"@id\":\"https:\/\/brasilnoticias.org\/site\/#\/schema\/person\/03bbbfe6c7634ad18c26444ea39049fa\"},\"headline\":\"Suspeito de tentar esfaquear ex-companheira e sequestrar filho da v\u00edtima \u00e9 preso no sul da Bahia\",\"datePublished\":\"2024-04-19T20:51:40+00:00\",\"mainEntityOfPage\":{\"@id\":\"https:\/\/brasilnoticias.org\/site\/suspeito-de-tentar-esfaquear-ex-companheira-e-sequestrar-filho-da-vitima-e-preso-no-sul-da-bahia\/\"},\"wordCount\":256,\"commentCount\":0,\"publisher\":{\"@id\":\"https:\/\/brasilnoticias.org\/site\/#organization\"},\"image\":{\"@id\":\"https:\/\/brasilnoticias.org\/site\/suspeito-de-tentar-esfaquear-ex-companheira-e-sequestrar-filho-da-vitima-e-preso-no-sul-da-bahia\/#primaryimage\"},\"thumbnailUrl\":\"https:\/\/brasilnoticias.org\/site\/wp-content\/uploads\/2024\/04\/prontissima-pra-voces-meus-amores-86-.avif\",\"articleSection\":[\"Pol\u00edcia\",\"\u00daltimas\"],\"inLanguage\":\"pt-PT\",\"potentialAction\":[{\"@type\":\"CommentAction\",\"name\":\"Comment\",\"target\":[\"https:\/\/brasilnoticias.org\/site\/suspeito-de-tentar-esfaquear-ex-companheira-e-sequestrar-filho-da-vitima-e-preso-no-sul-da-bahia\/#respond\"]}]},{\"@type\":\"WebPage\",\"@id\":\"https:\/\/brasilnoticias.org\/site\/suspeito-de-tentar-esfaquear-ex-companheira-e-sequestrar-filho-da-vitima-e-preso-no-sul-da-bahia\/\",\"url\":\"https:\/\/brasilnoticias.org\/site\/suspeito-de-tentar-esfaquear-ex-companheira-e-sequestrar-filho-da-vitima-e-preso-no-sul-da-bahia\/\",\"name\":\"Suspeito de tentar esfaquear ex-companheira e sequestrar filho da v\u00edtima \u00e9 preso no sul da Bahia - Brasil not\u00edcias\",\"isPartOf\":{\"@id\":\"https:\/\/brasilnoticias.org\/site\/#website\"},\"primaryImageOfPage\":{\"@id\":\"https:\/\/brasilnoticias.org\/site\/suspeito-de-tentar-esfaquear-ex-companheira-e-sequestrar-filho-da-vitima-e-preso-no-sul-da-bahia\/#primaryimage\"},\"image\":{\"@id\":\"https:\/\/brasilnoticias.org\/site\/suspeito-de-tentar-esfaquear-ex-companheira-e-sequestrar-filho-da-vitima-e-preso-no-sul-da-bahia\/#primaryimage\"},\"thumbnailUrl\":\"https:\/\/brasilnoticias.org\/site\/wp-content\/uploads\/2024\/04\/prontissima-pra-voces-meus-amores-86-.avif\",\"datePublished\":\"2024-04-19T20:51:40+00:00\",\"breadcrumb\":{\"@id\":\"https:\/\/brasilnoticias.org\/site\/suspeito-de-tentar-esfaquear-ex-companheira-e-sequestrar-filho-da-vitima-e-preso-no-sul-da-bahia\/#breadcrumb\"},\"inLanguage\":\"pt-PT\",\"potentialAction\":[{\"@type\":\"ReadAction\",\"target\":[\"https:\/\/brasilnoticias.org\/site\/suspeito-de-tentar-esfaquear-ex-companheira-e-sequestrar-filho-da-vitima-e-preso-no-sul-da-bahia\/\"]}]},{\"@type\":\"ImageObject\",\"inLanguage\":\"pt-PT\",\"@id\":\"https:\/\/brasilnoticias.org\/site\/suspeito-de-tentar-esfaquear-ex-companheira-e-sequestrar-filho-da-vitima-e-preso-no-sul-da-bahia\/#primaryimage\",\"url\":\"https:\/\/brasilnoticias.org\/site\/wp-content\/uploads\/2024\/04\/prontissima-pra-voces-meus-amores-86-.avif\",\"contentUrl\":\"https:\/\/brasilnoticias.org\/site\/wp-content\/uploads\/2024\/04\/prontissima-pra-voces-meus-amores-86-.avif\",\"width\":984,\"height\":618},{\"@type\":\"BreadcrumbList\",\"@id\":\"https:\/\/brasilnoticias.org\/site\/suspeito-de-tentar-esfaquear-ex-companheira-e-sequestrar-filho-da-vitima-e-preso-no-sul-da-bahia\/#breadcrumb\",\"itemListElement\":[{\"@type\":\"ListItem\",\"position\":1,\"name\":\"In\u00edcio\",\"item\":\"https:\/\/brasilnoticias.org\/site\/\"},{\"@type\":\"ListItem\",\"position\":2,\"name\":\"Suspeito de tentar esfaquear ex-companheira e sequestrar filho da v\u00edtima \u00e9 preso no sul da Bahia\"}]},{\"@type\":\"WebSite\",\"@id\":\"https:\/\/brasilnoticias.org\/site\/#website\",\"url\":\"https:\/\/brasilnoticias.org\/site\/\",\"name\":\"Brasil not\u00edcias\",\"description\":\"Brasil not\u00edcias\",\"publisher\":{\"@id\":\"https:\/\/brasilnoticias.org\/site\/#organization\"},\"potentialAction\":[{\"@type\":\"SearchAction\",\"target\":{\"@type\":\"EntryPoint\",\"urlTemplate\":\"https:\/\/brasilnoticias.org\/site\/?s={search_term_string}\"},\"query-input\":{\"@type\":\"PropertyValueSpecification\",\"valueRequired\":true,\"valueName\":\"search_term_string\"}}],\"inLanguage\":\"pt-PT\"},{\"@type\":\"Organization\",\"@id\":\"https:\/\/brasilnoticias.org\/site\/#organization\",\"name\":\"Brasil not\u00edcias\",\"url\":\"https:\/\/brasilnoticias.org\/site\/\",\"logo\":{\"@type\":\"ImageObject\",\"inLanguage\":\"pt-PT\",\"@id\":\"https:\/\/brasilnoticias.org\/site\/#\/schema\/logo\/image\/\",\"url\":\"https:\/\/brasilnoticias.org\/site\/wp-content\/uploads\/2022\/05\/cropped-brasilnoticias-mini.jpg\",\"contentUrl\":\"https:\/\/brasilnoticias.org\/site\/wp-content\/uploads\/2022\/05\/cropped-brasilnoticias-mini.jpg\",\"width\":314,\"height\":86,\"caption\":\"Brasil not\u00edcias\"},\"image\":{\"@id\":\"https:\/\/brasilnoticias.org\/site\/#\/schema\/logo\/image\/\"}},{\"@type\":\"Person\",\"@id\":\"https:\/\/brasilnoticias.org\/site\/#\/schema\/person\/03bbbfe6c7634ad18c26444ea39049fa\",\"name\":\"Reda\u00e7\u00e3o\",\"image\":{\"@type\":\"ImageObject\",\"inLanguage\":\"pt-PT\",\"@id\":\"https:\/\/brasilnoticias.org\/site\/#\/schema\/person\/image\/\",\"url\":\"https:\/\/secure.gravatar.com\/avatar\/9ecaf7327a696cb23ad926fedded5f1f04d7049de9e445375d55b48c001a6e42?s=96&d=mm&r=g\",\"contentUrl\":\"https:\/\/secure.gravatar.com\/avatar\/9ecaf7327a696cb23ad926fedded5f1f04d7049de9e445375d55b48c001a6e42?s=96&d=mm&r=g\",\"caption\":\"Reda\u00e7\u00e3o\"},\"url\":\"https:\/\/brasilnoticias.org\/site\/author\/henrique\/\"}]}<\/script>\n<!-- \/ Yoast SEO plugin. -->","yoast_head_json":{"title":"Suspeito de tentar esfaquear ex-companheira e sequestrar filho da v\u00edtima \u00e9 preso no sul da Bahia - Brasil not\u00edcias","robots":{"index":"index","follow":"follow","max-snippet":"max-snippet:-1","max-image-preview":"max-image-preview:large","max-video-preview":"max-video-preview:-1"},"canonical":"https:\/\/brasilnoticias.org\/site\/suspeito-de-tentar-esfaquear-ex-companheira-e-sequestrar-filho-da-vitima-e-preso-no-sul-da-bahia\/","og_locale":"pt_PT","og_type":"article","og_title":"Suspeito de tentar esfaquear ex-companheira e sequestrar filho da v\u00edtima \u00e9 preso no sul da Bahia - Brasil not\u00edcias","og_description":"Segundo a Pol\u00edcia Militar, a tentativa de agress\u00e3o aconteceu na quinta-feira (18\/4) e ningu\u00e9m se feriu Foi preso o homem","og_url":"https:\/\/brasilnoticias.org\/site\/suspeito-de-tentar-esfaquear-ex-companheira-e-sequestrar-filho-da-vitima-e-preso-no-sul-da-bahia\/","og_site_name":"Brasil not\u00edcias","article_published_time":"2024-04-19T20:51:40+00:00","author":"Reda\u00e7\u00e3o","twitter_card":"summary_large_image","twitter_misc":{"Escrito por":"Reda\u00e7\u00e3o","Tempo estimado de leitura":"1 minuto"},"schema":{"@context":"https:\/\/schema.org","@graph":[{"@type":"Article","@id":"https:\/\/brasilnoticias.org\/site\/suspeito-de-tentar-esfaquear-ex-companheira-e-sequestrar-filho-da-vitima-e-preso-no-sul-da-bahia\/#article","isPartOf":{"@id":"https:\/\/brasilnoticias.org\/site\/suspeito-de-tentar-esfaquear-ex-companheira-e-sequestrar-filho-da-vitima-e-preso-no-sul-da-bahia\/"},"author":{"name":"Reda\u00e7\u00e3o","@id":"https:\/\/brasilnoticias.org\/site\/#\/schema\/person\/03bbbfe6c7634ad18c26444ea39049fa"},"headline":"Suspeito de tentar esfaquear ex-companheira e sequestrar filho da v\u00edtima \u00e9 preso no sul da Bahia","datePublished":"2024-04-19T20:51:40+00:00","mainEntityOfPage":{"@id":"https:\/\/brasilnoticias.org\/site\/suspeito-de-tentar-esfaquear-ex-companheira-e-sequestrar-filho-da-vitima-e-preso-no-sul-da-bahia\/"},"wordCount":256,"commentCount":0,"publisher":{"@id":"https:\/\/brasilnoticias.org\/site\/#organization"},"image":{"@id":"https:\/\/brasilnoticias.org\/site\/suspeito-de-tentar-esfaquear-ex-companheira-e-sequestrar-filho-da-vitima-e-preso-no-sul-da-bahia\/#primaryimage"},"thumbnailUrl":"https:\/\/brasilnoticias.org\/site\/wp-content\/uploads\/2024\/04\/prontissima-pra-voces-meus-amores-86-.avif","articleSection":["Pol\u00edcia","\u00daltimas"],"inLanguage":"pt-PT","potentialAction":[{"@type":"CommentAction","name":"Comment","target":["https:\/\/brasilnoticias.org\/site\/suspeito-de-tentar-esfaquear-ex-companheira-e-sequestrar-filho-da-vitima-e-preso-no-sul-da-bahia\/#respond"]}]},{"@type":"WebPage","@id":"https:\/\/brasilnoticias.org\/site\/suspeito-de-tentar-esfaquear-ex-companheira-e-sequestrar-filho-da-vitima-e-preso-no-sul-da-bahia\/","url":"https:\/\/brasilnoticias.org\/site\/suspeito-de-tentar-esfaquear-ex-companheira-e-sequestrar-filho-da-vitima-e-preso-no-sul-da-bahia\/","name":"Suspeito de tentar esfaquear ex-companheira e sequestrar filho da v\u00edtima \u00e9 preso no sul da Bahia - Brasil not\u00edcias","isPartOf":{"@id":"https:\/\/brasilnoticias.org\/site\/#website"},"primaryImageOfPage":{"@id":"https:\/\/brasilnoticias.org\/site\/suspeito-de-tentar-esfaquear-ex-companheira-e-sequestrar-filho-da-vitima-e-preso-no-sul-da-bahia\/#primaryimage"},"image":{"@id":"https:\/\/brasilnoticias.org\/site\/suspeito-de-tentar-esfaquear-ex-companheira-e-sequestrar-filho-da-vitima-e-preso-no-sul-da-bahia\/#primaryimage"},"thumbnailUrl":"https:\/\/brasilnoticias.org\/site\/wp-content\/uploads\/2024\/04\/prontissima-pra-voces-meus-amores-86-.avif","datePublished":"2024-04-19T20:51:40+00:00","breadcrumb":{"@id":"https:\/\/brasilnoticias.org\/site\/suspeito-de-tentar-esfaquear-ex-companheira-e-sequestrar-filho-da-vitima-e-preso-no-sul-da-bahia\/#breadcrumb"},"inLanguage":"pt-PT","potentialAction":[{"@type":"ReadAction","target":["https:\/\/brasilnoticias.org\/site\/suspeito-de-tentar-esfaquear-ex-companheira-e-sequestrar-filho-da-vitima-e-preso-no-sul-da-bahia\/"]}]},{"@type":"ImageObject","inLanguage":"pt-PT","@id":"https:\/\/brasilnoticias.org\/site\/suspeito-de-tentar-esfaquear-ex-companheira-e-sequestrar-filho-da-vitima-e-preso-no-sul-da-bahia\/#primaryimage","url":"https:\/\/brasilnoticias.org\/site\/wp-content\/uploads\/2024\/04\/prontissima-pra-voces-meus-amores-86-.avif","contentUrl":"https:\/\/brasilnoticias.org\/site\/wp-content\/uploads\/2024\/04\/prontissima-pra-voces-meus-amores-86-.avif","width":984,"height":618},{"@type":"BreadcrumbList","@id":"https:\/\/brasilnoticias.org\/site\/suspeito-de-tentar-esfaquear-ex-companheira-e-sequestrar-filho-da-vitima-e-preso-no-sul-da-bahia\/#breadcrumb","itemListElement":[{"@type":"ListItem","position":1,"name":"In\u00edcio","item":"https:\/\/brasilnoticias.org\/site\/"},{"@type":"ListItem","position":2,"name":"Suspeito de tentar esfaquear ex-companheira e sequestrar filho da v\u00edtima \u00e9 preso no sul da Bahia"}]},{"@type":"WebSite","@id":"https:\/\/brasilnoticias.org\/site\/#website","url":"https:\/\/brasilnoticias.org\/site\/","name":"Brasil not\u00edcias","description":"Brasil not\u00edcias","publisher":{"@id":"https:\/\/brasilnoticias.org\/site\/#organization"},"potentialAction":[{"@type":"SearchAction","target":{"@type":"EntryPoint","urlTemplate":"https:\/\/brasilnoticias.org\/site\/?s={search_term_string}"},"query-input":{"@type":"PropertyValueSpecification","valueRequired":true,"valueName":"search_term_string"}}],"inLanguage":"pt-PT"},{"@type":"Organization","@id":"https:\/\/brasilnoticias.org\/site\/#organization","name":"Brasil not\u00edcias","url":"https:\/\/brasilnoticias.org\/site\/","logo":{"@type":"ImageObject","inLanguage":"pt-PT","@id":"https:\/\/brasilnoticias.org\/site\/#\/schema\/logo\/image\/","url":"https:\/\/brasilnoticias.org\/site\/wp-content\/uploads\/2022\/05\/cropped-brasilnoticias-mini.jpg","contentUrl":"https:\/\/brasilnoticias.org\/site\/wp-content\/uploads\/2022\/05\/cropped-brasilnoticias-mini.jpg","width":314,"height":86,"caption":"Brasil not\u00edcias"},"image":{"@id":"https:\/\/brasilnoticias.org\/site\/#\/schema\/logo\/image\/"}},{"@type":"Person","@id":"https:\/\/brasilnoticias.org\/site\/#\/schema\/person\/03bbbfe6c7634ad18c26444ea39049fa","name":"Reda\u00e7\u00e3o","image":{"@type":"ImageObject","inLanguage":"pt-PT","@id":"https:\/\/brasilnoticias.org\/site\/#\/schema\/person\/image\/","url":"https:\/\/secure.gravatar.com\/avatar\/9ecaf7327a696cb23ad926fedded5f1f04d7049de9e445375d55b48c001a6e42?s=96&d=mm&r=g","contentUrl":"https:\/\/secure.gravatar.com\/avatar\/9ecaf7327a696cb23ad926fedded5f1f04d7049de9e445375d55b48c001a6e42?s=96&d=mm&r=g","caption":"Reda\u00e7\u00e3o"},"url":"https:\/\/brasilnoticias.org\/site\/author\/henrique\/"}]}},"_links":{"self":[{"href":"https:\/\/brasilnoticias.org\/site\/wp-json\/wp\/v2\/posts\/13679","targetHints":{"allow":["GET"]}}],"collection":[{"href":"https:\/\/brasilnoticias.org\/site\/wp-json\/wp\/v2\/posts"}],"about":[{"href":"https:\/\/brasilnoticias.org\/site\/wp-json\/wp\/v2\/types\/post"}],"author":[{"embeddable":true,"href":"https:\/\/brasilnoticias.org\/site\/wp-json\/wp\/v2\/users\/4"}],"replies":[{"embeddable":true,"href":"https:\/\/brasilnoticias.org\/site\/wp-json\/wp\/v2\/comments?post=13679"}],"version-history":[{"count":1,"href":"https:\/\/brasilnoticias.org\/site\/wp-json\/wp\/v2\/posts\/13679\/revisions"}],"predecessor-version":[{"id":13681,"href":"https:\/\/brasilnoticias.org\/site\/wp-json\/wp\/v2\/posts\/13679\/revisions\/13681"}],"wp:featuredmedia":[{"embeddable":true,"href":"https:\/\/brasilnoticias.org\/site\/wp-json\/wp\/v2\/media\/13680"}],"wp:attachment":[{"href":"https:\/\/brasilnoticias.org\/site\/wp-json\/wp\/v2\/media?parent=13679"}],"wp:term":[{"taxonomy":"category","embeddable":true,"href":"https:\/\/brasilnoticias.org\/site\/wp-json\/wp\/v2\/categories?post=13679"},{"taxonomy":"post_tag","embeddable":true,"href":"https:\/\/brasilnoticias.org\/site\/wp-json\/wp\/v2\/tags?post=13679"}],"curies":[{"name":"wp","href":"https:\/\/api.w.org\/{rel}","templated":true}]}}