{"id":13728,"date":"2024-04-21T21:09:13","date_gmt":"2024-04-22T00:09:13","guid":{"rendered":"https:\/\/brasilnoticias.org\/site\/?p=13728"},"modified":"2024-04-21T21:09:13","modified_gmt":"2024-04-22T00:09:13","slug":"camera-escondida-em-casa-alugada-registrava-banhos-dos-moradores","status":"publish","type":"post","link":"https:\/\/brasilnoticias.org\/site\/camera-escondida-em-casa-alugada-registrava-banhos-dos-moradores\/","title":{"rendered":"C\u00e2mera escondida em casa alugada registrava banhos dos moradores"},"content":{"rendered":"<p>O locador da casa foi preso e responder\u00e1 crime de registrar cenas de nudez de crian\u00e7a e adolescente<\/p>\n<p>C\u00e2mera escondida foi instalada no banheiro em uma casa alugada e registrou rotina de moradores por cerca de 15 dias. O caso aconteceu em An\u00e1polis (GO) e gravou os banhos de adolescente. O suspeito de instalar a c\u00e2mera \u00e9 Francismar Fernandes da Silva, 36, empres\u00e1rio e locador do im\u00f3vel.<\/p>\n<p>De acordo com a delegada do caso, Aline Lopes, a c\u00e2mera s\u00f3 foi descoberta depois da adolescente de 16 anos ter flagrado Francismar dentro do banheiro da casa, em fevereiro deste ano. &#8220;Ele conhecia a rotina da fam\u00edlia. Foi nesse hor\u00e1rio porque acreditava que n\u00e3o teria ningu\u00e9m\u201d, disse Aline. Naquele dia, a adolescente era a \u00fanica na resid\u00eancia; ela havia faltado a aula, pois havia passado mal. Foi quando ouviu o latido do cachorro que indicava que havia gente em casa. Ao ser encontrado pela moradora, Francismar fugiu.<\/p>\n<p>A Pol\u00edcia T\u00e9cnico-Cient\u00edfica afirmou que o aparelho transmitia as imagens do banheiro em tempo real e tamb\u00e9m armazenava os arquivos. As investiga\u00e7\u00f5es mostram que a c\u00e2mera ficou instalada por cerca de duas semanas. Francismar foi preso suspeito pela instala\u00e7\u00e3o e ir\u00e1 responder pelo crime de registrar cenas de nudez de crian\u00e7a e adolescente, al\u00e9m da invas\u00e3o da casa. De acordo com a delegada, &#8220;como a casa estava alugada, ele n\u00e3o tinha direito de l\u00e1 entrar\u201d. <\/p>\n<p>A fam\u00edlia relatou que, ap\u00f3s alugar a casa, Francismar disse que precisava utilizar o banheiro e insistiu em ir naquele utilizado pelos moradores para tomar banho, mesmo tendo sido oferecido outro a ele. &#8220;Nesse banheiro ele ficou cerca de 10 minutos. Acreditamos que foi nesse momento que ele instalou a c\u00e2mera\u201d, afirmou a delegada.<\/p>\n<p>Foi cumprido mandado de busca e apreens\u00e3o na casa do suspeito, onde foram apreendidos v\u00e1rios dispositivos eletr\u00f4nicos. A imagem de Francismar foi divulgada pela Pol\u00edcia Civil para que poss\u00edveis outros crimes cometidos por ele sejam mais rapidamente identificados. O homem \u00e9 propriet\u00e1rio de uma empresa de energia solar, o que d\u00e1 a ele f\u00e1cil acesso ao interior de outras resid\u00eancias, levando os policiais a acreditarem que pode haver mais v\u00edtimas. <\/p>\n<p>Foto: Pol\u00edcia Civil \/ Reprodu\u00e7\u00e3o<br \/>\nPor: Metro1<\/p>\n","protected":false},"excerpt":{"rendered":"<p>O locador da casa foi preso e responder\u00e1 crime de registrar cenas de nudez de crian\u00e7a e adolescente C\u00e2mera escondida<\/p>\n","protected":false},"author":4,"featured_media":13729,"comment_status":"open","ping_status":"open","sticky":false,"template":"","format":"standard","meta":{"colormag_page_container_layout":"default_layout","colormag_page_sidebar_layout":"default_layout","_FSMCFIC_featured_image_caption":"","_FSMCFIC_featured_image_nocaption":"","_FSMCFIC_featured_image_hide":"","footnotes":""},"categories":[2,1],"tags":[],"class_list":["post-13728","post","type-post","status-publish","format-standard","has-post-thumbnail","hentry","category-noticias","category-ultimas"],"yoast_head":"<!-- This site is optimized with the Yoast SEO plugin v27.1.1 - https:\/\/yoast.com\/product\/yoast-seo-wordpress\/ -->\n<title>C\u00e2mera escondida em casa alugada registrava banhos dos moradores - Brasil not\u00edcias<\/title>\n<meta name=\"robots\" content=\"index, follow, max-snippet:-1, max-image-preview:large, max-video-preview:-1\" \/>\n<link rel=\"canonical\" href=\"https:\/\/brasilnoticias.org\/site\/camera-escondida-em-casa-alugada-registrava-banhos-dos-moradores\/\" \/>\n<meta property=\"og:locale\" content=\"pt_PT\" \/>\n<meta property=\"og:type\" content=\"article\" \/>\n<meta property=\"og:title\" content=\"C\u00e2mera escondida em casa alugada registrava banhos dos moradores - Brasil not\u00edcias\" \/>\n<meta property=\"og:description\" content=\"O locador da casa foi preso e responder\u00e1 crime de registrar cenas de nudez de crian\u00e7a e adolescente C\u00e2mera escondida\" \/>\n<meta property=\"og:url\" content=\"https:\/\/brasilnoticias.org\/site\/camera-escondida-em-casa-alugada-registrava-banhos-dos-moradores\/\" \/>\n<meta property=\"og:site_name\" content=\"Brasil not\u00edcias\" \/>\n<meta property=\"article:published_time\" content=\"2024-04-22T00:09:13+00:00\" \/>\n<meta property=\"og:image\" content=\"https:\/\/brasilnoticias.org\/site\/wp-content\/uploads\/2024\/04\/149040camera-escondida-em-casa-alugada-registrava-banhos-dos-moradores-3.jpg\" \/>\n\t<meta property=\"og:image:width\" content=\"1600\" \/>\n\t<meta property=\"og:image:height\" content=\"752\" \/>\n\t<meta property=\"og:image:type\" content=\"image\/jpeg\" \/>\n<meta name=\"author\" content=\"Reda\u00e7\u00e3o\" \/>\n<meta name=\"twitter:card\" content=\"summary_large_image\" \/>\n<meta name=\"twitter:label1\" content=\"Escrito por\" \/>\n\t<meta name=\"twitter:data1\" content=\"Reda\u00e7\u00e3o\" \/>\n\t<meta name=\"twitter:label2\" content=\"Tempo estimado de leitura\" \/>\n\t<meta name=\"twitter:data2\" content=\"1 minuto\" \/>\n<script type=\"application\/ld+json\" class=\"yoast-schema-graph\">{\"@context\":\"https:\/\/schema.org\",\"@graph\":[{\"@type\":\"Article\",\"@id\":\"https:\/\/brasilnoticias.org\/site\/camera-escondida-em-casa-alugada-registrava-banhos-dos-moradores\/#article\",\"isPartOf\":{\"@id\":\"https:\/\/brasilnoticias.org\/site\/camera-escondida-em-casa-alugada-registrava-banhos-dos-moradores\/\"},\"author\":{\"name\":\"Reda\u00e7\u00e3o\",\"@id\":\"https:\/\/brasilnoticias.org\/site\/#\/schema\/person\/03bbbfe6c7634ad18c26444ea39049fa\"},\"headline\":\"C\u00e2mera escondida em casa alugada registrava banhos dos moradores\",\"datePublished\":\"2024-04-22T00:09:13+00:00\",\"mainEntityOfPage\":{\"@id\":\"https:\/\/brasilnoticias.org\/site\/camera-escondida-em-casa-alugada-registrava-banhos-dos-moradores\/\"},\"wordCount\":401,\"commentCount\":0,\"publisher\":{\"@id\":\"https:\/\/brasilnoticias.org\/site\/#organization\"},\"image\":{\"@id\":\"https:\/\/brasilnoticias.org\/site\/camera-escondida-em-casa-alugada-registrava-banhos-dos-moradores\/#primaryimage\"},\"thumbnailUrl\":\"https:\/\/brasilnoticias.org\/site\/wp-content\/uploads\/2024\/04\/149040camera-escondida-em-casa-alugada-registrava-banhos-dos-moradores-3.jpg\",\"articleSection\":[\"Not\u00edcias\",\"\u00daltimas\"],\"inLanguage\":\"pt-PT\",\"potentialAction\":[{\"@type\":\"CommentAction\",\"name\":\"Comment\",\"target\":[\"https:\/\/brasilnoticias.org\/site\/camera-escondida-em-casa-alugada-registrava-banhos-dos-moradores\/#respond\"]}]},{\"@type\":\"WebPage\",\"@id\":\"https:\/\/brasilnoticias.org\/site\/camera-escondida-em-casa-alugada-registrava-banhos-dos-moradores\/\",\"url\":\"https:\/\/brasilnoticias.org\/site\/camera-escondida-em-casa-alugada-registrava-banhos-dos-moradores\/\",\"name\":\"C\u00e2mera escondida em casa alugada registrava banhos dos moradores - Brasil not\u00edcias\",\"isPartOf\":{\"@id\":\"https:\/\/brasilnoticias.org\/site\/#website\"},\"primaryImageOfPage\":{\"@id\":\"https:\/\/brasilnoticias.org\/site\/camera-escondida-em-casa-alugada-registrava-banhos-dos-moradores\/#primaryimage\"},\"image\":{\"@id\":\"https:\/\/brasilnoticias.org\/site\/camera-escondida-em-casa-alugada-registrava-banhos-dos-moradores\/#primaryimage\"},\"thumbnailUrl\":\"https:\/\/brasilnoticias.org\/site\/wp-content\/uploads\/2024\/04\/149040camera-escondida-em-casa-alugada-registrava-banhos-dos-moradores-3.jpg\",\"datePublished\":\"2024-04-22T00:09:13+00:00\",\"breadcrumb\":{\"@id\":\"https:\/\/brasilnoticias.org\/site\/camera-escondida-em-casa-alugada-registrava-banhos-dos-moradores\/#breadcrumb\"},\"inLanguage\":\"pt-PT\",\"potentialAction\":[{\"@type\":\"ReadAction\",\"target\":[\"https:\/\/brasilnoticias.org\/site\/camera-escondida-em-casa-alugada-registrava-banhos-dos-moradores\/\"]}]},{\"@type\":\"ImageObject\",\"inLanguage\":\"pt-PT\",\"@id\":\"https:\/\/brasilnoticias.org\/site\/camera-escondida-em-casa-alugada-registrava-banhos-dos-moradores\/#primaryimage\",\"url\":\"https:\/\/brasilnoticias.org\/site\/wp-content\/uploads\/2024\/04\/149040camera-escondida-em-casa-alugada-registrava-banhos-dos-moradores-3.jpg\",\"contentUrl\":\"https:\/\/brasilnoticias.org\/site\/wp-content\/uploads\/2024\/04\/149040camera-escondida-em-casa-alugada-registrava-banhos-dos-moradores-3.jpg\",\"width\":1600,\"height\":752},{\"@type\":\"BreadcrumbList\",\"@id\":\"https:\/\/brasilnoticias.org\/site\/camera-escondida-em-casa-alugada-registrava-banhos-dos-moradores\/#breadcrumb\",\"itemListElement\":[{\"@type\":\"ListItem\",\"position\":1,\"name\":\"In\u00edcio\",\"item\":\"https:\/\/brasilnoticias.org\/site\/\"},{\"@type\":\"ListItem\",\"position\":2,\"name\":\"C\u00e2mera escondida em casa alugada registrava banhos dos moradores\"}]},{\"@type\":\"WebSite\",\"@id\":\"https:\/\/brasilnoticias.org\/site\/#website\",\"url\":\"https:\/\/brasilnoticias.org\/site\/\",\"name\":\"Brasil not\u00edcias\",\"description\":\"Brasil not\u00edcias\",\"publisher\":{\"@id\":\"https:\/\/brasilnoticias.org\/site\/#organization\"},\"potentialAction\":[{\"@type\":\"SearchAction\",\"target\":{\"@type\":\"EntryPoint\",\"urlTemplate\":\"https:\/\/brasilnoticias.org\/site\/?s={search_term_string}\"},\"query-input\":{\"@type\":\"PropertyValueSpecification\",\"valueRequired\":true,\"valueName\":\"search_term_string\"}}],\"inLanguage\":\"pt-PT\"},{\"@type\":\"Organization\",\"@id\":\"https:\/\/brasilnoticias.org\/site\/#organization\",\"name\":\"Brasil not\u00edcias\",\"url\":\"https:\/\/brasilnoticias.org\/site\/\",\"logo\":{\"@type\":\"ImageObject\",\"inLanguage\":\"pt-PT\",\"@id\":\"https:\/\/brasilnoticias.org\/site\/#\/schema\/logo\/image\/\",\"url\":\"https:\/\/brasilnoticias.org\/site\/wp-content\/uploads\/2022\/05\/cropped-brasilnoticias-mini.jpg\",\"contentUrl\":\"https:\/\/brasilnoticias.org\/site\/wp-content\/uploads\/2022\/05\/cropped-brasilnoticias-mini.jpg\",\"width\":314,\"height\":86,\"caption\":\"Brasil not\u00edcias\"},\"image\":{\"@id\":\"https:\/\/brasilnoticias.org\/site\/#\/schema\/logo\/image\/\"}},{\"@type\":\"Person\",\"@id\":\"https:\/\/brasilnoticias.org\/site\/#\/schema\/person\/03bbbfe6c7634ad18c26444ea39049fa\",\"name\":\"Reda\u00e7\u00e3o\",\"image\":{\"@type\":\"ImageObject\",\"inLanguage\":\"pt-PT\",\"@id\":\"https:\/\/brasilnoticias.org\/site\/#\/schema\/person\/image\/\",\"url\":\"https:\/\/secure.gravatar.com\/avatar\/9ecaf7327a696cb23ad926fedded5f1f04d7049de9e445375d55b48c001a6e42?s=96&d=mm&r=g\",\"contentUrl\":\"https:\/\/secure.gravatar.com\/avatar\/9ecaf7327a696cb23ad926fedded5f1f04d7049de9e445375d55b48c001a6e42?s=96&d=mm&r=g\",\"caption\":\"Reda\u00e7\u00e3o\"},\"url\":\"https:\/\/brasilnoticias.org\/site\/author\/henrique\/\"}]}<\/script>\n<!-- \/ Yoast SEO plugin. -->","yoast_head_json":{"title":"C\u00e2mera escondida em casa alugada registrava banhos dos moradores - Brasil not\u00edcias","robots":{"index":"index","follow":"follow","max-snippet":"max-snippet:-1","max-image-preview":"max-image-preview:large","max-video-preview":"max-video-preview:-1"},"canonical":"https:\/\/brasilnoticias.org\/site\/camera-escondida-em-casa-alugada-registrava-banhos-dos-moradores\/","og_locale":"pt_PT","og_type":"article","og_title":"C\u00e2mera escondida em casa alugada registrava banhos dos moradores - Brasil not\u00edcias","og_description":"O locador da casa foi preso e responder\u00e1 crime de registrar cenas de nudez de crian\u00e7a e adolescente C\u00e2mera escondida","og_url":"https:\/\/brasilnoticias.org\/site\/camera-escondida-em-casa-alugada-registrava-banhos-dos-moradores\/","og_site_name":"Brasil not\u00edcias","article_published_time":"2024-04-22T00:09:13+00:00","og_image":[{"width":1600,"height":752,"url":"https:\/\/brasilnoticias.org\/site\/wp-content\/uploads\/2024\/04\/149040camera-escondida-em-casa-alugada-registrava-banhos-dos-moradores-3.jpg","type":"image\/jpeg"}],"author":"Reda\u00e7\u00e3o","twitter_card":"summary_large_image","twitter_misc":{"Escrito por":"Reda\u00e7\u00e3o","Tempo estimado de leitura":"1 minuto"},"schema":{"@context":"https:\/\/schema.org","@graph":[{"@type":"Article","@id":"https:\/\/brasilnoticias.org\/site\/camera-escondida-em-casa-alugada-registrava-banhos-dos-moradores\/#article","isPartOf":{"@id":"https:\/\/brasilnoticias.org\/site\/camera-escondida-em-casa-alugada-registrava-banhos-dos-moradores\/"},"author":{"name":"Reda\u00e7\u00e3o","@id":"https:\/\/brasilnoticias.org\/site\/#\/schema\/person\/03bbbfe6c7634ad18c26444ea39049fa"},"headline":"C\u00e2mera escondida em casa alugada registrava banhos dos moradores","datePublished":"2024-04-22T00:09:13+00:00","mainEntityOfPage":{"@id":"https:\/\/brasilnoticias.org\/site\/camera-escondida-em-casa-alugada-registrava-banhos-dos-moradores\/"},"wordCount":401,"commentCount":0,"publisher":{"@id":"https:\/\/brasilnoticias.org\/site\/#organization"},"image":{"@id":"https:\/\/brasilnoticias.org\/site\/camera-escondida-em-casa-alugada-registrava-banhos-dos-moradores\/#primaryimage"},"thumbnailUrl":"https:\/\/brasilnoticias.org\/site\/wp-content\/uploads\/2024\/04\/149040camera-escondida-em-casa-alugada-registrava-banhos-dos-moradores-3.jpg","articleSection":["Not\u00edcias","\u00daltimas"],"inLanguage":"pt-PT","potentialAction":[{"@type":"CommentAction","name":"Comment","target":["https:\/\/brasilnoticias.org\/site\/camera-escondida-em-casa-alugada-registrava-banhos-dos-moradores\/#respond"]}]},{"@type":"WebPage","@id":"https:\/\/brasilnoticias.org\/site\/camera-escondida-em-casa-alugada-registrava-banhos-dos-moradores\/","url":"https:\/\/brasilnoticias.org\/site\/camera-escondida-em-casa-alugada-registrava-banhos-dos-moradores\/","name":"C\u00e2mera escondida em casa alugada registrava banhos dos moradores - Brasil not\u00edcias","isPartOf":{"@id":"https:\/\/brasilnoticias.org\/site\/#website"},"primaryImageOfPage":{"@id":"https:\/\/brasilnoticias.org\/site\/camera-escondida-em-casa-alugada-registrava-banhos-dos-moradores\/#primaryimage"},"image":{"@id":"https:\/\/brasilnoticias.org\/site\/camera-escondida-em-casa-alugada-registrava-banhos-dos-moradores\/#primaryimage"},"thumbnailUrl":"https:\/\/brasilnoticias.org\/site\/wp-content\/uploads\/2024\/04\/149040camera-escondida-em-casa-alugada-registrava-banhos-dos-moradores-3.jpg","datePublished":"2024-04-22T00:09:13+00:00","breadcrumb":{"@id":"https:\/\/brasilnoticias.org\/site\/camera-escondida-em-casa-alugada-registrava-banhos-dos-moradores\/#breadcrumb"},"inLanguage":"pt-PT","potentialAction":[{"@type":"ReadAction","target":["https:\/\/brasilnoticias.org\/site\/camera-escondida-em-casa-alugada-registrava-banhos-dos-moradores\/"]}]},{"@type":"ImageObject","inLanguage":"pt-PT","@id":"https:\/\/brasilnoticias.org\/site\/camera-escondida-em-casa-alugada-registrava-banhos-dos-moradores\/#primaryimage","url":"https:\/\/brasilnoticias.org\/site\/wp-content\/uploads\/2024\/04\/149040camera-escondida-em-casa-alugada-registrava-banhos-dos-moradores-3.jpg","contentUrl":"https:\/\/brasilnoticias.org\/site\/wp-content\/uploads\/2024\/04\/149040camera-escondida-em-casa-alugada-registrava-banhos-dos-moradores-3.jpg","width":1600,"height":752},{"@type":"BreadcrumbList","@id":"https:\/\/brasilnoticias.org\/site\/camera-escondida-em-casa-alugada-registrava-banhos-dos-moradores\/#breadcrumb","itemListElement":[{"@type":"ListItem","position":1,"name":"In\u00edcio","item":"https:\/\/brasilnoticias.org\/site\/"},{"@type":"ListItem","position":2,"name":"C\u00e2mera escondida em casa alugada registrava banhos dos moradores"}]},{"@type":"WebSite","@id":"https:\/\/brasilnoticias.org\/site\/#website","url":"https:\/\/brasilnoticias.org\/site\/","name":"Brasil not\u00edcias","description":"Brasil not\u00edcias","publisher":{"@id":"https:\/\/brasilnoticias.org\/site\/#organization"},"potentialAction":[{"@type":"SearchAction","target":{"@type":"EntryPoint","urlTemplate":"https:\/\/brasilnoticias.org\/site\/?s={search_term_string}"},"query-input":{"@type":"PropertyValueSpecification","valueRequired":true,"valueName":"search_term_string"}}],"inLanguage":"pt-PT"},{"@type":"Organization","@id":"https:\/\/brasilnoticias.org\/site\/#organization","name":"Brasil not\u00edcias","url":"https:\/\/brasilnoticias.org\/site\/","logo":{"@type":"ImageObject","inLanguage":"pt-PT","@id":"https:\/\/brasilnoticias.org\/site\/#\/schema\/logo\/image\/","url":"https:\/\/brasilnoticias.org\/site\/wp-content\/uploads\/2022\/05\/cropped-brasilnoticias-mini.jpg","contentUrl":"https:\/\/brasilnoticias.org\/site\/wp-content\/uploads\/2022\/05\/cropped-brasilnoticias-mini.jpg","width":314,"height":86,"caption":"Brasil not\u00edcias"},"image":{"@id":"https:\/\/brasilnoticias.org\/site\/#\/schema\/logo\/image\/"}},{"@type":"Person","@id":"https:\/\/brasilnoticias.org\/site\/#\/schema\/person\/03bbbfe6c7634ad18c26444ea39049fa","name":"Reda\u00e7\u00e3o","image":{"@type":"ImageObject","inLanguage":"pt-PT","@id":"https:\/\/brasilnoticias.org\/site\/#\/schema\/person\/image\/","url":"https:\/\/secure.gravatar.com\/avatar\/9ecaf7327a696cb23ad926fedded5f1f04d7049de9e445375d55b48c001a6e42?s=96&d=mm&r=g","contentUrl":"https:\/\/secure.gravatar.com\/avatar\/9ecaf7327a696cb23ad926fedded5f1f04d7049de9e445375d55b48c001a6e42?s=96&d=mm&r=g","caption":"Reda\u00e7\u00e3o"},"url":"https:\/\/brasilnoticias.org\/site\/author\/henrique\/"}]}},"_links":{"self":[{"href":"https:\/\/brasilnoticias.org\/site\/wp-json\/wp\/v2\/posts\/13728","targetHints":{"allow":["GET"]}}],"collection":[{"href":"https:\/\/brasilnoticias.org\/site\/wp-json\/wp\/v2\/posts"}],"about":[{"href":"https:\/\/brasilnoticias.org\/site\/wp-json\/wp\/v2\/types\/post"}],"author":[{"embeddable":true,"href":"https:\/\/brasilnoticias.org\/site\/wp-json\/wp\/v2\/users\/4"}],"replies":[{"embeddable":true,"href":"https:\/\/brasilnoticias.org\/site\/wp-json\/wp\/v2\/comments?post=13728"}],"version-history":[{"count":1,"href":"https:\/\/brasilnoticias.org\/site\/wp-json\/wp\/v2\/posts\/13728\/revisions"}],"predecessor-version":[{"id":13730,"href":"https:\/\/brasilnoticias.org\/site\/wp-json\/wp\/v2\/posts\/13728\/revisions\/13730"}],"wp:featuredmedia":[{"embeddable":true,"href":"https:\/\/brasilnoticias.org\/site\/wp-json\/wp\/v2\/media\/13729"}],"wp:attachment":[{"href":"https:\/\/brasilnoticias.org\/site\/wp-json\/wp\/v2\/media?parent=13728"}],"wp:term":[{"taxonomy":"category","embeddable":true,"href":"https:\/\/brasilnoticias.org\/site\/wp-json\/wp\/v2\/categories?post=13728"},{"taxonomy":"post_tag","embeddable":true,"href":"https:\/\/brasilnoticias.org\/site\/wp-json\/wp\/v2\/tags?post=13728"}],"curies":[{"name":"wp","href":"https:\/\/api.w.org\/{rel}","templated":true}]}}