{"id":1373,"date":"2022-09-06T11:25:15","date_gmt":"2022-09-06T14:25:15","guid":{"rendered":"https:\/\/brasilnoticias.org\/site\/?p=1373"},"modified":"2022-09-06T11:25:15","modified_gmt":"2022-09-06T14:25:15","slug":"ministerio-da-justica-proibe-venda-de-iphone-sem-carregador-de-bateria","status":"publish","type":"post","link":"https:\/\/brasilnoticias.org\/site\/ministerio-da-justica-proibe-venda-de-iphone-sem-carregador-de-bateria\/","title":{"rendered":"Minist\u00e9rio da Justi\u00e7a pro\u00edbe venda de iPhone sem carregador de bateria"},"content":{"rendered":"<p>A venda de iPhones sem carregadores de bateria\u00a0<a href=\"https:\/\/www.bnews.com.br\/crime-e-justica-bahia\/\" target=\"_blank\" rel=\"noopener\">est\u00e1 proibida em todo territ\u00f3rio nacional<\/a>. A\u00a0decis\u00e3o\u00a0foi publicada no\u00a0Di\u00e1rio Oficial da Uni\u00e3o\u00a0desta\u00a0ter\u00e7a-feira (6), em processo aberto em dezembro do ano passado pela Secretaria Nacional do Consumidor (Senacon), ligada ao Minist\u00e9rio da Justi\u00e7a e Seguran\u00e7a P\u00fablica. A pasta tamb\u00e9m aplicou multa \u00e0 Apple Computer Brasil no valor de R$ 12, 2 milh\u00f5es e determinou a cassa\u00e7\u00e3o do registro na Anatel dos\u00a0smartphones\u00a0da marca a partir do modelo iPhone12.<\/p>\n<p>A Apple foi processada por vender os\u00a0smartphones, desde o iPhone 12, sem o carregador de energia para tomada de parede. As acusa\u00e7\u00f5es s\u00e3o de venda casada, venda de produto incompleto ou despido de funcionalidade essencial, recusa da venda de produto completo mediante discrimina\u00e7\u00e3o contra o consumidor e transfer\u00eancia de responsabilidade a terceiros.<\/p>\n<p>Na defesa, a Apple alegou que a decis\u00e3o de n\u00e3o fornecer os carregadores de bateria em conjunto com os\u00a0smartphones\u00a0teria sido por preocupa\u00e7\u00e3o ambiental, para estimular o consumo sustent\u00e1vel. Mas para a Senacon, os argumentos apresentados n\u00e3o foram suficientes, uma vez que a decis\u00e3o da empresa de vender os aparelhos sem carregador acabou por transferir ao consumidor todo o \u00f4nus. Segundo o \u00f3rg\u00e3o, a fabricante poderia tomar outras medidas para a redu\u00e7\u00e3o de impacto ambiental, como o uso do conector de cabos e carregadores tipo USB-C, adotados como padr\u00e3o pela ind\u00fastria atualmente.<\/p>\n<p>&nbsp;<\/p>\n<p>Segundo a Senacon , mesmo com a aplica\u00e7\u00e3o de multas pelos Procons de Santa Catarina, S\u00e3o Paulo (SP), Fortaleza (CE) e Caldas Novas (GO), e de condena\u00e7\u00f5es judiciais, a Apple, at\u00e9\u00a0hoje, n\u00e3o tomou nenhuma medida para minimizar o dano e segue vendendo aparelhos celulares sem carregadores. Tamb\u00e9m ressalta que outros fabricantes foram processados e que eles t\u00eam apresentado propostas para solu\u00e7\u00e3o.\u00a0\u201cCaso persista nas infra\u00e7\u00f5es, a Apple poder\u00e1 ser considerada reincidente, com a aplica\u00e7\u00e3o de novas puni\u00e7\u00f5es ainda mais graves\u201d, informou o Minist\u00e9rio da Justi\u00e7a. A empresa ainda pode recorrer da decis\u00e3o.<\/p>\n<p>&nbsp;<\/p>\n<p>Bnews<\/p>\n","protected":false},"excerpt":{"rendered":"<p>A venda de iPhones sem carregadores de bateria\u00a0est\u00e1 proibida em todo territ\u00f3rio nacional. A\u00a0decis\u00e3o\u00a0foi publicada no\u00a0Di\u00e1rio Oficial da Uni\u00e3o\u00a0desta\u00a0ter\u00e7a-feira (6),<\/p>\n","protected":false},"author":2,"featured_media":1374,"comment_status":"open","ping_status":"open","sticky":false,"template":"","format":"standard","meta":{"colormag_page_container_layout":"default_layout","colormag_page_sidebar_layout":"default_layout","_FSMCFIC_featured_image_caption":"","_FSMCFIC_featured_image_nocaption":"","_FSMCFIC_featured_image_hide":"","footnotes":""},"categories":[7],"tags":[],"class_list":["post-1373","post","type-post","status-publish","format-standard","has-post-thumbnail","hentry","category-justica"],"yoast_head":"<!-- This site is optimized with the Yoast SEO plugin v27.1.1 - https:\/\/yoast.com\/product\/yoast-seo-wordpress\/ -->\n<title>Minist\u00e9rio da Justi\u00e7a pro\u00edbe venda de iPhone sem carregador de bateria - Brasil not\u00edcias<\/title>\n<meta name=\"robots\" content=\"index, follow, max-snippet:-1, max-image-preview:large, max-video-preview:-1\" \/>\n<link rel=\"canonical\" href=\"https:\/\/brasilnoticias.org\/site\/ministerio-da-justica-proibe-venda-de-iphone-sem-carregador-de-bateria\/\" \/>\n<meta property=\"og:locale\" content=\"pt_PT\" \/>\n<meta property=\"og:type\" content=\"article\" \/>\n<meta property=\"og:title\" content=\"Minist\u00e9rio da Justi\u00e7a pro\u00edbe venda de iPhone sem carregador de bateria - Brasil not\u00edcias\" \/>\n<meta property=\"og:description\" content=\"A venda de iPhones sem carregadores de bateria\u00a0est\u00e1 proibida em todo territ\u00f3rio nacional. A\u00a0decis\u00e3o\u00a0foi publicada no\u00a0Di\u00e1rio Oficial da Uni\u00e3o\u00a0desta\u00a0ter\u00e7a-feira (6),\" \/>\n<meta property=\"og:url\" content=\"https:\/\/brasilnoticias.org\/site\/ministerio-da-justica-proibe-venda-de-iphone-sem-carregador-de-bateria\/\" \/>\n<meta property=\"og:site_name\" content=\"Brasil not\u00edcias\" \/>\n<meta property=\"article:published_time\" content=\"2022-09-06T14:25:15+00:00\" \/>\n<meta property=\"og:image\" content=\"https:\/\/brasilnoticias.org\/site\/wp-content\/uploads\/2022\/09\/iphone_widelg-1.jpg\" \/>\n\t<meta property=\"og:image:width\" content=\"800\" \/>\n\t<meta property=\"og:image:height\" content=\"450\" \/>\n\t<meta property=\"og:image:type\" content=\"image\/jpeg\" \/>\n<meta name=\"author\" content=\"Reda\u00e7\u00e3o\" \/>\n<meta name=\"twitter:card\" content=\"summary_large_image\" \/>\n<meta name=\"twitter:label1\" content=\"Escrito por\" \/>\n\t<meta name=\"twitter:data1\" content=\"Reda\u00e7\u00e3o\" \/>\n\t<meta name=\"twitter:label2\" content=\"Tempo estimado de leitura\" \/>\n\t<meta name=\"twitter:data2\" content=\"2 minutos\" \/>\n<script type=\"application\/ld+json\" class=\"yoast-schema-graph\">{\"@context\":\"https:\/\/schema.org\",\"@graph\":[{\"@type\":\"Article\",\"@id\":\"https:\/\/brasilnoticias.org\/site\/ministerio-da-justica-proibe-venda-de-iphone-sem-carregador-de-bateria\/#article\",\"isPartOf\":{\"@id\":\"https:\/\/brasilnoticias.org\/site\/ministerio-da-justica-proibe-venda-de-iphone-sem-carregador-de-bateria\/\"},\"author\":{\"name\":\"Reda\u00e7\u00e3o\",\"@id\":\"https:\/\/brasilnoticias.org\/site\/#\/schema\/person\/f609fa847b5314f1c8b983342f34c798\"},\"headline\":\"Minist\u00e9rio da Justi\u00e7a pro\u00edbe venda de iPhone sem carregador de bateria\",\"datePublished\":\"2022-09-06T14:25:15+00:00\",\"mainEntityOfPage\":{\"@id\":\"https:\/\/brasilnoticias.org\/site\/ministerio-da-justica-proibe-venda-de-iphone-sem-carregador-de-bateria\/\"},\"wordCount\":370,\"commentCount\":0,\"publisher\":{\"@id\":\"https:\/\/brasilnoticias.org\/site\/#organization\"},\"image\":{\"@id\":\"https:\/\/brasilnoticias.org\/site\/ministerio-da-justica-proibe-venda-de-iphone-sem-carregador-de-bateria\/#primaryimage\"},\"thumbnailUrl\":\"https:\/\/brasilnoticias.org\/site\/wp-content\/uploads\/2022\/09\/iphone_widelg-1.jpg\",\"articleSection\":[\"Justi\u00e7a\"],\"inLanguage\":\"pt-PT\",\"potentialAction\":[{\"@type\":\"CommentAction\",\"name\":\"Comment\",\"target\":[\"https:\/\/brasilnoticias.org\/site\/ministerio-da-justica-proibe-venda-de-iphone-sem-carregador-de-bateria\/#respond\"]}]},{\"@type\":\"WebPage\",\"@id\":\"https:\/\/brasilnoticias.org\/site\/ministerio-da-justica-proibe-venda-de-iphone-sem-carregador-de-bateria\/\",\"url\":\"https:\/\/brasilnoticias.org\/site\/ministerio-da-justica-proibe-venda-de-iphone-sem-carregador-de-bateria\/\",\"name\":\"Minist\u00e9rio da Justi\u00e7a pro\u00edbe venda de iPhone sem carregador de bateria - Brasil not\u00edcias\",\"isPartOf\":{\"@id\":\"https:\/\/brasilnoticias.org\/site\/#website\"},\"primaryImageOfPage\":{\"@id\":\"https:\/\/brasilnoticias.org\/site\/ministerio-da-justica-proibe-venda-de-iphone-sem-carregador-de-bateria\/#primaryimage\"},\"image\":{\"@id\":\"https:\/\/brasilnoticias.org\/site\/ministerio-da-justica-proibe-venda-de-iphone-sem-carregador-de-bateria\/#primaryimage\"},\"thumbnailUrl\":\"https:\/\/brasilnoticias.org\/site\/wp-content\/uploads\/2022\/09\/iphone_widelg-1.jpg\",\"datePublished\":\"2022-09-06T14:25:15+00:00\",\"breadcrumb\":{\"@id\":\"https:\/\/brasilnoticias.org\/site\/ministerio-da-justica-proibe-venda-de-iphone-sem-carregador-de-bateria\/#breadcrumb\"},\"inLanguage\":\"pt-PT\",\"potentialAction\":[{\"@type\":\"ReadAction\",\"target\":[\"https:\/\/brasilnoticias.org\/site\/ministerio-da-justica-proibe-venda-de-iphone-sem-carregador-de-bateria\/\"]}]},{\"@type\":\"ImageObject\",\"inLanguage\":\"pt-PT\",\"@id\":\"https:\/\/brasilnoticias.org\/site\/ministerio-da-justica-proibe-venda-de-iphone-sem-carregador-de-bateria\/#primaryimage\",\"url\":\"https:\/\/brasilnoticias.org\/site\/wp-content\/uploads\/2022\/09\/iphone_widelg-1.jpg\",\"contentUrl\":\"https:\/\/brasilnoticias.org\/site\/wp-content\/uploads\/2022\/09\/iphone_widelg-1.jpg\",\"width\":800,\"height\":450},{\"@type\":\"BreadcrumbList\",\"@id\":\"https:\/\/brasilnoticias.org\/site\/ministerio-da-justica-proibe-venda-de-iphone-sem-carregador-de-bateria\/#breadcrumb\",\"itemListElement\":[{\"@type\":\"ListItem\",\"position\":1,\"name\":\"In\u00edcio\",\"item\":\"https:\/\/brasilnoticias.org\/site\/\"},{\"@type\":\"ListItem\",\"position\":2,\"name\":\"Minist\u00e9rio da Justi\u00e7a pro\u00edbe venda de iPhone sem carregador de bateria\"}]},{\"@type\":\"WebSite\",\"@id\":\"https:\/\/brasilnoticias.org\/site\/#website\",\"url\":\"https:\/\/brasilnoticias.org\/site\/\",\"name\":\"Brasil not\u00edcias\",\"description\":\"Brasil not\u00edcias\",\"publisher\":{\"@id\":\"https:\/\/brasilnoticias.org\/site\/#organization\"},\"potentialAction\":[{\"@type\":\"SearchAction\",\"target\":{\"@type\":\"EntryPoint\",\"urlTemplate\":\"https:\/\/brasilnoticias.org\/site\/?s={search_term_string}\"},\"query-input\":{\"@type\":\"PropertyValueSpecification\",\"valueRequired\":true,\"valueName\":\"search_term_string\"}}],\"inLanguage\":\"pt-PT\"},{\"@type\":\"Organization\",\"@id\":\"https:\/\/brasilnoticias.org\/site\/#organization\",\"name\":\"Brasil not\u00edcias\",\"url\":\"https:\/\/brasilnoticias.org\/site\/\",\"logo\":{\"@type\":\"ImageObject\",\"inLanguage\":\"pt-PT\",\"@id\":\"https:\/\/brasilnoticias.org\/site\/#\/schema\/logo\/image\/\",\"url\":\"https:\/\/brasilnoticias.org\/site\/wp-content\/uploads\/2022\/05\/cropped-brasilnoticias-mini.jpg\",\"contentUrl\":\"https:\/\/brasilnoticias.org\/site\/wp-content\/uploads\/2022\/05\/cropped-brasilnoticias-mini.jpg\",\"width\":314,\"height\":86,\"caption\":\"Brasil not\u00edcias\"},\"image\":{\"@id\":\"https:\/\/brasilnoticias.org\/site\/#\/schema\/logo\/image\/\"}},{\"@type\":\"Person\",\"@id\":\"https:\/\/brasilnoticias.org\/site\/#\/schema\/person\/f609fa847b5314f1c8b983342f34c798\",\"name\":\"Reda\u00e7\u00e3o\",\"image\":{\"@type\":\"ImageObject\",\"inLanguage\":\"pt-PT\",\"@id\":\"https:\/\/brasilnoticias.org\/site\/#\/schema\/person\/image\/\",\"url\":\"https:\/\/secure.gravatar.com\/avatar\/447284c06c1ad8b46465a36de9cd0d8326b73387a22799b8b1ffb1fbcff2ed0c?s=96&d=mm&r=g\",\"contentUrl\":\"https:\/\/secure.gravatar.com\/avatar\/447284c06c1ad8b46465a36de9cd0d8326b73387a22799b8b1ffb1fbcff2ed0c?s=96&d=mm&r=g\",\"caption\":\"Reda\u00e7\u00e3o\"},\"url\":\"https:\/\/brasilnoticias.org\/site\/author\/redacao\/\"}]}<\/script>\n<!-- \/ Yoast SEO plugin. -->","yoast_head_json":{"title":"Minist\u00e9rio da Justi\u00e7a pro\u00edbe venda de iPhone sem carregador de bateria - Brasil not\u00edcias","robots":{"index":"index","follow":"follow","max-snippet":"max-snippet:-1","max-image-preview":"max-image-preview:large","max-video-preview":"max-video-preview:-1"},"canonical":"https:\/\/brasilnoticias.org\/site\/ministerio-da-justica-proibe-venda-de-iphone-sem-carregador-de-bateria\/","og_locale":"pt_PT","og_type":"article","og_title":"Minist\u00e9rio da Justi\u00e7a pro\u00edbe venda de iPhone sem carregador de bateria - Brasil not\u00edcias","og_description":"A venda de iPhones sem carregadores de bateria\u00a0est\u00e1 proibida em todo territ\u00f3rio nacional. A\u00a0decis\u00e3o\u00a0foi publicada no\u00a0Di\u00e1rio Oficial da Uni\u00e3o\u00a0desta\u00a0ter\u00e7a-feira (6),","og_url":"https:\/\/brasilnoticias.org\/site\/ministerio-da-justica-proibe-venda-de-iphone-sem-carregador-de-bateria\/","og_site_name":"Brasil not\u00edcias","article_published_time":"2022-09-06T14:25:15+00:00","og_image":[{"width":800,"height":450,"url":"https:\/\/brasilnoticias.org\/site\/wp-content\/uploads\/2022\/09\/iphone_widelg-1.jpg","type":"image\/jpeg"}],"author":"Reda\u00e7\u00e3o","twitter_card":"summary_large_image","twitter_misc":{"Escrito por":"Reda\u00e7\u00e3o","Tempo estimado de leitura":"2 minutos"},"schema":{"@context":"https:\/\/schema.org","@graph":[{"@type":"Article","@id":"https:\/\/brasilnoticias.org\/site\/ministerio-da-justica-proibe-venda-de-iphone-sem-carregador-de-bateria\/#article","isPartOf":{"@id":"https:\/\/brasilnoticias.org\/site\/ministerio-da-justica-proibe-venda-de-iphone-sem-carregador-de-bateria\/"},"author":{"name":"Reda\u00e7\u00e3o","@id":"https:\/\/brasilnoticias.org\/site\/#\/schema\/person\/f609fa847b5314f1c8b983342f34c798"},"headline":"Minist\u00e9rio da Justi\u00e7a pro\u00edbe venda de iPhone sem carregador de bateria","datePublished":"2022-09-06T14:25:15+00:00","mainEntityOfPage":{"@id":"https:\/\/brasilnoticias.org\/site\/ministerio-da-justica-proibe-venda-de-iphone-sem-carregador-de-bateria\/"},"wordCount":370,"commentCount":0,"publisher":{"@id":"https:\/\/brasilnoticias.org\/site\/#organization"},"image":{"@id":"https:\/\/brasilnoticias.org\/site\/ministerio-da-justica-proibe-venda-de-iphone-sem-carregador-de-bateria\/#primaryimage"},"thumbnailUrl":"https:\/\/brasilnoticias.org\/site\/wp-content\/uploads\/2022\/09\/iphone_widelg-1.jpg","articleSection":["Justi\u00e7a"],"inLanguage":"pt-PT","potentialAction":[{"@type":"CommentAction","name":"Comment","target":["https:\/\/brasilnoticias.org\/site\/ministerio-da-justica-proibe-venda-de-iphone-sem-carregador-de-bateria\/#respond"]}]},{"@type":"WebPage","@id":"https:\/\/brasilnoticias.org\/site\/ministerio-da-justica-proibe-venda-de-iphone-sem-carregador-de-bateria\/","url":"https:\/\/brasilnoticias.org\/site\/ministerio-da-justica-proibe-venda-de-iphone-sem-carregador-de-bateria\/","name":"Minist\u00e9rio da Justi\u00e7a pro\u00edbe venda de iPhone sem carregador de bateria - Brasil not\u00edcias","isPartOf":{"@id":"https:\/\/brasilnoticias.org\/site\/#website"},"primaryImageOfPage":{"@id":"https:\/\/brasilnoticias.org\/site\/ministerio-da-justica-proibe-venda-de-iphone-sem-carregador-de-bateria\/#primaryimage"},"image":{"@id":"https:\/\/brasilnoticias.org\/site\/ministerio-da-justica-proibe-venda-de-iphone-sem-carregador-de-bateria\/#primaryimage"},"thumbnailUrl":"https:\/\/brasilnoticias.org\/site\/wp-content\/uploads\/2022\/09\/iphone_widelg-1.jpg","datePublished":"2022-09-06T14:25:15+00:00","breadcrumb":{"@id":"https:\/\/brasilnoticias.org\/site\/ministerio-da-justica-proibe-venda-de-iphone-sem-carregador-de-bateria\/#breadcrumb"},"inLanguage":"pt-PT","potentialAction":[{"@type":"ReadAction","target":["https:\/\/brasilnoticias.org\/site\/ministerio-da-justica-proibe-venda-de-iphone-sem-carregador-de-bateria\/"]}]},{"@type":"ImageObject","inLanguage":"pt-PT","@id":"https:\/\/brasilnoticias.org\/site\/ministerio-da-justica-proibe-venda-de-iphone-sem-carregador-de-bateria\/#primaryimage","url":"https:\/\/brasilnoticias.org\/site\/wp-content\/uploads\/2022\/09\/iphone_widelg-1.jpg","contentUrl":"https:\/\/brasilnoticias.org\/site\/wp-content\/uploads\/2022\/09\/iphone_widelg-1.jpg","width":800,"height":450},{"@type":"BreadcrumbList","@id":"https:\/\/brasilnoticias.org\/site\/ministerio-da-justica-proibe-venda-de-iphone-sem-carregador-de-bateria\/#breadcrumb","itemListElement":[{"@type":"ListItem","position":1,"name":"In\u00edcio","item":"https:\/\/brasilnoticias.org\/site\/"},{"@type":"ListItem","position":2,"name":"Minist\u00e9rio da Justi\u00e7a pro\u00edbe venda de iPhone sem carregador de bateria"}]},{"@type":"WebSite","@id":"https:\/\/brasilnoticias.org\/site\/#website","url":"https:\/\/brasilnoticias.org\/site\/","name":"Brasil not\u00edcias","description":"Brasil not\u00edcias","publisher":{"@id":"https:\/\/brasilnoticias.org\/site\/#organization"},"potentialAction":[{"@type":"SearchAction","target":{"@type":"EntryPoint","urlTemplate":"https:\/\/brasilnoticias.org\/site\/?s={search_term_string}"},"query-input":{"@type":"PropertyValueSpecification","valueRequired":true,"valueName":"search_term_string"}}],"inLanguage":"pt-PT"},{"@type":"Organization","@id":"https:\/\/brasilnoticias.org\/site\/#organization","name":"Brasil not\u00edcias","url":"https:\/\/brasilnoticias.org\/site\/","logo":{"@type":"ImageObject","inLanguage":"pt-PT","@id":"https:\/\/brasilnoticias.org\/site\/#\/schema\/logo\/image\/","url":"https:\/\/brasilnoticias.org\/site\/wp-content\/uploads\/2022\/05\/cropped-brasilnoticias-mini.jpg","contentUrl":"https:\/\/brasilnoticias.org\/site\/wp-content\/uploads\/2022\/05\/cropped-brasilnoticias-mini.jpg","width":314,"height":86,"caption":"Brasil not\u00edcias"},"image":{"@id":"https:\/\/brasilnoticias.org\/site\/#\/schema\/logo\/image\/"}},{"@type":"Person","@id":"https:\/\/brasilnoticias.org\/site\/#\/schema\/person\/f609fa847b5314f1c8b983342f34c798","name":"Reda\u00e7\u00e3o","image":{"@type":"ImageObject","inLanguage":"pt-PT","@id":"https:\/\/brasilnoticias.org\/site\/#\/schema\/person\/image\/","url":"https:\/\/secure.gravatar.com\/avatar\/447284c06c1ad8b46465a36de9cd0d8326b73387a22799b8b1ffb1fbcff2ed0c?s=96&d=mm&r=g","contentUrl":"https:\/\/secure.gravatar.com\/avatar\/447284c06c1ad8b46465a36de9cd0d8326b73387a22799b8b1ffb1fbcff2ed0c?s=96&d=mm&r=g","caption":"Reda\u00e7\u00e3o"},"url":"https:\/\/brasilnoticias.org\/site\/author\/redacao\/"}]}},"_links":{"self":[{"href":"https:\/\/brasilnoticias.org\/site\/wp-json\/wp\/v2\/posts\/1373","targetHints":{"allow":["GET"]}}],"collection":[{"href":"https:\/\/brasilnoticias.org\/site\/wp-json\/wp\/v2\/posts"}],"about":[{"href":"https:\/\/brasilnoticias.org\/site\/wp-json\/wp\/v2\/types\/post"}],"author":[{"embeddable":true,"href":"https:\/\/brasilnoticias.org\/site\/wp-json\/wp\/v2\/users\/2"}],"replies":[{"embeddable":true,"href":"https:\/\/brasilnoticias.org\/site\/wp-json\/wp\/v2\/comments?post=1373"}],"version-history":[{"count":1,"href":"https:\/\/brasilnoticias.org\/site\/wp-json\/wp\/v2\/posts\/1373\/revisions"}],"predecessor-version":[{"id":1375,"href":"https:\/\/brasilnoticias.org\/site\/wp-json\/wp\/v2\/posts\/1373\/revisions\/1375"}],"wp:featuredmedia":[{"embeddable":true,"href":"https:\/\/brasilnoticias.org\/site\/wp-json\/wp\/v2\/media\/1374"}],"wp:attachment":[{"href":"https:\/\/brasilnoticias.org\/site\/wp-json\/wp\/v2\/media?parent=1373"}],"wp:term":[{"taxonomy":"category","embeddable":true,"href":"https:\/\/brasilnoticias.org\/site\/wp-json\/wp\/v2\/categories?post=1373"},{"taxonomy":"post_tag","embeddable":true,"href":"https:\/\/brasilnoticias.org\/site\/wp-json\/wp\/v2\/tags?post=1373"}],"curies":[{"name":"wp","href":"https:\/\/api.w.org\/{rel}","templated":true}]}}