{"id":13731,"date":"2024-04-21T21:09:57","date_gmt":"2024-04-22T00:09:57","guid":{"rendered":"https:\/\/brasilnoticias.org\/site\/?p=13731"},"modified":"2024-04-21T21:09:57","modified_gmt":"2024-04-22T00:09:57","slug":"vitoria-abre-2-x-0-mas-bahia-arranca-empate-no-barradao","status":"publish","type":"post","link":"https:\/\/brasilnoticias.org\/site\/vitoria-abre-2-x-0-mas-bahia-arranca-empate-no-barradao\/","title":{"rendered":"Vit\u00f3ria abre 2 x 0, mas Bahia arranca empate no Barrad\u00e3o"},"content":{"rendered":"<p>Matheuzinho e Wagner Leonardo marcaram para o Rubro-Negro; Biel e Everaldo fizeram para o Tricolor; partida terminou em 2 x 2 pela terceira rodada do Brasileir\u00e3o<\/p>\n<p>No quinto cl\u00e1ssico do ano, Vit\u00f3ria e Bahia empataram por 2 x 2, dessa vez, pela terceira rodada do Campeonato Brasileiro. Na tarde deste domingo (21), o Tricolor come\u00e7ou melhor e n\u00e3o cedeu espa\u00e7os ao Rubro-Negro, mas ap\u00f3s press\u00e3o na sa\u00edda de bola, Zeca cruzou na medida para Matheuzinho cabecear e, no rebote, abrir o placar para o Le\u00e3o.<\/p>\n<p>Na segunda etapa, o Vit\u00f3ria voltou melhor ap\u00f3s a entrada de Mateus Gon\u00e7alves e Wagner Leonardo ampliou a vantagem. Por\u00e9m, o Esquadr\u00e3o n\u00e3o desistiu e foi buscar o empate. Em quatro minutos, Biel e Everaldo deixaram tudo igual no marcador.<\/p>\n<p>Com o resultado, a equipe rubro-negra pontuou pela primeira vez na S\u00e9rie A, mas n\u00e3o saiu da zona de rebaixamento. J\u00e1 o Tricolor foi a quatro pontos e pulou para a nona posi\u00e7\u00e3o.<\/p>\n<p>O pr\u00f3ximo desafio do Vit\u00f3ria \u00e9 no domingo (28) contra o Cruzeiro no Mineir\u00e3o. A partida est\u00e1 marcada para 16h, pela quarta rodada do Brasileir\u00e3o. Antes, o Bahia recebe o Gr\u00eamio no s\u00e1bado (27), \u00e0s 21h, na Arena Fonte Nova.<\/p>\n<p>O JOGO<\/p>\n<p>Primeiro tempo<\/p>\n<p>O Bahia come\u00e7ou o jogo melhor, n\u00e3o dando espa\u00e7os para o Vit\u00f3ria e com a marca\u00e7\u00e3o mais ajustada. Por\u00e9m, o Rubro-Negro equilibrou as a\u00e7\u00f5es e ap\u00f3s press\u00e3o na sa\u00edda de bola conseguiu abrir o placar. Aos 19 minutos, Zeca cruzou na cabe\u00e7a de Matheuzinho, que balan\u00e7ou as redes no rebote de Marcos Felipe. Depois, o Le\u00e3o seguiu com mais volume, mas era lento nas transi\u00e7\u00f5es ofensivas. No fim da primeira etapa, o Tricolor passou a frequentar mais o campo de ataque e teve boas chances para empatar com Everton Ribeiro, Jean Lucas e Caio Alexandre, mas sem sucesso.<\/p>\n<p>Gol do Vit\u00f3ria! Aos 19 minutos, L\u00e9o Naldi pressionou Jean Lucas, que se enrolou com a bola e Zeca recuperou. O lateral-direito cruzou na cabe\u00e7a de Matheuzinho, que testou firme para a defesa de Marcos Felipe, mas no rebote, o camisa 30 completou para o fundo das redes.<\/p>\n<p>Aos 23, Luciano Juba cruzou na \u00e1rea e Gabriel Xavier cabeceou, por\u00e9m, Lucas Arcanjo bem posicionado no centro da meta fez a defesa.<\/p>\n<p>Aos 26 minutos, a defesa tricolor saiu jogando errado e Matheuzinho recuperou a bola. O meia ajeitou o corpo e arriscou de longe, mas Marcos Felipe defendeu. Na sobra, L\u00e9o Naldi chutou, por\u00e9m, o goleiro defendeu novamente.<\/p>\n<p>Boa defesa! Troca de passes r\u00e1pidos do Bahia. Aos 38, Caio Alexandre lan\u00e7ou em profundidade para Everto Ribeiro, que entrou em diagonal e bateu fraco para a defesa de Lucas Arcanjo.<\/p>\n<p>Na sequ\u00eancia, Jean Lucas foi acionado na meia-lua e chutou colocado. A finaliza\u00e7\u00e3o n\u00e3o saiu com muita for\u00e7a, mas desviou na zaga e passou rente \u00e0 trave esquerda.<\/p>\n<p>Nos acr\u00e9scimos, Caio Alexandre recebeu passe na intermedi\u00e1ria e bateu com perigo para boa defesa de Lucas Arcanjo. No rebote, Ademir chutou \u00e0 queima-roupa e o goleiro rubro-negro defendeu, mas o atacante estava impedido e arbitragem anulou o lance.<\/p>\n<p>Segundo tempo<\/p>\n<p>Blitz rubro-negra na volta do intervalo. Diferente do primeiro tempo, o Vit\u00f3ria come\u00e7ou a segunda etapa com \u00edmpeto ofensivo &#8211; a entrada de Mateus Gon\u00e7alves foi fundamental para isso. O atacante trouxe bastante perigo pelo lado esquerdo de ataque e o jogo do Le\u00e3o pelo meio come\u00e7ou a fluir com rapidez. Aos 11 minutos, o Rubro-Negro foi recompensado com gol de Wagner Leonardo ap\u00f3s escanteio bem cobrado por Matheuzinho. Por\u00e9m, o que parecia tranquilo, mudou &#8211; o Bahia cresceu na partida e passou a dominar o jogo. Em tr\u00eas minutos, o Esquadr\u00e3o diminuiu com Biel e depois empatou com Everaldo. Fim de jogo e um ponto para cada lado.<\/p>\n<p>Aos tr\u00eas minutos, Lucas Esteves cruzou na medida e Wagner Leonardo cabeceou com perigo \u00e0 esquerda de Marcos Felipe.<\/p>\n<p>Aos seis, Mateus Gon\u00e7alves lan\u00e7ou para Osvaldo na direita. O camisa 11 dominou e tentou o toque na sa\u00edda do goleiro, mas a bola explodiu no rosto do advers\u00e1rio.<\/p>\n<p>Defesa\u00e7a! Aos 10 minutos, Lucas Esteves cobrou falta no \u00e2ngulo oposto e Marcos Felipe pulou para fazer uma grande defesa.<\/p>\n<p>Gol do Vit\u00f3ria! Na sequ\u00eancia, Matheuzinho cobrou escanteio fechado e antes da bola entrar direto, Wagner Leonardo desviou para aumentar a vantegem rubro-negra.<\/p>\n<p>Gol do Bahia! Aos 23 minutos, Everaldo chutou, mas Wagner Leonardo travou o arremate e a bola sobrou para Thaciano. O camisa 16 tentou por cobertura, a finaliza\u00e7\u00e3o carimbou o travess\u00e3o e, no rebote, Biel completou para o fundo das redes.<\/p>\n<p>Na trave! Aos 25, Thaciano recebeu pela ponta direita e cruzou na \u00e1rea. Biel desviou de carrinho e acertou a trave.<\/p>\n<p>Empate do Bahia! Aos 26 minutos, Biel tocou para Everaldo na meia-lua, que soltou uma bomba e fez um gola\u00e7o para deixar tudo igual no marcador.<\/p>\n<p>FICHA T\u00c9CNICA<\/p>\n<p>Vit\u00f3ria 2 x 2 Bahia<br \/>\nS\u00e9rie A &#8211; 3\u00aa rodada<br \/>\nLocal: Est\u00e1dio Barrad\u00e3o, em Salvador (BA)<br \/>\nData: 21\/04\/2024 (domingo)<br \/>\nHor\u00e1rio: 16h<br \/>\n\u00c1rbitro: Raphael Claus (FIFA-SP)<br \/>\nAssistentes: Alex Ang Ribeiro (FIFA-SP) e Miguel Cataneo Ribeiro da Costa (SP)<br \/>\nQuarto \u00e1rbitro: Vinicius Goncalves Dias Araujo (SP)<br \/>\nVAR: Rodrigo Guarizo Ferreira do Amaral (FIFA-SP)<\/p>\n<p>Gols: Matheuzinho e Wagner Leonardo (Vit\u00f3ria) \/ Biel e Everaldo (Bahia)<br \/>\nCart\u00f5es amarelos: L\u00e9o Naldi, Matheuzinho e Zeca (Vit\u00f3ria) \/ Santiago Arias, Victor Cuesta e De Pena (Bahia)<\/p>\n<p>Vit\u00f3ria: Lucas Arcanjo; Zeca \u00a9 (Willean Lepo), Wagner Leonardo, Bruno Uvini e Lucas Esteves; Willian Oliveira, L\u00e9o Naldi (Mateus Gon\u00e7alves), Rodrigo Andrade e Matheuzinho; Osvaldo (Iury Castilho) e Alerrandro (Luiz Adriano). T\u00e9cnico: L\u00e9o Cond\u00e9<\/p>\n<p>Bahia: Marcos Felipe; Santiago Arias, Gabriel Xavier, Victor Cuesta (Rezende) e Luciano Juba; Caio Alexandre (Carlos de Pena), Jean Lucas, Everton Ribeiro \u00a9 (Everaldo) e Cauly; Ademir (Biel) e Thaciano (Oscar Estupi\u00f1an). T\u00e9cnico: Rog\u00e9rio Ceni<\/p>\n<p>Foto: Victor Ferreira\/EC Vit\u00f3ria<br \/>\nPor: Jos\u00e9 Gabriel<\/p>\n","protected":false},"excerpt":{"rendered":"<p>Matheuzinho e Wagner Leonardo marcaram para o Rubro-Negro; Biel e Everaldo fizeram para o Tricolor; partida terminou em 2 x<\/p>\n","protected":false},"author":4,"featured_media":13732,"comment_status":"open","ping_status":"open","sticky":false,"template":"","format":"standard","meta":{"colormag_page_container_layout":"default_layout","colormag_page_sidebar_layout":"default_layout","_FSMCFIC_featured_image_caption":"","_FSMCFIC_featured_image_nocaption":"","_FSMCFIC_featured_image_hide":"","footnotes":""},"categories":[4,1],"tags":[],"class_list":["post-13731","post","type-post","status-publish","format-standard","has-post-thumbnail","hentry","category-esporte","category-ultimas"],"yoast_head":"<!-- This site is optimized with the Yoast SEO plugin v27.1.1 - https:\/\/yoast.com\/product\/yoast-seo-wordpress\/ -->\n<title>Vit\u00f3ria abre 2 x 0, mas Bahia arranca empate no Barrad\u00e3o - Brasil not\u00edcias<\/title>\n<meta name=\"robots\" content=\"index, follow, max-snippet:-1, max-image-preview:large, max-video-preview:-1\" \/>\n<link rel=\"canonical\" href=\"https:\/\/brasilnoticias.org\/site\/vitoria-abre-2-x-0-mas-bahia-arranca-empate-no-barradao\/\" \/>\n<meta property=\"og:locale\" content=\"pt_PT\" \/>\n<meta property=\"og:type\" content=\"article\" \/>\n<meta property=\"og:title\" content=\"Vit\u00f3ria abre 2 x 0, mas Bahia arranca empate no Barrad\u00e3o - Brasil not\u00edcias\" \/>\n<meta property=\"og:description\" content=\"Matheuzinho e Wagner Leonardo marcaram para o Rubro-Negro; Biel e Everaldo fizeram para o Tricolor; partida terminou em 2 x\" \/>\n<meta property=\"og:url\" content=\"https:\/\/brasilnoticias.org\/site\/vitoria-abre-2-x-0-mas-bahia-arranca-empate-no-barradao\/\" \/>\n<meta property=\"og:site_name\" content=\"Brasil not\u00edcias\" \/>\n<meta property=\"article:published_time\" content=\"2024-04-22T00:09:57+00:00\" \/>\n<meta property=\"og:image\" content=\"https:\/\/brasilnoticias.org\/site\/wp-content\/uploads\/2024\/04\/149043vitoria-abre-2-x-0-mas-bahia-arranca-empate-no-barradao-3-1.jpg\" \/>\n\t<meta property=\"og:image:width\" content=\"1600\" \/>\n\t<meta property=\"og:image:height\" content=\"752\" \/>\n\t<meta property=\"og:image:type\" content=\"image\/jpeg\" \/>\n<meta name=\"author\" content=\"Reda\u00e7\u00e3o\" \/>\n<meta name=\"twitter:card\" content=\"summary_large_image\" \/>\n<meta name=\"twitter:label1\" content=\"Escrito por\" \/>\n\t<meta name=\"twitter:data1\" content=\"Reda\u00e7\u00e3o\" \/>\n<script type=\"application\/ld+json\" class=\"yoast-schema-graph\">{\"@context\":\"https:\/\/schema.org\",\"@graph\":[{\"@type\":\"Article\",\"@id\":\"https:\/\/brasilnoticias.org\/site\/vitoria-abre-2-x-0-mas-bahia-arranca-empate-no-barradao\/#article\",\"isPartOf\":{\"@id\":\"https:\/\/brasilnoticias.org\/site\/vitoria-abre-2-x-0-mas-bahia-arranca-empate-no-barradao\/\"},\"author\":{\"name\":\"Reda\u00e7\u00e3o\",\"@id\":\"https:\/\/brasilnoticias.org\/site\/#\/schema\/person\/03bbbfe6c7634ad18c26444ea39049fa\"},\"headline\":\"Vit\u00f3ria abre 2 x 0, mas Bahia arranca empate no Barrad\u00e3o\",\"datePublished\":\"2024-04-22T00:09:57+00:00\",\"mainEntityOfPage\":{\"@id\":\"https:\/\/brasilnoticias.org\/site\/vitoria-abre-2-x-0-mas-bahia-arranca-empate-no-barradao\/\"},\"wordCount\":1025,\"commentCount\":0,\"publisher\":{\"@id\":\"https:\/\/brasilnoticias.org\/site\/#organization\"},\"image\":{\"@id\":\"https:\/\/brasilnoticias.org\/site\/vitoria-abre-2-x-0-mas-bahia-arranca-empate-no-barradao\/#primaryimage\"},\"thumbnailUrl\":\"https:\/\/brasilnoticias.org\/site\/wp-content\/uploads\/2024\/04\/149043vitoria-abre-2-x-0-mas-bahia-arranca-empate-no-barradao-3-1.jpg\",\"articleSection\":[\"Esporte\",\"\u00daltimas\"],\"inLanguage\":\"pt-PT\",\"potentialAction\":[{\"@type\":\"CommentAction\",\"name\":\"Comment\",\"target\":[\"https:\/\/brasilnoticias.org\/site\/vitoria-abre-2-x-0-mas-bahia-arranca-empate-no-barradao\/#respond\"]}]},{\"@type\":\"WebPage\",\"@id\":\"https:\/\/brasilnoticias.org\/site\/vitoria-abre-2-x-0-mas-bahia-arranca-empate-no-barradao\/\",\"url\":\"https:\/\/brasilnoticias.org\/site\/vitoria-abre-2-x-0-mas-bahia-arranca-empate-no-barradao\/\",\"name\":\"Vit\u00f3ria abre 2 x 0, mas Bahia arranca empate no Barrad\u00e3o - Brasil not\u00edcias\",\"isPartOf\":{\"@id\":\"https:\/\/brasilnoticias.org\/site\/#website\"},\"primaryImageOfPage\":{\"@id\":\"https:\/\/brasilnoticias.org\/site\/vitoria-abre-2-x-0-mas-bahia-arranca-empate-no-barradao\/#primaryimage\"},\"image\":{\"@id\":\"https:\/\/brasilnoticias.org\/site\/vitoria-abre-2-x-0-mas-bahia-arranca-empate-no-barradao\/#primaryimage\"},\"thumbnailUrl\":\"https:\/\/brasilnoticias.org\/site\/wp-content\/uploads\/2024\/04\/149043vitoria-abre-2-x-0-mas-bahia-arranca-empate-no-barradao-3-1.jpg\",\"datePublished\":\"2024-04-22T00:09:57+00:00\",\"breadcrumb\":{\"@id\":\"https:\/\/brasilnoticias.org\/site\/vitoria-abre-2-x-0-mas-bahia-arranca-empate-no-barradao\/#breadcrumb\"},\"inLanguage\":\"pt-PT\",\"potentialAction\":[{\"@type\":\"ReadAction\",\"target\":[\"https:\/\/brasilnoticias.org\/site\/vitoria-abre-2-x-0-mas-bahia-arranca-empate-no-barradao\/\"]}]},{\"@type\":\"ImageObject\",\"inLanguage\":\"pt-PT\",\"@id\":\"https:\/\/brasilnoticias.org\/site\/vitoria-abre-2-x-0-mas-bahia-arranca-empate-no-barradao\/#primaryimage\",\"url\":\"https:\/\/brasilnoticias.org\/site\/wp-content\/uploads\/2024\/04\/149043vitoria-abre-2-x-0-mas-bahia-arranca-empate-no-barradao-3-1.jpg\",\"contentUrl\":\"https:\/\/brasilnoticias.org\/site\/wp-content\/uploads\/2024\/04\/149043vitoria-abre-2-x-0-mas-bahia-arranca-empate-no-barradao-3-1.jpg\",\"width\":1600,\"height\":752},{\"@type\":\"BreadcrumbList\",\"@id\":\"https:\/\/brasilnoticias.org\/site\/vitoria-abre-2-x-0-mas-bahia-arranca-empate-no-barradao\/#breadcrumb\",\"itemListElement\":[{\"@type\":\"ListItem\",\"position\":1,\"name\":\"In\u00edcio\",\"item\":\"https:\/\/brasilnoticias.org\/site\/\"},{\"@type\":\"ListItem\",\"position\":2,\"name\":\"Vit\u00f3ria abre 2 x 0, mas Bahia arranca empate no Barrad\u00e3o\"}]},{\"@type\":\"WebSite\",\"@id\":\"https:\/\/brasilnoticias.org\/site\/#website\",\"url\":\"https:\/\/brasilnoticias.org\/site\/\",\"name\":\"Brasil not\u00edcias\",\"description\":\"Brasil not\u00edcias\",\"publisher\":{\"@id\":\"https:\/\/brasilnoticias.org\/site\/#organization\"},\"potentialAction\":[{\"@type\":\"SearchAction\",\"target\":{\"@type\":\"EntryPoint\",\"urlTemplate\":\"https:\/\/brasilnoticias.org\/site\/?s={search_term_string}\"},\"query-input\":{\"@type\":\"PropertyValueSpecification\",\"valueRequired\":true,\"valueName\":\"search_term_string\"}}],\"inLanguage\":\"pt-PT\"},{\"@type\":\"Organization\",\"@id\":\"https:\/\/brasilnoticias.org\/site\/#organization\",\"name\":\"Brasil not\u00edcias\",\"url\":\"https:\/\/brasilnoticias.org\/site\/\",\"logo\":{\"@type\":\"ImageObject\",\"inLanguage\":\"pt-PT\",\"@id\":\"https:\/\/brasilnoticias.org\/site\/#\/schema\/logo\/image\/\",\"url\":\"https:\/\/brasilnoticias.org\/site\/wp-content\/uploads\/2022\/05\/cropped-brasilnoticias-mini.jpg\",\"contentUrl\":\"https:\/\/brasilnoticias.org\/site\/wp-content\/uploads\/2022\/05\/cropped-brasilnoticias-mini.jpg\",\"width\":314,\"height\":86,\"caption\":\"Brasil not\u00edcias\"},\"image\":{\"@id\":\"https:\/\/brasilnoticias.org\/site\/#\/schema\/logo\/image\/\"}},{\"@type\":\"Person\",\"@id\":\"https:\/\/brasilnoticias.org\/site\/#\/schema\/person\/03bbbfe6c7634ad18c26444ea39049fa\",\"name\":\"Reda\u00e7\u00e3o\",\"image\":{\"@type\":\"ImageObject\",\"inLanguage\":\"pt-PT\",\"@id\":\"https:\/\/brasilnoticias.org\/site\/#\/schema\/person\/image\/\",\"url\":\"https:\/\/secure.gravatar.com\/avatar\/9ecaf7327a696cb23ad926fedded5f1f04d7049de9e445375d55b48c001a6e42?s=96&d=mm&r=g\",\"contentUrl\":\"https:\/\/secure.gravatar.com\/avatar\/9ecaf7327a696cb23ad926fedded5f1f04d7049de9e445375d55b48c001a6e42?s=96&d=mm&r=g\",\"caption\":\"Reda\u00e7\u00e3o\"},\"url\":\"https:\/\/brasilnoticias.org\/site\/author\/henrique\/\"}]}<\/script>\n<!-- \/ Yoast SEO plugin. -->","yoast_head_json":{"title":"Vit\u00f3ria abre 2 x 0, mas Bahia arranca empate no Barrad\u00e3o - Brasil not\u00edcias","robots":{"index":"index","follow":"follow","max-snippet":"max-snippet:-1","max-image-preview":"max-image-preview:large","max-video-preview":"max-video-preview:-1"},"canonical":"https:\/\/brasilnoticias.org\/site\/vitoria-abre-2-x-0-mas-bahia-arranca-empate-no-barradao\/","og_locale":"pt_PT","og_type":"article","og_title":"Vit\u00f3ria abre 2 x 0, mas Bahia arranca empate no Barrad\u00e3o - Brasil not\u00edcias","og_description":"Matheuzinho e Wagner Leonardo marcaram para o Rubro-Negro; Biel e Everaldo fizeram para o Tricolor; partida terminou em 2 x","og_url":"https:\/\/brasilnoticias.org\/site\/vitoria-abre-2-x-0-mas-bahia-arranca-empate-no-barradao\/","og_site_name":"Brasil not\u00edcias","article_published_time":"2024-04-22T00:09:57+00:00","og_image":[{"width":1600,"height":752,"url":"https:\/\/brasilnoticias.org\/site\/wp-content\/uploads\/2024\/04\/149043vitoria-abre-2-x-0-mas-bahia-arranca-empate-no-barradao-3-1.jpg","type":"image\/jpeg"}],"author":"Reda\u00e7\u00e3o","twitter_card":"summary_large_image","twitter_misc":{"Escrito por":"Reda\u00e7\u00e3o"},"schema":{"@context":"https:\/\/schema.org","@graph":[{"@type":"Article","@id":"https:\/\/brasilnoticias.org\/site\/vitoria-abre-2-x-0-mas-bahia-arranca-empate-no-barradao\/#article","isPartOf":{"@id":"https:\/\/brasilnoticias.org\/site\/vitoria-abre-2-x-0-mas-bahia-arranca-empate-no-barradao\/"},"author":{"name":"Reda\u00e7\u00e3o","@id":"https:\/\/brasilnoticias.org\/site\/#\/schema\/person\/03bbbfe6c7634ad18c26444ea39049fa"},"headline":"Vit\u00f3ria abre 2 x 0, mas Bahia arranca empate no Barrad\u00e3o","datePublished":"2024-04-22T00:09:57+00:00","mainEntityOfPage":{"@id":"https:\/\/brasilnoticias.org\/site\/vitoria-abre-2-x-0-mas-bahia-arranca-empate-no-barradao\/"},"wordCount":1025,"commentCount":0,"publisher":{"@id":"https:\/\/brasilnoticias.org\/site\/#organization"},"image":{"@id":"https:\/\/brasilnoticias.org\/site\/vitoria-abre-2-x-0-mas-bahia-arranca-empate-no-barradao\/#primaryimage"},"thumbnailUrl":"https:\/\/brasilnoticias.org\/site\/wp-content\/uploads\/2024\/04\/149043vitoria-abre-2-x-0-mas-bahia-arranca-empate-no-barradao-3-1.jpg","articleSection":["Esporte","\u00daltimas"],"inLanguage":"pt-PT","potentialAction":[{"@type":"CommentAction","name":"Comment","target":["https:\/\/brasilnoticias.org\/site\/vitoria-abre-2-x-0-mas-bahia-arranca-empate-no-barradao\/#respond"]}]},{"@type":"WebPage","@id":"https:\/\/brasilnoticias.org\/site\/vitoria-abre-2-x-0-mas-bahia-arranca-empate-no-barradao\/","url":"https:\/\/brasilnoticias.org\/site\/vitoria-abre-2-x-0-mas-bahia-arranca-empate-no-barradao\/","name":"Vit\u00f3ria abre 2 x 0, mas Bahia arranca empate no Barrad\u00e3o - Brasil not\u00edcias","isPartOf":{"@id":"https:\/\/brasilnoticias.org\/site\/#website"},"primaryImageOfPage":{"@id":"https:\/\/brasilnoticias.org\/site\/vitoria-abre-2-x-0-mas-bahia-arranca-empate-no-barradao\/#primaryimage"},"image":{"@id":"https:\/\/brasilnoticias.org\/site\/vitoria-abre-2-x-0-mas-bahia-arranca-empate-no-barradao\/#primaryimage"},"thumbnailUrl":"https:\/\/brasilnoticias.org\/site\/wp-content\/uploads\/2024\/04\/149043vitoria-abre-2-x-0-mas-bahia-arranca-empate-no-barradao-3-1.jpg","datePublished":"2024-04-22T00:09:57+00:00","breadcrumb":{"@id":"https:\/\/brasilnoticias.org\/site\/vitoria-abre-2-x-0-mas-bahia-arranca-empate-no-barradao\/#breadcrumb"},"inLanguage":"pt-PT","potentialAction":[{"@type":"ReadAction","target":["https:\/\/brasilnoticias.org\/site\/vitoria-abre-2-x-0-mas-bahia-arranca-empate-no-barradao\/"]}]},{"@type":"ImageObject","inLanguage":"pt-PT","@id":"https:\/\/brasilnoticias.org\/site\/vitoria-abre-2-x-0-mas-bahia-arranca-empate-no-barradao\/#primaryimage","url":"https:\/\/brasilnoticias.org\/site\/wp-content\/uploads\/2024\/04\/149043vitoria-abre-2-x-0-mas-bahia-arranca-empate-no-barradao-3-1.jpg","contentUrl":"https:\/\/brasilnoticias.org\/site\/wp-content\/uploads\/2024\/04\/149043vitoria-abre-2-x-0-mas-bahia-arranca-empate-no-barradao-3-1.jpg","width":1600,"height":752},{"@type":"BreadcrumbList","@id":"https:\/\/brasilnoticias.org\/site\/vitoria-abre-2-x-0-mas-bahia-arranca-empate-no-barradao\/#breadcrumb","itemListElement":[{"@type":"ListItem","position":1,"name":"In\u00edcio","item":"https:\/\/brasilnoticias.org\/site\/"},{"@type":"ListItem","position":2,"name":"Vit\u00f3ria abre 2 x 0, mas Bahia arranca empate no Barrad\u00e3o"}]},{"@type":"WebSite","@id":"https:\/\/brasilnoticias.org\/site\/#website","url":"https:\/\/brasilnoticias.org\/site\/","name":"Brasil not\u00edcias","description":"Brasil not\u00edcias","publisher":{"@id":"https:\/\/brasilnoticias.org\/site\/#organization"},"potentialAction":[{"@type":"SearchAction","target":{"@type":"EntryPoint","urlTemplate":"https:\/\/brasilnoticias.org\/site\/?s={search_term_string}"},"query-input":{"@type":"PropertyValueSpecification","valueRequired":true,"valueName":"search_term_string"}}],"inLanguage":"pt-PT"},{"@type":"Organization","@id":"https:\/\/brasilnoticias.org\/site\/#organization","name":"Brasil not\u00edcias","url":"https:\/\/brasilnoticias.org\/site\/","logo":{"@type":"ImageObject","inLanguage":"pt-PT","@id":"https:\/\/brasilnoticias.org\/site\/#\/schema\/logo\/image\/","url":"https:\/\/brasilnoticias.org\/site\/wp-content\/uploads\/2022\/05\/cropped-brasilnoticias-mini.jpg","contentUrl":"https:\/\/brasilnoticias.org\/site\/wp-content\/uploads\/2022\/05\/cropped-brasilnoticias-mini.jpg","width":314,"height":86,"caption":"Brasil not\u00edcias"},"image":{"@id":"https:\/\/brasilnoticias.org\/site\/#\/schema\/logo\/image\/"}},{"@type":"Person","@id":"https:\/\/brasilnoticias.org\/site\/#\/schema\/person\/03bbbfe6c7634ad18c26444ea39049fa","name":"Reda\u00e7\u00e3o","image":{"@type":"ImageObject","inLanguage":"pt-PT","@id":"https:\/\/brasilnoticias.org\/site\/#\/schema\/person\/image\/","url":"https:\/\/secure.gravatar.com\/avatar\/9ecaf7327a696cb23ad926fedded5f1f04d7049de9e445375d55b48c001a6e42?s=96&d=mm&r=g","contentUrl":"https:\/\/secure.gravatar.com\/avatar\/9ecaf7327a696cb23ad926fedded5f1f04d7049de9e445375d55b48c001a6e42?s=96&d=mm&r=g","caption":"Reda\u00e7\u00e3o"},"url":"https:\/\/brasilnoticias.org\/site\/author\/henrique\/"}]}},"_links":{"self":[{"href":"https:\/\/brasilnoticias.org\/site\/wp-json\/wp\/v2\/posts\/13731","targetHints":{"allow":["GET"]}}],"collection":[{"href":"https:\/\/brasilnoticias.org\/site\/wp-json\/wp\/v2\/posts"}],"about":[{"href":"https:\/\/brasilnoticias.org\/site\/wp-json\/wp\/v2\/types\/post"}],"author":[{"embeddable":true,"href":"https:\/\/brasilnoticias.org\/site\/wp-json\/wp\/v2\/users\/4"}],"replies":[{"embeddable":true,"href":"https:\/\/brasilnoticias.org\/site\/wp-json\/wp\/v2\/comments?post=13731"}],"version-history":[{"count":1,"href":"https:\/\/brasilnoticias.org\/site\/wp-json\/wp\/v2\/posts\/13731\/revisions"}],"predecessor-version":[{"id":13733,"href":"https:\/\/brasilnoticias.org\/site\/wp-json\/wp\/v2\/posts\/13731\/revisions\/13733"}],"wp:featuredmedia":[{"embeddable":true,"href":"https:\/\/brasilnoticias.org\/site\/wp-json\/wp\/v2\/media\/13732"}],"wp:attachment":[{"href":"https:\/\/brasilnoticias.org\/site\/wp-json\/wp\/v2\/media?parent=13731"}],"wp:term":[{"taxonomy":"category","embeddable":true,"href":"https:\/\/brasilnoticias.org\/site\/wp-json\/wp\/v2\/categories?post=13731"},{"taxonomy":"post_tag","embeddable":true,"href":"https:\/\/brasilnoticias.org\/site\/wp-json\/wp\/v2\/tags?post=13731"}],"curies":[{"name":"wp","href":"https:\/\/api.w.org\/{rel}","templated":true}]}}