{"id":13734,"date":"2024-04-22T17:32:26","date_gmt":"2024-04-22T20:32:26","guid":{"rendered":"https:\/\/brasilnoticias.org\/site\/?p=13734"},"modified":"2024-04-22T17:32:26","modified_gmt":"2024-04-22T20:32:26","slug":"emaranhados-de-fios-em-postes-de-salvador-e-rms-trazem-transtornos-e-preocupacao-para-populacao","status":"publish","type":"post","link":"https:\/\/brasilnoticias.org\/site\/emaranhados-de-fios-em-postes-de-salvador-e-rms-trazem-transtornos-e-preocupacao-para-populacao\/","title":{"rendered":"Emaranhados de fios em postes de Salvador e RMS trazem transtornos e preocupa\u00e7\u00e3o para popula\u00e7\u00e3o"},"content":{"rendered":"<p>Popula\u00e7\u00e3o pede melhorias e engenheiro eletricista orienta como evitar acidentes com fios frouxos e ca\u00eddos nas ruas<\/p>\n<p>Uma sequ\u00eancia de fotos enviadas por um ouvinte da Metropole, nesta segunda-feira (22), mostra o que os baianos j\u00e1 est\u00e3o acostumados a ver diariamente: um emaranhado de fios cortando as ruas e avenidas por meio dos postes da Neoenergia Coelba (Companhia de Eletricidade do Estado da Bahia). Nas imagens encaminhadas, a Avenida Luiz Tarqu\u00ednio Pontes, uma das mais movimentadas de Lauro de Freitas, \u00e9 cortada por dezenas de cabos e fios que se aglomeram em uma mesma estrutura. O cen\u00e1rio, j\u00e1 denunciado pelo Jornal Metropole, permanece trazendo n\u00e3o s\u00f3 incomodo visual, mas tamb\u00e9m causando preocupa\u00e7\u00e3o \u00e0 popula\u00e7\u00e3o, principalmente neste per\u00edodo de chuva frequente.<\/p>\n<p>As imagens foram enviadas meses ap\u00f3s o governo federal anunciar a cria\u00e7\u00e3o da Pol\u00edtica Nacional de Compartilhamento de Postes, que visa organizar os fios em postes nas cidades brasileiras, para que os cabos e equipamentos sejam instalados de forma a reduzir riscos \u00e0 popula\u00e7\u00e3o e minimizar a polui\u00e7\u00e3o visual dos emaranhados. A portaria ainda deve passar por uma regulamenta\u00e7\u00e3o da Ag\u00eancia Nacional de Telecomunica\u00e7\u00f5es (Anatel) e da Ag\u00eancia Nacional de Energia El\u00e9trica (Aneel). <\/p>\n<p>Enquanto a regula\u00e7\u00e3o segue sem prazo para ser feita, moradores reclamam e relatam preocupa\u00e7\u00e3o com os emaranhados espalhados em diversos bairros de Salvador e Regi\u00e3o Metropolitana, principalmente nas localidades mais perif\u00e9ricas. \u00c9 o caso de Ana*, que contou ao Metro1 ver constantemente fios ca\u00eddos pelas cal\u00e7adas na regi\u00e3o de Pernambu\u00e9s. &#8220;Eu estou vendo a hora de acontecer um acidente. Eu n\u00e3o tenho medo nem de ladr\u00e3o, eu tenho medo \u00e9 dos fios el\u00e9tricos&#8221;, diz ela, ao explicar que prefere andar fora das cal\u00e7adas e longe dos fios, para evitar que possa ser atingida por fia\u00e7\u00f5es soltas.<\/p>\n<p>No mesmo bairro de Ana, Joel Santos, de 52 anos, tamb\u00e9m critica a quantidade de fios espalhados e diz ser &#8220;p\u00e9ssimo morar em uma cidade assim&#8221;. Ele ainda relembra um acidente que teria acontecido nas imedia\u00e7\u00f5es da Avenida Thomaz Gonzaga, ap\u00f3s um caminh\u00e3o de grande porte ter esbarrado nos fios frouxos de postes da regi\u00e3o.<\/p>\n<p>Engenheiro eletricista e conselheiro do Crea-BA (Conselho Regional de Engenharia e Agronomia da Bahia), Maur\u00edcio Rosa explica os riscos desse ac\u00famulo de fios e cabos. O primeiro deles \u00e9 a possibilidade do poste cair por conta do peso da fia\u00e7\u00e3o. \u201cUm poste foi dimensionado para aguentar um esfor\u00e7o X, se ele recebe algo maior do que isso, ele pode n\u00e3o aguentar, quebrar e causar um acidente\u201d, alerta. Al\u00e9m disso, os fios frouxos podem ficar a uma altura menor do que a determinada pela regulamenta\u00e7\u00e3o, que \u00e9 de 6 metros, e causar tamb\u00e9m acidentes com motociclistas e ve\u00edculos, como o relatado por Joel. Quando o fio \u00e9 de internet, no geral, ele \u00e9 de baixa tens\u00e3o, mas pode estar ligado a um de alta tens\u00e3o e causar uma eletrocu\u00e7\u00e3o.<\/p>\n<p> Por isso, as orienta\u00e7\u00f5es do engenheiro s\u00e3o: n\u00e3o tocar em cabos frouxos ou ca\u00eddos no ch\u00e3o e acionar a Coelba ou Corpo de Bombeiros para fazer a retirada com equipamento adequado; evitar passar por debaixo dos fios pendentes; e respeitar 2,5 metros para dist\u00e2ncia da rede el\u00e9trica para construir.<\/p>\n<p>Fiscaliza\u00e7\u00e3o nos postes<\/p>\n<p>Para o pintor Valdecir Souza, de 52 anos, o que chama aten\u00e7\u00e3o \u00e9 a falta de \u201cmecanismos de fiscaliza\u00e7\u00e3o\u201d para a distribui\u00e7\u00e3o e instala\u00e7\u00e3o dos fios nos postes. &#8220;Por que a Coelba aceita isso? Essa fia\u00e7\u00e3o que tem a\u00ed a Coelba n\u00e3o ia aceitar de gra\u00e7a. Vem internet, vem telefonia. Ser\u00e1 que ela n\u00e3o sabe disso? Come\u00e7a a poluir a cidade por conta disso. Eles precisam resolver isso junto com a prefeitura para deixar de ser assim&#8221;, pede.<\/p>\n<p>O engenheiro explica que a quest\u00e3o da fiscaliza\u00e7\u00e3o \u00e9 uma faca de dois gumes: a Coelba precisa acompanhar os fios instalados, j\u00e1 que o poste \u00e9 sua propriedade e responsabilidade, mas, como s\u00e3o muitas empresas de internet e telefonia, a empresa n\u00e3o consegue dar conta. Segundo a Resolu\u00e7\u00e3o Conjunta ANEEL\/ANATEL n\u00ba 4, a distribuidora tem \u201co papel de zelar para que o compartilhamento de postes mantenha-se regular \u00e0s normas t\u00e9cnicas, mantendo equipes t\u00e9cnicas exclusivamente dedicadas a esse servi\u00e7o&#8221;. <\/p>\n<p>Em nota, a Neoenergia Coelba afirma que executa no estado um plano preventivo de manuten\u00e7\u00e3o em todo o sistema el\u00e9trico. Segundo a distribuidora, somente em 2023, 70 mil quil\u00f4metros da rede el\u00e9trica foram percorridos para manter as estruturas e garantir a seguran\u00e7a no fornecimento de energia aos baianos. Al\u00e9m disso, a empresa diz realizar inspe\u00e7\u00f5es e fiscaliza\u00e7\u00f5es para minimizar problemas relacionados aos fios de operadoras de telefonia e internet. No ano passado, mais de 268 toneladas de cabos irregulares foram retiradas das empresas de telecomunica\u00e7\u00f5es.<\/p>\n<p>Foto: Leitor Metro1<br \/>\nPor: Laisa Gama e Mariana Bamberg<\/p>\n","protected":false},"excerpt":{"rendered":"<p>Popula\u00e7\u00e3o pede melhorias e engenheiro eletricista orienta como evitar acidentes com fios frouxos e ca\u00eddos nas ruas Uma sequ\u00eancia de<\/p>\n","protected":false},"author":4,"featured_media":13735,"comment_status":"open","ping_status":"open","sticky":false,"template":"","format":"standard","meta":{"colormag_page_container_layout":"default_layout","colormag_page_sidebar_layout":"default_layout","_FSMCFIC_featured_image_caption":"","_FSMCFIC_featured_image_nocaption":"","_FSMCFIC_featured_image_hide":"","footnotes":""},"categories":[2,1],"tags":[],"class_list":["post-13734","post","type-post","status-publish","format-standard","has-post-thumbnail","hentry","category-noticias","category-ultimas"],"yoast_head":"<!-- This site is optimized with the Yoast SEO plugin v27.1.1 - https:\/\/yoast.com\/product\/yoast-seo-wordpress\/ -->\n<title>Emaranhados de fios em postes de Salvador e RMS trazem transtornos e preocupa\u00e7\u00e3o para popula\u00e7\u00e3o - Brasil not\u00edcias<\/title>\n<meta name=\"robots\" content=\"index, follow, max-snippet:-1, max-image-preview:large, max-video-preview:-1\" \/>\n<link rel=\"canonical\" href=\"https:\/\/brasilnoticias.org\/site\/emaranhados-de-fios-em-postes-de-salvador-e-rms-trazem-transtornos-e-preocupacao-para-populacao\/\" \/>\n<meta property=\"og:locale\" content=\"pt_PT\" \/>\n<meta property=\"og:type\" content=\"article\" \/>\n<meta property=\"og:title\" content=\"Emaranhados de fios em postes de Salvador e RMS trazem transtornos e preocupa\u00e7\u00e3o para popula\u00e7\u00e3o - Brasil not\u00edcias\" \/>\n<meta property=\"og:description\" content=\"Popula\u00e7\u00e3o pede melhorias e engenheiro eletricista orienta como evitar acidentes com fios frouxos e ca\u00eddos nas ruas Uma sequ\u00eancia de\" \/>\n<meta property=\"og:url\" content=\"https:\/\/brasilnoticias.org\/site\/emaranhados-de-fios-em-postes-de-salvador-e-rms-trazem-transtornos-e-preocupacao-para-populacao\/\" \/>\n<meta property=\"og:site_name\" content=\"Brasil not\u00edcias\" \/>\n<meta property=\"article:published_time\" content=\"2024-04-22T20:32:26+00:00\" \/>\n<meta property=\"og:image\" content=\"https:\/\/brasilnoticias.org\/site\/wp-content\/uploads\/2024\/04\/149089emaranhados-de-fios-em-postes-de-salvador-e-rms-trazem-transtornos-e-preocupacao-para-populacao-3-1.jpg\" \/>\n\t<meta property=\"og:image:width\" content=\"1600\" \/>\n\t<meta property=\"og:image:height\" content=\"752\" \/>\n\t<meta property=\"og:image:type\" content=\"image\/jpeg\" \/>\n<meta name=\"author\" content=\"Reda\u00e7\u00e3o\" \/>\n<meta name=\"twitter:card\" content=\"summary_large_image\" \/>\n<meta name=\"twitter:label1\" content=\"Escrito por\" \/>\n\t<meta name=\"twitter:data1\" content=\"Reda\u00e7\u00e3o\" \/>\n\t<meta name=\"twitter:label2\" content=\"Tempo estimado de leitura\" \/>\n\t<meta name=\"twitter:data2\" content=\"1 minuto\" \/>\n<script type=\"application\/ld+json\" class=\"yoast-schema-graph\">{\"@context\":\"https:\/\/schema.org\",\"@graph\":[{\"@type\":\"Article\",\"@id\":\"https:\/\/brasilnoticias.org\/site\/emaranhados-de-fios-em-postes-de-salvador-e-rms-trazem-transtornos-e-preocupacao-para-populacao\/#article\",\"isPartOf\":{\"@id\":\"https:\/\/brasilnoticias.org\/site\/emaranhados-de-fios-em-postes-de-salvador-e-rms-trazem-transtornos-e-preocupacao-para-populacao\/\"},\"author\":{\"name\":\"Reda\u00e7\u00e3o\",\"@id\":\"https:\/\/brasilnoticias.org\/site\/#\/schema\/person\/03bbbfe6c7634ad18c26444ea39049fa\"},\"headline\":\"Emaranhados de fios em postes de Salvador e RMS trazem transtornos e preocupa\u00e7\u00e3o para popula\u00e7\u00e3o\",\"datePublished\":\"2024-04-22T20:32:26+00:00\",\"mainEntityOfPage\":{\"@id\":\"https:\/\/brasilnoticias.org\/site\/emaranhados-de-fios-em-postes-de-salvador-e-rms-trazem-transtornos-e-preocupacao-para-populacao\/\"},\"wordCount\":857,\"commentCount\":0,\"publisher\":{\"@id\":\"https:\/\/brasilnoticias.org\/site\/#organization\"},\"image\":{\"@id\":\"https:\/\/brasilnoticias.org\/site\/emaranhados-de-fios-em-postes-de-salvador-e-rms-trazem-transtornos-e-preocupacao-para-populacao\/#primaryimage\"},\"thumbnailUrl\":\"https:\/\/brasilnoticias.org\/site\/wp-content\/uploads\/2024\/04\/149089emaranhados-de-fios-em-postes-de-salvador-e-rms-trazem-transtornos-e-preocupacao-para-populacao-3-1.jpg\",\"articleSection\":[\"Not\u00edcias\",\"\u00daltimas\"],\"inLanguage\":\"pt-PT\",\"potentialAction\":[{\"@type\":\"CommentAction\",\"name\":\"Comment\",\"target\":[\"https:\/\/brasilnoticias.org\/site\/emaranhados-de-fios-em-postes-de-salvador-e-rms-trazem-transtornos-e-preocupacao-para-populacao\/#respond\"]}]},{\"@type\":\"WebPage\",\"@id\":\"https:\/\/brasilnoticias.org\/site\/emaranhados-de-fios-em-postes-de-salvador-e-rms-trazem-transtornos-e-preocupacao-para-populacao\/\",\"url\":\"https:\/\/brasilnoticias.org\/site\/emaranhados-de-fios-em-postes-de-salvador-e-rms-trazem-transtornos-e-preocupacao-para-populacao\/\",\"name\":\"Emaranhados de fios em postes de Salvador e RMS trazem transtornos e preocupa\u00e7\u00e3o para popula\u00e7\u00e3o - Brasil not\u00edcias\",\"isPartOf\":{\"@id\":\"https:\/\/brasilnoticias.org\/site\/#website\"},\"primaryImageOfPage\":{\"@id\":\"https:\/\/brasilnoticias.org\/site\/emaranhados-de-fios-em-postes-de-salvador-e-rms-trazem-transtornos-e-preocupacao-para-populacao\/#primaryimage\"},\"image\":{\"@id\":\"https:\/\/brasilnoticias.org\/site\/emaranhados-de-fios-em-postes-de-salvador-e-rms-trazem-transtornos-e-preocupacao-para-populacao\/#primaryimage\"},\"thumbnailUrl\":\"https:\/\/brasilnoticias.org\/site\/wp-content\/uploads\/2024\/04\/149089emaranhados-de-fios-em-postes-de-salvador-e-rms-trazem-transtornos-e-preocupacao-para-populacao-3-1.jpg\",\"datePublished\":\"2024-04-22T20:32:26+00:00\",\"breadcrumb\":{\"@id\":\"https:\/\/brasilnoticias.org\/site\/emaranhados-de-fios-em-postes-de-salvador-e-rms-trazem-transtornos-e-preocupacao-para-populacao\/#breadcrumb\"},\"inLanguage\":\"pt-PT\",\"potentialAction\":[{\"@type\":\"ReadAction\",\"target\":[\"https:\/\/brasilnoticias.org\/site\/emaranhados-de-fios-em-postes-de-salvador-e-rms-trazem-transtornos-e-preocupacao-para-populacao\/\"]}]},{\"@type\":\"ImageObject\",\"inLanguage\":\"pt-PT\",\"@id\":\"https:\/\/brasilnoticias.org\/site\/emaranhados-de-fios-em-postes-de-salvador-e-rms-trazem-transtornos-e-preocupacao-para-populacao\/#primaryimage\",\"url\":\"https:\/\/brasilnoticias.org\/site\/wp-content\/uploads\/2024\/04\/149089emaranhados-de-fios-em-postes-de-salvador-e-rms-trazem-transtornos-e-preocupacao-para-populacao-3-1.jpg\",\"contentUrl\":\"https:\/\/brasilnoticias.org\/site\/wp-content\/uploads\/2024\/04\/149089emaranhados-de-fios-em-postes-de-salvador-e-rms-trazem-transtornos-e-preocupacao-para-populacao-3-1.jpg\",\"width\":1600,\"height\":752},{\"@type\":\"BreadcrumbList\",\"@id\":\"https:\/\/brasilnoticias.org\/site\/emaranhados-de-fios-em-postes-de-salvador-e-rms-trazem-transtornos-e-preocupacao-para-populacao\/#breadcrumb\",\"itemListElement\":[{\"@type\":\"ListItem\",\"position\":1,\"name\":\"In\u00edcio\",\"item\":\"https:\/\/brasilnoticias.org\/site\/\"},{\"@type\":\"ListItem\",\"position\":2,\"name\":\"Emaranhados de fios em postes de Salvador e RMS trazem transtornos e preocupa\u00e7\u00e3o para popula\u00e7\u00e3o\"}]},{\"@type\":\"WebSite\",\"@id\":\"https:\/\/brasilnoticias.org\/site\/#website\",\"url\":\"https:\/\/brasilnoticias.org\/site\/\",\"name\":\"Brasil not\u00edcias\",\"description\":\"Brasil not\u00edcias\",\"publisher\":{\"@id\":\"https:\/\/brasilnoticias.org\/site\/#organization\"},\"potentialAction\":[{\"@type\":\"SearchAction\",\"target\":{\"@type\":\"EntryPoint\",\"urlTemplate\":\"https:\/\/brasilnoticias.org\/site\/?s={search_term_string}\"},\"query-input\":{\"@type\":\"PropertyValueSpecification\",\"valueRequired\":true,\"valueName\":\"search_term_string\"}}],\"inLanguage\":\"pt-PT\"},{\"@type\":\"Organization\",\"@id\":\"https:\/\/brasilnoticias.org\/site\/#organization\",\"name\":\"Brasil not\u00edcias\",\"url\":\"https:\/\/brasilnoticias.org\/site\/\",\"logo\":{\"@type\":\"ImageObject\",\"inLanguage\":\"pt-PT\",\"@id\":\"https:\/\/brasilnoticias.org\/site\/#\/schema\/logo\/image\/\",\"url\":\"https:\/\/brasilnoticias.org\/site\/wp-content\/uploads\/2022\/05\/cropped-brasilnoticias-mini.jpg\",\"contentUrl\":\"https:\/\/brasilnoticias.org\/site\/wp-content\/uploads\/2022\/05\/cropped-brasilnoticias-mini.jpg\",\"width\":314,\"height\":86,\"caption\":\"Brasil not\u00edcias\"},\"image\":{\"@id\":\"https:\/\/brasilnoticias.org\/site\/#\/schema\/logo\/image\/\"}},{\"@type\":\"Person\",\"@id\":\"https:\/\/brasilnoticias.org\/site\/#\/schema\/person\/03bbbfe6c7634ad18c26444ea39049fa\",\"name\":\"Reda\u00e7\u00e3o\",\"image\":{\"@type\":\"ImageObject\",\"inLanguage\":\"pt-PT\",\"@id\":\"https:\/\/brasilnoticias.org\/site\/#\/schema\/person\/image\/\",\"url\":\"https:\/\/secure.gravatar.com\/avatar\/9ecaf7327a696cb23ad926fedded5f1f04d7049de9e445375d55b48c001a6e42?s=96&d=mm&r=g\",\"contentUrl\":\"https:\/\/secure.gravatar.com\/avatar\/9ecaf7327a696cb23ad926fedded5f1f04d7049de9e445375d55b48c001a6e42?s=96&d=mm&r=g\",\"caption\":\"Reda\u00e7\u00e3o\"},\"url\":\"https:\/\/brasilnoticias.org\/site\/author\/henrique\/\"}]}<\/script>\n<!-- \/ Yoast SEO plugin. -->","yoast_head_json":{"title":"Emaranhados de fios em postes de Salvador e RMS trazem transtornos e preocupa\u00e7\u00e3o para popula\u00e7\u00e3o - Brasil not\u00edcias","robots":{"index":"index","follow":"follow","max-snippet":"max-snippet:-1","max-image-preview":"max-image-preview:large","max-video-preview":"max-video-preview:-1"},"canonical":"https:\/\/brasilnoticias.org\/site\/emaranhados-de-fios-em-postes-de-salvador-e-rms-trazem-transtornos-e-preocupacao-para-populacao\/","og_locale":"pt_PT","og_type":"article","og_title":"Emaranhados de fios em postes de Salvador e RMS trazem transtornos e preocupa\u00e7\u00e3o para popula\u00e7\u00e3o - Brasil not\u00edcias","og_description":"Popula\u00e7\u00e3o pede melhorias e engenheiro eletricista orienta como evitar acidentes com fios frouxos e ca\u00eddos nas ruas Uma sequ\u00eancia de","og_url":"https:\/\/brasilnoticias.org\/site\/emaranhados-de-fios-em-postes-de-salvador-e-rms-trazem-transtornos-e-preocupacao-para-populacao\/","og_site_name":"Brasil not\u00edcias","article_published_time":"2024-04-22T20:32:26+00:00","og_image":[{"width":1600,"height":752,"url":"https:\/\/brasilnoticias.org\/site\/wp-content\/uploads\/2024\/04\/149089emaranhados-de-fios-em-postes-de-salvador-e-rms-trazem-transtornos-e-preocupacao-para-populacao-3-1.jpg","type":"image\/jpeg"}],"author":"Reda\u00e7\u00e3o","twitter_card":"summary_large_image","twitter_misc":{"Escrito por":"Reda\u00e7\u00e3o","Tempo estimado de leitura":"1 minuto"},"schema":{"@context":"https:\/\/schema.org","@graph":[{"@type":"Article","@id":"https:\/\/brasilnoticias.org\/site\/emaranhados-de-fios-em-postes-de-salvador-e-rms-trazem-transtornos-e-preocupacao-para-populacao\/#article","isPartOf":{"@id":"https:\/\/brasilnoticias.org\/site\/emaranhados-de-fios-em-postes-de-salvador-e-rms-trazem-transtornos-e-preocupacao-para-populacao\/"},"author":{"name":"Reda\u00e7\u00e3o","@id":"https:\/\/brasilnoticias.org\/site\/#\/schema\/person\/03bbbfe6c7634ad18c26444ea39049fa"},"headline":"Emaranhados de fios em postes de Salvador e RMS trazem transtornos e preocupa\u00e7\u00e3o para popula\u00e7\u00e3o","datePublished":"2024-04-22T20:32:26+00:00","mainEntityOfPage":{"@id":"https:\/\/brasilnoticias.org\/site\/emaranhados-de-fios-em-postes-de-salvador-e-rms-trazem-transtornos-e-preocupacao-para-populacao\/"},"wordCount":857,"commentCount":0,"publisher":{"@id":"https:\/\/brasilnoticias.org\/site\/#organization"},"image":{"@id":"https:\/\/brasilnoticias.org\/site\/emaranhados-de-fios-em-postes-de-salvador-e-rms-trazem-transtornos-e-preocupacao-para-populacao\/#primaryimage"},"thumbnailUrl":"https:\/\/brasilnoticias.org\/site\/wp-content\/uploads\/2024\/04\/149089emaranhados-de-fios-em-postes-de-salvador-e-rms-trazem-transtornos-e-preocupacao-para-populacao-3-1.jpg","articleSection":["Not\u00edcias","\u00daltimas"],"inLanguage":"pt-PT","potentialAction":[{"@type":"CommentAction","name":"Comment","target":["https:\/\/brasilnoticias.org\/site\/emaranhados-de-fios-em-postes-de-salvador-e-rms-trazem-transtornos-e-preocupacao-para-populacao\/#respond"]}]},{"@type":"WebPage","@id":"https:\/\/brasilnoticias.org\/site\/emaranhados-de-fios-em-postes-de-salvador-e-rms-trazem-transtornos-e-preocupacao-para-populacao\/","url":"https:\/\/brasilnoticias.org\/site\/emaranhados-de-fios-em-postes-de-salvador-e-rms-trazem-transtornos-e-preocupacao-para-populacao\/","name":"Emaranhados de fios em postes de Salvador e RMS trazem transtornos e preocupa\u00e7\u00e3o para popula\u00e7\u00e3o - Brasil not\u00edcias","isPartOf":{"@id":"https:\/\/brasilnoticias.org\/site\/#website"},"primaryImageOfPage":{"@id":"https:\/\/brasilnoticias.org\/site\/emaranhados-de-fios-em-postes-de-salvador-e-rms-trazem-transtornos-e-preocupacao-para-populacao\/#primaryimage"},"image":{"@id":"https:\/\/brasilnoticias.org\/site\/emaranhados-de-fios-em-postes-de-salvador-e-rms-trazem-transtornos-e-preocupacao-para-populacao\/#primaryimage"},"thumbnailUrl":"https:\/\/brasilnoticias.org\/site\/wp-content\/uploads\/2024\/04\/149089emaranhados-de-fios-em-postes-de-salvador-e-rms-trazem-transtornos-e-preocupacao-para-populacao-3-1.jpg","datePublished":"2024-04-22T20:32:26+00:00","breadcrumb":{"@id":"https:\/\/brasilnoticias.org\/site\/emaranhados-de-fios-em-postes-de-salvador-e-rms-trazem-transtornos-e-preocupacao-para-populacao\/#breadcrumb"},"inLanguage":"pt-PT","potentialAction":[{"@type":"ReadAction","target":["https:\/\/brasilnoticias.org\/site\/emaranhados-de-fios-em-postes-de-salvador-e-rms-trazem-transtornos-e-preocupacao-para-populacao\/"]}]},{"@type":"ImageObject","inLanguage":"pt-PT","@id":"https:\/\/brasilnoticias.org\/site\/emaranhados-de-fios-em-postes-de-salvador-e-rms-trazem-transtornos-e-preocupacao-para-populacao\/#primaryimage","url":"https:\/\/brasilnoticias.org\/site\/wp-content\/uploads\/2024\/04\/149089emaranhados-de-fios-em-postes-de-salvador-e-rms-trazem-transtornos-e-preocupacao-para-populacao-3-1.jpg","contentUrl":"https:\/\/brasilnoticias.org\/site\/wp-content\/uploads\/2024\/04\/149089emaranhados-de-fios-em-postes-de-salvador-e-rms-trazem-transtornos-e-preocupacao-para-populacao-3-1.jpg","width":1600,"height":752},{"@type":"BreadcrumbList","@id":"https:\/\/brasilnoticias.org\/site\/emaranhados-de-fios-em-postes-de-salvador-e-rms-trazem-transtornos-e-preocupacao-para-populacao\/#breadcrumb","itemListElement":[{"@type":"ListItem","position":1,"name":"In\u00edcio","item":"https:\/\/brasilnoticias.org\/site\/"},{"@type":"ListItem","position":2,"name":"Emaranhados de fios em postes de Salvador e RMS trazem transtornos e preocupa\u00e7\u00e3o para popula\u00e7\u00e3o"}]},{"@type":"WebSite","@id":"https:\/\/brasilnoticias.org\/site\/#website","url":"https:\/\/brasilnoticias.org\/site\/","name":"Brasil not\u00edcias","description":"Brasil not\u00edcias","publisher":{"@id":"https:\/\/brasilnoticias.org\/site\/#organization"},"potentialAction":[{"@type":"SearchAction","target":{"@type":"EntryPoint","urlTemplate":"https:\/\/brasilnoticias.org\/site\/?s={search_term_string}"},"query-input":{"@type":"PropertyValueSpecification","valueRequired":true,"valueName":"search_term_string"}}],"inLanguage":"pt-PT"},{"@type":"Organization","@id":"https:\/\/brasilnoticias.org\/site\/#organization","name":"Brasil not\u00edcias","url":"https:\/\/brasilnoticias.org\/site\/","logo":{"@type":"ImageObject","inLanguage":"pt-PT","@id":"https:\/\/brasilnoticias.org\/site\/#\/schema\/logo\/image\/","url":"https:\/\/brasilnoticias.org\/site\/wp-content\/uploads\/2022\/05\/cropped-brasilnoticias-mini.jpg","contentUrl":"https:\/\/brasilnoticias.org\/site\/wp-content\/uploads\/2022\/05\/cropped-brasilnoticias-mini.jpg","width":314,"height":86,"caption":"Brasil not\u00edcias"},"image":{"@id":"https:\/\/brasilnoticias.org\/site\/#\/schema\/logo\/image\/"}},{"@type":"Person","@id":"https:\/\/brasilnoticias.org\/site\/#\/schema\/person\/03bbbfe6c7634ad18c26444ea39049fa","name":"Reda\u00e7\u00e3o","image":{"@type":"ImageObject","inLanguage":"pt-PT","@id":"https:\/\/brasilnoticias.org\/site\/#\/schema\/person\/image\/","url":"https:\/\/secure.gravatar.com\/avatar\/9ecaf7327a696cb23ad926fedded5f1f04d7049de9e445375d55b48c001a6e42?s=96&d=mm&r=g","contentUrl":"https:\/\/secure.gravatar.com\/avatar\/9ecaf7327a696cb23ad926fedded5f1f04d7049de9e445375d55b48c001a6e42?s=96&d=mm&r=g","caption":"Reda\u00e7\u00e3o"},"url":"https:\/\/brasilnoticias.org\/site\/author\/henrique\/"}]}},"_links":{"self":[{"href":"https:\/\/brasilnoticias.org\/site\/wp-json\/wp\/v2\/posts\/13734","targetHints":{"allow":["GET"]}}],"collection":[{"href":"https:\/\/brasilnoticias.org\/site\/wp-json\/wp\/v2\/posts"}],"about":[{"href":"https:\/\/brasilnoticias.org\/site\/wp-json\/wp\/v2\/types\/post"}],"author":[{"embeddable":true,"href":"https:\/\/brasilnoticias.org\/site\/wp-json\/wp\/v2\/users\/4"}],"replies":[{"embeddable":true,"href":"https:\/\/brasilnoticias.org\/site\/wp-json\/wp\/v2\/comments?post=13734"}],"version-history":[{"count":1,"href":"https:\/\/brasilnoticias.org\/site\/wp-json\/wp\/v2\/posts\/13734\/revisions"}],"predecessor-version":[{"id":13736,"href":"https:\/\/brasilnoticias.org\/site\/wp-json\/wp\/v2\/posts\/13734\/revisions\/13736"}],"wp:featuredmedia":[{"embeddable":true,"href":"https:\/\/brasilnoticias.org\/site\/wp-json\/wp\/v2\/media\/13735"}],"wp:attachment":[{"href":"https:\/\/brasilnoticias.org\/site\/wp-json\/wp\/v2\/media?parent=13734"}],"wp:term":[{"taxonomy":"category","embeddable":true,"href":"https:\/\/brasilnoticias.org\/site\/wp-json\/wp\/v2\/categories?post=13734"},{"taxonomy":"post_tag","embeddable":true,"href":"https:\/\/brasilnoticias.org\/site\/wp-json\/wp\/v2\/tags?post=13734"}],"curies":[{"name":"wp","href":"https:\/\/api.w.org\/{rel}","templated":true}]}}