{"id":13740,"date":"2024-04-22T17:38:19","date_gmt":"2024-04-22T20:38:19","guid":{"rendered":"https:\/\/brasilnoticias.org\/site\/?p=13740"},"modified":"2024-04-22T17:38:19","modified_gmt":"2024-04-22T20:38:19","slug":"lula-diz-que-brasil-nao-deve-depender-eternamente-de-bolsa-familia","status":"publish","type":"post","link":"https:\/\/brasilnoticias.org\/site\/lula-diz-que-brasil-nao-deve-depender-eternamente-de-bolsa-familia\/","title":{"rendered":"Lula diz que Brasil n\u00e3o deve \u201cdepender eternamente\u201d de Bolsa Fam\u00edlia"},"content":{"rendered":"<p>Declara\u00e7\u00e3o foi feita durante evento de lan\u00e7amento do programa &#8220;Acredita&#8221;<\/p>\n<p>O presidente Luiz In\u00e1cio Lula da Silva (PT) afirmou em cerim\u00f4nia no Pal\u00e1cio do Planalto, nesta segunda-feira (22), que n\u00e3o quer que o Brasil seja \u201ceternamente\u201d dependente do programa Bolsa Fam\u00edlia.<\/p>\n<p>O coment\u00e1rio foi feito durante o lan\u00e7amento do novo programa do governo batizado de \u201cAcredita\u201d, uma iniciativa de reestrutura\u00e7\u00e3o do mercado de cr\u00e9dito no Brasil. O plano prev\u00ea novas medidas de cr\u00e9dito e renegocia\u00e7\u00e3o de d\u00edvidas para pequenos neg\u00f3cios.<\/p>\n<p>\u201cA gente n\u00e3o quer um pa\u00eds de gente muito rica e gente muito pobre. Se poss\u00edvel, a gente quer um pa\u00eds em que voc\u00ea tenha uma classe m\u00e9dia sustent\u00e1vel, que tenha um padr\u00e3o de vida digno, decente, com escola, com cultura, com sal\u00e1rio, em que as pessoas possam jantar no restaurante no fim de semana, almo\u00e7ar, que elas possam fazer uma viagem. \u00c9 esse pa\u00eds que n\u00f3s sonhamos. N\u00f3s n\u00e3o queremos um pa\u00eds que eternamente dependa de um Bolsa Fam\u00edlia, que eternamente dependa de um vale-g\u00e1s\u201d, afirmou Lula.<\/p>\n<p>Ainda em coletiva, o petista disse que \u201cbanco n\u00e3o foi preparado para receber pobre, banco n\u00e3o foi preparado para receber pessoas que chegam l\u00e1 de sand\u00e1lia (n\u00e3o vou dizer o nome da sand\u00e1lia para n\u00e3o fazer propaganda), as pessoas que n\u00e3o chegam de terno e gravata, que n\u00e3o chegam bem vestidas\u201d, completou. <\/p>\n<p>Foto: Marcelo Camargo\/Ag\u00eancia Brasil<br \/>\nPor: Metro1<\/p>\n","protected":false},"excerpt":{"rendered":"<p>Declara\u00e7\u00e3o foi feita durante evento de lan\u00e7amento do programa &#8220;Acredita&#8221; O presidente Luiz In\u00e1cio Lula da Silva (PT) afirmou em<\/p>\n","protected":false},"author":4,"featured_media":13741,"comment_status":"open","ping_status":"open","sticky":false,"template":"","format":"standard","meta":{"colormag_page_container_layout":"default_layout","colormag_page_sidebar_layout":"default_layout","_FSMCFIC_featured_image_caption":"","_FSMCFIC_featured_image_nocaption":"","_FSMCFIC_featured_image_hide":"","footnotes":""},"categories":[5,1],"tags":[],"class_list":["post-13740","post","type-post","status-publish","format-standard","has-post-thumbnail","hentry","category-politica","category-ultimas"],"yoast_head":"<!-- This site is optimized with the Yoast SEO plugin v27.1.1 - https:\/\/yoast.com\/product\/yoast-seo-wordpress\/ -->\n<title>Lula diz que Brasil n\u00e3o deve \u201cdepender eternamente\u201d de Bolsa Fam\u00edlia - Brasil not\u00edcias<\/title>\n<meta name=\"robots\" content=\"index, follow, max-snippet:-1, max-image-preview:large, max-video-preview:-1\" \/>\n<link rel=\"canonical\" href=\"https:\/\/brasilnoticias.org\/site\/lula-diz-que-brasil-nao-deve-depender-eternamente-de-bolsa-familia\/\" \/>\n<meta property=\"og:locale\" content=\"pt_PT\" \/>\n<meta property=\"og:type\" content=\"article\" \/>\n<meta property=\"og:title\" content=\"Lula diz que Brasil n\u00e3o deve \u201cdepender eternamente\u201d de Bolsa Fam\u00edlia - Brasil not\u00edcias\" \/>\n<meta property=\"og:description\" content=\"Declara\u00e7\u00e3o foi feita durante evento de lan\u00e7amento do programa &#8220;Acredita&#8221; O presidente Luiz In\u00e1cio Lula da Silva (PT) afirmou em\" \/>\n<meta property=\"og:url\" content=\"https:\/\/brasilnoticias.org\/site\/lula-diz-que-brasil-nao-deve-depender-eternamente-de-bolsa-familia\/\" \/>\n<meta property=\"og:site_name\" content=\"Brasil not\u00edcias\" \/>\n<meta property=\"article:published_time\" content=\"2024-04-22T20:38:19+00:00\" \/>\n<meta property=\"og:image\" content=\"https:\/\/brasilnoticias.org\/site\/wp-content\/uploads\/2024\/04\/149075lula-diz-que-brasil-nao-deve-depender-eternamente-de-bolsa-familia-3.jpg\" \/>\n\t<meta property=\"og:image:width\" content=\"1600\" \/>\n\t<meta property=\"og:image:height\" content=\"752\" \/>\n\t<meta property=\"og:image:type\" content=\"image\/jpeg\" \/>\n<meta name=\"author\" content=\"Reda\u00e7\u00e3o\" \/>\n<meta name=\"twitter:card\" content=\"summary_large_image\" \/>\n<meta name=\"twitter:label1\" content=\"Escrito por\" \/>\n\t<meta name=\"twitter:data1\" content=\"Reda\u00e7\u00e3o\" \/>\n\t<meta name=\"twitter:label2\" content=\"Tempo estimado de leitura\" \/>\n\t<meta name=\"twitter:data2\" content=\"1 minuto\" \/>\n<script type=\"application\/ld+json\" class=\"yoast-schema-graph\">{\"@context\":\"https:\/\/schema.org\",\"@graph\":[{\"@type\":\"Article\",\"@id\":\"https:\/\/brasilnoticias.org\/site\/lula-diz-que-brasil-nao-deve-depender-eternamente-de-bolsa-familia\/#article\",\"isPartOf\":{\"@id\":\"https:\/\/brasilnoticias.org\/site\/lula-diz-que-brasil-nao-deve-depender-eternamente-de-bolsa-familia\/\"},\"author\":{\"name\":\"Reda\u00e7\u00e3o\",\"@id\":\"https:\/\/brasilnoticias.org\/site\/#\/schema\/person\/03bbbfe6c7634ad18c26444ea39049fa\"},\"headline\":\"Lula diz que Brasil n\u00e3o deve \u201cdepender eternamente\u201d de Bolsa Fam\u00edlia\",\"datePublished\":\"2024-04-22T20:38:19+00:00\",\"mainEntityOfPage\":{\"@id\":\"https:\/\/brasilnoticias.org\/site\/lula-diz-que-brasil-nao-deve-depender-eternamente-de-bolsa-familia\/\"},\"wordCount\":278,\"commentCount\":0,\"publisher\":{\"@id\":\"https:\/\/brasilnoticias.org\/site\/#organization\"},\"image\":{\"@id\":\"https:\/\/brasilnoticias.org\/site\/lula-diz-que-brasil-nao-deve-depender-eternamente-de-bolsa-familia\/#primaryimage\"},\"thumbnailUrl\":\"https:\/\/brasilnoticias.org\/site\/wp-content\/uploads\/2024\/04\/149075lula-diz-que-brasil-nao-deve-depender-eternamente-de-bolsa-familia-3.jpg\",\"articleSection\":[\"Pol\u00edtica\",\"\u00daltimas\"],\"inLanguage\":\"pt-PT\",\"potentialAction\":[{\"@type\":\"CommentAction\",\"name\":\"Comment\",\"target\":[\"https:\/\/brasilnoticias.org\/site\/lula-diz-que-brasil-nao-deve-depender-eternamente-de-bolsa-familia\/#respond\"]}]},{\"@type\":\"WebPage\",\"@id\":\"https:\/\/brasilnoticias.org\/site\/lula-diz-que-brasil-nao-deve-depender-eternamente-de-bolsa-familia\/\",\"url\":\"https:\/\/brasilnoticias.org\/site\/lula-diz-que-brasil-nao-deve-depender-eternamente-de-bolsa-familia\/\",\"name\":\"Lula diz que Brasil n\u00e3o deve \u201cdepender eternamente\u201d de Bolsa Fam\u00edlia - Brasil not\u00edcias\",\"isPartOf\":{\"@id\":\"https:\/\/brasilnoticias.org\/site\/#website\"},\"primaryImageOfPage\":{\"@id\":\"https:\/\/brasilnoticias.org\/site\/lula-diz-que-brasil-nao-deve-depender-eternamente-de-bolsa-familia\/#primaryimage\"},\"image\":{\"@id\":\"https:\/\/brasilnoticias.org\/site\/lula-diz-que-brasil-nao-deve-depender-eternamente-de-bolsa-familia\/#primaryimage\"},\"thumbnailUrl\":\"https:\/\/brasilnoticias.org\/site\/wp-content\/uploads\/2024\/04\/149075lula-diz-que-brasil-nao-deve-depender-eternamente-de-bolsa-familia-3.jpg\",\"datePublished\":\"2024-04-22T20:38:19+00:00\",\"breadcrumb\":{\"@id\":\"https:\/\/brasilnoticias.org\/site\/lula-diz-que-brasil-nao-deve-depender-eternamente-de-bolsa-familia\/#breadcrumb\"},\"inLanguage\":\"pt-PT\",\"potentialAction\":[{\"@type\":\"ReadAction\",\"target\":[\"https:\/\/brasilnoticias.org\/site\/lula-diz-que-brasil-nao-deve-depender-eternamente-de-bolsa-familia\/\"]}]},{\"@type\":\"ImageObject\",\"inLanguage\":\"pt-PT\",\"@id\":\"https:\/\/brasilnoticias.org\/site\/lula-diz-que-brasil-nao-deve-depender-eternamente-de-bolsa-familia\/#primaryimage\",\"url\":\"https:\/\/brasilnoticias.org\/site\/wp-content\/uploads\/2024\/04\/149075lula-diz-que-brasil-nao-deve-depender-eternamente-de-bolsa-familia-3.jpg\",\"contentUrl\":\"https:\/\/brasilnoticias.org\/site\/wp-content\/uploads\/2024\/04\/149075lula-diz-que-brasil-nao-deve-depender-eternamente-de-bolsa-familia-3.jpg\",\"width\":1600,\"height\":752},{\"@type\":\"BreadcrumbList\",\"@id\":\"https:\/\/brasilnoticias.org\/site\/lula-diz-que-brasil-nao-deve-depender-eternamente-de-bolsa-familia\/#breadcrumb\",\"itemListElement\":[{\"@type\":\"ListItem\",\"position\":1,\"name\":\"In\u00edcio\",\"item\":\"https:\/\/brasilnoticias.org\/site\/\"},{\"@type\":\"ListItem\",\"position\":2,\"name\":\"Lula diz que Brasil n\u00e3o deve \u201cdepender eternamente\u201d de Bolsa Fam\u00edlia\"}]},{\"@type\":\"WebSite\",\"@id\":\"https:\/\/brasilnoticias.org\/site\/#website\",\"url\":\"https:\/\/brasilnoticias.org\/site\/\",\"name\":\"Brasil not\u00edcias\",\"description\":\"Brasil not\u00edcias\",\"publisher\":{\"@id\":\"https:\/\/brasilnoticias.org\/site\/#organization\"},\"potentialAction\":[{\"@type\":\"SearchAction\",\"target\":{\"@type\":\"EntryPoint\",\"urlTemplate\":\"https:\/\/brasilnoticias.org\/site\/?s={search_term_string}\"},\"query-input\":{\"@type\":\"PropertyValueSpecification\",\"valueRequired\":true,\"valueName\":\"search_term_string\"}}],\"inLanguage\":\"pt-PT\"},{\"@type\":\"Organization\",\"@id\":\"https:\/\/brasilnoticias.org\/site\/#organization\",\"name\":\"Brasil not\u00edcias\",\"url\":\"https:\/\/brasilnoticias.org\/site\/\",\"logo\":{\"@type\":\"ImageObject\",\"inLanguage\":\"pt-PT\",\"@id\":\"https:\/\/brasilnoticias.org\/site\/#\/schema\/logo\/image\/\",\"url\":\"https:\/\/brasilnoticias.org\/site\/wp-content\/uploads\/2022\/05\/cropped-brasilnoticias-mini.jpg\",\"contentUrl\":\"https:\/\/brasilnoticias.org\/site\/wp-content\/uploads\/2022\/05\/cropped-brasilnoticias-mini.jpg\",\"width\":314,\"height\":86,\"caption\":\"Brasil not\u00edcias\"},\"image\":{\"@id\":\"https:\/\/brasilnoticias.org\/site\/#\/schema\/logo\/image\/\"}},{\"@type\":\"Person\",\"@id\":\"https:\/\/brasilnoticias.org\/site\/#\/schema\/person\/03bbbfe6c7634ad18c26444ea39049fa\",\"name\":\"Reda\u00e7\u00e3o\",\"image\":{\"@type\":\"ImageObject\",\"inLanguage\":\"pt-PT\",\"@id\":\"https:\/\/brasilnoticias.org\/site\/#\/schema\/person\/image\/\",\"url\":\"https:\/\/secure.gravatar.com\/avatar\/9ecaf7327a696cb23ad926fedded5f1f04d7049de9e445375d55b48c001a6e42?s=96&d=mm&r=g\",\"contentUrl\":\"https:\/\/secure.gravatar.com\/avatar\/9ecaf7327a696cb23ad926fedded5f1f04d7049de9e445375d55b48c001a6e42?s=96&d=mm&r=g\",\"caption\":\"Reda\u00e7\u00e3o\"},\"url\":\"https:\/\/brasilnoticias.org\/site\/author\/henrique\/\"}]}<\/script>\n<!-- \/ Yoast SEO plugin. -->","yoast_head_json":{"title":"Lula diz que Brasil n\u00e3o deve \u201cdepender eternamente\u201d de Bolsa Fam\u00edlia - Brasil not\u00edcias","robots":{"index":"index","follow":"follow","max-snippet":"max-snippet:-1","max-image-preview":"max-image-preview:large","max-video-preview":"max-video-preview:-1"},"canonical":"https:\/\/brasilnoticias.org\/site\/lula-diz-que-brasil-nao-deve-depender-eternamente-de-bolsa-familia\/","og_locale":"pt_PT","og_type":"article","og_title":"Lula diz que Brasil n\u00e3o deve \u201cdepender eternamente\u201d de Bolsa Fam\u00edlia - Brasil not\u00edcias","og_description":"Declara\u00e7\u00e3o foi feita durante evento de lan\u00e7amento do programa &#8220;Acredita&#8221; O presidente Luiz In\u00e1cio Lula da Silva (PT) afirmou em","og_url":"https:\/\/brasilnoticias.org\/site\/lula-diz-que-brasil-nao-deve-depender-eternamente-de-bolsa-familia\/","og_site_name":"Brasil not\u00edcias","article_published_time":"2024-04-22T20:38:19+00:00","og_image":[{"width":1600,"height":752,"url":"https:\/\/brasilnoticias.org\/site\/wp-content\/uploads\/2024\/04\/149075lula-diz-que-brasil-nao-deve-depender-eternamente-de-bolsa-familia-3.jpg","type":"image\/jpeg"}],"author":"Reda\u00e7\u00e3o","twitter_card":"summary_large_image","twitter_misc":{"Escrito por":"Reda\u00e7\u00e3o","Tempo estimado de leitura":"1 minuto"},"schema":{"@context":"https:\/\/schema.org","@graph":[{"@type":"Article","@id":"https:\/\/brasilnoticias.org\/site\/lula-diz-que-brasil-nao-deve-depender-eternamente-de-bolsa-familia\/#article","isPartOf":{"@id":"https:\/\/brasilnoticias.org\/site\/lula-diz-que-brasil-nao-deve-depender-eternamente-de-bolsa-familia\/"},"author":{"name":"Reda\u00e7\u00e3o","@id":"https:\/\/brasilnoticias.org\/site\/#\/schema\/person\/03bbbfe6c7634ad18c26444ea39049fa"},"headline":"Lula diz que Brasil n\u00e3o deve \u201cdepender eternamente\u201d de Bolsa Fam\u00edlia","datePublished":"2024-04-22T20:38:19+00:00","mainEntityOfPage":{"@id":"https:\/\/brasilnoticias.org\/site\/lula-diz-que-brasil-nao-deve-depender-eternamente-de-bolsa-familia\/"},"wordCount":278,"commentCount":0,"publisher":{"@id":"https:\/\/brasilnoticias.org\/site\/#organization"},"image":{"@id":"https:\/\/brasilnoticias.org\/site\/lula-diz-que-brasil-nao-deve-depender-eternamente-de-bolsa-familia\/#primaryimage"},"thumbnailUrl":"https:\/\/brasilnoticias.org\/site\/wp-content\/uploads\/2024\/04\/149075lula-diz-que-brasil-nao-deve-depender-eternamente-de-bolsa-familia-3.jpg","articleSection":["Pol\u00edtica","\u00daltimas"],"inLanguage":"pt-PT","potentialAction":[{"@type":"CommentAction","name":"Comment","target":["https:\/\/brasilnoticias.org\/site\/lula-diz-que-brasil-nao-deve-depender-eternamente-de-bolsa-familia\/#respond"]}]},{"@type":"WebPage","@id":"https:\/\/brasilnoticias.org\/site\/lula-diz-que-brasil-nao-deve-depender-eternamente-de-bolsa-familia\/","url":"https:\/\/brasilnoticias.org\/site\/lula-diz-que-brasil-nao-deve-depender-eternamente-de-bolsa-familia\/","name":"Lula diz que Brasil n\u00e3o deve \u201cdepender eternamente\u201d de Bolsa Fam\u00edlia - Brasil not\u00edcias","isPartOf":{"@id":"https:\/\/brasilnoticias.org\/site\/#website"},"primaryImageOfPage":{"@id":"https:\/\/brasilnoticias.org\/site\/lula-diz-que-brasil-nao-deve-depender-eternamente-de-bolsa-familia\/#primaryimage"},"image":{"@id":"https:\/\/brasilnoticias.org\/site\/lula-diz-que-brasil-nao-deve-depender-eternamente-de-bolsa-familia\/#primaryimage"},"thumbnailUrl":"https:\/\/brasilnoticias.org\/site\/wp-content\/uploads\/2024\/04\/149075lula-diz-que-brasil-nao-deve-depender-eternamente-de-bolsa-familia-3.jpg","datePublished":"2024-04-22T20:38:19+00:00","breadcrumb":{"@id":"https:\/\/brasilnoticias.org\/site\/lula-diz-que-brasil-nao-deve-depender-eternamente-de-bolsa-familia\/#breadcrumb"},"inLanguage":"pt-PT","potentialAction":[{"@type":"ReadAction","target":["https:\/\/brasilnoticias.org\/site\/lula-diz-que-brasil-nao-deve-depender-eternamente-de-bolsa-familia\/"]}]},{"@type":"ImageObject","inLanguage":"pt-PT","@id":"https:\/\/brasilnoticias.org\/site\/lula-diz-que-brasil-nao-deve-depender-eternamente-de-bolsa-familia\/#primaryimage","url":"https:\/\/brasilnoticias.org\/site\/wp-content\/uploads\/2024\/04\/149075lula-diz-que-brasil-nao-deve-depender-eternamente-de-bolsa-familia-3.jpg","contentUrl":"https:\/\/brasilnoticias.org\/site\/wp-content\/uploads\/2024\/04\/149075lula-diz-que-brasil-nao-deve-depender-eternamente-de-bolsa-familia-3.jpg","width":1600,"height":752},{"@type":"BreadcrumbList","@id":"https:\/\/brasilnoticias.org\/site\/lula-diz-que-brasil-nao-deve-depender-eternamente-de-bolsa-familia\/#breadcrumb","itemListElement":[{"@type":"ListItem","position":1,"name":"In\u00edcio","item":"https:\/\/brasilnoticias.org\/site\/"},{"@type":"ListItem","position":2,"name":"Lula diz que Brasil n\u00e3o deve \u201cdepender eternamente\u201d de Bolsa Fam\u00edlia"}]},{"@type":"WebSite","@id":"https:\/\/brasilnoticias.org\/site\/#website","url":"https:\/\/brasilnoticias.org\/site\/","name":"Brasil not\u00edcias","description":"Brasil not\u00edcias","publisher":{"@id":"https:\/\/brasilnoticias.org\/site\/#organization"},"potentialAction":[{"@type":"SearchAction","target":{"@type":"EntryPoint","urlTemplate":"https:\/\/brasilnoticias.org\/site\/?s={search_term_string}"},"query-input":{"@type":"PropertyValueSpecification","valueRequired":true,"valueName":"search_term_string"}}],"inLanguage":"pt-PT"},{"@type":"Organization","@id":"https:\/\/brasilnoticias.org\/site\/#organization","name":"Brasil not\u00edcias","url":"https:\/\/brasilnoticias.org\/site\/","logo":{"@type":"ImageObject","inLanguage":"pt-PT","@id":"https:\/\/brasilnoticias.org\/site\/#\/schema\/logo\/image\/","url":"https:\/\/brasilnoticias.org\/site\/wp-content\/uploads\/2022\/05\/cropped-brasilnoticias-mini.jpg","contentUrl":"https:\/\/brasilnoticias.org\/site\/wp-content\/uploads\/2022\/05\/cropped-brasilnoticias-mini.jpg","width":314,"height":86,"caption":"Brasil not\u00edcias"},"image":{"@id":"https:\/\/brasilnoticias.org\/site\/#\/schema\/logo\/image\/"}},{"@type":"Person","@id":"https:\/\/brasilnoticias.org\/site\/#\/schema\/person\/03bbbfe6c7634ad18c26444ea39049fa","name":"Reda\u00e7\u00e3o","image":{"@type":"ImageObject","inLanguage":"pt-PT","@id":"https:\/\/brasilnoticias.org\/site\/#\/schema\/person\/image\/","url":"https:\/\/secure.gravatar.com\/avatar\/9ecaf7327a696cb23ad926fedded5f1f04d7049de9e445375d55b48c001a6e42?s=96&d=mm&r=g","contentUrl":"https:\/\/secure.gravatar.com\/avatar\/9ecaf7327a696cb23ad926fedded5f1f04d7049de9e445375d55b48c001a6e42?s=96&d=mm&r=g","caption":"Reda\u00e7\u00e3o"},"url":"https:\/\/brasilnoticias.org\/site\/author\/henrique\/"}]}},"_links":{"self":[{"href":"https:\/\/brasilnoticias.org\/site\/wp-json\/wp\/v2\/posts\/13740","targetHints":{"allow":["GET"]}}],"collection":[{"href":"https:\/\/brasilnoticias.org\/site\/wp-json\/wp\/v2\/posts"}],"about":[{"href":"https:\/\/brasilnoticias.org\/site\/wp-json\/wp\/v2\/types\/post"}],"author":[{"embeddable":true,"href":"https:\/\/brasilnoticias.org\/site\/wp-json\/wp\/v2\/users\/4"}],"replies":[{"embeddable":true,"href":"https:\/\/brasilnoticias.org\/site\/wp-json\/wp\/v2\/comments?post=13740"}],"version-history":[{"count":1,"href":"https:\/\/brasilnoticias.org\/site\/wp-json\/wp\/v2\/posts\/13740\/revisions"}],"predecessor-version":[{"id":13742,"href":"https:\/\/brasilnoticias.org\/site\/wp-json\/wp\/v2\/posts\/13740\/revisions\/13742"}],"wp:featuredmedia":[{"embeddable":true,"href":"https:\/\/brasilnoticias.org\/site\/wp-json\/wp\/v2\/media\/13741"}],"wp:attachment":[{"href":"https:\/\/brasilnoticias.org\/site\/wp-json\/wp\/v2\/media?parent=13740"}],"wp:term":[{"taxonomy":"category","embeddable":true,"href":"https:\/\/brasilnoticias.org\/site\/wp-json\/wp\/v2\/categories?post=13740"},{"taxonomy":"post_tag","embeddable":true,"href":"https:\/\/brasilnoticias.org\/site\/wp-json\/wp\/v2\/tags?post=13740"}],"curies":[{"name":"wp","href":"https:\/\/api.w.org\/{rel}","templated":true}]}}