{"id":13750,"date":"2024-04-23T14:38:59","date_gmt":"2024-04-23T17:38:59","guid":{"rendered":"https:\/\/brasilnoticias.org\/site\/?p=13750"},"modified":"2024-04-23T14:38:59","modified_gmt":"2024-04-23T17:38:59","slug":"kelsor-fernandes-recebe-titulo-de-cidadao-de-salvador-nesta-quarta-feira-24-04","status":"publish","type":"post","link":"https:\/\/brasilnoticias.org\/site\/kelsor-fernandes-recebe-titulo-de-cidadao-de-salvador-nesta-quarta-feira-24-04\/","title":{"rendered":"Kelsor Fernandes recebe t\u00edtulo de Cidad\u00e3o de Salvador, nesta quarta-feira (24\/04)"},"content":{"rendered":"<p>Kelsor Gon\u00e7alves Fernandes, presidente do Sistema Com\u00e9rcio -Fecom\u00e9rcio, Sesc, Senac-, recebe nesta quarta-feira, 23\/04, o T\u00edtulo de Cidad\u00e3o Soteropolitano, no Plen\u00e1rio da C\u00e2mara Municipal de Salvador, a partir das 18h. O vereador Daniel Alves (PSDB) prop\u00f4s \u00e0 homenagem devido aos relevantes servi\u00e7os prestados por Kelsor \u00e0 capital baiana, cidade em que vive desde os 19 anos, quando veio de Alagoinhas.<br \/>\nO homenageado \u00e9 o primeiro empres\u00e1rio do Com\u00e9rcio de Servi\u00e7os a presidir a Fecom\u00e9rcio-BA. Atua no ramo imobili\u00e1rio h\u00e1 mais de 40 anos e \u00e9 s\u00f3cio propriet\u00e1rio da imobili\u00e1ria que leva o seu nome, administrada junto com os filhos.<\/p>\n<p>Sua trajet\u00f3ria no associativismo empresarial come\u00e7ou no Secovi BA \u2013 o Sindicato da Habita\u00e7\u00e3o. Ao assumir a presid\u00eancia do sindicato, em 2010, promoveu uma verdadeira revolu\u00e7\u00e3o administrativa, criando um amplo portf\u00f3lio de servi\u00e7os aos empres\u00e1rios desse setor e a toda cadeia que o envolve: s\u00edndicos, administradores de condom\u00ednios, corretores de im\u00f3veis, entre outros. Foi na sua gest\u00e3o que a abrang\u00eancia do Secovi se tornou estadual, passando a representar todas as categoriais econ\u00f4micas do mercado imobili\u00e1rio da Bahia.<\/p>\n<p>De 2012 a 2014, ocupou o cargo de 1\u00ba diretor tesoureiro da Fecom\u00e9rcio-BA. Nos mandatos 2014\/2018 e 2018\/2022, foi 1\u00ba vice-presidente da Federa\u00e7\u00e3o.<br \/>\nNo \u00e2mbito da CNC \u2013 Confedera\u00e7\u00e3o Nacional do Com\u00e9rcio de Bens, Servi\u00e7os e Turismo, \u00e9 integrante da C\u00e2mara Brasileira do Com\u00e9rcio e Servi\u00e7os Imobili\u00e1rios e da Comiss\u00e3o de Enquadramento e Registro Sindical do Com\u00e9rcio.<\/p>\n<p>Foto: Divulga\u00e7\u00e3o<\/p>\n","protected":false},"excerpt":{"rendered":"<p>Kelsor Gon\u00e7alves Fernandes, presidente do Sistema Com\u00e9rcio -Fecom\u00e9rcio, Sesc, Senac-, recebe nesta quarta-feira, 23\/04, o T\u00edtulo de Cidad\u00e3o Soteropolitano, no<\/p>\n","protected":false},"author":4,"featured_media":13751,"comment_status":"open","ping_status":"open","sticky":false,"template":"","format":"standard","meta":{"colormag_page_container_layout":"default_layout","colormag_page_sidebar_layout":"default_layout","_FSMCFIC_featured_image_caption":"","_FSMCFIC_featured_image_nocaption":"","_FSMCFIC_featured_image_hide":"","footnotes":""},"categories":[5,1],"tags":[],"class_list":["post-13750","post","type-post","status-publish","format-standard","has-post-thumbnail","hentry","category-politica","category-ultimas"],"yoast_head":"<!-- This site is optimized with the Yoast SEO plugin v27.1.1 - https:\/\/yoast.com\/product\/yoast-seo-wordpress\/ -->\n<title>Kelsor Fernandes recebe t\u00edtulo de Cidad\u00e3o de Salvador, nesta quarta-feira (24\/04) - Brasil not\u00edcias<\/title>\n<meta name=\"robots\" content=\"index, follow, max-snippet:-1, max-image-preview:large, max-video-preview:-1\" \/>\n<link rel=\"canonical\" href=\"https:\/\/brasilnoticias.org\/site\/kelsor-fernandes-recebe-titulo-de-cidadao-de-salvador-nesta-quarta-feira-24-04\/\" \/>\n<meta property=\"og:locale\" content=\"pt_PT\" \/>\n<meta property=\"og:type\" content=\"article\" \/>\n<meta property=\"og:title\" content=\"Kelsor Fernandes recebe t\u00edtulo de Cidad\u00e3o de Salvador, nesta quarta-feira (24\/04) - Brasil not\u00edcias\" \/>\n<meta property=\"og:description\" content=\"Kelsor Gon\u00e7alves Fernandes, presidente do Sistema Com\u00e9rcio -Fecom\u00e9rcio, Sesc, Senac-, recebe nesta quarta-feira, 23\/04, o T\u00edtulo de Cidad\u00e3o Soteropolitano, no\" \/>\n<meta property=\"og:url\" content=\"https:\/\/brasilnoticias.org\/site\/kelsor-fernandes-recebe-titulo-de-cidadao-de-salvador-nesta-quarta-feira-24-04\/\" \/>\n<meta property=\"og:site_name\" content=\"Brasil not\u00edcias\" \/>\n<meta property=\"article:published_time\" content=\"2024-04-23T17:38:59+00:00\" \/>\n<meta property=\"og:image\" content=\"https:\/\/brasilnoticias.org\/site\/wp-content\/uploads\/2024\/04\/5ac48bc0-fa47-4502-9000-6f9dcfd3f0c7.jpg\" \/>\n\t<meta property=\"og:image:width\" content=\"1600\" \/>\n\t<meta property=\"og:image:height\" content=\"1066\" \/>\n\t<meta property=\"og:image:type\" content=\"image\/jpeg\" \/>\n<meta name=\"author\" content=\"Reda\u00e7\u00e3o\" \/>\n<meta name=\"twitter:card\" content=\"summary_large_image\" \/>\n<meta name=\"twitter:label1\" content=\"Escrito por\" \/>\n\t<meta name=\"twitter:data1\" content=\"Reda\u00e7\u00e3o\" \/>\n\t<meta name=\"twitter:label2\" content=\"Tempo estimado de leitura\" \/>\n\t<meta name=\"twitter:data2\" content=\"1 minuto\" \/>\n<script type=\"application\/ld+json\" class=\"yoast-schema-graph\">{\"@context\":\"https:\/\/schema.org\",\"@graph\":[{\"@type\":\"Article\",\"@id\":\"https:\/\/brasilnoticias.org\/site\/kelsor-fernandes-recebe-titulo-de-cidadao-de-salvador-nesta-quarta-feira-24-04\/#article\",\"isPartOf\":{\"@id\":\"https:\/\/brasilnoticias.org\/site\/kelsor-fernandes-recebe-titulo-de-cidadao-de-salvador-nesta-quarta-feira-24-04\/\"},\"author\":{\"name\":\"Reda\u00e7\u00e3o\",\"@id\":\"https:\/\/brasilnoticias.org\/site\/#\/schema\/person\/03bbbfe6c7634ad18c26444ea39049fa\"},\"headline\":\"Kelsor Fernandes recebe t\u00edtulo de Cidad\u00e3o de Salvador, nesta quarta-feira (24\/04)\",\"datePublished\":\"2024-04-23T17:38:59+00:00\",\"mainEntityOfPage\":{\"@id\":\"https:\/\/brasilnoticias.org\/site\/kelsor-fernandes-recebe-titulo-de-cidadao-de-salvador-nesta-quarta-feira-24-04\/\"},\"wordCount\":274,\"commentCount\":0,\"publisher\":{\"@id\":\"https:\/\/brasilnoticias.org\/site\/#organization\"},\"image\":{\"@id\":\"https:\/\/brasilnoticias.org\/site\/kelsor-fernandes-recebe-titulo-de-cidadao-de-salvador-nesta-quarta-feira-24-04\/#primaryimage\"},\"thumbnailUrl\":\"https:\/\/brasilnoticias.org\/site\/wp-content\/uploads\/2024\/04\/5ac48bc0-fa47-4502-9000-6f9dcfd3f0c7.jpg\",\"articleSection\":[\"Pol\u00edtica\",\"\u00daltimas\"],\"inLanguage\":\"pt-PT\",\"potentialAction\":[{\"@type\":\"CommentAction\",\"name\":\"Comment\",\"target\":[\"https:\/\/brasilnoticias.org\/site\/kelsor-fernandes-recebe-titulo-de-cidadao-de-salvador-nesta-quarta-feira-24-04\/#respond\"]}]},{\"@type\":\"WebPage\",\"@id\":\"https:\/\/brasilnoticias.org\/site\/kelsor-fernandes-recebe-titulo-de-cidadao-de-salvador-nesta-quarta-feira-24-04\/\",\"url\":\"https:\/\/brasilnoticias.org\/site\/kelsor-fernandes-recebe-titulo-de-cidadao-de-salvador-nesta-quarta-feira-24-04\/\",\"name\":\"Kelsor Fernandes recebe t\u00edtulo de Cidad\u00e3o de Salvador, nesta quarta-feira (24\/04) - Brasil not\u00edcias\",\"isPartOf\":{\"@id\":\"https:\/\/brasilnoticias.org\/site\/#website\"},\"primaryImageOfPage\":{\"@id\":\"https:\/\/brasilnoticias.org\/site\/kelsor-fernandes-recebe-titulo-de-cidadao-de-salvador-nesta-quarta-feira-24-04\/#primaryimage\"},\"image\":{\"@id\":\"https:\/\/brasilnoticias.org\/site\/kelsor-fernandes-recebe-titulo-de-cidadao-de-salvador-nesta-quarta-feira-24-04\/#primaryimage\"},\"thumbnailUrl\":\"https:\/\/brasilnoticias.org\/site\/wp-content\/uploads\/2024\/04\/5ac48bc0-fa47-4502-9000-6f9dcfd3f0c7.jpg\",\"datePublished\":\"2024-04-23T17:38:59+00:00\",\"breadcrumb\":{\"@id\":\"https:\/\/brasilnoticias.org\/site\/kelsor-fernandes-recebe-titulo-de-cidadao-de-salvador-nesta-quarta-feira-24-04\/#breadcrumb\"},\"inLanguage\":\"pt-PT\",\"potentialAction\":[{\"@type\":\"ReadAction\",\"target\":[\"https:\/\/brasilnoticias.org\/site\/kelsor-fernandes-recebe-titulo-de-cidadao-de-salvador-nesta-quarta-feira-24-04\/\"]}]},{\"@type\":\"ImageObject\",\"inLanguage\":\"pt-PT\",\"@id\":\"https:\/\/brasilnoticias.org\/site\/kelsor-fernandes-recebe-titulo-de-cidadao-de-salvador-nesta-quarta-feira-24-04\/#primaryimage\",\"url\":\"https:\/\/brasilnoticias.org\/site\/wp-content\/uploads\/2024\/04\/5ac48bc0-fa47-4502-9000-6f9dcfd3f0c7.jpg\",\"contentUrl\":\"https:\/\/brasilnoticias.org\/site\/wp-content\/uploads\/2024\/04\/5ac48bc0-fa47-4502-9000-6f9dcfd3f0c7.jpg\",\"width\":1600,\"height\":1066},{\"@type\":\"BreadcrumbList\",\"@id\":\"https:\/\/brasilnoticias.org\/site\/kelsor-fernandes-recebe-titulo-de-cidadao-de-salvador-nesta-quarta-feira-24-04\/#breadcrumb\",\"itemListElement\":[{\"@type\":\"ListItem\",\"position\":1,\"name\":\"In\u00edcio\",\"item\":\"https:\/\/brasilnoticias.org\/site\/\"},{\"@type\":\"ListItem\",\"position\":2,\"name\":\"Kelsor Fernandes recebe t\u00edtulo de Cidad\u00e3o de Salvador, nesta quarta-feira (24\/04)\"}]},{\"@type\":\"WebSite\",\"@id\":\"https:\/\/brasilnoticias.org\/site\/#website\",\"url\":\"https:\/\/brasilnoticias.org\/site\/\",\"name\":\"Brasil not\u00edcias\",\"description\":\"Brasil not\u00edcias\",\"publisher\":{\"@id\":\"https:\/\/brasilnoticias.org\/site\/#organization\"},\"potentialAction\":[{\"@type\":\"SearchAction\",\"target\":{\"@type\":\"EntryPoint\",\"urlTemplate\":\"https:\/\/brasilnoticias.org\/site\/?s={search_term_string}\"},\"query-input\":{\"@type\":\"PropertyValueSpecification\",\"valueRequired\":true,\"valueName\":\"search_term_string\"}}],\"inLanguage\":\"pt-PT\"},{\"@type\":\"Organization\",\"@id\":\"https:\/\/brasilnoticias.org\/site\/#organization\",\"name\":\"Brasil not\u00edcias\",\"url\":\"https:\/\/brasilnoticias.org\/site\/\",\"logo\":{\"@type\":\"ImageObject\",\"inLanguage\":\"pt-PT\",\"@id\":\"https:\/\/brasilnoticias.org\/site\/#\/schema\/logo\/image\/\",\"url\":\"https:\/\/brasilnoticias.org\/site\/wp-content\/uploads\/2022\/05\/cropped-brasilnoticias-mini.jpg\",\"contentUrl\":\"https:\/\/brasilnoticias.org\/site\/wp-content\/uploads\/2022\/05\/cropped-brasilnoticias-mini.jpg\",\"width\":314,\"height\":86,\"caption\":\"Brasil not\u00edcias\"},\"image\":{\"@id\":\"https:\/\/brasilnoticias.org\/site\/#\/schema\/logo\/image\/\"}},{\"@type\":\"Person\",\"@id\":\"https:\/\/brasilnoticias.org\/site\/#\/schema\/person\/03bbbfe6c7634ad18c26444ea39049fa\",\"name\":\"Reda\u00e7\u00e3o\",\"image\":{\"@type\":\"ImageObject\",\"inLanguage\":\"pt-PT\",\"@id\":\"https:\/\/brasilnoticias.org\/site\/#\/schema\/person\/image\/\",\"url\":\"https:\/\/secure.gravatar.com\/avatar\/9ecaf7327a696cb23ad926fedded5f1f04d7049de9e445375d55b48c001a6e42?s=96&d=mm&r=g\",\"contentUrl\":\"https:\/\/secure.gravatar.com\/avatar\/9ecaf7327a696cb23ad926fedded5f1f04d7049de9e445375d55b48c001a6e42?s=96&d=mm&r=g\",\"caption\":\"Reda\u00e7\u00e3o\"},\"url\":\"https:\/\/brasilnoticias.org\/site\/author\/henrique\/\"}]}<\/script>\n<!-- \/ Yoast SEO plugin. -->","yoast_head_json":{"title":"Kelsor Fernandes recebe t\u00edtulo de Cidad\u00e3o de Salvador, nesta quarta-feira (24\/04) - Brasil not\u00edcias","robots":{"index":"index","follow":"follow","max-snippet":"max-snippet:-1","max-image-preview":"max-image-preview:large","max-video-preview":"max-video-preview:-1"},"canonical":"https:\/\/brasilnoticias.org\/site\/kelsor-fernandes-recebe-titulo-de-cidadao-de-salvador-nesta-quarta-feira-24-04\/","og_locale":"pt_PT","og_type":"article","og_title":"Kelsor Fernandes recebe t\u00edtulo de Cidad\u00e3o de Salvador, nesta quarta-feira (24\/04) - Brasil not\u00edcias","og_description":"Kelsor Gon\u00e7alves Fernandes, presidente do Sistema Com\u00e9rcio -Fecom\u00e9rcio, Sesc, Senac-, recebe nesta quarta-feira, 23\/04, o T\u00edtulo de Cidad\u00e3o Soteropolitano, no","og_url":"https:\/\/brasilnoticias.org\/site\/kelsor-fernandes-recebe-titulo-de-cidadao-de-salvador-nesta-quarta-feira-24-04\/","og_site_name":"Brasil not\u00edcias","article_published_time":"2024-04-23T17:38:59+00:00","og_image":[{"width":1600,"height":1066,"url":"https:\/\/brasilnoticias.org\/site\/wp-content\/uploads\/2024\/04\/5ac48bc0-fa47-4502-9000-6f9dcfd3f0c7.jpg","type":"image\/jpeg"}],"author":"Reda\u00e7\u00e3o","twitter_card":"summary_large_image","twitter_misc":{"Escrito por":"Reda\u00e7\u00e3o","Tempo estimado de leitura":"1 minuto"},"schema":{"@context":"https:\/\/schema.org","@graph":[{"@type":"Article","@id":"https:\/\/brasilnoticias.org\/site\/kelsor-fernandes-recebe-titulo-de-cidadao-de-salvador-nesta-quarta-feira-24-04\/#article","isPartOf":{"@id":"https:\/\/brasilnoticias.org\/site\/kelsor-fernandes-recebe-titulo-de-cidadao-de-salvador-nesta-quarta-feira-24-04\/"},"author":{"name":"Reda\u00e7\u00e3o","@id":"https:\/\/brasilnoticias.org\/site\/#\/schema\/person\/03bbbfe6c7634ad18c26444ea39049fa"},"headline":"Kelsor Fernandes recebe t\u00edtulo de Cidad\u00e3o de Salvador, nesta quarta-feira (24\/04)","datePublished":"2024-04-23T17:38:59+00:00","mainEntityOfPage":{"@id":"https:\/\/brasilnoticias.org\/site\/kelsor-fernandes-recebe-titulo-de-cidadao-de-salvador-nesta-quarta-feira-24-04\/"},"wordCount":274,"commentCount":0,"publisher":{"@id":"https:\/\/brasilnoticias.org\/site\/#organization"},"image":{"@id":"https:\/\/brasilnoticias.org\/site\/kelsor-fernandes-recebe-titulo-de-cidadao-de-salvador-nesta-quarta-feira-24-04\/#primaryimage"},"thumbnailUrl":"https:\/\/brasilnoticias.org\/site\/wp-content\/uploads\/2024\/04\/5ac48bc0-fa47-4502-9000-6f9dcfd3f0c7.jpg","articleSection":["Pol\u00edtica","\u00daltimas"],"inLanguage":"pt-PT","potentialAction":[{"@type":"CommentAction","name":"Comment","target":["https:\/\/brasilnoticias.org\/site\/kelsor-fernandes-recebe-titulo-de-cidadao-de-salvador-nesta-quarta-feira-24-04\/#respond"]}]},{"@type":"WebPage","@id":"https:\/\/brasilnoticias.org\/site\/kelsor-fernandes-recebe-titulo-de-cidadao-de-salvador-nesta-quarta-feira-24-04\/","url":"https:\/\/brasilnoticias.org\/site\/kelsor-fernandes-recebe-titulo-de-cidadao-de-salvador-nesta-quarta-feira-24-04\/","name":"Kelsor Fernandes recebe t\u00edtulo de Cidad\u00e3o de Salvador, nesta quarta-feira (24\/04) - Brasil not\u00edcias","isPartOf":{"@id":"https:\/\/brasilnoticias.org\/site\/#website"},"primaryImageOfPage":{"@id":"https:\/\/brasilnoticias.org\/site\/kelsor-fernandes-recebe-titulo-de-cidadao-de-salvador-nesta-quarta-feira-24-04\/#primaryimage"},"image":{"@id":"https:\/\/brasilnoticias.org\/site\/kelsor-fernandes-recebe-titulo-de-cidadao-de-salvador-nesta-quarta-feira-24-04\/#primaryimage"},"thumbnailUrl":"https:\/\/brasilnoticias.org\/site\/wp-content\/uploads\/2024\/04\/5ac48bc0-fa47-4502-9000-6f9dcfd3f0c7.jpg","datePublished":"2024-04-23T17:38:59+00:00","breadcrumb":{"@id":"https:\/\/brasilnoticias.org\/site\/kelsor-fernandes-recebe-titulo-de-cidadao-de-salvador-nesta-quarta-feira-24-04\/#breadcrumb"},"inLanguage":"pt-PT","potentialAction":[{"@type":"ReadAction","target":["https:\/\/brasilnoticias.org\/site\/kelsor-fernandes-recebe-titulo-de-cidadao-de-salvador-nesta-quarta-feira-24-04\/"]}]},{"@type":"ImageObject","inLanguage":"pt-PT","@id":"https:\/\/brasilnoticias.org\/site\/kelsor-fernandes-recebe-titulo-de-cidadao-de-salvador-nesta-quarta-feira-24-04\/#primaryimage","url":"https:\/\/brasilnoticias.org\/site\/wp-content\/uploads\/2024\/04\/5ac48bc0-fa47-4502-9000-6f9dcfd3f0c7.jpg","contentUrl":"https:\/\/brasilnoticias.org\/site\/wp-content\/uploads\/2024\/04\/5ac48bc0-fa47-4502-9000-6f9dcfd3f0c7.jpg","width":1600,"height":1066},{"@type":"BreadcrumbList","@id":"https:\/\/brasilnoticias.org\/site\/kelsor-fernandes-recebe-titulo-de-cidadao-de-salvador-nesta-quarta-feira-24-04\/#breadcrumb","itemListElement":[{"@type":"ListItem","position":1,"name":"In\u00edcio","item":"https:\/\/brasilnoticias.org\/site\/"},{"@type":"ListItem","position":2,"name":"Kelsor Fernandes recebe t\u00edtulo de Cidad\u00e3o de Salvador, nesta quarta-feira (24\/04)"}]},{"@type":"WebSite","@id":"https:\/\/brasilnoticias.org\/site\/#website","url":"https:\/\/brasilnoticias.org\/site\/","name":"Brasil not\u00edcias","description":"Brasil not\u00edcias","publisher":{"@id":"https:\/\/brasilnoticias.org\/site\/#organization"},"potentialAction":[{"@type":"SearchAction","target":{"@type":"EntryPoint","urlTemplate":"https:\/\/brasilnoticias.org\/site\/?s={search_term_string}"},"query-input":{"@type":"PropertyValueSpecification","valueRequired":true,"valueName":"search_term_string"}}],"inLanguage":"pt-PT"},{"@type":"Organization","@id":"https:\/\/brasilnoticias.org\/site\/#organization","name":"Brasil not\u00edcias","url":"https:\/\/brasilnoticias.org\/site\/","logo":{"@type":"ImageObject","inLanguage":"pt-PT","@id":"https:\/\/brasilnoticias.org\/site\/#\/schema\/logo\/image\/","url":"https:\/\/brasilnoticias.org\/site\/wp-content\/uploads\/2022\/05\/cropped-brasilnoticias-mini.jpg","contentUrl":"https:\/\/brasilnoticias.org\/site\/wp-content\/uploads\/2022\/05\/cropped-brasilnoticias-mini.jpg","width":314,"height":86,"caption":"Brasil not\u00edcias"},"image":{"@id":"https:\/\/brasilnoticias.org\/site\/#\/schema\/logo\/image\/"}},{"@type":"Person","@id":"https:\/\/brasilnoticias.org\/site\/#\/schema\/person\/03bbbfe6c7634ad18c26444ea39049fa","name":"Reda\u00e7\u00e3o","image":{"@type":"ImageObject","inLanguage":"pt-PT","@id":"https:\/\/brasilnoticias.org\/site\/#\/schema\/person\/image\/","url":"https:\/\/secure.gravatar.com\/avatar\/9ecaf7327a696cb23ad926fedded5f1f04d7049de9e445375d55b48c001a6e42?s=96&d=mm&r=g","contentUrl":"https:\/\/secure.gravatar.com\/avatar\/9ecaf7327a696cb23ad926fedded5f1f04d7049de9e445375d55b48c001a6e42?s=96&d=mm&r=g","caption":"Reda\u00e7\u00e3o"},"url":"https:\/\/brasilnoticias.org\/site\/author\/henrique\/"}]}},"_links":{"self":[{"href":"https:\/\/brasilnoticias.org\/site\/wp-json\/wp\/v2\/posts\/13750","targetHints":{"allow":["GET"]}}],"collection":[{"href":"https:\/\/brasilnoticias.org\/site\/wp-json\/wp\/v2\/posts"}],"about":[{"href":"https:\/\/brasilnoticias.org\/site\/wp-json\/wp\/v2\/types\/post"}],"author":[{"embeddable":true,"href":"https:\/\/brasilnoticias.org\/site\/wp-json\/wp\/v2\/users\/4"}],"replies":[{"embeddable":true,"href":"https:\/\/brasilnoticias.org\/site\/wp-json\/wp\/v2\/comments?post=13750"}],"version-history":[{"count":1,"href":"https:\/\/brasilnoticias.org\/site\/wp-json\/wp\/v2\/posts\/13750\/revisions"}],"predecessor-version":[{"id":13752,"href":"https:\/\/brasilnoticias.org\/site\/wp-json\/wp\/v2\/posts\/13750\/revisions\/13752"}],"wp:featuredmedia":[{"embeddable":true,"href":"https:\/\/brasilnoticias.org\/site\/wp-json\/wp\/v2\/media\/13751"}],"wp:attachment":[{"href":"https:\/\/brasilnoticias.org\/site\/wp-json\/wp\/v2\/media?parent=13750"}],"wp:term":[{"taxonomy":"category","embeddable":true,"href":"https:\/\/brasilnoticias.org\/site\/wp-json\/wp\/v2\/categories?post=13750"},{"taxonomy":"post_tag","embeddable":true,"href":"https:\/\/brasilnoticias.org\/site\/wp-json\/wp\/v2\/tags?post=13750"}],"curies":[{"name":"wp","href":"https:\/\/api.w.org\/{rel}","templated":true}]}}