{"id":13756,"date":"2024-04-23T17:24:14","date_gmt":"2024-04-23T20:24:14","guid":{"rendered":"https:\/\/brasilnoticias.org\/site\/?p=13756"},"modified":"2024-04-23T17:24:14","modified_gmt":"2024-04-23T20:24:14","slug":"barroso-diz-que-guerra-as-drogas-fracassou-e-defende-a-legalizacao-de-drogas-leves","status":"publish","type":"post","link":"https:\/\/brasilnoticias.org\/site\/barroso-diz-que-guerra-as-drogas-fracassou-e-defende-a-legalizacao-de-drogas-leves\/","title":{"rendered":"Barroso diz que guerra \u00e0s drogas fracassou e defende a legaliza\u00e7\u00e3o de drogas leves"},"content":{"rendered":"<p>A declara\u00e7\u00e3o foi feita em palestra na Fiesp (Federa\u00e7\u00e3o das Ind\u00fastrias do Estado de S\u00e3o Paulo), nesta segunda-feira (22)<\/p>\n<p>O presidente do STF (Supremo Tribunal Federal), Lu\u00eds Roberto Barroso, afirmou nesta segunda-feira (22) que a legaliza\u00e7\u00e3o das drogas leves \u00e9 uma tend\u00eancia mundial. Segundo Barroso, h\u00e1 a  constata\u00e7\u00e3o de que a guerra contra as drogas fracassou e o modelo repressivo n\u00e3o conseguiu diminuir o poder do tr\u00e1fico nem o consumo. A declara\u00e7\u00e3o foi feita em palestra na Fiesp (Federa\u00e7\u00e3o das Ind\u00fastrias do Estado de S\u00e3o Paulo).<\/p>\n<p>\u201cA discuss\u00e3o que est\u00e1 no Supremo \u00e9 a quantidade. A legisla\u00e7\u00e3o brasileira n\u00e3o pune com pris\u00e3o o usu\u00e1rio de drogas, o que faz muito bem, porque punir o usu\u00e1rio \u00e9 um equ\u00edvoco completo. Coloc\u00e1-lo na cadeia \u00e9 colocar mais um agente para o crime organizado. Nada, na minha vis\u00e3o, justificaria a pris\u00e3o pelo porte pessoal para consumo\u201d, disse.<\/p>\n<p>Durante o discurso, o ministro tamb\u00e9m apontou que a pol\u00edcia costuma utilizar crit\u00e9rios discrepantes para definir quem \u00e9 usu\u00e1rio ou traficante. \u201cA mesma quantidade \u00e9 tratada com pesos diferentes pela pol\u00edcia, e o que o Supremo est\u00e1 discutindo n\u00e3o \u00e9 descriminaliza\u00e7\u00e3o, n\u00e3o \u00e9 a n\u00e3o pris\u00e3o, porque isso j\u00e1 foi decidido. O que o Supremo est\u00e1 decidindo \u00e9 qual a quantidade que vai distinguir traficante de usu\u00e1rio para que essa escolha n\u00e3o seja feita pela pol\u00edcia por crit\u00e9rios discriminat\u00f3rios\u201d, declarou.<\/p>\n<p>O Senado aprovou na \u00faltima ter\u00e7a-feira (16) a proposta de emenda \u00e0 Constitui\u00e7\u00e3o (PEC) que criminaliza o porte e a posse de drogas, independentemente da quantidade. A proposta agora ainda precisa passar pela C\u00e2mara dos Deputados.<\/p>\n<p>Foto: Nelson Jr.\/SCO\/STF<br \/>\nPor: Metro1<\/p>\n","protected":false},"excerpt":{"rendered":"<p>A declara\u00e7\u00e3o foi feita em palestra na Fiesp (Federa\u00e7\u00e3o das Ind\u00fastrias do Estado de S\u00e3o Paulo), nesta segunda-feira (22) O<\/p>\n","protected":false},"author":4,"featured_media":13757,"comment_status":"open","ping_status":"open","sticky":false,"template":"","format":"standard","meta":{"colormag_page_container_layout":"default_layout","colormag_page_sidebar_layout":"default_layout","_FSMCFIC_featured_image_caption":"","_FSMCFIC_featured_image_nocaption":"","_FSMCFIC_featured_image_hide":"","footnotes":""},"categories":[7,1],"tags":[],"class_list":["post-13756","post","type-post","status-publish","format-standard","has-post-thumbnail","hentry","category-justica","category-ultimas"],"yoast_head":"<!-- This site is optimized with the Yoast SEO plugin v27.1.1 - https:\/\/yoast.com\/product\/yoast-seo-wordpress\/ -->\n<title>Barroso diz que guerra \u00e0s drogas fracassou e defende a legaliza\u00e7\u00e3o de drogas leves - Brasil not\u00edcias<\/title>\n<meta name=\"robots\" content=\"index, follow, max-snippet:-1, max-image-preview:large, max-video-preview:-1\" \/>\n<link rel=\"canonical\" href=\"https:\/\/brasilnoticias.org\/site\/barroso-diz-que-guerra-as-drogas-fracassou-e-defende-a-legalizacao-de-drogas-leves\/\" \/>\n<meta property=\"og:locale\" content=\"pt_PT\" \/>\n<meta property=\"og:type\" content=\"article\" \/>\n<meta property=\"og:title\" content=\"Barroso diz que guerra \u00e0s drogas fracassou e defende a legaliza\u00e7\u00e3o de drogas leves - Brasil not\u00edcias\" \/>\n<meta property=\"og:description\" content=\"A declara\u00e7\u00e3o foi feita em palestra na Fiesp (Federa\u00e7\u00e3o das Ind\u00fastrias do Estado de S\u00e3o Paulo), nesta segunda-feira (22) O\" \/>\n<meta property=\"og:url\" content=\"https:\/\/brasilnoticias.org\/site\/barroso-diz-que-guerra-as-drogas-fracassou-e-defende-a-legalizacao-de-drogas-leves\/\" \/>\n<meta property=\"og:site_name\" content=\"Brasil not\u00edcias\" \/>\n<meta property=\"article:published_time\" content=\"2024-04-23T20:24:14+00:00\" \/>\n<meta property=\"og:image\" content=\"https:\/\/brasilnoticias.org\/site\/wp-content\/uploads\/2024\/04\/149126barroso-diz-que-guerra-as-drogas-fracassou-e-defende-a-legalizacao-de-drogas-leves-3.jpg\" \/>\n\t<meta property=\"og:image:width\" content=\"1600\" \/>\n\t<meta property=\"og:image:height\" content=\"752\" \/>\n\t<meta property=\"og:image:type\" content=\"image\/jpeg\" \/>\n<meta name=\"author\" content=\"Reda\u00e7\u00e3o\" \/>\n<meta name=\"twitter:card\" content=\"summary_large_image\" \/>\n<meta name=\"twitter:label1\" content=\"Escrito por\" \/>\n\t<meta name=\"twitter:data1\" content=\"Reda\u00e7\u00e3o\" \/>\n\t<meta name=\"twitter:label2\" content=\"Tempo estimado de leitura\" \/>\n\t<meta name=\"twitter:data2\" content=\"1 minuto\" \/>\n<script type=\"application\/ld+json\" class=\"yoast-schema-graph\">{\"@context\":\"https:\/\/schema.org\",\"@graph\":[{\"@type\":\"Article\",\"@id\":\"https:\/\/brasilnoticias.org\/site\/barroso-diz-que-guerra-as-drogas-fracassou-e-defende-a-legalizacao-de-drogas-leves\/#article\",\"isPartOf\":{\"@id\":\"https:\/\/brasilnoticias.org\/site\/barroso-diz-que-guerra-as-drogas-fracassou-e-defende-a-legalizacao-de-drogas-leves\/\"},\"author\":{\"name\":\"Reda\u00e7\u00e3o\",\"@id\":\"https:\/\/brasilnoticias.org\/site\/#\/schema\/person\/03bbbfe6c7634ad18c26444ea39049fa\"},\"headline\":\"Barroso diz que guerra \u00e0s drogas fracassou e defende a legaliza\u00e7\u00e3o de drogas leves\",\"datePublished\":\"2024-04-23T20:24:14+00:00\",\"mainEntityOfPage\":{\"@id\":\"https:\/\/brasilnoticias.org\/site\/barroso-diz-que-guerra-as-drogas-fracassou-e-defende-a-legalizacao-de-drogas-leves\/\"},\"wordCount\":311,\"commentCount\":0,\"publisher\":{\"@id\":\"https:\/\/brasilnoticias.org\/site\/#organization\"},\"image\":{\"@id\":\"https:\/\/brasilnoticias.org\/site\/barroso-diz-que-guerra-as-drogas-fracassou-e-defende-a-legalizacao-de-drogas-leves\/#primaryimage\"},\"thumbnailUrl\":\"https:\/\/brasilnoticias.org\/site\/wp-content\/uploads\/2024\/04\/149126barroso-diz-que-guerra-as-drogas-fracassou-e-defende-a-legalizacao-de-drogas-leves-3.jpg\",\"articleSection\":[\"Justi\u00e7a\",\"\u00daltimas\"],\"inLanguage\":\"pt-PT\",\"potentialAction\":[{\"@type\":\"CommentAction\",\"name\":\"Comment\",\"target\":[\"https:\/\/brasilnoticias.org\/site\/barroso-diz-que-guerra-as-drogas-fracassou-e-defende-a-legalizacao-de-drogas-leves\/#respond\"]}]},{\"@type\":\"WebPage\",\"@id\":\"https:\/\/brasilnoticias.org\/site\/barroso-diz-que-guerra-as-drogas-fracassou-e-defende-a-legalizacao-de-drogas-leves\/\",\"url\":\"https:\/\/brasilnoticias.org\/site\/barroso-diz-que-guerra-as-drogas-fracassou-e-defende-a-legalizacao-de-drogas-leves\/\",\"name\":\"Barroso diz que guerra \u00e0s drogas fracassou e defende a legaliza\u00e7\u00e3o de drogas leves - Brasil not\u00edcias\",\"isPartOf\":{\"@id\":\"https:\/\/brasilnoticias.org\/site\/#website\"},\"primaryImageOfPage\":{\"@id\":\"https:\/\/brasilnoticias.org\/site\/barroso-diz-que-guerra-as-drogas-fracassou-e-defende-a-legalizacao-de-drogas-leves\/#primaryimage\"},\"image\":{\"@id\":\"https:\/\/brasilnoticias.org\/site\/barroso-diz-que-guerra-as-drogas-fracassou-e-defende-a-legalizacao-de-drogas-leves\/#primaryimage\"},\"thumbnailUrl\":\"https:\/\/brasilnoticias.org\/site\/wp-content\/uploads\/2024\/04\/149126barroso-diz-que-guerra-as-drogas-fracassou-e-defende-a-legalizacao-de-drogas-leves-3.jpg\",\"datePublished\":\"2024-04-23T20:24:14+00:00\",\"breadcrumb\":{\"@id\":\"https:\/\/brasilnoticias.org\/site\/barroso-diz-que-guerra-as-drogas-fracassou-e-defende-a-legalizacao-de-drogas-leves\/#breadcrumb\"},\"inLanguage\":\"pt-PT\",\"potentialAction\":[{\"@type\":\"ReadAction\",\"target\":[\"https:\/\/brasilnoticias.org\/site\/barroso-diz-que-guerra-as-drogas-fracassou-e-defende-a-legalizacao-de-drogas-leves\/\"]}]},{\"@type\":\"ImageObject\",\"inLanguage\":\"pt-PT\",\"@id\":\"https:\/\/brasilnoticias.org\/site\/barroso-diz-que-guerra-as-drogas-fracassou-e-defende-a-legalizacao-de-drogas-leves\/#primaryimage\",\"url\":\"https:\/\/brasilnoticias.org\/site\/wp-content\/uploads\/2024\/04\/149126barroso-diz-que-guerra-as-drogas-fracassou-e-defende-a-legalizacao-de-drogas-leves-3.jpg\",\"contentUrl\":\"https:\/\/brasilnoticias.org\/site\/wp-content\/uploads\/2024\/04\/149126barroso-diz-que-guerra-as-drogas-fracassou-e-defende-a-legalizacao-de-drogas-leves-3.jpg\",\"width\":1600,\"height\":752},{\"@type\":\"BreadcrumbList\",\"@id\":\"https:\/\/brasilnoticias.org\/site\/barroso-diz-que-guerra-as-drogas-fracassou-e-defende-a-legalizacao-de-drogas-leves\/#breadcrumb\",\"itemListElement\":[{\"@type\":\"ListItem\",\"position\":1,\"name\":\"In\u00edcio\",\"item\":\"https:\/\/brasilnoticias.org\/site\/\"},{\"@type\":\"ListItem\",\"position\":2,\"name\":\"Barroso diz que guerra \u00e0s drogas fracassou e defende a legaliza\u00e7\u00e3o de drogas leves\"}]},{\"@type\":\"WebSite\",\"@id\":\"https:\/\/brasilnoticias.org\/site\/#website\",\"url\":\"https:\/\/brasilnoticias.org\/site\/\",\"name\":\"Brasil not\u00edcias\",\"description\":\"Brasil not\u00edcias\",\"publisher\":{\"@id\":\"https:\/\/brasilnoticias.org\/site\/#organization\"},\"potentialAction\":[{\"@type\":\"SearchAction\",\"target\":{\"@type\":\"EntryPoint\",\"urlTemplate\":\"https:\/\/brasilnoticias.org\/site\/?s={search_term_string}\"},\"query-input\":{\"@type\":\"PropertyValueSpecification\",\"valueRequired\":true,\"valueName\":\"search_term_string\"}}],\"inLanguage\":\"pt-PT\"},{\"@type\":\"Organization\",\"@id\":\"https:\/\/brasilnoticias.org\/site\/#organization\",\"name\":\"Brasil not\u00edcias\",\"url\":\"https:\/\/brasilnoticias.org\/site\/\",\"logo\":{\"@type\":\"ImageObject\",\"inLanguage\":\"pt-PT\",\"@id\":\"https:\/\/brasilnoticias.org\/site\/#\/schema\/logo\/image\/\",\"url\":\"https:\/\/brasilnoticias.org\/site\/wp-content\/uploads\/2022\/05\/cropped-brasilnoticias-mini.jpg\",\"contentUrl\":\"https:\/\/brasilnoticias.org\/site\/wp-content\/uploads\/2022\/05\/cropped-brasilnoticias-mini.jpg\",\"width\":314,\"height\":86,\"caption\":\"Brasil not\u00edcias\"},\"image\":{\"@id\":\"https:\/\/brasilnoticias.org\/site\/#\/schema\/logo\/image\/\"}},{\"@type\":\"Person\",\"@id\":\"https:\/\/brasilnoticias.org\/site\/#\/schema\/person\/03bbbfe6c7634ad18c26444ea39049fa\",\"name\":\"Reda\u00e7\u00e3o\",\"image\":{\"@type\":\"ImageObject\",\"inLanguage\":\"pt-PT\",\"@id\":\"https:\/\/brasilnoticias.org\/site\/#\/schema\/person\/image\/\",\"url\":\"https:\/\/secure.gravatar.com\/avatar\/9ecaf7327a696cb23ad926fedded5f1f04d7049de9e445375d55b48c001a6e42?s=96&d=mm&r=g\",\"contentUrl\":\"https:\/\/secure.gravatar.com\/avatar\/9ecaf7327a696cb23ad926fedded5f1f04d7049de9e445375d55b48c001a6e42?s=96&d=mm&r=g\",\"caption\":\"Reda\u00e7\u00e3o\"},\"url\":\"https:\/\/brasilnoticias.org\/site\/author\/henrique\/\"}]}<\/script>\n<!-- \/ Yoast SEO plugin. -->","yoast_head_json":{"title":"Barroso diz que guerra \u00e0s drogas fracassou e defende a legaliza\u00e7\u00e3o de drogas leves - Brasil not\u00edcias","robots":{"index":"index","follow":"follow","max-snippet":"max-snippet:-1","max-image-preview":"max-image-preview:large","max-video-preview":"max-video-preview:-1"},"canonical":"https:\/\/brasilnoticias.org\/site\/barroso-diz-que-guerra-as-drogas-fracassou-e-defende-a-legalizacao-de-drogas-leves\/","og_locale":"pt_PT","og_type":"article","og_title":"Barroso diz que guerra \u00e0s drogas fracassou e defende a legaliza\u00e7\u00e3o de drogas leves - Brasil not\u00edcias","og_description":"A declara\u00e7\u00e3o foi feita em palestra na Fiesp (Federa\u00e7\u00e3o das Ind\u00fastrias do Estado de S\u00e3o Paulo), nesta segunda-feira (22) O","og_url":"https:\/\/brasilnoticias.org\/site\/barroso-diz-que-guerra-as-drogas-fracassou-e-defende-a-legalizacao-de-drogas-leves\/","og_site_name":"Brasil not\u00edcias","article_published_time":"2024-04-23T20:24:14+00:00","og_image":[{"width":1600,"height":752,"url":"https:\/\/brasilnoticias.org\/site\/wp-content\/uploads\/2024\/04\/149126barroso-diz-que-guerra-as-drogas-fracassou-e-defende-a-legalizacao-de-drogas-leves-3.jpg","type":"image\/jpeg"}],"author":"Reda\u00e7\u00e3o","twitter_card":"summary_large_image","twitter_misc":{"Escrito por":"Reda\u00e7\u00e3o","Tempo estimado de leitura":"1 minuto"},"schema":{"@context":"https:\/\/schema.org","@graph":[{"@type":"Article","@id":"https:\/\/brasilnoticias.org\/site\/barroso-diz-que-guerra-as-drogas-fracassou-e-defende-a-legalizacao-de-drogas-leves\/#article","isPartOf":{"@id":"https:\/\/brasilnoticias.org\/site\/barroso-diz-que-guerra-as-drogas-fracassou-e-defende-a-legalizacao-de-drogas-leves\/"},"author":{"name":"Reda\u00e7\u00e3o","@id":"https:\/\/brasilnoticias.org\/site\/#\/schema\/person\/03bbbfe6c7634ad18c26444ea39049fa"},"headline":"Barroso diz que guerra \u00e0s drogas fracassou e defende a legaliza\u00e7\u00e3o de drogas leves","datePublished":"2024-04-23T20:24:14+00:00","mainEntityOfPage":{"@id":"https:\/\/brasilnoticias.org\/site\/barroso-diz-que-guerra-as-drogas-fracassou-e-defende-a-legalizacao-de-drogas-leves\/"},"wordCount":311,"commentCount":0,"publisher":{"@id":"https:\/\/brasilnoticias.org\/site\/#organization"},"image":{"@id":"https:\/\/brasilnoticias.org\/site\/barroso-diz-que-guerra-as-drogas-fracassou-e-defende-a-legalizacao-de-drogas-leves\/#primaryimage"},"thumbnailUrl":"https:\/\/brasilnoticias.org\/site\/wp-content\/uploads\/2024\/04\/149126barroso-diz-que-guerra-as-drogas-fracassou-e-defende-a-legalizacao-de-drogas-leves-3.jpg","articleSection":["Justi\u00e7a","\u00daltimas"],"inLanguage":"pt-PT","potentialAction":[{"@type":"CommentAction","name":"Comment","target":["https:\/\/brasilnoticias.org\/site\/barroso-diz-que-guerra-as-drogas-fracassou-e-defende-a-legalizacao-de-drogas-leves\/#respond"]}]},{"@type":"WebPage","@id":"https:\/\/brasilnoticias.org\/site\/barroso-diz-que-guerra-as-drogas-fracassou-e-defende-a-legalizacao-de-drogas-leves\/","url":"https:\/\/brasilnoticias.org\/site\/barroso-diz-que-guerra-as-drogas-fracassou-e-defende-a-legalizacao-de-drogas-leves\/","name":"Barroso diz que guerra \u00e0s drogas fracassou e defende a legaliza\u00e7\u00e3o de drogas leves - Brasil not\u00edcias","isPartOf":{"@id":"https:\/\/brasilnoticias.org\/site\/#website"},"primaryImageOfPage":{"@id":"https:\/\/brasilnoticias.org\/site\/barroso-diz-que-guerra-as-drogas-fracassou-e-defende-a-legalizacao-de-drogas-leves\/#primaryimage"},"image":{"@id":"https:\/\/brasilnoticias.org\/site\/barroso-diz-que-guerra-as-drogas-fracassou-e-defende-a-legalizacao-de-drogas-leves\/#primaryimage"},"thumbnailUrl":"https:\/\/brasilnoticias.org\/site\/wp-content\/uploads\/2024\/04\/149126barroso-diz-que-guerra-as-drogas-fracassou-e-defende-a-legalizacao-de-drogas-leves-3.jpg","datePublished":"2024-04-23T20:24:14+00:00","breadcrumb":{"@id":"https:\/\/brasilnoticias.org\/site\/barroso-diz-que-guerra-as-drogas-fracassou-e-defende-a-legalizacao-de-drogas-leves\/#breadcrumb"},"inLanguage":"pt-PT","potentialAction":[{"@type":"ReadAction","target":["https:\/\/brasilnoticias.org\/site\/barroso-diz-que-guerra-as-drogas-fracassou-e-defende-a-legalizacao-de-drogas-leves\/"]}]},{"@type":"ImageObject","inLanguage":"pt-PT","@id":"https:\/\/brasilnoticias.org\/site\/barroso-diz-que-guerra-as-drogas-fracassou-e-defende-a-legalizacao-de-drogas-leves\/#primaryimage","url":"https:\/\/brasilnoticias.org\/site\/wp-content\/uploads\/2024\/04\/149126barroso-diz-que-guerra-as-drogas-fracassou-e-defende-a-legalizacao-de-drogas-leves-3.jpg","contentUrl":"https:\/\/brasilnoticias.org\/site\/wp-content\/uploads\/2024\/04\/149126barroso-diz-que-guerra-as-drogas-fracassou-e-defende-a-legalizacao-de-drogas-leves-3.jpg","width":1600,"height":752},{"@type":"BreadcrumbList","@id":"https:\/\/brasilnoticias.org\/site\/barroso-diz-que-guerra-as-drogas-fracassou-e-defende-a-legalizacao-de-drogas-leves\/#breadcrumb","itemListElement":[{"@type":"ListItem","position":1,"name":"In\u00edcio","item":"https:\/\/brasilnoticias.org\/site\/"},{"@type":"ListItem","position":2,"name":"Barroso diz que guerra \u00e0s drogas fracassou e defende a legaliza\u00e7\u00e3o de drogas leves"}]},{"@type":"WebSite","@id":"https:\/\/brasilnoticias.org\/site\/#website","url":"https:\/\/brasilnoticias.org\/site\/","name":"Brasil not\u00edcias","description":"Brasil not\u00edcias","publisher":{"@id":"https:\/\/brasilnoticias.org\/site\/#organization"},"potentialAction":[{"@type":"SearchAction","target":{"@type":"EntryPoint","urlTemplate":"https:\/\/brasilnoticias.org\/site\/?s={search_term_string}"},"query-input":{"@type":"PropertyValueSpecification","valueRequired":true,"valueName":"search_term_string"}}],"inLanguage":"pt-PT"},{"@type":"Organization","@id":"https:\/\/brasilnoticias.org\/site\/#organization","name":"Brasil not\u00edcias","url":"https:\/\/brasilnoticias.org\/site\/","logo":{"@type":"ImageObject","inLanguage":"pt-PT","@id":"https:\/\/brasilnoticias.org\/site\/#\/schema\/logo\/image\/","url":"https:\/\/brasilnoticias.org\/site\/wp-content\/uploads\/2022\/05\/cropped-brasilnoticias-mini.jpg","contentUrl":"https:\/\/brasilnoticias.org\/site\/wp-content\/uploads\/2022\/05\/cropped-brasilnoticias-mini.jpg","width":314,"height":86,"caption":"Brasil not\u00edcias"},"image":{"@id":"https:\/\/brasilnoticias.org\/site\/#\/schema\/logo\/image\/"}},{"@type":"Person","@id":"https:\/\/brasilnoticias.org\/site\/#\/schema\/person\/03bbbfe6c7634ad18c26444ea39049fa","name":"Reda\u00e7\u00e3o","image":{"@type":"ImageObject","inLanguage":"pt-PT","@id":"https:\/\/brasilnoticias.org\/site\/#\/schema\/person\/image\/","url":"https:\/\/secure.gravatar.com\/avatar\/9ecaf7327a696cb23ad926fedded5f1f04d7049de9e445375d55b48c001a6e42?s=96&d=mm&r=g","contentUrl":"https:\/\/secure.gravatar.com\/avatar\/9ecaf7327a696cb23ad926fedded5f1f04d7049de9e445375d55b48c001a6e42?s=96&d=mm&r=g","caption":"Reda\u00e7\u00e3o"},"url":"https:\/\/brasilnoticias.org\/site\/author\/henrique\/"}]}},"_links":{"self":[{"href":"https:\/\/brasilnoticias.org\/site\/wp-json\/wp\/v2\/posts\/13756","targetHints":{"allow":["GET"]}}],"collection":[{"href":"https:\/\/brasilnoticias.org\/site\/wp-json\/wp\/v2\/posts"}],"about":[{"href":"https:\/\/brasilnoticias.org\/site\/wp-json\/wp\/v2\/types\/post"}],"author":[{"embeddable":true,"href":"https:\/\/brasilnoticias.org\/site\/wp-json\/wp\/v2\/users\/4"}],"replies":[{"embeddable":true,"href":"https:\/\/brasilnoticias.org\/site\/wp-json\/wp\/v2\/comments?post=13756"}],"version-history":[{"count":1,"href":"https:\/\/brasilnoticias.org\/site\/wp-json\/wp\/v2\/posts\/13756\/revisions"}],"predecessor-version":[{"id":13758,"href":"https:\/\/brasilnoticias.org\/site\/wp-json\/wp\/v2\/posts\/13756\/revisions\/13758"}],"wp:featuredmedia":[{"embeddable":true,"href":"https:\/\/brasilnoticias.org\/site\/wp-json\/wp\/v2\/media\/13757"}],"wp:attachment":[{"href":"https:\/\/brasilnoticias.org\/site\/wp-json\/wp\/v2\/media?parent=13756"}],"wp:term":[{"taxonomy":"category","embeddable":true,"href":"https:\/\/brasilnoticias.org\/site\/wp-json\/wp\/v2\/categories?post=13756"},{"taxonomy":"post_tag","embeddable":true,"href":"https:\/\/brasilnoticias.org\/site\/wp-json\/wp\/v2\/tags?post=13756"}],"curies":[{"name":"wp","href":"https:\/\/api.w.org\/{rel}","templated":true}]}}