{"id":13768,"date":"2024-04-23T17:29:26","date_gmt":"2024-04-23T20:29:26","guid":{"rendered":"https:\/\/brasilnoticias.org\/site\/?p=13768"},"modified":"2024-04-23T17:29:26","modified_gmt":"2024-04-23T20:29:26","slug":"mulher-e-morta-a-facadas-em-feira-de-santana-filho-da-vitima-presenciou-o-crime","status":"publish","type":"post","link":"https:\/\/brasilnoticias.org\/site\/mulher-e-morta-a-facadas-em-feira-de-santana-filho-da-vitima-presenciou-o-crime\/","title":{"rendered":"Mulher \u00e9 morta a facadas em Feira de Santana; filho da v\u00edtima presenciou o crime"},"content":{"rendered":"<p>Assassinato foi presenciado pelo filho do casal na madrugada desta ter\u00e7a-feira (23)<\/p>\n<p>Uma mulher, identificada como Rafaela Ramos dos Santos, de 32 anos, foi morta a facadas na madrugada desta ter\u00e7a-feira (23\/4), no munic\u00edpio de Feira de Santana, a 100 km de Salvador. A suspeita da Pol\u00edcia Civil \u00e9 de que o ex-marido da v\u00edtima, que n\u00e3o teve o nome divulgado, seja o autor do crime.<\/p>\n<p>O corpo de Rafaela foi encontrado na casa onde ela morava, no bairro Campo do Gado Novo, com les\u00f5es causadas por uma faca do tipo peixeira, al\u00e9m de rastros de sangue pela sala e pela cozinha, e marcas de disparos de arma de fogo pr\u00f3ximo a um espelho. No local, a pol\u00edcia encontrou c\u00e1psulas, um proj\u00e9til de calibre 40 e a arma do crime.<\/p>\n<p>O assassinato da mulher foi presenciado por um dos filhos do casal, um garoto de 13 anos, que teve um ferimento na m\u00e3o e precisou ser levado para uma unidade de sa\u00fade do munic\u00edpio.<\/p>\n<p>Em nota, policiais militares da 66\u00aa CIPM informaram que a \u00e1rea foi isolada e que o Departamento de Pol\u00edcia T\u00e9cnica (DPT) foi acionado para a remo\u00e7\u00e3o do corpo e realiza\u00e7\u00e3o da per\u00edcia.<\/p>\n<p>Ap\u00f3s o crime, rondas foram realizadas a fim de localizar suspeitos, mas, at\u00e9 o momento, ningu\u00e9m foi preso.<\/p>\n<p>Foto: Ascom-PC<br \/>\nAratu On<\/p>\n","protected":false},"excerpt":{"rendered":"<p>Assassinato foi presenciado pelo filho do casal na madrugada desta ter\u00e7a-feira (23) Uma mulher, identificada como Rafaela Ramos dos Santos,<\/p>\n","protected":false},"author":4,"featured_media":13769,"comment_status":"open","ping_status":"open","sticky":false,"template":"","format":"standard","meta":{"colormag_page_container_layout":"default_layout","colormag_page_sidebar_layout":"default_layout","_FSMCFIC_featured_image_caption":"","_FSMCFIC_featured_image_nocaption":"","_FSMCFIC_featured_image_hide":"","footnotes":""},"categories":[3,1],"tags":[],"class_list":["post-13768","post","type-post","status-publish","format-standard","has-post-thumbnail","hentry","category-policia","category-ultimas"],"yoast_head":"<!-- This site is optimized with the Yoast SEO plugin v27.1.1 - https:\/\/yoast.com\/product\/yoast-seo-wordpress\/ -->\n<title>Mulher \u00e9 morta a facadas em Feira de Santana; filho da v\u00edtima presenciou o crime - Brasil not\u00edcias<\/title>\n<meta name=\"robots\" content=\"index, follow, max-snippet:-1, max-image-preview:large, max-video-preview:-1\" \/>\n<link rel=\"canonical\" href=\"https:\/\/brasilnoticias.org\/site\/mulher-e-morta-a-facadas-em-feira-de-santana-filho-da-vitima-presenciou-o-crime\/\" \/>\n<meta property=\"og:locale\" content=\"pt_PT\" \/>\n<meta property=\"og:type\" content=\"article\" \/>\n<meta property=\"og:title\" content=\"Mulher \u00e9 morta a facadas em Feira de Santana; filho da v\u00edtima presenciou o crime - Brasil not\u00edcias\" \/>\n<meta property=\"og:description\" content=\"Assassinato foi presenciado pelo filho do casal na madrugada desta ter\u00e7a-feira (23) Uma mulher, identificada como Rafaela Ramos dos Santos,\" \/>\n<meta property=\"og:url\" content=\"https:\/\/brasilnoticias.org\/site\/mulher-e-morta-a-facadas-em-feira-de-santana-filho-da-vitima-presenciou-o-crime\/\" \/>\n<meta property=\"og:site_name\" content=\"Brasil not\u00edcias\" \/>\n<meta property=\"article:published_time\" content=\"2024-04-23T20:29:26+00:00\" \/>\n<meta property=\"og:image\" content=\"https:\/\/brasilnoticias.org\/site\/wp-content\/uploads\/2024\/04\/policia-civil-itacare.jpeg\" \/>\n\t<meta property=\"og:image:width\" content=\"960\" \/>\n\t<meta property=\"og:image:height\" content=\"500\" \/>\n\t<meta property=\"og:image:type\" content=\"image\/jpeg\" \/>\n<meta name=\"author\" content=\"Reda\u00e7\u00e3o\" \/>\n<meta name=\"twitter:card\" content=\"summary_large_image\" \/>\n<meta name=\"twitter:label1\" content=\"Escrito por\" \/>\n\t<meta name=\"twitter:data1\" content=\"Reda\u00e7\u00e3o\" \/>\n\t<meta name=\"twitter:label2\" content=\"Tempo estimado de leitura\" \/>\n\t<meta name=\"twitter:data2\" content=\"1 minuto\" \/>\n<script type=\"application\/ld+json\" class=\"yoast-schema-graph\">{\"@context\":\"https:\/\/schema.org\",\"@graph\":[{\"@type\":\"Article\",\"@id\":\"https:\/\/brasilnoticias.org\/site\/mulher-e-morta-a-facadas-em-feira-de-santana-filho-da-vitima-presenciou-o-crime\/#article\",\"isPartOf\":{\"@id\":\"https:\/\/brasilnoticias.org\/site\/mulher-e-morta-a-facadas-em-feira-de-santana-filho-da-vitima-presenciou-o-crime\/\"},\"author\":{\"name\":\"Reda\u00e7\u00e3o\",\"@id\":\"https:\/\/brasilnoticias.org\/site\/#\/schema\/person\/03bbbfe6c7634ad18c26444ea39049fa\"},\"headline\":\"Mulher \u00e9 morta a facadas em Feira de Santana; filho da v\u00edtima presenciou o crime\",\"datePublished\":\"2024-04-23T20:29:26+00:00\",\"mainEntityOfPage\":{\"@id\":\"https:\/\/brasilnoticias.org\/site\/mulher-e-morta-a-facadas-em-feira-de-santana-filho-da-vitima-presenciou-o-crime\/\"},\"wordCount\":247,\"commentCount\":0,\"publisher\":{\"@id\":\"https:\/\/brasilnoticias.org\/site\/#organization\"},\"image\":{\"@id\":\"https:\/\/brasilnoticias.org\/site\/mulher-e-morta-a-facadas-em-feira-de-santana-filho-da-vitima-presenciou-o-crime\/#primaryimage\"},\"thumbnailUrl\":\"https:\/\/brasilnoticias.org\/site\/wp-content\/uploads\/2024\/04\/policia-civil-itacare.jpeg\",\"articleSection\":[\"Pol\u00edcia\",\"\u00daltimas\"],\"inLanguage\":\"pt-PT\",\"potentialAction\":[{\"@type\":\"CommentAction\",\"name\":\"Comment\",\"target\":[\"https:\/\/brasilnoticias.org\/site\/mulher-e-morta-a-facadas-em-feira-de-santana-filho-da-vitima-presenciou-o-crime\/#respond\"]}]},{\"@type\":\"WebPage\",\"@id\":\"https:\/\/brasilnoticias.org\/site\/mulher-e-morta-a-facadas-em-feira-de-santana-filho-da-vitima-presenciou-o-crime\/\",\"url\":\"https:\/\/brasilnoticias.org\/site\/mulher-e-morta-a-facadas-em-feira-de-santana-filho-da-vitima-presenciou-o-crime\/\",\"name\":\"Mulher \u00e9 morta a facadas em Feira de Santana; filho da v\u00edtima presenciou o crime - Brasil not\u00edcias\",\"isPartOf\":{\"@id\":\"https:\/\/brasilnoticias.org\/site\/#website\"},\"primaryImageOfPage\":{\"@id\":\"https:\/\/brasilnoticias.org\/site\/mulher-e-morta-a-facadas-em-feira-de-santana-filho-da-vitima-presenciou-o-crime\/#primaryimage\"},\"image\":{\"@id\":\"https:\/\/brasilnoticias.org\/site\/mulher-e-morta-a-facadas-em-feira-de-santana-filho-da-vitima-presenciou-o-crime\/#primaryimage\"},\"thumbnailUrl\":\"https:\/\/brasilnoticias.org\/site\/wp-content\/uploads\/2024\/04\/policia-civil-itacare.jpeg\",\"datePublished\":\"2024-04-23T20:29:26+00:00\",\"breadcrumb\":{\"@id\":\"https:\/\/brasilnoticias.org\/site\/mulher-e-morta-a-facadas-em-feira-de-santana-filho-da-vitima-presenciou-o-crime\/#breadcrumb\"},\"inLanguage\":\"pt-PT\",\"potentialAction\":[{\"@type\":\"ReadAction\",\"target\":[\"https:\/\/brasilnoticias.org\/site\/mulher-e-morta-a-facadas-em-feira-de-santana-filho-da-vitima-presenciou-o-crime\/\"]}]},{\"@type\":\"ImageObject\",\"inLanguage\":\"pt-PT\",\"@id\":\"https:\/\/brasilnoticias.org\/site\/mulher-e-morta-a-facadas-em-feira-de-santana-filho-da-vitima-presenciou-o-crime\/#primaryimage\",\"url\":\"https:\/\/brasilnoticias.org\/site\/wp-content\/uploads\/2024\/04\/policia-civil-itacare.jpeg\",\"contentUrl\":\"https:\/\/brasilnoticias.org\/site\/wp-content\/uploads\/2024\/04\/policia-civil-itacare.jpeg\",\"width\":960,\"height\":500},{\"@type\":\"BreadcrumbList\",\"@id\":\"https:\/\/brasilnoticias.org\/site\/mulher-e-morta-a-facadas-em-feira-de-santana-filho-da-vitima-presenciou-o-crime\/#breadcrumb\",\"itemListElement\":[{\"@type\":\"ListItem\",\"position\":1,\"name\":\"In\u00edcio\",\"item\":\"https:\/\/brasilnoticias.org\/site\/\"},{\"@type\":\"ListItem\",\"position\":2,\"name\":\"Mulher \u00e9 morta a facadas em Feira de Santana; filho da v\u00edtima presenciou o crime\"}]},{\"@type\":\"WebSite\",\"@id\":\"https:\/\/brasilnoticias.org\/site\/#website\",\"url\":\"https:\/\/brasilnoticias.org\/site\/\",\"name\":\"Brasil not\u00edcias\",\"description\":\"Brasil not\u00edcias\",\"publisher\":{\"@id\":\"https:\/\/brasilnoticias.org\/site\/#organization\"},\"potentialAction\":[{\"@type\":\"SearchAction\",\"target\":{\"@type\":\"EntryPoint\",\"urlTemplate\":\"https:\/\/brasilnoticias.org\/site\/?s={search_term_string}\"},\"query-input\":{\"@type\":\"PropertyValueSpecification\",\"valueRequired\":true,\"valueName\":\"search_term_string\"}}],\"inLanguage\":\"pt-PT\"},{\"@type\":\"Organization\",\"@id\":\"https:\/\/brasilnoticias.org\/site\/#organization\",\"name\":\"Brasil not\u00edcias\",\"url\":\"https:\/\/brasilnoticias.org\/site\/\",\"logo\":{\"@type\":\"ImageObject\",\"inLanguage\":\"pt-PT\",\"@id\":\"https:\/\/brasilnoticias.org\/site\/#\/schema\/logo\/image\/\",\"url\":\"https:\/\/brasilnoticias.org\/site\/wp-content\/uploads\/2022\/05\/cropped-brasilnoticias-mini.jpg\",\"contentUrl\":\"https:\/\/brasilnoticias.org\/site\/wp-content\/uploads\/2022\/05\/cropped-brasilnoticias-mini.jpg\",\"width\":314,\"height\":86,\"caption\":\"Brasil not\u00edcias\"},\"image\":{\"@id\":\"https:\/\/brasilnoticias.org\/site\/#\/schema\/logo\/image\/\"}},{\"@type\":\"Person\",\"@id\":\"https:\/\/brasilnoticias.org\/site\/#\/schema\/person\/03bbbfe6c7634ad18c26444ea39049fa\",\"name\":\"Reda\u00e7\u00e3o\",\"image\":{\"@type\":\"ImageObject\",\"inLanguage\":\"pt-PT\",\"@id\":\"https:\/\/brasilnoticias.org\/site\/#\/schema\/person\/image\/\",\"url\":\"https:\/\/secure.gravatar.com\/avatar\/9ecaf7327a696cb23ad926fedded5f1f04d7049de9e445375d55b48c001a6e42?s=96&d=mm&r=g\",\"contentUrl\":\"https:\/\/secure.gravatar.com\/avatar\/9ecaf7327a696cb23ad926fedded5f1f04d7049de9e445375d55b48c001a6e42?s=96&d=mm&r=g\",\"caption\":\"Reda\u00e7\u00e3o\"},\"url\":\"https:\/\/brasilnoticias.org\/site\/author\/henrique\/\"}]}<\/script>\n<!-- \/ Yoast SEO plugin. -->","yoast_head_json":{"title":"Mulher \u00e9 morta a facadas em Feira de Santana; filho da v\u00edtima presenciou o crime - Brasil not\u00edcias","robots":{"index":"index","follow":"follow","max-snippet":"max-snippet:-1","max-image-preview":"max-image-preview:large","max-video-preview":"max-video-preview:-1"},"canonical":"https:\/\/brasilnoticias.org\/site\/mulher-e-morta-a-facadas-em-feira-de-santana-filho-da-vitima-presenciou-o-crime\/","og_locale":"pt_PT","og_type":"article","og_title":"Mulher \u00e9 morta a facadas em Feira de Santana; filho da v\u00edtima presenciou o crime - Brasil not\u00edcias","og_description":"Assassinato foi presenciado pelo filho do casal na madrugada desta ter\u00e7a-feira (23) Uma mulher, identificada como Rafaela Ramos dos Santos,","og_url":"https:\/\/brasilnoticias.org\/site\/mulher-e-morta-a-facadas-em-feira-de-santana-filho-da-vitima-presenciou-o-crime\/","og_site_name":"Brasil not\u00edcias","article_published_time":"2024-04-23T20:29:26+00:00","og_image":[{"width":960,"height":500,"url":"https:\/\/brasilnoticias.org\/site\/wp-content\/uploads\/2024\/04\/policia-civil-itacare.jpeg","type":"image\/jpeg"}],"author":"Reda\u00e7\u00e3o","twitter_card":"summary_large_image","twitter_misc":{"Escrito por":"Reda\u00e7\u00e3o","Tempo estimado de leitura":"1 minuto"},"schema":{"@context":"https:\/\/schema.org","@graph":[{"@type":"Article","@id":"https:\/\/brasilnoticias.org\/site\/mulher-e-morta-a-facadas-em-feira-de-santana-filho-da-vitima-presenciou-o-crime\/#article","isPartOf":{"@id":"https:\/\/brasilnoticias.org\/site\/mulher-e-morta-a-facadas-em-feira-de-santana-filho-da-vitima-presenciou-o-crime\/"},"author":{"name":"Reda\u00e7\u00e3o","@id":"https:\/\/brasilnoticias.org\/site\/#\/schema\/person\/03bbbfe6c7634ad18c26444ea39049fa"},"headline":"Mulher \u00e9 morta a facadas em Feira de Santana; filho da v\u00edtima presenciou o crime","datePublished":"2024-04-23T20:29:26+00:00","mainEntityOfPage":{"@id":"https:\/\/brasilnoticias.org\/site\/mulher-e-morta-a-facadas-em-feira-de-santana-filho-da-vitima-presenciou-o-crime\/"},"wordCount":247,"commentCount":0,"publisher":{"@id":"https:\/\/brasilnoticias.org\/site\/#organization"},"image":{"@id":"https:\/\/brasilnoticias.org\/site\/mulher-e-morta-a-facadas-em-feira-de-santana-filho-da-vitima-presenciou-o-crime\/#primaryimage"},"thumbnailUrl":"https:\/\/brasilnoticias.org\/site\/wp-content\/uploads\/2024\/04\/policia-civil-itacare.jpeg","articleSection":["Pol\u00edcia","\u00daltimas"],"inLanguage":"pt-PT","potentialAction":[{"@type":"CommentAction","name":"Comment","target":["https:\/\/brasilnoticias.org\/site\/mulher-e-morta-a-facadas-em-feira-de-santana-filho-da-vitima-presenciou-o-crime\/#respond"]}]},{"@type":"WebPage","@id":"https:\/\/brasilnoticias.org\/site\/mulher-e-morta-a-facadas-em-feira-de-santana-filho-da-vitima-presenciou-o-crime\/","url":"https:\/\/brasilnoticias.org\/site\/mulher-e-morta-a-facadas-em-feira-de-santana-filho-da-vitima-presenciou-o-crime\/","name":"Mulher \u00e9 morta a facadas em Feira de Santana; filho da v\u00edtima presenciou o crime - Brasil not\u00edcias","isPartOf":{"@id":"https:\/\/brasilnoticias.org\/site\/#website"},"primaryImageOfPage":{"@id":"https:\/\/brasilnoticias.org\/site\/mulher-e-morta-a-facadas-em-feira-de-santana-filho-da-vitima-presenciou-o-crime\/#primaryimage"},"image":{"@id":"https:\/\/brasilnoticias.org\/site\/mulher-e-morta-a-facadas-em-feira-de-santana-filho-da-vitima-presenciou-o-crime\/#primaryimage"},"thumbnailUrl":"https:\/\/brasilnoticias.org\/site\/wp-content\/uploads\/2024\/04\/policia-civil-itacare.jpeg","datePublished":"2024-04-23T20:29:26+00:00","breadcrumb":{"@id":"https:\/\/brasilnoticias.org\/site\/mulher-e-morta-a-facadas-em-feira-de-santana-filho-da-vitima-presenciou-o-crime\/#breadcrumb"},"inLanguage":"pt-PT","potentialAction":[{"@type":"ReadAction","target":["https:\/\/brasilnoticias.org\/site\/mulher-e-morta-a-facadas-em-feira-de-santana-filho-da-vitima-presenciou-o-crime\/"]}]},{"@type":"ImageObject","inLanguage":"pt-PT","@id":"https:\/\/brasilnoticias.org\/site\/mulher-e-morta-a-facadas-em-feira-de-santana-filho-da-vitima-presenciou-o-crime\/#primaryimage","url":"https:\/\/brasilnoticias.org\/site\/wp-content\/uploads\/2024\/04\/policia-civil-itacare.jpeg","contentUrl":"https:\/\/brasilnoticias.org\/site\/wp-content\/uploads\/2024\/04\/policia-civil-itacare.jpeg","width":960,"height":500},{"@type":"BreadcrumbList","@id":"https:\/\/brasilnoticias.org\/site\/mulher-e-morta-a-facadas-em-feira-de-santana-filho-da-vitima-presenciou-o-crime\/#breadcrumb","itemListElement":[{"@type":"ListItem","position":1,"name":"In\u00edcio","item":"https:\/\/brasilnoticias.org\/site\/"},{"@type":"ListItem","position":2,"name":"Mulher \u00e9 morta a facadas em Feira de Santana; filho da v\u00edtima presenciou o crime"}]},{"@type":"WebSite","@id":"https:\/\/brasilnoticias.org\/site\/#website","url":"https:\/\/brasilnoticias.org\/site\/","name":"Brasil not\u00edcias","description":"Brasil not\u00edcias","publisher":{"@id":"https:\/\/brasilnoticias.org\/site\/#organization"},"potentialAction":[{"@type":"SearchAction","target":{"@type":"EntryPoint","urlTemplate":"https:\/\/brasilnoticias.org\/site\/?s={search_term_string}"},"query-input":{"@type":"PropertyValueSpecification","valueRequired":true,"valueName":"search_term_string"}}],"inLanguage":"pt-PT"},{"@type":"Organization","@id":"https:\/\/brasilnoticias.org\/site\/#organization","name":"Brasil not\u00edcias","url":"https:\/\/brasilnoticias.org\/site\/","logo":{"@type":"ImageObject","inLanguage":"pt-PT","@id":"https:\/\/brasilnoticias.org\/site\/#\/schema\/logo\/image\/","url":"https:\/\/brasilnoticias.org\/site\/wp-content\/uploads\/2022\/05\/cropped-brasilnoticias-mini.jpg","contentUrl":"https:\/\/brasilnoticias.org\/site\/wp-content\/uploads\/2022\/05\/cropped-brasilnoticias-mini.jpg","width":314,"height":86,"caption":"Brasil not\u00edcias"},"image":{"@id":"https:\/\/brasilnoticias.org\/site\/#\/schema\/logo\/image\/"}},{"@type":"Person","@id":"https:\/\/brasilnoticias.org\/site\/#\/schema\/person\/03bbbfe6c7634ad18c26444ea39049fa","name":"Reda\u00e7\u00e3o","image":{"@type":"ImageObject","inLanguage":"pt-PT","@id":"https:\/\/brasilnoticias.org\/site\/#\/schema\/person\/image\/","url":"https:\/\/secure.gravatar.com\/avatar\/9ecaf7327a696cb23ad926fedded5f1f04d7049de9e445375d55b48c001a6e42?s=96&d=mm&r=g","contentUrl":"https:\/\/secure.gravatar.com\/avatar\/9ecaf7327a696cb23ad926fedded5f1f04d7049de9e445375d55b48c001a6e42?s=96&d=mm&r=g","caption":"Reda\u00e7\u00e3o"},"url":"https:\/\/brasilnoticias.org\/site\/author\/henrique\/"}]}},"_links":{"self":[{"href":"https:\/\/brasilnoticias.org\/site\/wp-json\/wp\/v2\/posts\/13768","targetHints":{"allow":["GET"]}}],"collection":[{"href":"https:\/\/brasilnoticias.org\/site\/wp-json\/wp\/v2\/posts"}],"about":[{"href":"https:\/\/brasilnoticias.org\/site\/wp-json\/wp\/v2\/types\/post"}],"author":[{"embeddable":true,"href":"https:\/\/brasilnoticias.org\/site\/wp-json\/wp\/v2\/users\/4"}],"replies":[{"embeddable":true,"href":"https:\/\/brasilnoticias.org\/site\/wp-json\/wp\/v2\/comments?post=13768"}],"version-history":[{"count":1,"href":"https:\/\/brasilnoticias.org\/site\/wp-json\/wp\/v2\/posts\/13768\/revisions"}],"predecessor-version":[{"id":13770,"href":"https:\/\/brasilnoticias.org\/site\/wp-json\/wp\/v2\/posts\/13768\/revisions\/13770"}],"wp:featuredmedia":[{"embeddable":true,"href":"https:\/\/brasilnoticias.org\/site\/wp-json\/wp\/v2\/media\/13769"}],"wp:attachment":[{"href":"https:\/\/brasilnoticias.org\/site\/wp-json\/wp\/v2\/media?parent=13768"}],"wp:term":[{"taxonomy":"category","embeddable":true,"href":"https:\/\/brasilnoticias.org\/site\/wp-json\/wp\/v2\/categories?post=13768"},{"taxonomy":"post_tag","embeddable":true,"href":"https:\/\/brasilnoticias.org\/site\/wp-json\/wp\/v2\/tags?post=13768"}],"curies":[{"name":"wp","href":"https:\/\/api.w.org\/{rel}","templated":true}]}}