{"id":1378,"date":"2022-09-07T13:07:35","date_gmt":"2022-09-07T16:07:35","guid":{"rendered":"https:\/\/brasilnoticias.org\/site\/?p=1378"},"modified":"2022-09-07T13:07:35","modified_gmt":"2022-09-07T16:07:35","slug":"7-de-setembro-manifestantes-bolsonaristas-se-concentram-para-ato-no-farol-da-barra","status":"publish","type":"post","link":"https:\/\/brasilnoticias.org\/site\/7-de-setembro-manifestantes-bolsonaristas-se-concentram-para-ato-no-farol-da-barra\/","title":{"rendered":"7 de Setembro: Manifestantes Bolsonaristas se concentram para ato no Farol da Barra"},"content":{"rendered":"<p>Manifestantes apoiadores do\u00a0<a href=\"https:\/\/www.bnews.com.br\/personalidades\/jair-bolsonaro.html\">presidente Jair Bolsonaro (PL)<\/a>\u00a0e do candidato ao governo da Bahia,<a href=\"https:\/\/www.bnews.com.br\/personalidades\/joao-roma.html\">\u00a0Jo\u00e3o Roma (PL)<\/a>\u00a0come\u00e7am a chegar ao Farol da Barra, onde o ato em favor do atual presidente acontece juntamente \u00e0s comemora\u00e7\u00f5es do bicenten\u00e1rio da Independ\u00eancia do Brasil, comemorado nesta quarta-feira (7). O\u00a0<strong>BNews\u00a0<\/strong>acompanha o ato que acontece no cart\u00e3o-postal soteropolitano e recebeu v\u00eddeo de leitores que j\u00e1 chegaram ao local.<\/p>\n<p>O pr\u00f3prio Jo\u00e3o Roma j\u00e1 est\u00e1 presente e aproveitou a oportunidade para fazer fotos junto a apoiadores, correligion\u00e1rios e eleitores que foram at\u00e9 o ato durante o feriado desta quarta-feira.<\/p>\n<p>Jo\u00e3o Roma n\u00e3o esteve presente no ato c\u00edvico que acontece na regi\u00e3o do Campo Grande. Por l\u00e1, estiveram atores pol\u00edticos como\u00a0<a href=\"https:\/\/www.bnews.com.br\/noticias\/eleicoes-2022\/rui-costa-quebra-silencio-sobre-ausencia-de-acm-neto-em-mais-um-debate.html\">o governador Rui Costa (PT)<\/a>; o prefeito de Salvador,\u00a0<a href=\"https:\/\/www.bnews.com.br\/noticias\/eleicoes-2022\/bruno-reis-rebate-criticas-contra-acm-neto-mexendo-em-tema-sensivel-para-o-pt.html\">Bruno Reis (Uni\u00e3o Brasil)<\/a>; e o presidente da C\u00e2mara Municipal de Salvador, Geraldo J\u00fanior (MDB),\u00a0<a href=\"https:\/\/www.bnews.com.br\/noticias\/eleicoes-2022\/geraldo-junior-solta-o-verbo-contra-antigo-aliado-apos-debate.html\">que tamb\u00e9m \u00e9 candidato a vice na chapa petista, encabe\u00e7ada por Jer\u00f4nimo Rodrigues (PT)<\/a>, ao governo do Estado da Bahia.<\/p>\n<p>&nbsp;<\/p>\n","protected":false},"excerpt":{"rendered":"<p>Manifestantes apoiadores do\u00a0presidente Jair Bolsonaro (PL)\u00a0e do candidato ao governo da Bahia,\u00a0Jo\u00e3o Roma (PL)\u00a0come\u00e7am a chegar ao Farol da Barra,<\/p>\n","protected":false},"author":2,"featured_media":1379,"comment_status":"open","ping_status":"open","sticky":false,"template":"","format":"standard","meta":{"colormag_page_container_layout":"default_layout","colormag_page_sidebar_layout":"default_layout","_FSMCFIC_featured_image_caption":"","_FSMCFIC_featured_image_nocaption":"","_FSMCFIC_featured_image_hide":"","footnotes":""},"categories":[5,1],"tags":[],"class_list":["post-1378","post","type-post","status-publish","format-standard","has-post-thumbnail","hentry","category-politica","category-ultimas"],"yoast_head":"<!-- This site is optimized with the Yoast SEO plugin v27.1.1 - https:\/\/yoast.com\/product\/yoast-seo-wordpress\/ -->\n<title>7 de Setembro: Manifestantes Bolsonaristas se concentram para ato no Farol da Barra - Brasil not\u00edcias<\/title>\n<meta name=\"robots\" content=\"index, follow, max-snippet:-1, max-image-preview:large, max-video-preview:-1\" \/>\n<link rel=\"canonical\" href=\"https:\/\/brasilnoticias.org\/site\/7-de-setembro-manifestantes-bolsonaristas-se-concentram-para-ato-no-farol-da-barra\/\" \/>\n<meta property=\"og:locale\" content=\"pt_PT\" \/>\n<meta property=\"og:type\" content=\"article\" \/>\n<meta property=\"og:title\" content=\"7 de Setembro: Manifestantes Bolsonaristas se concentram para ato no Farol da Barra - Brasil not\u00edcias\" \/>\n<meta property=\"og:description\" content=\"Manifestantes apoiadores do\u00a0presidente Jair Bolsonaro (PL)\u00a0e do candidato ao governo da Bahia,\u00a0Jo\u00e3o Roma (PL)\u00a0come\u00e7am a chegar ao Farol da Barra,\" \/>\n<meta property=\"og:url\" content=\"https:\/\/brasilnoticias.org\/site\/7-de-setembro-manifestantes-bolsonaristas-se-concentram-para-ato-no-farol-da-barra\/\" \/>\n<meta property=\"og:site_name\" content=\"Brasil not\u00edcias\" \/>\n<meta property=\"article:published_time\" content=\"2022-09-07T16:07:35+00:00\" \/>\n<meta property=\"og:image\" content=\"https:\/\/brasilnoticias.org\/site\/wp-content\/uploads\/2022\/09\/manifestantes_bolsonaristas_se_concentram_para_ato_no_farol_da_barra_widelg.jpg\" \/>\n\t<meta property=\"og:image:width\" content=\"800\" \/>\n\t<meta property=\"og:image:height\" content=\"450\" \/>\n\t<meta property=\"og:image:type\" content=\"image\/jpeg\" \/>\n<meta name=\"author\" content=\"Reda\u00e7\u00e3o\" \/>\n<meta name=\"twitter:card\" content=\"summary_large_image\" \/>\n<meta name=\"twitter:label1\" content=\"Escrito por\" \/>\n\t<meta name=\"twitter:data1\" content=\"Reda\u00e7\u00e3o\" \/>\n\t<meta name=\"twitter:label2\" content=\"Tempo estimado de leitura\" \/>\n\t<meta name=\"twitter:data2\" content=\"1 minuto\" \/>\n<script type=\"application\/ld+json\" class=\"yoast-schema-graph\">{\"@context\":\"https:\/\/schema.org\",\"@graph\":[{\"@type\":\"Article\",\"@id\":\"https:\/\/brasilnoticias.org\/site\/7-de-setembro-manifestantes-bolsonaristas-se-concentram-para-ato-no-farol-da-barra\/#article\",\"isPartOf\":{\"@id\":\"https:\/\/brasilnoticias.org\/site\/7-de-setembro-manifestantes-bolsonaristas-se-concentram-para-ato-no-farol-da-barra\/\"},\"author\":{\"name\":\"Reda\u00e7\u00e3o\",\"@id\":\"https:\/\/brasilnoticias.org\/site\/#\/schema\/person\/f609fa847b5314f1c8b983342f34c798\"},\"headline\":\"7 de Setembro: Manifestantes Bolsonaristas se concentram para ato no Farol da Barra\",\"datePublished\":\"2022-09-07T16:07:35+00:00\",\"mainEntityOfPage\":{\"@id\":\"https:\/\/brasilnoticias.org\/site\/7-de-setembro-manifestantes-bolsonaristas-se-concentram-para-ato-no-farol-da-barra\/\"},\"wordCount\":193,\"commentCount\":0,\"publisher\":{\"@id\":\"https:\/\/brasilnoticias.org\/site\/#organization\"},\"image\":{\"@id\":\"https:\/\/brasilnoticias.org\/site\/7-de-setembro-manifestantes-bolsonaristas-se-concentram-para-ato-no-farol-da-barra\/#primaryimage\"},\"thumbnailUrl\":\"https:\/\/brasilnoticias.org\/site\/wp-content\/uploads\/2022\/09\/manifestantes_bolsonaristas_se_concentram_para_ato_no_farol_da_barra_widelg.jpg\",\"articleSection\":[\"Pol\u00edtica\",\"\u00daltimas\"],\"inLanguage\":\"pt-PT\",\"potentialAction\":[{\"@type\":\"CommentAction\",\"name\":\"Comment\",\"target\":[\"https:\/\/brasilnoticias.org\/site\/7-de-setembro-manifestantes-bolsonaristas-se-concentram-para-ato-no-farol-da-barra\/#respond\"]}]},{\"@type\":\"WebPage\",\"@id\":\"https:\/\/brasilnoticias.org\/site\/7-de-setembro-manifestantes-bolsonaristas-se-concentram-para-ato-no-farol-da-barra\/\",\"url\":\"https:\/\/brasilnoticias.org\/site\/7-de-setembro-manifestantes-bolsonaristas-se-concentram-para-ato-no-farol-da-barra\/\",\"name\":\"7 de Setembro: Manifestantes Bolsonaristas se concentram para ato no Farol da Barra - Brasil not\u00edcias\",\"isPartOf\":{\"@id\":\"https:\/\/brasilnoticias.org\/site\/#website\"},\"primaryImageOfPage\":{\"@id\":\"https:\/\/brasilnoticias.org\/site\/7-de-setembro-manifestantes-bolsonaristas-se-concentram-para-ato-no-farol-da-barra\/#primaryimage\"},\"image\":{\"@id\":\"https:\/\/brasilnoticias.org\/site\/7-de-setembro-manifestantes-bolsonaristas-se-concentram-para-ato-no-farol-da-barra\/#primaryimage\"},\"thumbnailUrl\":\"https:\/\/brasilnoticias.org\/site\/wp-content\/uploads\/2022\/09\/manifestantes_bolsonaristas_se_concentram_para_ato_no_farol_da_barra_widelg.jpg\",\"datePublished\":\"2022-09-07T16:07:35+00:00\",\"breadcrumb\":{\"@id\":\"https:\/\/brasilnoticias.org\/site\/7-de-setembro-manifestantes-bolsonaristas-se-concentram-para-ato-no-farol-da-barra\/#breadcrumb\"},\"inLanguage\":\"pt-PT\",\"potentialAction\":[{\"@type\":\"ReadAction\",\"target\":[\"https:\/\/brasilnoticias.org\/site\/7-de-setembro-manifestantes-bolsonaristas-se-concentram-para-ato-no-farol-da-barra\/\"]}]},{\"@type\":\"ImageObject\",\"inLanguage\":\"pt-PT\",\"@id\":\"https:\/\/brasilnoticias.org\/site\/7-de-setembro-manifestantes-bolsonaristas-se-concentram-para-ato-no-farol-da-barra\/#primaryimage\",\"url\":\"https:\/\/brasilnoticias.org\/site\/wp-content\/uploads\/2022\/09\/manifestantes_bolsonaristas_se_concentram_para_ato_no_farol_da_barra_widelg.jpg\",\"contentUrl\":\"https:\/\/brasilnoticias.org\/site\/wp-content\/uploads\/2022\/09\/manifestantes_bolsonaristas_se_concentram_para_ato_no_farol_da_barra_widelg.jpg\",\"width\":800,\"height\":450},{\"@type\":\"BreadcrumbList\",\"@id\":\"https:\/\/brasilnoticias.org\/site\/7-de-setembro-manifestantes-bolsonaristas-se-concentram-para-ato-no-farol-da-barra\/#breadcrumb\",\"itemListElement\":[{\"@type\":\"ListItem\",\"position\":1,\"name\":\"In\u00edcio\",\"item\":\"https:\/\/brasilnoticias.org\/site\/\"},{\"@type\":\"ListItem\",\"position\":2,\"name\":\"7 de Setembro: Manifestantes Bolsonaristas se concentram para ato no Farol da Barra\"}]},{\"@type\":\"WebSite\",\"@id\":\"https:\/\/brasilnoticias.org\/site\/#website\",\"url\":\"https:\/\/brasilnoticias.org\/site\/\",\"name\":\"Brasil not\u00edcias\",\"description\":\"Brasil not\u00edcias\",\"publisher\":{\"@id\":\"https:\/\/brasilnoticias.org\/site\/#organization\"},\"potentialAction\":[{\"@type\":\"SearchAction\",\"target\":{\"@type\":\"EntryPoint\",\"urlTemplate\":\"https:\/\/brasilnoticias.org\/site\/?s={search_term_string}\"},\"query-input\":{\"@type\":\"PropertyValueSpecification\",\"valueRequired\":true,\"valueName\":\"search_term_string\"}}],\"inLanguage\":\"pt-PT\"},{\"@type\":\"Organization\",\"@id\":\"https:\/\/brasilnoticias.org\/site\/#organization\",\"name\":\"Brasil not\u00edcias\",\"url\":\"https:\/\/brasilnoticias.org\/site\/\",\"logo\":{\"@type\":\"ImageObject\",\"inLanguage\":\"pt-PT\",\"@id\":\"https:\/\/brasilnoticias.org\/site\/#\/schema\/logo\/image\/\",\"url\":\"https:\/\/brasilnoticias.org\/site\/wp-content\/uploads\/2022\/05\/cropped-brasilnoticias-mini.jpg\",\"contentUrl\":\"https:\/\/brasilnoticias.org\/site\/wp-content\/uploads\/2022\/05\/cropped-brasilnoticias-mini.jpg\",\"width\":314,\"height\":86,\"caption\":\"Brasil not\u00edcias\"},\"image\":{\"@id\":\"https:\/\/brasilnoticias.org\/site\/#\/schema\/logo\/image\/\"}},{\"@type\":\"Person\",\"@id\":\"https:\/\/brasilnoticias.org\/site\/#\/schema\/person\/f609fa847b5314f1c8b983342f34c798\",\"name\":\"Reda\u00e7\u00e3o\",\"image\":{\"@type\":\"ImageObject\",\"inLanguage\":\"pt-PT\",\"@id\":\"https:\/\/brasilnoticias.org\/site\/#\/schema\/person\/image\/\",\"url\":\"https:\/\/secure.gravatar.com\/avatar\/447284c06c1ad8b46465a36de9cd0d8326b73387a22799b8b1ffb1fbcff2ed0c?s=96&d=mm&r=g\",\"contentUrl\":\"https:\/\/secure.gravatar.com\/avatar\/447284c06c1ad8b46465a36de9cd0d8326b73387a22799b8b1ffb1fbcff2ed0c?s=96&d=mm&r=g\",\"caption\":\"Reda\u00e7\u00e3o\"},\"url\":\"https:\/\/brasilnoticias.org\/site\/author\/redacao\/\"}]}<\/script>\n<!-- \/ Yoast SEO plugin. -->","yoast_head_json":{"title":"7 de Setembro: Manifestantes Bolsonaristas se concentram para ato no Farol da Barra - Brasil not\u00edcias","robots":{"index":"index","follow":"follow","max-snippet":"max-snippet:-1","max-image-preview":"max-image-preview:large","max-video-preview":"max-video-preview:-1"},"canonical":"https:\/\/brasilnoticias.org\/site\/7-de-setembro-manifestantes-bolsonaristas-se-concentram-para-ato-no-farol-da-barra\/","og_locale":"pt_PT","og_type":"article","og_title":"7 de Setembro: Manifestantes Bolsonaristas se concentram para ato no Farol da Barra - Brasil not\u00edcias","og_description":"Manifestantes apoiadores do\u00a0presidente Jair Bolsonaro (PL)\u00a0e do candidato ao governo da Bahia,\u00a0Jo\u00e3o Roma (PL)\u00a0come\u00e7am a chegar ao Farol da Barra,","og_url":"https:\/\/brasilnoticias.org\/site\/7-de-setembro-manifestantes-bolsonaristas-se-concentram-para-ato-no-farol-da-barra\/","og_site_name":"Brasil not\u00edcias","article_published_time":"2022-09-07T16:07:35+00:00","og_image":[{"width":800,"height":450,"url":"https:\/\/brasilnoticias.org\/site\/wp-content\/uploads\/2022\/09\/manifestantes_bolsonaristas_se_concentram_para_ato_no_farol_da_barra_widelg.jpg","type":"image\/jpeg"}],"author":"Reda\u00e7\u00e3o","twitter_card":"summary_large_image","twitter_misc":{"Escrito por":"Reda\u00e7\u00e3o","Tempo estimado de leitura":"1 minuto"},"schema":{"@context":"https:\/\/schema.org","@graph":[{"@type":"Article","@id":"https:\/\/brasilnoticias.org\/site\/7-de-setembro-manifestantes-bolsonaristas-se-concentram-para-ato-no-farol-da-barra\/#article","isPartOf":{"@id":"https:\/\/brasilnoticias.org\/site\/7-de-setembro-manifestantes-bolsonaristas-se-concentram-para-ato-no-farol-da-barra\/"},"author":{"name":"Reda\u00e7\u00e3o","@id":"https:\/\/brasilnoticias.org\/site\/#\/schema\/person\/f609fa847b5314f1c8b983342f34c798"},"headline":"7 de Setembro: Manifestantes Bolsonaristas se concentram para ato no Farol da Barra","datePublished":"2022-09-07T16:07:35+00:00","mainEntityOfPage":{"@id":"https:\/\/brasilnoticias.org\/site\/7-de-setembro-manifestantes-bolsonaristas-se-concentram-para-ato-no-farol-da-barra\/"},"wordCount":193,"commentCount":0,"publisher":{"@id":"https:\/\/brasilnoticias.org\/site\/#organization"},"image":{"@id":"https:\/\/brasilnoticias.org\/site\/7-de-setembro-manifestantes-bolsonaristas-se-concentram-para-ato-no-farol-da-barra\/#primaryimage"},"thumbnailUrl":"https:\/\/brasilnoticias.org\/site\/wp-content\/uploads\/2022\/09\/manifestantes_bolsonaristas_se_concentram_para_ato_no_farol_da_barra_widelg.jpg","articleSection":["Pol\u00edtica","\u00daltimas"],"inLanguage":"pt-PT","potentialAction":[{"@type":"CommentAction","name":"Comment","target":["https:\/\/brasilnoticias.org\/site\/7-de-setembro-manifestantes-bolsonaristas-se-concentram-para-ato-no-farol-da-barra\/#respond"]}]},{"@type":"WebPage","@id":"https:\/\/brasilnoticias.org\/site\/7-de-setembro-manifestantes-bolsonaristas-se-concentram-para-ato-no-farol-da-barra\/","url":"https:\/\/brasilnoticias.org\/site\/7-de-setembro-manifestantes-bolsonaristas-se-concentram-para-ato-no-farol-da-barra\/","name":"7 de Setembro: Manifestantes Bolsonaristas se concentram para ato no Farol da Barra - Brasil not\u00edcias","isPartOf":{"@id":"https:\/\/brasilnoticias.org\/site\/#website"},"primaryImageOfPage":{"@id":"https:\/\/brasilnoticias.org\/site\/7-de-setembro-manifestantes-bolsonaristas-se-concentram-para-ato-no-farol-da-barra\/#primaryimage"},"image":{"@id":"https:\/\/brasilnoticias.org\/site\/7-de-setembro-manifestantes-bolsonaristas-se-concentram-para-ato-no-farol-da-barra\/#primaryimage"},"thumbnailUrl":"https:\/\/brasilnoticias.org\/site\/wp-content\/uploads\/2022\/09\/manifestantes_bolsonaristas_se_concentram_para_ato_no_farol_da_barra_widelg.jpg","datePublished":"2022-09-07T16:07:35+00:00","breadcrumb":{"@id":"https:\/\/brasilnoticias.org\/site\/7-de-setembro-manifestantes-bolsonaristas-se-concentram-para-ato-no-farol-da-barra\/#breadcrumb"},"inLanguage":"pt-PT","potentialAction":[{"@type":"ReadAction","target":["https:\/\/brasilnoticias.org\/site\/7-de-setembro-manifestantes-bolsonaristas-se-concentram-para-ato-no-farol-da-barra\/"]}]},{"@type":"ImageObject","inLanguage":"pt-PT","@id":"https:\/\/brasilnoticias.org\/site\/7-de-setembro-manifestantes-bolsonaristas-se-concentram-para-ato-no-farol-da-barra\/#primaryimage","url":"https:\/\/brasilnoticias.org\/site\/wp-content\/uploads\/2022\/09\/manifestantes_bolsonaristas_se_concentram_para_ato_no_farol_da_barra_widelg.jpg","contentUrl":"https:\/\/brasilnoticias.org\/site\/wp-content\/uploads\/2022\/09\/manifestantes_bolsonaristas_se_concentram_para_ato_no_farol_da_barra_widelg.jpg","width":800,"height":450},{"@type":"BreadcrumbList","@id":"https:\/\/brasilnoticias.org\/site\/7-de-setembro-manifestantes-bolsonaristas-se-concentram-para-ato-no-farol-da-barra\/#breadcrumb","itemListElement":[{"@type":"ListItem","position":1,"name":"In\u00edcio","item":"https:\/\/brasilnoticias.org\/site\/"},{"@type":"ListItem","position":2,"name":"7 de Setembro: Manifestantes Bolsonaristas se concentram para ato no Farol da Barra"}]},{"@type":"WebSite","@id":"https:\/\/brasilnoticias.org\/site\/#website","url":"https:\/\/brasilnoticias.org\/site\/","name":"Brasil not\u00edcias","description":"Brasil not\u00edcias","publisher":{"@id":"https:\/\/brasilnoticias.org\/site\/#organization"},"potentialAction":[{"@type":"SearchAction","target":{"@type":"EntryPoint","urlTemplate":"https:\/\/brasilnoticias.org\/site\/?s={search_term_string}"},"query-input":{"@type":"PropertyValueSpecification","valueRequired":true,"valueName":"search_term_string"}}],"inLanguage":"pt-PT"},{"@type":"Organization","@id":"https:\/\/brasilnoticias.org\/site\/#organization","name":"Brasil not\u00edcias","url":"https:\/\/brasilnoticias.org\/site\/","logo":{"@type":"ImageObject","inLanguage":"pt-PT","@id":"https:\/\/brasilnoticias.org\/site\/#\/schema\/logo\/image\/","url":"https:\/\/brasilnoticias.org\/site\/wp-content\/uploads\/2022\/05\/cropped-brasilnoticias-mini.jpg","contentUrl":"https:\/\/brasilnoticias.org\/site\/wp-content\/uploads\/2022\/05\/cropped-brasilnoticias-mini.jpg","width":314,"height":86,"caption":"Brasil not\u00edcias"},"image":{"@id":"https:\/\/brasilnoticias.org\/site\/#\/schema\/logo\/image\/"}},{"@type":"Person","@id":"https:\/\/brasilnoticias.org\/site\/#\/schema\/person\/f609fa847b5314f1c8b983342f34c798","name":"Reda\u00e7\u00e3o","image":{"@type":"ImageObject","inLanguage":"pt-PT","@id":"https:\/\/brasilnoticias.org\/site\/#\/schema\/person\/image\/","url":"https:\/\/secure.gravatar.com\/avatar\/447284c06c1ad8b46465a36de9cd0d8326b73387a22799b8b1ffb1fbcff2ed0c?s=96&d=mm&r=g","contentUrl":"https:\/\/secure.gravatar.com\/avatar\/447284c06c1ad8b46465a36de9cd0d8326b73387a22799b8b1ffb1fbcff2ed0c?s=96&d=mm&r=g","caption":"Reda\u00e7\u00e3o"},"url":"https:\/\/brasilnoticias.org\/site\/author\/redacao\/"}]}},"_links":{"self":[{"href":"https:\/\/brasilnoticias.org\/site\/wp-json\/wp\/v2\/posts\/1378","targetHints":{"allow":["GET"]}}],"collection":[{"href":"https:\/\/brasilnoticias.org\/site\/wp-json\/wp\/v2\/posts"}],"about":[{"href":"https:\/\/brasilnoticias.org\/site\/wp-json\/wp\/v2\/types\/post"}],"author":[{"embeddable":true,"href":"https:\/\/brasilnoticias.org\/site\/wp-json\/wp\/v2\/users\/2"}],"replies":[{"embeddable":true,"href":"https:\/\/brasilnoticias.org\/site\/wp-json\/wp\/v2\/comments?post=1378"}],"version-history":[{"count":1,"href":"https:\/\/brasilnoticias.org\/site\/wp-json\/wp\/v2\/posts\/1378\/revisions"}],"predecessor-version":[{"id":1380,"href":"https:\/\/brasilnoticias.org\/site\/wp-json\/wp\/v2\/posts\/1378\/revisions\/1380"}],"wp:featuredmedia":[{"embeddable":true,"href":"https:\/\/brasilnoticias.org\/site\/wp-json\/wp\/v2\/media\/1379"}],"wp:attachment":[{"href":"https:\/\/brasilnoticias.org\/site\/wp-json\/wp\/v2\/media?parent=1378"}],"wp:term":[{"taxonomy":"category","embeddable":true,"href":"https:\/\/brasilnoticias.org\/site\/wp-json\/wp\/v2\/categories?post=1378"},{"taxonomy":"post_tag","embeddable":true,"href":"https:\/\/brasilnoticias.org\/site\/wp-json\/wp\/v2\/tags?post=1378"}],"curies":[{"name":"wp","href":"https:\/\/api.w.org\/{rel}","templated":true}]}}