{"id":13795,"date":"2024-04-26T19:15:50","date_gmt":"2024-04-26T22:15:50","guid":{"rendered":"https:\/\/brasilnoticias.org\/site\/?p=13795"},"modified":"2024-04-26T19:15:50","modified_gmt":"2024-04-26T22:15:50","slug":"stf-tem-3-votos-favoraveis-para-suspensao-da-desoneracao-da-folha","status":"publish","type":"post","link":"https:\/\/brasilnoticias.org\/site\/stf-tem-3-votos-favoraveis-para-suspensao-da-desoneracao-da-folha\/","title":{"rendered":"STF t\u00eam 3 votos favor\u00e1veis para suspens\u00e3o da desonera\u00e7\u00e3o da folha"},"content":{"rendered":"<p>Rodrigo Pacheco informou que o Senado ir\u00e1 recorrer da decis\u00e3o e ele ainda deve participar de uma reuni\u00e3o particular com o presidente Lula<\/p>\n<p>O Supremo Tribunal Federal recebeu tr\u00eas votos a favor da medida do governo de suspender trechos da lei que prorroga a desonera\u00e7\u00e3o da folha de pagamentos at\u00e9 2027 para 17 setores da economia. Os ministros Gilmar Mendes e Fl\u00e1vio Dino acompanharam Cristiano Zanin na decis\u00e3o que agravou a crise entre o Congresso e o governo federal. <\/p>\n<p>Na quinta-feira (25), Zanin submeteu o caso ao plen\u00e1rio ao assinar a decis\u00e3o individual, logo, a maioria do STF decidir\u00e1 se segue ou n\u00e3o a decis\u00e3o do ministro. O julgamento ser\u00e1 realizado no plen\u00e1rio virtual e os magistrados podem publicar seus votos at\u00e9 6 de maio.<\/p>\n<p>A desonera\u00e7\u00e3o \u00e9 uma pol\u00edtica criada no governo Dilma Rousseff (PT) que gera o al\u00edvio de impostos a empresas dos setores que, supostamente, mais empregam no Brasil. Ap\u00f3s aprova\u00e7\u00e3o do Congresso Nacional da prorroga\u00e7\u00e3o da benesse at\u00e9 2027, o Minist\u00e9rio da Fazenda tenta restabelecer a cobran\u00e7a dos tributos gradualmente. Al\u00e9m disso, o Parlamento tamb\u00e9m garantiu a desonera\u00e7\u00e3o para munic\u00edpios pequenos e m\u00e9dios.<\/p>\n<p>O principal argumento do governo para recorrer ao STF \u00e9 que o Legislativo teria aprovado a desonera\u00e7\u00e3o \u201csem a adequada demonstra\u00e7\u00e3o do impacto financeiro\u201d. Rodrigo Pacheco (PSD-MG), o presidente do Senado, anunciou hoje que a Casa vai recorrer da decis\u00e3o. <\/p>\n<p>Durante coletiva de imprensa, ele disse que a a\u00e7\u00e3o \u00e9 catastr\u00f3fica, e que o comportamento do governo federal causou \u201cperplexidade\u201d. \u201cPor que precipitar uma a\u00e7\u00e3o dessa natureza [&#8230;] sem que se exaurisse do ponto de vista do di\u00e1logo? \u00c9 realmente estranho de se compreender\u201d.<\/p>\n<p>O presidente Lula (PT) e Rodrigo Pacheco devem se encontrar, mesmo ap\u00f3s a decis\u00e3o de Zanin, para uma reuni\u00e3o a s\u00f3s.<\/p>\n<p>Foto: Fabio Rodrigues-Pozzebom\/ Ag\u00eancia Brasil<br \/>\nPor: Metro1<\/p>\n","protected":false},"excerpt":{"rendered":"<p>Rodrigo Pacheco informou que o Senado ir\u00e1 recorrer da decis\u00e3o e ele ainda deve participar de uma reuni\u00e3o particular com<\/p>\n","protected":false},"author":4,"featured_media":13796,"comment_status":"open","ping_status":"open","sticky":false,"template":"","format":"standard","meta":{"colormag_page_container_layout":"default_layout","colormag_page_sidebar_layout":"default_layout","_FSMCFIC_featured_image_caption":"","_FSMCFIC_featured_image_nocaption":"","_FSMCFIC_featured_image_hide":"","footnotes":""},"categories":[7,1],"tags":[],"class_list":["post-13795","post","type-post","status-publish","format-standard","has-post-thumbnail","hentry","category-justica","category-ultimas"],"yoast_head":"<!-- This site is optimized with the Yoast SEO plugin v27.1.1 - https:\/\/yoast.com\/product\/yoast-seo-wordpress\/ -->\n<title>STF t\u00eam 3 votos favor\u00e1veis para suspens\u00e3o da desonera\u00e7\u00e3o da folha - Brasil not\u00edcias<\/title>\n<meta name=\"robots\" content=\"index, follow, max-snippet:-1, max-image-preview:large, max-video-preview:-1\" \/>\n<link rel=\"canonical\" href=\"https:\/\/brasilnoticias.org\/site\/stf-tem-3-votos-favoraveis-para-suspensao-da-desoneracao-da-folha\/\" \/>\n<meta property=\"og:locale\" content=\"pt_PT\" \/>\n<meta property=\"og:type\" content=\"article\" \/>\n<meta property=\"og:title\" content=\"STF t\u00eam 3 votos favor\u00e1veis para suspens\u00e3o da desonera\u00e7\u00e3o da folha - Brasil not\u00edcias\" \/>\n<meta property=\"og:description\" content=\"Rodrigo Pacheco informou que o Senado ir\u00e1 recorrer da decis\u00e3o e ele ainda deve participar de uma reuni\u00e3o particular com\" \/>\n<meta property=\"og:url\" content=\"https:\/\/brasilnoticias.org\/site\/stf-tem-3-votos-favoraveis-para-suspensao-da-desoneracao-da-folha\/\" \/>\n<meta property=\"og:site_name\" content=\"Brasil not\u00edcias\" \/>\n<meta property=\"article:published_time\" content=\"2024-04-26T22:15:50+00:00\" \/>\n<meta property=\"og:image\" content=\"https:\/\/brasilnoticias.org\/site\/wp-content\/uploads\/2024\/04\/149311stf-tem-3-votos-favoraveis-para-suspensao-da-desoneracao-da-folha-3.jpg\" \/>\n\t<meta property=\"og:image:width\" content=\"1600\" \/>\n\t<meta property=\"og:image:height\" content=\"752\" \/>\n\t<meta property=\"og:image:type\" content=\"image\/jpeg\" \/>\n<meta name=\"author\" content=\"Reda\u00e7\u00e3o\" \/>\n<meta name=\"twitter:card\" content=\"summary_large_image\" \/>\n<meta name=\"twitter:label1\" content=\"Escrito por\" \/>\n\t<meta name=\"twitter:data1\" content=\"Reda\u00e7\u00e3o\" \/>\n\t<meta name=\"twitter:label2\" content=\"Tempo estimado de leitura\" \/>\n\t<meta name=\"twitter:data2\" content=\"1 minuto\" \/>\n<script type=\"application\/ld+json\" class=\"yoast-schema-graph\">{\"@context\":\"https:\/\/schema.org\",\"@graph\":[{\"@type\":\"Article\",\"@id\":\"https:\/\/brasilnoticias.org\/site\/stf-tem-3-votos-favoraveis-para-suspensao-da-desoneracao-da-folha\/#article\",\"isPartOf\":{\"@id\":\"https:\/\/brasilnoticias.org\/site\/stf-tem-3-votos-favoraveis-para-suspensao-da-desoneracao-da-folha\/\"},\"author\":{\"name\":\"Reda\u00e7\u00e3o\",\"@id\":\"https:\/\/brasilnoticias.org\/site\/#\/schema\/person\/03bbbfe6c7634ad18c26444ea39049fa\"},\"headline\":\"STF t\u00eam 3 votos favor\u00e1veis para suspens\u00e3o da desonera\u00e7\u00e3o da folha\",\"datePublished\":\"2024-04-26T22:15:50+00:00\",\"mainEntityOfPage\":{\"@id\":\"https:\/\/brasilnoticias.org\/site\/stf-tem-3-votos-favoraveis-para-suspensao-da-desoneracao-da-folha\/\"},\"wordCount\":339,\"commentCount\":0,\"publisher\":{\"@id\":\"https:\/\/brasilnoticias.org\/site\/#organization\"},\"image\":{\"@id\":\"https:\/\/brasilnoticias.org\/site\/stf-tem-3-votos-favoraveis-para-suspensao-da-desoneracao-da-folha\/#primaryimage\"},\"thumbnailUrl\":\"https:\/\/brasilnoticias.org\/site\/wp-content\/uploads\/2024\/04\/149311stf-tem-3-votos-favoraveis-para-suspensao-da-desoneracao-da-folha-3.jpg\",\"articleSection\":[\"Justi\u00e7a\",\"\u00daltimas\"],\"inLanguage\":\"pt-PT\",\"potentialAction\":[{\"@type\":\"CommentAction\",\"name\":\"Comment\",\"target\":[\"https:\/\/brasilnoticias.org\/site\/stf-tem-3-votos-favoraveis-para-suspensao-da-desoneracao-da-folha\/#respond\"]}]},{\"@type\":\"WebPage\",\"@id\":\"https:\/\/brasilnoticias.org\/site\/stf-tem-3-votos-favoraveis-para-suspensao-da-desoneracao-da-folha\/\",\"url\":\"https:\/\/brasilnoticias.org\/site\/stf-tem-3-votos-favoraveis-para-suspensao-da-desoneracao-da-folha\/\",\"name\":\"STF t\u00eam 3 votos favor\u00e1veis para suspens\u00e3o da desonera\u00e7\u00e3o da folha - Brasil not\u00edcias\",\"isPartOf\":{\"@id\":\"https:\/\/brasilnoticias.org\/site\/#website\"},\"primaryImageOfPage\":{\"@id\":\"https:\/\/brasilnoticias.org\/site\/stf-tem-3-votos-favoraveis-para-suspensao-da-desoneracao-da-folha\/#primaryimage\"},\"image\":{\"@id\":\"https:\/\/brasilnoticias.org\/site\/stf-tem-3-votos-favoraveis-para-suspensao-da-desoneracao-da-folha\/#primaryimage\"},\"thumbnailUrl\":\"https:\/\/brasilnoticias.org\/site\/wp-content\/uploads\/2024\/04\/149311stf-tem-3-votos-favoraveis-para-suspensao-da-desoneracao-da-folha-3.jpg\",\"datePublished\":\"2024-04-26T22:15:50+00:00\",\"breadcrumb\":{\"@id\":\"https:\/\/brasilnoticias.org\/site\/stf-tem-3-votos-favoraveis-para-suspensao-da-desoneracao-da-folha\/#breadcrumb\"},\"inLanguage\":\"pt-PT\",\"potentialAction\":[{\"@type\":\"ReadAction\",\"target\":[\"https:\/\/brasilnoticias.org\/site\/stf-tem-3-votos-favoraveis-para-suspensao-da-desoneracao-da-folha\/\"]}]},{\"@type\":\"ImageObject\",\"inLanguage\":\"pt-PT\",\"@id\":\"https:\/\/brasilnoticias.org\/site\/stf-tem-3-votos-favoraveis-para-suspensao-da-desoneracao-da-folha\/#primaryimage\",\"url\":\"https:\/\/brasilnoticias.org\/site\/wp-content\/uploads\/2024\/04\/149311stf-tem-3-votos-favoraveis-para-suspensao-da-desoneracao-da-folha-3.jpg\",\"contentUrl\":\"https:\/\/brasilnoticias.org\/site\/wp-content\/uploads\/2024\/04\/149311stf-tem-3-votos-favoraveis-para-suspensao-da-desoneracao-da-folha-3.jpg\",\"width\":1600,\"height\":752},{\"@type\":\"BreadcrumbList\",\"@id\":\"https:\/\/brasilnoticias.org\/site\/stf-tem-3-votos-favoraveis-para-suspensao-da-desoneracao-da-folha\/#breadcrumb\",\"itemListElement\":[{\"@type\":\"ListItem\",\"position\":1,\"name\":\"In\u00edcio\",\"item\":\"https:\/\/brasilnoticias.org\/site\/\"},{\"@type\":\"ListItem\",\"position\":2,\"name\":\"STF t\u00eam 3 votos favor\u00e1veis para suspens\u00e3o da desonera\u00e7\u00e3o da folha\"}]},{\"@type\":\"WebSite\",\"@id\":\"https:\/\/brasilnoticias.org\/site\/#website\",\"url\":\"https:\/\/brasilnoticias.org\/site\/\",\"name\":\"Brasil not\u00edcias\",\"description\":\"Brasil not\u00edcias\",\"publisher\":{\"@id\":\"https:\/\/brasilnoticias.org\/site\/#organization\"},\"potentialAction\":[{\"@type\":\"SearchAction\",\"target\":{\"@type\":\"EntryPoint\",\"urlTemplate\":\"https:\/\/brasilnoticias.org\/site\/?s={search_term_string}\"},\"query-input\":{\"@type\":\"PropertyValueSpecification\",\"valueRequired\":true,\"valueName\":\"search_term_string\"}}],\"inLanguage\":\"pt-PT\"},{\"@type\":\"Organization\",\"@id\":\"https:\/\/brasilnoticias.org\/site\/#organization\",\"name\":\"Brasil not\u00edcias\",\"url\":\"https:\/\/brasilnoticias.org\/site\/\",\"logo\":{\"@type\":\"ImageObject\",\"inLanguage\":\"pt-PT\",\"@id\":\"https:\/\/brasilnoticias.org\/site\/#\/schema\/logo\/image\/\",\"url\":\"https:\/\/brasilnoticias.org\/site\/wp-content\/uploads\/2022\/05\/cropped-brasilnoticias-mini.jpg\",\"contentUrl\":\"https:\/\/brasilnoticias.org\/site\/wp-content\/uploads\/2022\/05\/cropped-brasilnoticias-mini.jpg\",\"width\":314,\"height\":86,\"caption\":\"Brasil not\u00edcias\"},\"image\":{\"@id\":\"https:\/\/brasilnoticias.org\/site\/#\/schema\/logo\/image\/\"}},{\"@type\":\"Person\",\"@id\":\"https:\/\/brasilnoticias.org\/site\/#\/schema\/person\/03bbbfe6c7634ad18c26444ea39049fa\",\"name\":\"Reda\u00e7\u00e3o\",\"image\":{\"@type\":\"ImageObject\",\"inLanguage\":\"pt-PT\",\"@id\":\"https:\/\/brasilnoticias.org\/site\/#\/schema\/person\/image\/\",\"url\":\"https:\/\/secure.gravatar.com\/avatar\/9ecaf7327a696cb23ad926fedded5f1f04d7049de9e445375d55b48c001a6e42?s=96&d=mm&r=g\",\"contentUrl\":\"https:\/\/secure.gravatar.com\/avatar\/9ecaf7327a696cb23ad926fedded5f1f04d7049de9e445375d55b48c001a6e42?s=96&d=mm&r=g\",\"caption\":\"Reda\u00e7\u00e3o\"},\"url\":\"https:\/\/brasilnoticias.org\/site\/author\/henrique\/\"}]}<\/script>\n<!-- \/ Yoast SEO plugin. -->","yoast_head_json":{"title":"STF t\u00eam 3 votos favor\u00e1veis para suspens\u00e3o da desonera\u00e7\u00e3o da folha - Brasil not\u00edcias","robots":{"index":"index","follow":"follow","max-snippet":"max-snippet:-1","max-image-preview":"max-image-preview:large","max-video-preview":"max-video-preview:-1"},"canonical":"https:\/\/brasilnoticias.org\/site\/stf-tem-3-votos-favoraveis-para-suspensao-da-desoneracao-da-folha\/","og_locale":"pt_PT","og_type":"article","og_title":"STF t\u00eam 3 votos favor\u00e1veis para suspens\u00e3o da desonera\u00e7\u00e3o da folha - Brasil not\u00edcias","og_description":"Rodrigo Pacheco informou que o Senado ir\u00e1 recorrer da decis\u00e3o e ele ainda deve participar de uma reuni\u00e3o particular com","og_url":"https:\/\/brasilnoticias.org\/site\/stf-tem-3-votos-favoraveis-para-suspensao-da-desoneracao-da-folha\/","og_site_name":"Brasil not\u00edcias","article_published_time":"2024-04-26T22:15:50+00:00","og_image":[{"width":1600,"height":752,"url":"https:\/\/brasilnoticias.org\/site\/wp-content\/uploads\/2024\/04\/149311stf-tem-3-votos-favoraveis-para-suspensao-da-desoneracao-da-folha-3.jpg","type":"image\/jpeg"}],"author":"Reda\u00e7\u00e3o","twitter_card":"summary_large_image","twitter_misc":{"Escrito por":"Reda\u00e7\u00e3o","Tempo estimado de leitura":"1 minuto"},"schema":{"@context":"https:\/\/schema.org","@graph":[{"@type":"Article","@id":"https:\/\/brasilnoticias.org\/site\/stf-tem-3-votos-favoraveis-para-suspensao-da-desoneracao-da-folha\/#article","isPartOf":{"@id":"https:\/\/brasilnoticias.org\/site\/stf-tem-3-votos-favoraveis-para-suspensao-da-desoneracao-da-folha\/"},"author":{"name":"Reda\u00e7\u00e3o","@id":"https:\/\/brasilnoticias.org\/site\/#\/schema\/person\/03bbbfe6c7634ad18c26444ea39049fa"},"headline":"STF t\u00eam 3 votos favor\u00e1veis para suspens\u00e3o da desonera\u00e7\u00e3o da folha","datePublished":"2024-04-26T22:15:50+00:00","mainEntityOfPage":{"@id":"https:\/\/brasilnoticias.org\/site\/stf-tem-3-votos-favoraveis-para-suspensao-da-desoneracao-da-folha\/"},"wordCount":339,"commentCount":0,"publisher":{"@id":"https:\/\/brasilnoticias.org\/site\/#organization"},"image":{"@id":"https:\/\/brasilnoticias.org\/site\/stf-tem-3-votos-favoraveis-para-suspensao-da-desoneracao-da-folha\/#primaryimage"},"thumbnailUrl":"https:\/\/brasilnoticias.org\/site\/wp-content\/uploads\/2024\/04\/149311stf-tem-3-votos-favoraveis-para-suspensao-da-desoneracao-da-folha-3.jpg","articleSection":["Justi\u00e7a","\u00daltimas"],"inLanguage":"pt-PT","potentialAction":[{"@type":"CommentAction","name":"Comment","target":["https:\/\/brasilnoticias.org\/site\/stf-tem-3-votos-favoraveis-para-suspensao-da-desoneracao-da-folha\/#respond"]}]},{"@type":"WebPage","@id":"https:\/\/brasilnoticias.org\/site\/stf-tem-3-votos-favoraveis-para-suspensao-da-desoneracao-da-folha\/","url":"https:\/\/brasilnoticias.org\/site\/stf-tem-3-votos-favoraveis-para-suspensao-da-desoneracao-da-folha\/","name":"STF t\u00eam 3 votos favor\u00e1veis para suspens\u00e3o da desonera\u00e7\u00e3o da folha - Brasil not\u00edcias","isPartOf":{"@id":"https:\/\/brasilnoticias.org\/site\/#website"},"primaryImageOfPage":{"@id":"https:\/\/brasilnoticias.org\/site\/stf-tem-3-votos-favoraveis-para-suspensao-da-desoneracao-da-folha\/#primaryimage"},"image":{"@id":"https:\/\/brasilnoticias.org\/site\/stf-tem-3-votos-favoraveis-para-suspensao-da-desoneracao-da-folha\/#primaryimage"},"thumbnailUrl":"https:\/\/brasilnoticias.org\/site\/wp-content\/uploads\/2024\/04\/149311stf-tem-3-votos-favoraveis-para-suspensao-da-desoneracao-da-folha-3.jpg","datePublished":"2024-04-26T22:15:50+00:00","breadcrumb":{"@id":"https:\/\/brasilnoticias.org\/site\/stf-tem-3-votos-favoraveis-para-suspensao-da-desoneracao-da-folha\/#breadcrumb"},"inLanguage":"pt-PT","potentialAction":[{"@type":"ReadAction","target":["https:\/\/brasilnoticias.org\/site\/stf-tem-3-votos-favoraveis-para-suspensao-da-desoneracao-da-folha\/"]}]},{"@type":"ImageObject","inLanguage":"pt-PT","@id":"https:\/\/brasilnoticias.org\/site\/stf-tem-3-votos-favoraveis-para-suspensao-da-desoneracao-da-folha\/#primaryimage","url":"https:\/\/brasilnoticias.org\/site\/wp-content\/uploads\/2024\/04\/149311stf-tem-3-votos-favoraveis-para-suspensao-da-desoneracao-da-folha-3.jpg","contentUrl":"https:\/\/brasilnoticias.org\/site\/wp-content\/uploads\/2024\/04\/149311stf-tem-3-votos-favoraveis-para-suspensao-da-desoneracao-da-folha-3.jpg","width":1600,"height":752},{"@type":"BreadcrumbList","@id":"https:\/\/brasilnoticias.org\/site\/stf-tem-3-votos-favoraveis-para-suspensao-da-desoneracao-da-folha\/#breadcrumb","itemListElement":[{"@type":"ListItem","position":1,"name":"In\u00edcio","item":"https:\/\/brasilnoticias.org\/site\/"},{"@type":"ListItem","position":2,"name":"STF t\u00eam 3 votos favor\u00e1veis para suspens\u00e3o da desonera\u00e7\u00e3o da folha"}]},{"@type":"WebSite","@id":"https:\/\/brasilnoticias.org\/site\/#website","url":"https:\/\/brasilnoticias.org\/site\/","name":"Brasil not\u00edcias","description":"Brasil not\u00edcias","publisher":{"@id":"https:\/\/brasilnoticias.org\/site\/#organization"},"potentialAction":[{"@type":"SearchAction","target":{"@type":"EntryPoint","urlTemplate":"https:\/\/brasilnoticias.org\/site\/?s={search_term_string}"},"query-input":{"@type":"PropertyValueSpecification","valueRequired":true,"valueName":"search_term_string"}}],"inLanguage":"pt-PT"},{"@type":"Organization","@id":"https:\/\/brasilnoticias.org\/site\/#organization","name":"Brasil not\u00edcias","url":"https:\/\/brasilnoticias.org\/site\/","logo":{"@type":"ImageObject","inLanguage":"pt-PT","@id":"https:\/\/brasilnoticias.org\/site\/#\/schema\/logo\/image\/","url":"https:\/\/brasilnoticias.org\/site\/wp-content\/uploads\/2022\/05\/cropped-brasilnoticias-mini.jpg","contentUrl":"https:\/\/brasilnoticias.org\/site\/wp-content\/uploads\/2022\/05\/cropped-brasilnoticias-mini.jpg","width":314,"height":86,"caption":"Brasil not\u00edcias"},"image":{"@id":"https:\/\/brasilnoticias.org\/site\/#\/schema\/logo\/image\/"}},{"@type":"Person","@id":"https:\/\/brasilnoticias.org\/site\/#\/schema\/person\/03bbbfe6c7634ad18c26444ea39049fa","name":"Reda\u00e7\u00e3o","image":{"@type":"ImageObject","inLanguage":"pt-PT","@id":"https:\/\/brasilnoticias.org\/site\/#\/schema\/person\/image\/","url":"https:\/\/secure.gravatar.com\/avatar\/9ecaf7327a696cb23ad926fedded5f1f04d7049de9e445375d55b48c001a6e42?s=96&d=mm&r=g","contentUrl":"https:\/\/secure.gravatar.com\/avatar\/9ecaf7327a696cb23ad926fedded5f1f04d7049de9e445375d55b48c001a6e42?s=96&d=mm&r=g","caption":"Reda\u00e7\u00e3o"},"url":"https:\/\/brasilnoticias.org\/site\/author\/henrique\/"}]}},"_links":{"self":[{"href":"https:\/\/brasilnoticias.org\/site\/wp-json\/wp\/v2\/posts\/13795","targetHints":{"allow":["GET"]}}],"collection":[{"href":"https:\/\/brasilnoticias.org\/site\/wp-json\/wp\/v2\/posts"}],"about":[{"href":"https:\/\/brasilnoticias.org\/site\/wp-json\/wp\/v2\/types\/post"}],"author":[{"embeddable":true,"href":"https:\/\/brasilnoticias.org\/site\/wp-json\/wp\/v2\/users\/4"}],"replies":[{"embeddable":true,"href":"https:\/\/brasilnoticias.org\/site\/wp-json\/wp\/v2\/comments?post=13795"}],"version-history":[{"count":1,"href":"https:\/\/brasilnoticias.org\/site\/wp-json\/wp\/v2\/posts\/13795\/revisions"}],"predecessor-version":[{"id":13797,"href":"https:\/\/brasilnoticias.org\/site\/wp-json\/wp\/v2\/posts\/13795\/revisions\/13797"}],"wp:featuredmedia":[{"embeddable":true,"href":"https:\/\/brasilnoticias.org\/site\/wp-json\/wp\/v2\/media\/13796"}],"wp:attachment":[{"href":"https:\/\/brasilnoticias.org\/site\/wp-json\/wp\/v2\/media?parent=13795"}],"wp:term":[{"taxonomy":"category","embeddable":true,"href":"https:\/\/brasilnoticias.org\/site\/wp-json\/wp\/v2\/categories?post=13795"},{"taxonomy":"post_tag","embeddable":true,"href":"https:\/\/brasilnoticias.org\/site\/wp-json\/wp\/v2\/tags?post=13795"}],"curies":[{"name":"wp","href":"https:\/\/api.w.org\/{rel}","templated":true}]}}