{"id":13798,"date":"2024-04-26T19:16:32","date_gmt":"2024-04-26T22:16:32","guid":{"rendered":"https:\/\/brasilnoticias.org\/site\/?p=13798"},"modified":"2024-04-26T19:16:32","modified_gmt":"2024-04-26T22:16:32","slug":"confira-o-que-se-sabe-ate-agora-sobre-o-caso-de-colera-confirmado-em-salvador","status":"publish","type":"post","link":"https:\/\/brasilnoticias.org\/site\/confira-o-que-se-sabe-ate-agora-sobre-o-caso-de-colera-confirmado-em-salvador\/","title":{"rendered":"Confira o que se sabe at\u00e9 agora sobre o caso de c\u00f3lera confirmado em Salvador"},"content":{"rendered":"<p>Ap\u00f3s 20 anos sem caso de infec\u00e7\u00e3o local, enfermidade voltou a atingir a capital baiana<\/p>\n<p>Um caso confirmado de c\u00f3lera em Salvador causou alerta na popula\u00e7\u00e3o baiana e em autoridades de sa\u00fade nacionais. Foi a primeira ocorr\u00eancia com contamina\u00e7\u00e3o local em quase 20 anos. E apesar de ter sido considerado &#8220;isolado&#8221; pelo Minist\u00e9rio da Sa\u00fade, n\u00e3o significa que outros n\u00e3o estejam ativos na cidade.<\/p>\n<p>&#8220;Todas as vezes que a gente v\u00ea um caso de c\u00f3lera, o fato de ter sido encontrado um, n\u00e3o significa que exista somente esse. Ele pode ser o resultado de j\u00e1 uns dez ou vinte que a gente n\u00e3o percebeu antes&#8221;, alerta o m\u00e9dico infectologista Adriano Silva de Oliveira.<\/p>\n<p>A informa\u00e7\u00e3o de uma incid\u00eancia local de c\u00f3lera no pa\u00eds foi divulgada na \u00faltima sexta-feira (19) pelo Minist\u00e9rio da Sa\u00fade e aponta que um homem de 60 anos, morador da capital baiana e que trabalha em Cama\u00e7ari, na Regi\u00e3o Metropolitana, teria contra\u00eddo a doen\u00e7a sem ter viajado para locais em surto ou tido contato com outro contaminado. Apesar do alerta, a nota t\u00e9cnica divulgada pela Secretaria de Vigil\u00e2ncia em Sa\u00fade e Ambiente afirma que o homem n\u00e3o tem a possibilidade de transmitir a doen\u00e7a desde o dia 10 de abril. O per\u00edodo de transmissibilidade \u00e9 de um a dez dias, mas no Brasil o padr\u00e3o \u00e9 de 20 dias como forma de oferecer uma margem de seguran\u00e7a.<\/p>\n<p>Mesmo assim, Adriano ressalta a necessidade de ficar atento, visto que \u00e9 uma doen\u00e7a extremamente transmiss\u00edvel. &#8220;\u00c9 muito importante manter a vigil\u00e2ncia para ver se existem outros casos que contaminaram esse indiv\u00edduo, que teriam levado ele a contrair a c\u00f3lera&#8221;, explica.<\/p>\n<p>Esse foi o primeiro caso local de c\u00f3lera em 18 anos no pa\u00eds. A \u00faltima vez que a doen\u00e7a foi identificada localmente foi no ano de 2005, com cinco casos confirmados em Pernambuco. Desde ent\u00e3o, apenas casos importados foram registrados: um de Angola, notificado no Distrito Federal (2006); um com origem na Rep\u00fablica Dominicana, diagnosticado em S\u00e3o Paulo (2011); um de Mo\u00e7ambique, com registro Rio Grande do Sul (2016); e um da \u00cdndia, em um paciente do Rio Grande do Norte (2018).<\/p>\n<p>Em entrevista \u00e0 R\u00e1dio Metropole nesta quarta-feira (24), a diretora de Vigil\u00e2ncia \u00e0 Sa\u00fade da Secretaria Municipal (SMS), Andr\u00e9a Salvador, disse que um cruzamento de dados junto \u00e0 pasta da sa\u00fade em Cama\u00e7ari est\u00e1 sendo feito com o objetivo de identificar a fonte de contamina\u00e7\u00e3o do paciente. Em breve, o resultado da investiga\u00e7\u00e3o dever\u00e1 ser divulgado.<\/p>\n<p>O que \u00e9 a c\u00f3lera<\/p>\n<p>A c\u00f3lera \u00e9 uma doen\u00e7a bacteriana infecciosa intestinal aguda, causada pela a\u00e7\u00e3o da bact\u00e9ria Vibrio cholerae (sorogrupos O1 e O139). Ao alojar-se nas paredes intestinais, ela descompensa o s\u00f3dio presente no organismo e pode provocar diarr\u00e9ias intensas.<\/p>\n<p>De acordo com a Organiza\u00e7\u00e3o Mundial da Sa\u00fade (OMS), a doen\u00e7a aprece geralmente em locais com superlota\u00e7\u00e3o e acesso inadequado \u00e0 \u00e1gua limpa, coleta de lixo e saneamento b\u00e1sico. Entre 21 mil e 143 mil pessoas morrem todos os anos de c\u00f3lera no mundo. Apesar do n\u00famero, a maioria dos casos \u00e9 considerada leve e 75% das pessoas s\u00e3o assintom\u00e1ticas. Outros sintomas da doen\u00e7a podem ser dor abdominal e, nas formas severas, c\u00e3ibras, desidrata\u00e7\u00e3o e choque, al\u00e9m de v\u00f4mitos frequentes.<\/p>\n<p>Segundo o infectologista Adriano Silva, ela se difere de outros dist\u00farbios intestinais devido \u00e0 sua intensidade. \u201c\u00c9 um quadro infeccioso, que se manifesta de uma forma, na maioria das vezes, muito mais intempestiva do que as diarreias de natureza viral ou bacteriana. Apresenta\u00e7\u00f5es assim t\u00e3o intensas sempre levam a gente \u00e0 suspeita, mesmo fora de epidemias\u201d, explica.<\/p>\n<p>Preven\u00e7\u00e3o e vacinas<\/p>\n<p>A forma de cont\u00e1gio ocorre por via fecal-oral, seja pela ingest\u00e3o de \u00e1gua ou alimentos contaminados, ou pela contamina\u00e7\u00e3o pessoa a pessoa. Andr\u00e9a Salvador ressalta que a principal forma de evitar \u00e9 a preven\u00e7\u00e3o, que passa por uma boa higiene b\u00e1sica das m\u00e3os e dos alimentos consumidos. \u201cTemos que lavar as m\u00e3os antes dos preparos dos alimentos, antes de ingeri-los; ap\u00f3s usar o sanit\u00e1rio e ap\u00f3s tocar em superf\u00edcies sujas. Temos que ter cuidado porque a forma de infec\u00e7\u00e3o \u00e9 boca-fezes. Se tivermos todas as bases de higiene, n\u00e3o vamos nos contaminar. Os alimentos, principalmente os crus, precisam ser higienizados antes de serem ingeridos\u201d, explicou.<\/p>\n<p>Al\u00e9m disso, uma nova vers\u00e3o simplificada de uma vacina oral contra a c\u00f3lera foi aprovada pela Organiza\u00e7\u00e3o Mundial de Sa\u00fade (OMS). O an\u00fancio foi feito tamb\u00e9m na sexta-feira (19) e servir\u00e1 para pa\u00edses que estejam em escassez do imunizante diante do aumento do n\u00famero de casos. A vers\u00e3o Euvichol-S \u00e9 uma simplifica\u00e7\u00e3o da Euvichol-S  e vai permitir uma maior produ\u00e7\u00e3o da vacina em menor tempo. Apesar disso, o imunizante \u00e9 indicado pela OMS apenas para pa\u00edses que enfrentam c\u00f3lera end\u00eamica, al\u00e9m de popula\u00e7\u00f5es em situa\u00e7\u00e3o de crise humanit\u00e1ria e com alto risco para c\u00f3lera ou durante surtos da doen\u00e7a.<\/p>\n<p>Foto: Reprodu\u00e7\u00e3o\/Freepik<br \/>\nPor: Laisa Gama<\/p>\n","protected":false},"excerpt":{"rendered":"<p>Ap\u00f3s 20 anos sem caso de infec\u00e7\u00e3o local, enfermidade voltou a atingir a capital baiana Um caso confirmado de c\u00f3lera<\/p>\n","protected":false},"author":4,"featured_media":13799,"comment_status":"open","ping_status":"open","sticky":false,"template":"","format":"standard","meta":{"colormag_page_container_layout":"default_layout","colormag_page_sidebar_layout":"default_layout","_FSMCFIC_featured_image_caption":"","_FSMCFIC_featured_image_nocaption":"","_FSMCFIC_featured_image_hide":"","footnotes":""},"categories":[2,1],"tags":[],"class_list":["post-13798","post","type-post","status-publish","format-standard","has-post-thumbnail","hentry","category-noticias","category-ultimas"],"yoast_head":"<!-- This site is optimized with the Yoast SEO plugin v27.1.1 - https:\/\/yoast.com\/product\/yoast-seo-wordpress\/ -->\n<title>Confira o que se sabe at\u00e9 agora sobre o caso de c\u00f3lera confirmado em Salvador - Brasil not\u00edcias<\/title>\n<meta name=\"robots\" content=\"index, follow, max-snippet:-1, max-image-preview:large, max-video-preview:-1\" \/>\n<link rel=\"canonical\" href=\"https:\/\/brasilnoticias.org\/site\/confira-o-que-se-sabe-ate-agora-sobre-o-caso-de-colera-confirmado-em-salvador\/\" \/>\n<meta property=\"og:locale\" content=\"pt_PT\" \/>\n<meta property=\"og:type\" content=\"article\" \/>\n<meta property=\"og:title\" content=\"Confira o que se sabe at\u00e9 agora sobre o caso de c\u00f3lera confirmado em Salvador - Brasil not\u00edcias\" \/>\n<meta property=\"og:description\" content=\"Ap\u00f3s 20 anos sem caso de infec\u00e7\u00e3o local, enfermidade voltou a atingir a capital baiana Um caso confirmado de c\u00f3lera\" \/>\n<meta property=\"og:url\" content=\"https:\/\/brasilnoticias.org\/site\/confira-o-que-se-sabe-ate-agora-sobre-o-caso-de-colera-confirmado-em-salvador\/\" \/>\n<meta property=\"og:site_name\" content=\"Brasil not\u00edcias\" \/>\n<meta property=\"article:published_time\" content=\"2024-04-26T22:16:32+00:00\" \/>\n<meta property=\"og:image\" content=\"https:\/\/brasilnoticias.org\/site\/wp-content\/uploads\/2024\/04\/149309confira-o-que-se-sabe-ate-agora-sobre-o-caso-de-colera-confirmado-em-salvador-3.jpg\" \/>\n\t<meta property=\"og:image:width\" content=\"1600\" \/>\n\t<meta property=\"og:image:height\" content=\"752\" \/>\n\t<meta property=\"og:image:type\" content=\"image\/jpeg\" \/>\n<meta name=\"author\" content=\"Reda\u00e7\u00e3o\" \/>\n<meta name=\"twitter:card\" content=\"summary_large_image\" \/>\n<meta name=\"twitter:label1\" content=\"Escrito por\" \/>\n\t<meta name=\"twitter:data1\" content=\"Reda\u00e7\u00e3o\" \/>\n\t<meta name=\"twitter:label2\" content=\"Tempo estimado de leitura\" \/>\n\t<meta name=\"twitter:data2\" content=\"1 minuto\" \/>\n<script type=\"application\/ld+json\" class=\"yoast-schema-graph\">{\"@context\":\"https:\/\/schema.org\",\"@graph\":[{\"@type\":\"Article\",\"@id\":\"https:\/\/brasilnoticias.org\/site\/confira-o-que-se-sabe-ate-agora-sobre-o-caso-de-colera-confirmado-em-salvador\/#article\",\"isPartOf\":{\"@id\":\"https:\/\/brasilnoticias.org\/site\/confira-o-que-se-sabe-ate-agora-sobre-o-caso-de-colera-confirmado-em-salvador\/\"},\"author\":{\"name\":\"Reda\u00e7\u00e3o\",\"@id\":\"https:\/\/brasilnoticias.org\/site\/#\/schema\/person\/03bbbfe6c7634ad18c26444ea39049fa\"},\"headline\":\"Confira o que se sabe at\u00e9 agora sobre o caso de c\u00f3lera confirmado em Salvador\",\"datePublished\":\"2024-04-26T22:16:32+00:00\",\"mainEntityOfPage\":{\"@id\":\"https:\/\/brasilnoticias.org\/site\/confira-o-que-se-sabe-ate-agora-sobre-o-caso-de-colera-confirmado-em-salvador\/\"},\"wordCount\":896,\"commentCount\":0,\"publisher\":{\"@id\":\"https:\/\/brasilnoticias.org\/site\/#organization\"},\"image\":{\"@id\":\"https:\/\/brasilnoticias.org\/site\/confira-o-que-se-sabe-ate-agora-sobre-o-caso-de-colera-confirmado-em-salvador\/#primaryimage\"},\"thumbnailUrl\":\"https:\/\/brasilnoticias.org\/site\/wp-content\/uploads\/2024\/04\/149309confira-o-que-se-sabe-ate-agora-sobre-o-caso-de-colera-confirmado-em-salvador-3.jpg\",\"articleSection\":[\"Not\u00edcias\",\"\u00daltimas\"],\"inLanguage\":\"pt-PT\",\"potentialAction\":[{\"@type\":\"CommentAction\",\"name\":\"Comment\",\"target\":[\"https:\/\/brasilnoticias.org\/site\/confira-o-que-se-sabe-ate-agora-sobre-o-caso-de-colera-confirmado-em-salvador\/#respond\"]}]},{\"@type\":\"WebPage\",\"@id\":\"https:\/\/brasilnoticias.org\/site\/confira-o-que-se-sabe-ate-agora-sobre-o-caso-de-colera-confirmado-em-salvador\/\",\"url\":\"https:\/\/brasilnoticias.org\/site\/confira-o-que-se-sabe-ate-agora-sobre-o-caso-de-colera-confirmado-em-salvador\/\",\"name\":\"Confira o que se sabe at\u00e9 agora sobre o caso de c\u00f3lera confirmado em Salvador - Brasil not\u00edcias\",\"isPartOf\":{\"@id\":\"https:\/\/brasilnoticias.org\/site\/#website\"},\"primaryImageOfPage\":{\"@id\":\"https:\/\/brasilnoticias.org\/site\/confira-o-que-se-sabe-ate-agora-sobre-o-caso-de-colera-confirmado-em-salvador\/#primaryimage\"},\"image\":{\"@id\":\"https:\/\/brasilnoticias.org\/site\/confira-o-que-se-sabe-ate-agora-sobre-o-caso-de-colera-confirmado-em-salvador\/#primaryimage\"},\"thumbnailUrl\":\"https:\/\/brasilnoticias.org\/site\/wp-content\/uploads\/2024\/04\/149309confira-o-que-se-sabe-ate-agora-sobre-o-caso-de-colera-confirmado-em-salvador-3.jpg\",\"datePublished\":\"2024-04-26T22:16:32+00:00\",\"breadcrumb\":{\"@id\":\"https:\/\/brasilnoticias.org\/site\/confira-o-que-se-sabe-ate-agora-sobre-o-caso-de-colera-confirmado-em-salvador\/#breadcrumb\"},\"inLanguage\":\"pt-PT\",\"potentialAction\":[{\"@type\":\"ReadAction\",\"target\":[\"https:\/\/brasilnoticias.org\/site\/confira-o-que-se-sabe-ate-agora-sobre-o-caso-de-colera-confirmado-em-salvador\/\"]}]},{\"@type\":\"ImageObject\",\"inLanguage\":\"pt-PT\",\"@id\":\"https:\/\/brasilnoticias.org\/site\/confira-o-que-se-sabe-ate-agora-sobre-o-caso-de-colera-confirmado-em-salvador\/#primaryimage\",\"url\":\"https:\/\/brasilnoticias.org\/site\/wp-content\/uploads\/2024\/04\/149309confira-o-que-se-sabe-ate-agora-sobre-o-caso-de-colera-confirmado-em-salvador-3.jpg\",\"contentUrl\":\"https:\/\/brasilnoticias.org\/site\/wp-content\/uploads\/2024\/04\/149309confira-o-que-se-sabe-ate-agora-sobre-o-caso-de-colera-confirmado-em-salvador-3.jpg\",\"width\":1600,\"height\":752},{\"@type\":\"BreadcrumbList\",\"@id\":\"https:\/\/brasilnoticias.org\/site\/confira-o-que-se-sabe-ate-agora-sobre-o-caso-de-colera-confirmado-em-salvador\/#breadcrumb\",\"itemListElement\":[{\"@type\":\"ListItem\",\"position\":1,\"name\":\"In\u00edcio\",\"item\":\"https:\/\/brasilnoticias.org\/site\/\"},{\"@type\":\"ListItem\",\"position\":2,\"name\":\"Confira o que se sabe at\u00e9 agora sobre o caso de c\u00f3lera confirmado em Salvador\"}]},{\"@type\":\"WebSite\",\"@id\":\"https:\/\/brasilnoticias.org\/site\/#website\",\"url\":\"https:\/\/brasilnoticias.org\/site\/\",\"name\":\"Brasil not\u00edcias\",\"description\":\"Brasil not\u00edcias\",\"publisher\":{\"@id\":\"https:\/\/brasilnoticias.org\/site\/#organization\"},\"potentialAction\":[{\"@type\":\"SearchAction\",\"target\":{\"@type\":\"EntryPoint\",\"urlTemplate\":\"https:\/\/brasilnoticias.org\/site\/?s={search_term_string}\"},\"query-input\":{\"@type\":\"PropertyValueSpecification\",\"valueRequired\":true,\"valueName\":\"search_term_string\"}}],\"inLanguage\":\"pt-PT\"},{\"@type\":\"Organization\",\"@id\":\"https:\/\/brasilnoticias.org\/site\/#organization\",\"name\":\"Brasil not\u00edcias\",\"url\":\"https:\/\/brasilnoticias.org\/site\/\",\"logo\":{\"@type\":\"ImageObject\",\"inLanguage\":\"pt-PT\",\"@id\":\"https:\/\/brasilnoticias.org\/site\/#\/schema\/logo\/image\/\",\"url\":\"https:\/\/brasilnoticias.org\/site\/wp-content\/uploads\/2022\/05\/cropped-brasilnoticias-mini.jpg\",\"contentUrl\":\"https:\/\/brasilnoticias.org\/site\/wp-content\/uploads\/2022\/05\/cropped-brasilnoticias-mini.jpg\",\"width\":314,\"height\":86,\"caption\":\"Brasil not\u00edcias\"},\"image\":{\"@id\":\"https:\/\/brasilnoticias.org\/site\/#\/schema\/logo\/image\/\"}},{\"@type\":\"Person\",\"@id\":\"https:\/\/brasilnoticias.org\/site\/#\/schema\/person\/03bbbfe6c7634ad18c26444ea39049fa\",\"name\":\"Reda\u00e7\u00e3o\",\"image\":{\"@type\":\"ImageObject\",\"inLanguage\":\"pt-PT\",\"@id\":\"https:\/\/brasilnoticias.org\/site\/#\/schema\/person\/image\/\",\"url\":\"https:\/\/secure.gravatar.com\/avatar\/9ecaf7327a696cb23ad926fedded5f1f04d7049de9e445375d55b48c001a6e42?s=96&d=mm&r=g\",\"contentUrl\":\"https:\/\/secure.gravatar.com\/avatar\/9ecaf7327a696cb23ad926fedded5f1f04d7049de9e445375d55b48c001a6e42?s=96&d=mm&r=g\",\"caption\":\"Reda\u00e7\u00e3o\"},\"url\":\"https:\/\/brasilnoticias.org\/site\/author\/henrique\/\"}]}<\/script>\n<!-- \/ Yoast SEO plugin. -->","yoast_head_json":{"title":"Confira o que se sabe at\u00e9 agora sobre o caso de c\u00f3lera confirmado em Salvador - Brasil not\u00edcias","robots":{"index":"index","follow":"follow","max-snippet":"max-snippet:-1","max-image-preview":"max-image-preview:large","max-video-preview":"max-video-preview:-1"},"canonical":"https:\/\/brasilnoticias.org\/site\/confira-o-que-se-sabe-ate-agora-sobre-o-caso-de-colera-confirmado-em-salvador\/","og_locale":"pt_PT","og_type":"article","og_title":"Confira o que se sabe at\u00e9 agora sobre o caso de c\u00f3lera confirmado em Salvador - Brasil not\u00edcias","og_description":"Ap\u00f3s 20 anos sem caso de infec\u00e7\u00e3o local, enfermidade voltou a atingir a capital baiana Um caso confirmado de c\u00f3lera","og_url":"https:\/\/brasilnoticias.org\/site\/confira-o-que-se-sabe-ate-agora-sobre-o-caso-de-colera-confirmado-em-salvador\/","og_site_name":"Brasil not\u00edcias","article_published_time":"2024-04-26T22:16:32+00:00","og_image":[{"width":1600,"height":752,"url":"https:\/\/brasilnoticias.org\/site\/wp-content\/uploads\/2024\/04\/149309confira-o-que-se-sabe-ate-agora-sobre-o-caso-de-colera-confirmado-em-salvador-3.jpg","type":"image\/jpeg"}],"author":"Reda\u00e7\u00e3o","twitter_card":"summary_large_image","twitter_misc":{"Escrito por":"Reda\u00e7\u00e3o","Tempo estimado de leitura":"1 minuto"},"schema":{"@context":"https:\/\/schema.org","@graph":[{"@type":"Article","@id":"https:\/\/brasilnoticias.org\/site\/confira-o-que-se-sabe-ate-agora-sobre-o-caso-de-colera-confirmado-em-salvador\/#article","isPartOf":{"@id":"https:\/\/brasilnoticias.org\/site\/confira-o-que-se-sabe-ate-agora-sobre-o-caso-de-colera-confirmado-em-salvador\/"},"author":{"name":"Reda\u00e7\u00e3o","@id":"https:\/\/brasilnoticias.org\/site\/#\/schema\/person\/03bbbfe6c7634ad18c26444ea39049fa"},"headline":"Confira o que se sabe at\u00e9 agora sobre o caso de c\u00f3lera confirmado em Salvador","datePublished":"2024-04-26T22:16:32+00:00","mainEntityOfPage":{"@id":"https:\/\/brasilnoticias.org\/site\/confira-o-que-se-sabe-ate-agora-sobre-o-caso-de-colera-confirmado-em-salvador\/"},"wordCount":896,"commentCount":0,"publisher":{"@id":"https:\/\/brasilnoticias.org\/site\/#organization"},"image":{"@id":"https:\/\/brasilnoticias.org\/site\/confira-o-que-se-sabe-ate-agora-sobre-o-caso-de-colera-confirmado-em-salvador\/#primaryimage"},"thumbnailUrl":"https:\/\/brasilnoticias.org\/site\/wp-content\/uploads\/2024\/04\/149309confira-o-que-se-sabe-ate-agora-sobre-o-caso-de-colera-confirmado-em-salvador-3.jpg","articleSection":["Not\u00edcias","\u00daltimas"],"inLanguage":"pt-PT","potentialAction":[{"@type":"CommentAction","name":"Comment","target":["https:\/\/brasilnoticias.org\/site\/confira-o-que-se-sabe-ate-agora-sobre-o-caso-de-colera-confirmado-em-salvador\/#respond"]}]},{"@type":"WebPage","@id":"https:\/\/brasilnoticias.org\/site\/confira-o-que-se-sabe-ate-agora-sobre-o-caso-de-colera-confirmado-em-salvador\/","url":"https:\/\/brasilnoticias.org\/site\/confira-o-que-se-sabe-ate-agora-sobre-o-caso-de-colera-confirmado-em-salvador\/","name":"Confira o que se sabe at\u00e9 agora sobre o caso de c\u00f3lera confirmado em Salvador - Brasil not\u00edcias","isPartOf":{"@id":"https:\/\/brasilnoticias.org\/site\/#website"},"primaryImageOfPage":{"@id":"https:\/\/brasilnoticias.org\/site\/confira-o-que-se-sabe-ate-agora-sobre-o-caso-de-colera-confirmado-em-salvador\/#primaryimage"},"image":{"@id":"https:\/\/brasilnoticias.org\/site\/confira-o-que-se-sabe-ate-agora-sobre-o-caso-de-colera-confirmado-em-salvador\/#primaryimage"},"thumbnailUrl":"https:\/\/brasilnoticias.org\/site\/wp-content\/uploads\/2024\/04\/149309confira-o-que-se-sabe-ate-agora-sobre-o-caso-de-colera-confirmado-em-salvador-3.jpg","datePublished":"2024-04-26T22:16:32+00:00","breadcrumb":{"@id":"https:\/\/brasilnoticias.org\/site\/confira-o-que-se-sabe-ate-agora-sobre-o-caso-de-colera-confirmado-em-salvador\/#breadcrumb"},"inLanguage":"pt-PT","potentialAction":[{"@type":"ReadAction","target":["https:\/\/brasilnoticias.org\/site\/confira-o-que-se-sabe-ate-agora-sobre-o-caso-de-colera-confirmado-em-salvador\/"]}]},{"@type":"ImageObject","inLanguage":"pt-PT","@id":"https:\/\/brasilnoticias.org\/site\/confira-o-que-se-sabe-ate-agora-sobre-o-caso-de-colera-confirmado-em-salvador\/#primaryimage","url":"https:\/\/brasilnoticias.org\/site\/wp-content\/uploads\/2024\/04\/149309confira-o-que-se-sabe-ate-agora-sobre-o-caso-de-colera-confirmado-em-salvador-3.jpg","contentUrl":"https:\/\/brasilnoticias.org\/site\/wp-content\/uploads\/2024\/04\/149309confira-o-que-se-sabe-ate-agora-sobre-o-caso-de-colera-confirmado-em-salvador-3.jpg","width":1600,"height":752},{"@type":"BreadcrumbList","@id":"https:\/\/brasilnoticias.org\/site\/confira-o-que-se-sabe-ate-agora-sobre-o-caso-de-colera-confirmado-em-salvador\/#breadcrumb","itemListElement":[{"@type":"ListItem","position":1,"name":"In\u00edcio","item":"https:\/\/brasilnoticias.org\/site\/"},{"@type":"ListItem","position":2,"name":"Confira o que se sabe at\u00e9 agora sobre o caso de c\u00f3lera confirmado em Salvador"}]},{"@type":"WebSite","@id":"https:\/\/brasilnoticias.org\/site\/#website","url":"https:\/\/brasilnoticias.org\/site\/","name":"Brasil not\u00edcias","description":"Brasil not\u00edcias","publisher":{"@id":"https:\/\/brasilnoticias.org\/site\/#organization"},"potentialAction":[{"@type":"SearchAction","target":{"@type":"EntryPoint","urlTemplate":"https:\/\/brasilnoticias.org\/site\/?s={search_term_string}"},"query-input":{"@type":"PropertyValueSpecification","valueRequired":true,"valueName":"search_term_string"}}],"inLanguage":"pt-PT"},{"@type":"Organization","@id":"https:\/\/brasilnoticias.org\/site\/#organization","name":"Brasil not\u00edcias","url":"https:\/\/brasilnoticias.org\/site\/","logo":{"@type":"ImageObject","inLanguage":"pt-PT","@id":"https:\/\/brasilnoticias.org\/site\/#\/schema\/logo\/image\/","url":"https:\/\/brasilnoticias.org\/site\/wp-content\/uploads\/2022\/05\/cropped-brasilnoticias-mini.jpg","contentUrl":"https:\/\/brasilnoticias.org\/site\/wp-content\/uploads\/2022\/05\/cropped-brasilnoticias-mini.jpg","width":314,"height":86,"caption":"Brasil not\u00edcias"},"image":{"@id":"https:\/\/brasilnoticias.org\/site\/#\/schema\/logo\/image\/"}},{"@type":"Person","@id":"https:\/\/brasilnoticias.org\/site\/#\/schema\/person\/03bbbfe6c7634ad18c26444ea39049fa","name":"Reda\u00e7\u00e3o","image":{"@type":"ImageObject","inLanguage":"pt-PT","@id":"https:\/\/brasilnoticias.org\/site\/#\/schema\/person\/image\/","url":"https:\/\/secure.gravatar.com\/avatar\/9ecaf7327a696cb23ad926fedded5f1f04d7049de9e445375d55b48c001a6e42?s=96&d=mm&r=g","contentUrl":"https:\/\/secure.gravatar.com\/avatar\/9ecaf7327a696cb23ad926fedded5f1f04d7049de9e445375d55b48c001a6e42?s=96&d=mm&r=g","caption":"Reda\u00e7\u00e3o"},"url":"https:\/\/brasilnoticias.org\/site\/author\/henrique\/"}]}},"_links":{"self":[{"href":"https:\/\/brasilnoticias.org\/site\/wp-json\/wp\/v2\/posts\/13798","targetHints":{"allow":["GET"]}}],"collection":[{"href":"https:\/\/brasilnoticias.org\/site\/wp-json\/wp\/v2\/posts"}],"about":[{"href":"https:\/\/brasilnoticias.org\/site\/wp-json\/wp\/v2\/types\/post"}],"author":[{"embeddable":true,"href":"https:\/\/brasilnoticias.org\/site\/wp-json\/wp\/v2\/users\/4"}],"replies":[{"embeddable":true,"href":"https:\/\/brasilnoticias.org\/site\/wp-json\/wp\/v2\/comments?post=13798"}],"version-history":[{"count":1,"href":"https:\/\/brasilnoticias.org\/site\/wp-json\/wp\/v2\/posts\/13798\/revisions"}],"predecessor-version":[{"id":13800,"href":"https:\/\/brasilnoticias.org\/site\/wp-json\/wp\/v2\/posts\/13798\/revisions\/13800"}],"wp:featuredmedia":[{"embeddable":true,"href":"https:\/\/brasilnoticias.org\/site\/wp-json\/wp\/v2\/media\/13799"}],"wp:attachment":[{"href":"https:\/\/brasilnoticias.org\/site\/wp-json\/wp\/v2\/media?parent=13798"}],"wp:term":[{"taxonomy":"category","embeddable":true,"href":"https:\/\/brasilnoticias.org\/site\/wp-json\/wp\/v2\/categories?post=13798"},{"taxonomy":"post_tag","embeddable":true,"href":"https:\/\/brasilnoticias.org\/site\/wp-json\/wp\/v2\/tags?post=13798"}],"curies":[{"name":"wp","href":"https:\/\/api.w.org\/{rel}","templated":true}]}}