{"id":13826,"date":"2024-04-28T18:16:09","date_gmt":"2024-04-28T21:16:09","guid":{"rendered":"https:\/\/brasilnoticias.org\/site\/?p=13826"},"modified":"2024-04-28T18:16:09","modified_gmt":"2024-04-28T21:16:09","slug":"alunas-acusadas-de-racismo-contra-filha-da-atriz-samara-felippo-foram-suspensas-de-escola","status":"publish","type":"post","link":"https:\/\/brasilnoticias.org\/site\/alunas-acusadas-de-racismo-contra-filha-da-atriz-samara-felippo-foram-suspensas-de-escola\/","title":{"rendered":"Alunas acusadas de racismo contra filha da atriz Samara Felippo foram suspensas de escola"},"content":{"rendered":"<p>Felippo contou que sua filha mais velha teve o caderno rasgado e rasurado com frases racistas escritas pelas adolescentes punidas<\/p>\n<p>As duas alunas, acusadas de atos racistas contra a filha de 14 anos da atriz Samara Felippo, foram suspensas por tempo indeterminado da escola Vera Cruz, em S\u00e3o Paulo. O caso foi narrado pela atriz neste s\u00e1bado (27), que diz que a filha teve o caderno rasgado e rasurado com frases racistas pelas adolescentes. <\/p>\n<p>Informa\u00e7\u00f5es do G1 afirmam que a escola, de alto padr\u00e3o, fez um comunicado interno para as fam\u00edlias indicando que as puni\u00e7\u00f5es que as duas meninas do 9\u00ba ano receberam do col\u00e9gio. O coordenador pedag\u00f3gico do Vera Cruz, Daniel Helene, diz ter tomado as provid\u00eancias ao identificar as jovens como autoras da agress\u00e3o. <\/p>\n<p>\u201cNa quinta-feira, dia 25 de abril, as alunas agressoras foram convocadas pela Escola para devolu\u00e7\u00e3o das folhas arrancadas do caderno, bem como para serem informadas oficial e presencialmente das san\u00e7\u00f5es que seriam aplicadas a elas. As san\u00e7\u00f5es envolvem a proibi\u00e7\u00e3o da participa\u00e7\u00e3o delas na viagem de Estudo do Meio na Serra da Canastra e uma suspens\u00e3o por tempo indeterminado, iniciada na pr\u00f3pria quinta-feira\u201d, afirma Helene.<\/p>\n<p>O coordenador ainda n\u00e3o descartou outras puni\u00e7\u00f5es \u00e0s duas alunas, que podem ser julgadas necess\u00e1rias ap\u00f3s debate educacional, considerando o \u201ccombate inequ\u00edvoco ao racismo\u201d, da institui\u00e7\u00e3o. <\/p>\n<p>\u201cAs a\u00e7\u00f5es punitivas s\u00e3o determinadas conforme regras e procedimentos institucionais, que consideram os sentidos das puni\u00e7\u00f5es no ambiente escolar. As san\u00e7\u00f5es foram definidas pela equipe de Orienta\u00e7\u00e3o, Coordena\u00e7\u00e3o e Dire\u00e7\u00e3o, considerando a gravidade das ofensas. \u00c9 importante sublinhar que as alunas n\u00e3o reincidiram em agress\u00f5es racistas; a Escola nunca havia tomado conhecimento de qualquer atitude racista de ambas as alunas. A\u00e7\u00f5es de repara\u00e7\u00e3o ainda ser\u00e3o definidas\u201d, completa o coordenador.<\/p>\n<p>Foto: Reprodu\u00e7\u00e3o\/Redes Sociais\/Instagram<br \/>\nPor: Metro1<\/p>\n","protected":false},"excerpt":{"rendered":"<p>Felippo contou que sua filha mais velha teve o caderno rasgado e rasurado com frases racistas escritas pelas adolescentes punidas<\/p>\n","protected":false},"author":4,"featured_media":13827,"comment_status":"open","ping_status":"open","sticky":false,"template":"","format":"standard","meta":{"colormag_page_container_layout":"default_layout","colormag_page_sidebar_layout":"default_layout","_FSMCFIC_featured_image_caption":"","_FSMCFIC_featured_image_nocaption":"","_FSMCFIC_featured_image_hide":"","footnotes":""},"categories":[2,1],"tags":[],"class_list":["post-13826","post","type-post","status-publish","format-standard","has-post-thumbnail","hentry","category-noticias","category-ultimas"],"yoast_head":"<!-- This site is optimized with the Yoast SEO plugin v27.1.1 - https:\/\/yoast.com\/product\/yoast-seo-wordpress\/ -->\n<title>Alunas acusadas de racismo contra filha da atriz Samara Felippo foram suspensas de escola - Brasil not\u00edcias<\/title>\n<meta name=\"robots\" content=\"index, follow, max-snippet:-1, max-image-preview:large, max-video-preview:-1\" \/>\n<link rel=\"canonical\" href=\"https:\/\/brasilnoticias.org\/site\/alunas-acusadas-de-racismo-contra-filha-da-atriz-samara-felippo-foram-suspensas-de-escola\/\" \/>\n<meta property=\"og:locale\" content=\"pt_PT\" \/>\n<meta property=\"og:type\" content=\"article\" \/>\n<meta property=\"og:title\" content=\"Alunas acusadas de racismo contra filha da atriz Samara Felippo foram suspensas de escola - Brasil not\u00edcias\" \/>\n<meta property=\"og:description\" content=\"Felippo contou que sua filha mais velha teve o caderno rasgado e rasurado com frases racistas escritas pelas adolescentes punidas\" \/>\n<meta property=\"og:url\" content=\"https:\/\/brasilnoticias.org\/site\/alunas-acusadas-de-racismo-contra-filha-da-atriz-samara-felippo-foram-suspensas-de-escola\/\" \/>\n<meta property=\"og:site_name\" content=\"Brasil not\u00edcias\" \/>\n<meta property=\"article:published_time\" content=\"2024-04-28T21:16:09+00:00\" \/>\n<meta property=\"og:image\" content=\"https:\/\/brasilnoticias.org\/site\/wp-content\/uploads\/2024\/04\/149357alunas-acusadas-de-racismo-contra-filha-da-atriz-samara-felippo-foram-suspensas-de-escola-3.jpg\" \/>\n\t<meta property=\"og:image:width\" content=\"1600\" \/>\n\t<meta property=\"og:image:height\" content=\"752\" \/>\n\t<meta property=\"og:image:type\" content=\"image\/jpeg\" \/>\n<meta name=\"author\" content=\"Reda\u00e7\u00e3o\" \/>\n<meta name=\"twitter:card\" content=\"summary_large_image\" \/>\n<meta name=\"twitter:label1\" content=\"Escrito por\" \/>\n\t<meta name=\"twitter:data1\" content=\"Reda\u00e7\u00e3o\" \/>\n\t<meta name=\"twitter:label2\" content=\"Tempo estimado de leitura\" \/>\n\t<meta name=\"twitter:data2\" content=\"1 minuto\" \/>\n<script type=\"application\/ld+json\" class=\"yoast-schema-graph\">{\"@context\":\"https:\/\/schema.org\",\"@graph\":[{\"@type\":\"Article\",\"@id\":\"https:\/\/brasilnoticias.org\/site\/alunas-acusadas-de-racismo-contra-filha-da-atriz-samara-felippo-foram-suspensas-de-escola\/#article\",\"isPartOf\":{\"@id\":\"https:\/\/brasilnoticias.org\/site\/alunas-acusadas-de-racismo-contra-filha-da-atriz-samara-felippo-foram-suspensas-de-escola\/\"},\"author\":{\"name\":\"Reda\u00e7\u00e3o\",\"@id\":\"https:\/\/brasilnoticias.org\/site\/#\/schema\/person\/03bbbfe6c7634ad18c26444ea39049fa\"},\"headline\":\"Alunas acusadas de racismo contra filha da atriz Samara Felippo foram suspensas de escola\",\"datePublished\":\"2024-04-28T21:16:09+00:00\",\"mainEntityOfPage\":{\"@id\":\"https:\/\/brasilnoticias.org\/site\/alunas-acusadas-de-racismo-contra-filha-da-atriz-samara-felippo-foram-suspensas-de-escola\/\"},\"wordCount\":338,\"commentCount\":0,\"publisher\":{\"@id\":\"https:\/\/brasilnoticias.org\/site\/#organization\"},\"image\":{\"@id\":\"https:\/\/brasilnoticias.org\/site\/alunas-acusadas-de-racismo-contra-filha-da-atriz-samara-felippo-foram-suspensas-de-escola\/#primaryimage\"},\"thumbnailUrl\":\"https:\/\/brasilnoticias.org\/site\/wp-content\/uploads\/2024\/04\/149357alunas-acusadas-de-racismo-contra-filha-da-atriz-samara-felippo-foram-suspensas-de-escola-3.jpg\",\"articleSection\":[\"Not\u00edcias\",\"\u00daltimas\"],\"inLanguage\":\"pt-PT\",\"potentialAction\":[{\"@type\":\"CommentAction\",\"name\":\"Comment\",\"target\":[\"https:\/\/brasilnoticias.org\/site\/alunas-acusadas-de-racismo-contra-filha-da-atriz-samara-felippo-foram-suspensas-de-escola\/#respond\"]}]},{\"@type\":\"WebPage\",\"@id\":\"https:\/\/brasilnoticias.org\/site\/alunas-acusadas-de-racismo-contra-filha-da-atriz-samara-felippo-foram-suspensas-de-escola\/\",\"url\":\"https:\/\/brasilnoticias.org\/site\/alunas-acusadas-de-racismo-contra-filha-da-atriz-samara-felippo-foram-suspensas-de-escola\/\",\"name\":\"Alunas acusadas de racismo contra filha da atriz Samara Felippo foram suspensas de escola - Brasil not\u00edcias\",\"isPartOf\":{\"@id\":\"https:\/\/brasilnoticias.org\/site\/#website\"},\"primaryImageOfPage\":{\"@id\":\"https:\/\/brasilnoticias.org\/site\/alunas-acusadas-de-racismo-contra-filha-da-atriz-samara-felippo-foram-suspensas-de-escola\/#primaryimage\"},\"image\":{\"@id\":\"https:\/\/brasilnoticias.org\/site\/alunas-acusadas-de-racismo-contra-filha-da-atriz-samara-felippo-foram-suspensas-de-escola\/#primaryimage\"},\"thumbnailUrl\":\"https:\/\/brasilnoticias.org\/site\/wp-content\/uploads\/2024\/04\/149357alunas-acusadas-de-racismo-contra-filha-da-atriz-samara-felippo-foram-suspensas-de-escola-3.jpg\",\"datePublished\":\"2024-04-28T21:16:09+00:00\",\"breadcrumb\":{\"@id\":\"https:\/\/brasilnoticias.org\/site\/alunas-acusadas-de-racismo-contra-filha-da-atriz-samara-felippo-foram-suspensas-de-escola\/#breadcrumb\"},\"inLanguage\":\"pt-PT\",\"potentialAction\":[{\"@type\":\"ReadAction\",\"target\":[\"https:\/\/brasilnoticias.org\/site\/alunas-acusadas-de-racismo-contra-filha-da-atriz-samara-felippo-foram-suspensas-de-escola\/\"]}]},{\"@type\":\"ImageObject\",\"inLanguage\":\"pt-PT\",\"@id\":\"https:\/\/brasilnoticias.org\/site\/alunas-acusadas-de-racismo-contra-filha-da-atriz-samara-felippo-foram-suspensas-de-escola\/#primaryimage\",\"url\":\"https:\/\/brasilnoticias.org\/site\/wp-content\/uploads\/2024\/04\/149357alunas-acusadas-de-racismo-contra-filha-da-atriz-samara-felippo-foram-suspensas-de-escola-3.jpg\",\"contentUrl\":\"https:\/\/brasilnoticias.org\/site\/wp-content\/uploads\/2024\/04\/149357alunas-acusadas-de-racismo-contra-filha-da-atriz-samara-felippo-foram-suspensas-de-escola-3.jpg\",\"width\":1600,\"height\":752},{\"@type\":\"BreadcrumbList\",\"@id\":\"https:\/\/brasilnoticias.org\/site\/alunas-acusadas-de-racismo-contra-filha-da-atriz-samara-felippo-foram-suspensas-de-escola\/#breadcrumb\",\"itemListElement\":[{\"@type\":\"ListItem\",\"position\":1,\"name\":\"In\u00edcio\",\"item\":\"https:\/\/brasilnoticias.org\/site\/\"},{\"@type\":\"ListItem\",\"position\":2,\"name\":\"Alunas acusadas de racismo contra filha da atriz Samara Felippo foram suspensas de escola\"}]},{\"@type\":\"WebSite\",\"@id\":\"https:\/\/brasilnoticias.org\/site\/#website\",\"url\":\"https:\/\/brasilnoticias.org\/site\/\",\"name\":\"Brasil not\u00edcias\",\"description\":\"Brasil not\u00edcias\",\"publisher\":{\"@id\":\"https:\/\/brasilnoticias.org\/site\/#organization\"},\"potentialAction\":[{\"@type\":\"SearchAction\",\"target\":{\"@type\":\"EntryPoint\",\"urlTemplate\":\"https:\/\/brasilnoticias.org\/site\/?s={search_term_string}\"},\"query-input\":{\"@type\":\"PropertyValueSpecification\",\"valueRequired\":true,\"valueName\":\"search_term_string\"}}],\"inLanguage\":\"pt-PT\"},{\"@type\":\"Organization\",\"@id\":\"https:\/\/brasilnoticias.org\/site\/#organization\",\"name\":\"Brasil not\u00edcias\",\"url\":\"https:\/\/brasilnoticias.org\/site\/\",\"logo\":{\"@type\":\"ImageObject\",\"inLanguage\":\"pt-PT\",\"@id\":\"https:\/\/brasilnoticias.org\/site\/#\/schema\/logo\/image\/\",\"url\":\"https:\/\/brasilnoticias.org\/site\/wp-content\/uploads\/2022\/05\/cropped-brasilnoticias-mini.jpg\",\"contentUrl\":\"https:\/\/brasilnoticias.org\/site\/wp-content\/uploads\/2022\/05\/cropped-brasilnoticias-mini.jpg\",\"width\":314,\"height\":86,\"caption\":\"Brasil not\u00edcias\"},\"image\":{\"@id\":\"https:\/\/brasilnoticias.org\/site\/#\/schema\/logo\/image\/\"}},{\"@type\":\"Person\",\"@id\":\"https:\/\/brasilnoticias.org\/site\/#\/schema\/person\/03bbbfe6c7634ad18c26444ea39049fa\",\"name\":\"Reda\u00e7\u00e3o\",\"image\":{\"@type\":\"ImageObject\",\"inLanguage\":\"pt-PT\",\"@id\":\"https:\/\/brasilnoticias.org\/site\/#\/schema\/person\/image\/\",\"url\":\"https:\/\/secure.gravatar.com\/avatar\/9ecaf7327a696cb23ad926fedded5f1f04d7049de9e445375d55b48c001a6e42?s=96&d=mm&r=g\",\"contentUrl\":\"https:\/\/secure.gravatar.com\/avatar\/9ecaf7327a696cb23ad926fedded5f1f04d7049de9e445375d55b48c001a6e42?s=96&d=mm&r=g\",\"caption\":\"Reda\u00e7\u00e3o\"},\"url\":\"https:\/\/brasilnoticias.org\/site\/author\/henrique\/\"}]}<\/script>\n<!-- \/ Yoast SEO plugin. -->","yoast_head_json":{"title":"Alunas acusadas de racismo contra filha da atriz Samara Felippo foram suspensas de escola - Brasil not\u00edcias","robots":{"index":"index","follow":"follow","max-snippet":"max-snippet:-1","max-image-preview":"max-image-preview:large","max-video-preview":"max-video-preview:-1"},"canonical":"https:\/\/brasilnoticias.org\/site\/alunas-acusadas-de-racismo-contra-filha-da-atriz-samara-felippo-foram-suspensas-de-escola\/","og_locale":"pt_PT","og_type":"article","og_title":"Alunas acusadas de racismo contra filha da atriz Samara Felippo foram suspensas de escola - Brasil not\u00edcias","og_description":"Felippo contou que sua filha mais velha teve o caderno rasgado e rasurado com frases racistas escritas pelas adolescentes punidas","og_url":"https:\/\/brasilnoticias.org\/site\/alunas-acusadas-de-racismo-contra-filha-da-atriz-samara-felippo-foram-suspensas-de-escola\/","og_site_name":"Brasil not\u00edcias","article_published_time":"2024-04-28T21:16:09+00:00","og_image":[{"width":1600,"height":752,"url":"https:\/\/brasilnoticias.org\/site\/wp-content\/uploads\/2024\/04\/149357alunas-acusadas-de-racismo-contra-filha-da-atriz-samara-felippo-foram-suspensas-de-escola-3.jpg","type":"image\/jpeg"}],"author":"Reda\u00e7\u00e3o","twitter_card":"summary_large_image","twitter_misc":{"Escrito por":"Reda\u00e7\u00e3o","Tempo estimado de leitura":"1 minuto"},"schema":{"@context":"https:\/\/schema.org","@graph":[{"@type":"Article","@id":"https:\/\/brasilnoticias.org\/site\/alunas-acusadas-de-racismo-contra-filha-da-atriz-samara-felippo-foram-suspensas-de-escola\/#article","isPartOf":{"@id":"https:\/\/brasilnoticias.org\/site\/alunas-acusadas-de-racismo-contra-filha-da-atriz-samara-felippo-foram-suspensas-de-escola\/"},"author":{"name":"Reda\u00e7\u00e3o","@id":"https:\/\/brasilnoticias.org\/site\/#\/schema\/person\/03bbbfe6c7634ad18c26444ea39049fa"},"headline":"Alunas acusadas de racismo contra filha da atriz Samara Felippo foram suspensas de escola","datePublished":"2024-04-28T21:16:09+00:00","mainEntityOfPage":{"@id":"https:\/\/brasilnoticias.org\/site\/alunas-acusadas-de-racismo-contra-filha-da-atriz-samara-felippo-foram-suspensas-de-escola\/"},"wordCount":338,"commentCount":0,"publisher":{"@id":"https:\/\/brasilnoticias.org\/site\/#organization"},"image":{"@id":"https:\/\/brasilnoticias.org\/site\/alunas-acusadas-de-racismo-contra-filha-da-atriz-samara-felippo-foram-suspensas-de-escola\/#primaryimage"},"thumbnailUrl":"https:\/\/brasilnoticias.org\/site\/wp-content\/uploads\/2024\/04\/149357alunas-acusadas-de-racismo-contra-filha-da-atriz-samara-felippo-foram-suspensas-de-escola-3.jpg","articleSection":["Not\u00edcias","\u00daltimas"],"inLanguage":"pt-PT","potentialAction":[{"@type":"CommentAction","name":"Comment","target":["https:\/\/brasilnoticias.org\/site\/alunas-acusadas-de-racismo-contra-filha-da-atriz-samara-felippo-foram-suspensas-de-escola\/#respond"]}]},{"@type":"WebPage","@id":"https:\/\/brasilnoticias.org\/site\/alunas-acusadas-de-racismo-contra-filha-da-atriz-samara-felippo-foram-suspensas-de-escola\/","url":"https:\/\/brasilnoticias.org\/site\/alunas-acusadas-de-racismo-contra-filha-da-atriz-samara-felippo-foram-suspensas-de-escola\/","name":"Alunas acusadas de racismo contra filha da atriz Samara Felippo foram suspensas de escola - Brasil not\u00edcias","isPartOf":{"@id":"https:\/\/brasilnoticias.org\/site\/#website"},"primaryImageOfPage":{"@id":"https:\/\/brasilnoticias.org\/site\/alunas-acusadas-de-racismo-contra-filha-da-atriz-samara-felippo-foram-suspensas-de-escola\/#primaryimage"},"image":{"@id":"https:\/\/brasilnoticias.org\/site\/alunas-acusadas-de-racismo-contra-filha-da-atriz-samara-felippo-foram-suspensas-de-escola\/#primaryimage"},"thumbnailUrl":"https:\/\/brasilnoticias.org\/site\/wp-content\/uploads\/2024\/04\/149357alunas-acusadas-de-racismo-contra-filha-da-atriz-samara-felippo-foram-suspensas-de-escola-3.jpg","datePublished":"2024-04-28T21:16:09+00:00","breadcrumb":{"@id":"https:\/\/brasilnoticias.org\/site\/alunas-acusadas-de-racismo-contra-filha-da-atriz-samara-felippo-foram-suspensas-de-escola\/#breadcrumb"},"inLanguage":"pt-PT","potentialAction":[{"@type":"ReadAction","target":["https:\/\/brasilnoticias.org\/site\/alunas-acusadas-de-racismo-contra-filha-da-atriz-samara-felippo-foram-suspensas-de-escola\/"]}]},{"@type":"ImageObject","inLanguage":"pt-PT","@id":"https:\/\/brasilnoticias.org\/site\/alunas-acusadas-de-racismo-contra-filha-da-atriz-samara-felippo-foram-suspensas-de-escola\/#primaryimage","url":"https:\/\/brasilnoticias.org\/site\/wp-content\/uploads\/2024\/04\/149357alunas-acusadas-de-racismo-contra-filha-da-atriz-samara-felippo-foram-suspensas-de-escola-3.jpg","contentUrl":"https:\/\/brasilnoticias.org\/site\/wp-content\/uploads\/2024\/04\/149357alunas-acusadas-de-racismo-contra-filha-da-atriz-samara-felippo-foram-suspensas-de-escola-3.jpg","width":1600,"height":752},{"@type":"BreadcrumbList","@id":"https:\/\/brasilnoticias.org\/site\/alunas-acusadas-de-racismo-contra-filha-da-atriz-samara-felippo-foram-suspensas-de-escola\/#breadcrumb","itemListElement":[{"@type":"ListItem","position":1,"name":"In\u00edcio","item":"https:\/\/brasilnoticias.org\/site\/"},{"@type":"ListItem","position":2,"name":"Alunas acusadas de racismo contra filha da atriz Samara Felippo foram suspensas de escola"}]},{"@type":"WebSite","@id":"https:\/\/brasilnoticias.org\/site\/#website","url":"https:\/\/brasilnoticias.org\/site\/","name":"Brasil not\u00edcias","description":"Brasil not\u00edcias","publisher":{"@id":"https:\/\/brasilnoticias.org\/site\/#organization"},"potentialAction":[{"@type":"SearchAction","target":{"@type":"EntryPoint","urlTemplate":"https:\/\/brasilnoticias.org\/site\/?s={search_term_string}"},"query-input":{"@type":"PropertyValueSpecification","valueRequired":true,"valueName":"search_term_string"}}],"inLanguage":"pt-PT"},{"@type":"Organization","@id":"https:\/\/brasilnoticias.org\/site\/#organization","name":"Brasil not\u00edcias","url":"https:\/\/brasilnoticias.org\/site\/","logo":{"@type":"ImageObject","inLanguage":"pt-PT","@id":"https:\/\/brasilnoticias.org\/site\/#\/schema\/logo\/image\/","url":"https:\/\/brasilnoticias.org\/site\/wp-content\/uploads\/2022\/05\/cropped-brasilnoticias-mini.jpg","contentUrl":"https:\/\/brasilnoticias.org\/site\/wp-content\/uploads\/2022\/05\/cropped-brasilnoticias-mini.jpg","width":314,"height":86,"caption":"Brasil not\u00edcias"},"image":{"@id":"https:\/\/brasilnoticias.org\/site\/#\/schema\/logo\/image\/"}},{"@type":"Person","@id":"https:\/\/brasilnoticias.org\/site\/#\/schema\/person\/03bbbfe6c7634ad18c26444ea39049fa","name":"Reda\u00e7\u00e3o","image":{"@type":"ImageObject","inLanguage":"pt-PT","@id":"https:\/\/brasilnoticias.org\/site\/#\/schema\/person\/image\/","url":"https:\/\/secure.gravatar.com\/avatar\/9ecaf7327a696cb23ad926fedded5f1f04d7049de9e445375d55b48c001a6e42?s=96&d=mm&r=g","contentUrl":"https:\/\/secure.gravatar.com\/avatar\/9ecaf7327a696cb23ad926fedded5f1f04d7049de9e445375d55b48c001a6e42?s=96&d=mm&r=g","caption":"Reda\u00e7\u00e3o"},"url":"https:\/\/brasilnoticias.org\/site\/author\/henrique\/"}]}},"_links":{"self":[{"href":"https:\/\/brasilnoticias.org\/site\/wp-json\/wp\/v2\/posts\/13826","targetHints":{"allow":["GET"]}}],"collection":[{"href":"https:\/\/brasilnoticias.org\/site\/wp-json\/wp\/v2\/posts"}],"about":[{"href":"https:\/\/brasilnoticias.org\/site\/wp-json\/wp\/v2\/types\/post"}],"author":[{"embeddable":true,"href":"https:\/\/brasilnoticias.org\/site\/wp-json\/wp\/v2\/users\/4"}],"replies":[{"embeddable":true,"href":"https:\/\/brasilnoticias.org\/site\/wp-json\/wp\/v2\/comments?post=13826"}],"version-history":[{"count":1,"href":"https:\/\/brasilnoticias.org\/site\/wp-json\/wp\/v2\/posts\/13826\/revisions"}],"predecessor-version":[{"id":13828,"href":"https:\/\/brasilnoticias.org\/site\/wp-json\/wp\/v2\/posts\/13826\/revisions\/13828"}],"wp:featuredmedia":[{"embeddable":true,"href":"https:\/\/brasilnoticias.org\/site\/wp-json\/wp\/v2\/media\/13827"}],"wp:attachment":[{"href":"https:\/\/brasilnoticias.org\/site\/wp-json\/wp\/v2\/media?parent=13826"}],"wp:term":[{"taxonomy":"category","embeddable":true,"href":"https:\/\/brasilnoticias.org\/site\/wp-json\/wp\/v2\/categories?post=13826"},{"taxonomy":"post_tag","embeddable":true,"href":"https:\/\/brasilnoticias.org\/site\/wp-json\/wp\/v2\/tags?post=13826"}],"curies":[{"name":"wp","href":"https:\/\/api.w.org\/{rel}","templated":true}]}}