{"id":13829,"date":"2024-04-28T18:17:31","date_gmt":"2024-04-28T21:17:31","guid":{"rendered":"https:\/\/brasilnoticias.org\/site\/?p=13829"},"modified":"2024-04-28T18:17:31","modified_gmt":"2024-04-28T21:17:31","slug":"exercito-publica-normas-de-moderacao-das-redes-sociais-a-ideia-e-regular-nao-censurar","status":"publish","type":"post","link":"https:\/\/brasilnoticias.org\/site\/exercito-publica-normas-de-moderacao-das-redes-sociais-a-ideia-e-regular-nao-censurar\/","title":{"rendered":"Ex\u00e9rcito publica normas de modera\u00e7\u00e3o das redes sociais: \u201ca ideia \u00e9 regular, n\u00e3o censurar\u201d"},"content":{"rendered":"<p>Se as \u201cregras de uso e conviv\u00eancia\u201d serem desrespeitadas nos perfis da institui\u00e7\u00e3o, os usu\u00e1rios podem ser bloqueados<\/p>\n<p>O Ex\u00e9rcito Brasileiro divulgou a nova Pol\u00edtica de Modera\u00e7\u00e3o nas Redes Sociais, com objetivo de garantir um ambiente democr\u00e1tico nas contas da institui\u00e7\u00e3o. De acordo com a assessoria de imprensa das For\u00e7as Armadas, \u201ca ideia \u00e9 regular, n\u00e3o censurar\u201d.<\/p>\n<p>As normas do documento estabelecem restri\u00e7\u00f5es para coment\u00e1rios e intera\u00e7\u00f5es nas publica\u00e7\u00f5es da institui\u00e7\u00e3o nas redes sociais, como X (Twitter) e Instagram. Somando essas duas plataformas, o Ex\u00e9rcito possui cerca de 9 milh\u00f5es de seguidores. <\/p>\n<p>Neste domingo (28), a institui\u00e7\u00e3o emitiu um comunicado informando que poder\u00e1 \u201cencaminhar \u00e0s autoridades competentes\u201d informa\u00e7\u00f5es sobre coment\u00e1rios em suas redes sociais que incitem o \u00f3dio, a viol\u00eancia, a discrimina\u00e7\u00e3o, entre outras situa\u00e7\u00f5es.<\/p>\n<p>Os coment\u00e1rios ser\u00e3o monitorados e avaliados por uma equipe que ir\u00e1 analisar a conduta dos seguidores para evitar que as normas estabelecidas sejam extrapolados. Se caso seja desrespeitado as \u201cregras de uso e conviv\u00eancia\u201d, os usu\u00e1rios poder\u00e3o ter os coment\u00e1rios apagados e at\u00e9 serem bloqueados.<\/p>\n<p>Foto: Fabio Rodrigues-Pozzebom\/ Ag\u00eancia Brasil<br \/>\nPor: Metro1<\/p>\n","protected":false},"excerpt":{"rendered":"<p>Se as \u201cregras de uso e conviv\u00eancia\u201d serem desrespeitadas nos perfis da institui\u00e7\u00e3o, os usu\u00e1rios podem ser bloqueados O Ex\u00e9rcito<\/p>\n","protected":false},"author":4,"featured_media":13830,"comment_status":"open","ping_status":"open","sticky":false,"template":"","format":"standard","meta":{"colormag_page_container_layout":"default_layout","colormag_page_sidebar_layout":"default_layout","_FSMCFIC_featured_image_caption":"","_FSMCFIC_featured_image_nocaption":"","_FSMCFIC_featured_image_hide":"","footnotes":""},"categories":[2,1],"tags":[],"class_list":["post-13829","post","type-post","status-publish","format-standard","has-post-thumbnail","hentry","category-noticias","category-ultimas"],"yoast_head":"<!-- This site is optimized with the Yoast SEO plugin v27.1.1 - https:\/\/yoast.com\/product\/yoast-seo-wordpress\/ -->\n<title>Ex\u00e9rcito publica normas de modera\u00e7\u00e3o das redes sociais: \u201ca ideia \u00e9 regular, n\u00e3o censurar\u201d - Brasil not\u00edcias<\/title>\n<meta name=\"robots\" content=\"index, follow, max-snippet:-1, max-image-preview:large, max-video-preview:-1\" \/>\n<link rel=\"canonical\" href=\"https:\/\/brasilnoticias.org\/site\/exercito-publica-normas-de-moderacao-das-redes-sociais-a-ideia-e-regular-nao-censurar\/\" \/>\n<meta property=\"og:locale\" content=\"pt_PT\" \/>\n<meta property=\"og:type\" content=\"article\" \/>\n<meta property=\"og:title\" content=\"Ex\u00e9rcito publica normas de modera\u00e7\u00e3o das redes sociais: \u201ca ideia \u00e9 regular, n\u00e3o censurar\u201d - Brasil not\u00edcias\" \/>\n<meta property=\"og:description\" content=\"Se as \u201cregras de uso e conviv\u00eancia\u201d serem desrespeitadas nos perfis da institui\u00e7\u00e3o, os usu\u00e1rios podem ser bloqueados O Ex\u00e9rcito\" \/>\n<meta property=\"og:url\" content=\"https:\/\/brasilnoticias.org\/site\/exercito-publica-normas-de-moderacao-das-redes-sociais-a-ideia-e-regular-nao-censurar\/\" \/>\n<meta property=\"og:site_name\" content=\"Brasil not\u00edcias\" \/>\n<meta property=\"article:published_time\" content=\"2024-04-28T21:17:31+00:00\" \/>\n<meta property=\"og:image\" content=\"https:\/\/brasilnoticias.org\/site\/wp-content\/uploads\/2024\/04\/149358exercito-publica-normas-de-moderacao-das-redes-sociais-a-ideia-e-regular-nao-censurar-3.jpg\" \/>\n\t<meta property=\"og:image:width\" content=\"1600\" \/>\n\t<meta property=\"og:image:height\" content=\"752\" \/>\n\t<meta property=\"og:image:type\" content=\"image\/jpeg\" \/>\n<meta name=\"author\" content=\"Reda\u00e7\u00e3o\" \/>\n<meta name=\"twitter:card\" content=\"summary_large_image\" \/>\n<meta name=\"twitter:label1\" content=\"Escrito por\" \/>\n\t<meta name=\"twitter:data1\" content=\"Reda\u00e7\u00e3o\" \/>\n<script type=\"application\/ld+json\" class=\"yoast-schema-graph\">{\"@context\":\"https:\/\/schema.org\",\"@graph\":[{\"@type\":\"Article\",\"@id\":\"https:\/\/brasilnoticias.org\/site\/exercito-publica-normas-de-moderacao-das-redes-sociais-a-ideia-e-regular-nao-censurar\/#article\",\"isPartOf\":{\"@id\":\"https:\/\/brasilnoticias.org\/site\/exercito-publica-normas-de-moderacao-das-redes-sociais-a-ideia-e-regular-nao-censurar\/\"},\"author\":{\"name\":\"Reda\u00e7\u00e3o\",\"@id\":\"https:\/\/brasilnoticias.org\/site\/#\/schema\/person\/03bbbfe6c7634ad18c26444ea39049fa\"},\"headline\":\"Ex\u00e9rcito publica normas de modera\u00e7\u00e3o das redes sociais: \u201ca ideia \u00e9 regular, n\u00e3o censurar\u201d\",\"datePublished\":\"2024-04-28T21:17:31+00:00\",\"mainEntityOfPage\":{\"@id\":\"https:\/\/brasilnoticias.org\/site\/exercito-publica-normas-de-moderacao-das-redes-sociais-a-ideia-e-regular-nao-censurar\/\"},\"wordCount\":220,\"commentCount\":0,\"publisher\":{\"@id\":\"https:\/\/brasilnoticias.org\/site\/#organization\"},\"image\":{\"@id\":\"https:\/\/brasilnoticias.org\/site\/exercito-publica-normas-de-moderacao-das-redes-sociais-a-ideia-e-regular-nao-censurar\/#primaryimage\"},\"thumbnailUrl\":\"https:\/\/brasilnoticias.org\/site\/wp-content\/uploads\/2024\/04\/149358exercito-publica-normas-de-moderacao-das-redes-sociais-a-ideia-e-regular-nao-censurar-3.jpg\",\"articleSection\":[\"Not\u00edcias\",\"\u00daltimas\"],\"inLanguage\":\"pt-PT\",\"potentialAction\":[{\"@type\":\"CommentAction\",\"name\":\"Comment\",\"target\":[\"https:\/\/brasilnoticias.org\/site\/exercito-publica-normas-de-moderacao-das-redes-sociais-a-ideia-e-regular-nao-censurar\/#respond\"]}]},{\"@type\":\"WebPage\",\"@id\":\"https:\/\/brasilnoticias.org\/site\/exercito-publica-normas-de-moderacao-das-redes-sociais-a-ideia-e-regular-nao-censurar\/\",\"url\":\"https:\/\/brasilnoticias.org\/site\/exercito-publica-normas-de-moderacao-das-redes-sociais-a-ideia-e-regular-nao-censurar\/\",\"name\":\"Ex\u00e9rcito publica normas de modera\u00e7\u00e3o das redes sociais: \u201ca ideia \u00e9 regular, n\u00e3o censurar\u201d - Brasil not\u00edcias\",\"isPartOf\":{\"@id\":\"https:\/\/brasilnoticias.org\/site\/#website\"},\"primaryImageOfPage\":{\"@id\":\"https:\/\/brasilnoticias.org\/site\/exercito-publica-normas-de-moderacao-das-redes-sociais-a-ideia-e-regular-nao-censurar\/#primaryimage\"},\"image\":{\"@id\":\"https:\/\/brasilnoticias.org\/site\/exercito-publica-normas-de-moderacao-das-redes-sociais-a-ideia-e-regular-nao-censurar\/#primaryimage\"},\"thumbnailUrl\":\"https:\/\/brasilnoticias.org\/site\/wp-content\/uploads\/2024\/04\/149358exercito-publica-normas-de-moderacao-das-redes-sociais-a-ideia-e-regular-nao-censurar-3.jpg\",\"datePublished\":\"2024-04-28T21:17:31+00:00\",\"breadcrumb\":{\"@id\":\"https:\/\/brasilnoticias.org\/site\/exercito-publica-normas-de-moderacao-das-redes-sociais-a-ideia-e-regular-nao-censurar\/#breadcrumb\"},\"inLanguage\":\"pt-PT\",\"potentialAction\":[{\"@type\":\"ReadAction\",\"target\":[\"https:\/\/brasilnoticias.org\/site\/exercito-publica-normas-de-moderacao-das-redes-sociais-a-ideia-e-regular-nao-censurar\/\"]}]},{\"@type\":\"ImageObject\",\"inLanguage\":\"pt-PT\",\"@id\":\"https:\/\/brasilnoticias.org\/site\/exercito-publica-normas-de-moderacao-das-redes-sociais-a-ideia-e-regular-nao-censurar\/#primaryimage\",\"url\":\"https:\/\/brasilnoticias.org\/site\/wp-content\/uploads\/2024\/04\/149358exercito-publica-normas-de-moderacao-das-redes-sociais-a-ideia-e-regular-nao-censurar-3.jpg\",\"contentUrl\":\"https:\/\/brasilnoticias.org\/site\/wp-content\/uploads\/2024\/04\/149358exercito-publica-normas-de-moderacao-das-redes-sociais-a-ideia-e-regular-nao-censurar-3.jpg\",\"width\":1600,\"height\":752},{\"@type\":\"BreadcrumbList\",\"@id\":\"https:\/\/brasilnoticias.org\/site\/exercito-publica-normas-de-moderacao-das-redes-sociais-a-ideia-e-regular-nao-censurar\/#breadcrumb\",\"itemListElement\":[{\"@type\":\"ListItem\",\"position\":1,\"name\":\"In\u00edcio\",\"item\":\"https:\/\/brasilnoticias.org\/site\/\"},{\"@type\":\"ListItem\",\"position\":2,\"name\":\"Ex\u00e9rcito publica normas de modera\u00e7\u00e3o das redes sociais: \u201ca ideia \u00e9 regular, n\u00e3o censurar\u201d\"}]},{\"@type\":\"WebSite\",\"@id\":\"https:\/\/brasilnoticias.org\/site\/#website\",\"url\":\"https:\/\/brasilnoticias.org\/site\/\",\"name\":\"Brasil not\u00edcias\",\"description\":\"Brasil not\u00edcias\",\"publisher\":{\"@id\":\"https:\/\/brasilnoticias.org\/site\/#organization\"},\"potentialAction\":[{\"@type\":\"SearchAction\",\"target\":{\"@type\":\"EntryPoint\",\"urlTemplate\":\"https:\/\/brasilnoticias.org\/site\/?s={search_term_string}\"},\"query-input\":{\"@type\":\"PropertyValueSpecification\",\"valueRequired\":true,\"valueName\":\"search_term_string\"}}],\"inLanguage\":\"pt-PT\"},{\"@type\":\"Organization\",\"@id\":\"https:\/\/brasilnoticias.org\/site\/#organization\",\"name\":\"Brasil not\u00edcias\",\"url\":\"https:\/\/brasilnoticias.org\/site\/\",\"logo\":{\"@type\":\"ImageObject\",\"inLanguage\":\"pt-PT\",\"@id\":\"https:\/\/brasilnoticias.org\/site\/#\/schema\/logo\/image\/\",\"url\":\"https:\/\/brasilnoticias.org\/site\/wp-content\/uploads\/2022\/05\/cropped-brasilnoticias-mini.jpg\",\"contentUrl\":\"https:\/\/brasilnoticias.org\/site\/wp-content\/uploads\/2022\/05\/cropped-brasilnoticias-mini.jpg\",\"width\":314,\"height\":86,\"caption\":\"Brasil not\u00edcias\"},\"image\":{\"@id\":\"https:\/\/brasilnoticias.org\/site\/#\/schema\/logo\/image\/\"}},{\"@type\":\"Person\",\"@id\":\"https:\/\/brasilnoticias.org\/site\/#\/schema\/person\/03bbbfe6c7634ad18c26444ea39049fa\",\"name\":\"Reda\u00e7\u00e3o\",\"image\":{\"@type\":\"ImageObject\",\"inLanguage\":\"pt-PT\",\"@id\":\"https:\/\/brasilnoticias.org\/site\/#\/schema\/person\/image\/\",\"url\":\"https:\/\/secure.gravatar.com\/avatar\/9ecaf7327a696cb23ad926fedded5f1f04d7049de9e445375d55b48c001a6e42?s=96&d=mm&r=g\",\"contentUrl\":\"https:\/\/secure.gravatar.com\/avatar\/9ecaf7327a696cb23ad926fedded5f1f04d7049de9e445375d55b48c001a6e42?s=96&d=mm&r=g\",\"caption\":\"Reda\u00e7\u00e3o\"},\"url\":\"https:\/\/brasilnoticias.org\/site\/author\/henrique\/\"}]}<\/script>\n<!-- \/ Yoast SEO plugin. -->","yoast_head_json":{"title":"Ex\u00e9rcito publica normas de modera\u00e7\u00e3o das redes sociais: \u201ca ideia \u00e9 regular, n\u00e3o censurar\u201d - Brasil not\u00edcias","robots":{"index":"index","follow":"follow","max-snippet":"max-snippet:-1","max-image-preview":"max-image-preview:large","max-video-preview":"max-video-preview:-1"},"canonical":"https:\/\/brasilnoticias.org\/site\/exercito-publica-normas-de-moderacao-das-redes-sociais-a-ideia-e-regular-nao-censurar\/","og_locale":"pt_PT","og_type":"article","og_title":"Ex\u00e9rcito publica normas de modera\u00e7\u00e3o das redes sociais: \u201ca ideia \u00e9 regular, n\u00e3o censurar\u201d - Brasil not\u00edcias","og_description":"Se as \u201cregras de uso e conviv\u00eancia\u201d serem desrespeitadas nos perfis da institui\u00e7\u00e3o, os usu\u00e1rios podem ser bloqueados O Ex\u00e9rcito","og_url":"https:\/\/brasilnoticias.org\/site\/exercito-publica-normas-de-moderacao-das-redes-sociais-a-ideia-e-regular-nao-censurar\/","og_site_name":"Brasil not\u00edcias","article_published_time":"2024-04-28T21:17:31+00:00","og_image":[{"width":1600,"height":752,"url":"https:\/\/brasilnoticias.org\/site\/wp-content\/uploads\/2024\/04\/149358exercito-publica-normas-de-moderacao-das-redes-sociais-a-ideia-e-regular-nao-censurar-3.jpg","type":"image\/jpeg"}],"author":"Reda\u00e7\u00e3o","twitter_card":"summary_large_image","twitter_misc":{"Escrito por":"Reda\u00e7\u00e3o"},"schema":{"@context":"https:\/\/schema.org","@graph":[{"@type":"Article","@id":"https:\/\/brasilnoticias.org\/site\/exercito-publica-normas-de-moderacao-das-redes-sociais-a-ideia-e-regular-nao-censurar\/#article","isPartOf":{"@id":"https:\/\/brasilnoticias.org\/site\/exercito-publica-normas-de-moderacao-das-redes-sociais-a-ideia-e-regular-nao-censurar\/"},"author":{"name":"Reda\u00e7\u00e3o","@id":"https:\/\/brasilnoticias.org\/site\/#\/schema\/person\/03bbbfe6c7634ad18c26444ea39049fa"},"headline":"Ex\u00e9rcito publica normas de modera\u00e7\u00e3o das redes sociais: \u201ca ideia \u00e9 regular, n\u00e3o censurar\u201d","datePublished":"2024-04-28T21:17:31+00:00","mainEntityOfPage":{"@id":"https:\/\/brasilnoticias.org\/site\/exercito-publica-normas-de-moderacao-das-redes-sociais-a-ideia-e-regular-nao-censurar\/"},"wordCount":220,"commentCount":0,"publisher":{"@id":"https:\/\/brasilnoticias.org\/site\/#organization"},"image":{"@id":"https:\/\/brasilnoticias.org\/site\/exercito-publica-normas-de-moderacao-das-redes-sociais-a-ideia-e-regular-nao-censurar\/#primaryimage"},"thumbnailUrl":"https:\/\/brasilnoticias.org\/site\/wp-content\/uploads\/2024\/04\/149358exercito-publica-normas-de-moderacao-das-redes-sociais-a-ideia-e-regular-nao-censurar-3.jpg","articleSection":["Not\u00edcias","\u00daltimas"],"inLanguage":"pt-PT","potentialAction":[{"@type":"CommentAction","name":"Comment","target":["https:\/\/brasilnoticias.org\/site\/exercito-publica-normas-de-moderacao-das-redes-sociais-a-ideia-e-regular-nao-censurar\/#respond"]}]},{"@type":"WebPage","@id":"https:\/\/brasilnoticias.org\/site\/exercito-publica-normas-de-moderacao-das-redes-sociais-a-ideia-e-regular-nao-censurar\/","url":"https:\/\/brasilnoticias.org\/site\/exercito-publica-normas-de-moderacao-das-redes-sociais-a-ideia-e-regular-nao-censurar\/","name":"Ex\u00e9rcito publica normas de modera\u00e7\u00e3o das redes sociais: \u201ca ideia \u00e9 regular, n\u00e3o censurar\u201d - Brasil not\u00edcias","isPartOf":{"@id":"https:\/\/brasilnoticias.org\/site\/#website"},"primaryImageOfPage":{"@id":"https:\/\/brasilnoticias.org\/site\/exercito-publica-normas-de-moderacao-das-redes-sociais-a-ideia-e-regular-nao-censurar\/#primaryimage"},"image":{"@id":"https:\/\/brasilnoticias.org\/site\/exercito-publica-normas-de-moderacao-das-redes-sociais-a-ideia-e-regular-nao-censurar\/#primaryimage"},"thumbnailUrl":"https:\/\/brasilnoticias.org\/site\/wp-content\/uploads\/2024\/04\/149358exercito-publica-normas-de-moderacao-das-redes-sociais-a-ideia-e-regular-nao-censurar-3.jpg","datePublished":"2024-04-28T21:17:31+00:00","breadcrumb":{"@id":"https:\/\/brasilnoticias.org\/site\/exercito-publica-normas-de-moderacao-das-redes-sociais-a-ideia-e-regular-nao-censurar\/#breadcrumb"},"inLanguage":"pt-PT","potentialAction":[{"@type":"ReadAction","target":["https:\/\/brasilnoticias.org\/site\/exercito-publica-normas-de-moderacao-das-redes-sociais-a-ideia-e-regular-nao-censurar\/"]}]},{"@type":"ImageObject","inLanguage":"pt-PT","@id":"https:\/\/brasilnoticias.org\/site\/exercito-publica-normas-de-moderacao-das-redes-sociais-a-ideia-e-regular-nao-censurar\/#primaryimage","url":"https:\/\/brasilnoticias.org\/site\/wp-content\/uploads\/2024\/04\/149358exercito-publica-normas-de-moderacao-das-redes-sociais-a-ideia-e-regular-nao-censurar-3.jpg","contentUrl":"https:\/\/brasilnoticias.org\/site\/wp-content\/uploads\/2024\/04\/149358exercito-publica-normas-de-moderacao-das-redes-sociais-a-ideia-e-regular-nao-censurar-3.jpg","width":1600,"height":752},{"@type":"BreadcrumbList","@id":"https:\/\/brasilnoticias.org\/site\/exercito-publica-normas-de-moderacao-das-redes-sociais-a-ideia-e-regular-nao-censurar\/#breadcrumb","itemListElement":[{"@type":"ListItem","position":1,"name":"In\u00edcio","item":"https:\/\/brasilnoticias.org\/site\/"},{"@type":"ListItem","position":2,"name":"Ex\u00e9rcito publica normas de modera\u00e7\u00e3o das redes sociais: \u201ca ideia \u00e9 regular, n\u00e3o censurar\u201d"}]},{"@type":"WebSite","@id":"https:\/\/brasilnoticias.org\/site\/#website","url":"https:\/\/brasilnoticias.org\/site\/","name":"Brasil not\u00edcias","description":"Brasil not\u00edcias","publisher":{"@id":"https:\/\/brasilnoticias.org\/site\/#organization"},"potentialAction":[{"@type":"SearchAction","target":{"@type":"EntryPoint","urlTemplate":"https:\/\/brasilnoticias.org\/site\/?s={search_term_string}"},"query-input":{"@type":"PropertyValueSpecification","valueRequired":true,"valueName":"search_term_string"}}],"inLanguage":"pt-PT"},{"@type":"Organization","@id":"https:\/\/brasilnoticias.org\/site\/#organization","name":"Brasil not\u00edcias","url":"https:\/\/brasilnoticias.org\/site\/","logo":{"@type":"ImageObject","inLanguage":"pt-PT","@id":"https:\/\/brasilnoticias.org\/site\/#\/schema\/logo\/image\/","url":"https:\/\/brasilnoticias.org\/site\/wp-content\/uploads\/2022\/05\/cropped-brasilnoticias-mini.jpg","contentUrl":"https:\/\/brasilnoticias.org\/site\/wp-content\/uploads\/2022\/05\/cropped-brasilnoticias-mini.jpg","width":314,"height":86,"caption":"Brasil not\u00edcias"},"image":{"@id":"https:\/\/brasilnoticias.org\/site\/#\/schema\/logo\/image\/"}},{"@type":"Person","@id":"https:\/\/brasilnoticias.org\/site\/#\/schema\/person\/03bbbfe6c7634ad18c26444ea39049fa","name":"Reda\u00e7\u00e3o","image":{"@type":"ImageObject","inLanguage":"pt-PT","@id":"https:\/\/brasilnoticias.org\/site\/#\/schema\/person\/image\/","url":"https:\/\/secure.gravatar.com\/avatar\/9ecaf7327a696cb23ad926fedded5f1f04d7049de9e445375d55b48c001a6e42?s=96&d=mm&r=g","contentUrl":"https:\/\/secure.gravatar.com\/avatar\/9ecaf7327a696cb23ad926fedded5f1f04d7049de9e445375d55b48c001a6e42?s=96&d=mm&r=g","caption":"Reda\u00e7\u00e3o"},"url":"https:\/\/brasilnoticias.org\/site\/author\/henrique\/"}]}},"_links":{"self":[{"href":"https:\/\/brasilnoticias.org\/site\/wp-json\/wp\/v2\/posts\/13829","targetHints":{"allow":["GET"]}}],"collection":[{"href":"https:\/\/brasilnoticias.org\/site\/wp-json\/wp\/v2\/posts"}],"about":[{"href":"https:\/\/brasilnoticias.org\/site\/wp-json\/wp\/v2\/types\/post"}],"author":[{"embeddable":true,"href":"https:\/\/brasilnoticias.org\/site\/wp-json\/wp\/v2\/users\/4"}],"replies":[{"embeddable":true,"href":"https:\/\/brasilnoticias.org\/site\/wp-json\/wp\/v2\/comments?post=13829"}],"version-history":[{"count":1,"href":"https:\/\/brasilnoticias.org\/site\/wp-json\/wp\/v2\/posts\/13829\/revisions"}],"predecessor-version":[{"id":13831,"href":"https:\/\/brasilnoticias.org\/site\/wp-json\/wp\/v2\/posts\/13829\/revisions\/13831"}],"wp:featuredmedia":[{"embeddable":true,"href":"https:\/\/brasilnoticias.org\/site\/wp-json\/wp\/v2\/media\/13830"}],"wp:attachment":[{"href":"https:\/\/brasilnoticias.org\/site\/wp-json\/wp\/v2\/media?parent=13829"}],"wp:term":[{"taxonomy":"category","embeddable":true,"href":"https:\/\/brasilnoticias.org\/site\/wp-json\/wp\/v2\/categories?post=13829"},{"taxonomy":"post_tag","embeddable":true,"href":"https:\/\/brasilnoticias.org\/site\/wp-json\/wp\/v2\/tags?post=13829"}],"curies":[{"name":"wp","href":"https:\/\/api.w.org\/{rel}","templated":true}]}}