{"id":1384,"date":"2022-09-07T13:12:34","date_gmt":"2022-09-07T16:12:34","guid":{"rendered":"https:\/\/brasilnoticias.org\/site\/?p=1384"},"modified":"2022-09-07T13:12:34","modified_gmt":"2022-09-07T16:12:34","slug":"em-8-anos-rui-troca-apartamento-de-r-150-mil-por-mansao-de-r-4-milhoes-na-graca-diz-jornal","status":"publish","type":"post","link":"https:\/\/brasilnoticias.org\/site\/em-8-anos-rui-troca-apartamento-de-r-150-mil-por-mansao-de-r-4-milhoes-na-graca-diz-jornal\/","title":{"rendered":"Em 8 anos, Rui troca apartamento de R$ 150 mil por mans\u00e3o de R$ 4 milh\u00f5es na Gra\u00e7a, diz jornal"},"content":{"rendered":"<p>Ap\u00f3s oito anos desde que chegou ao Pal\u00e1cio de Ondina, o governador Rui Costa (PT) trocou um im\u00f3vel avaliado na \u00e9poca em R$ 150 mil por um apartamento no luxuoso Mans\u00e3o Bahiano de T\u00eanis, na Gra\u00e7a, avaliado em mais de R$ 4 milh\u00f5es. O valor da nova morada do petista \u00e9 cerca de 26 vezes maior do que o im\u00f3vel declarado por ele \u00e0 Justi\u00e7a Eleitoral em 2014, quando foi eleito para o seu primeiro mandato.<\/p>\n<p>Embora hoje o apartamento da Gra\u00e7a seja avaliado em aproximadamente R$ 4 milh\u00f5es, Rui e a primeira-dama Aline Peixoto pagaram pelo novo im\u00f3vel R$ 2,5 milh\u00f5es, de acordo com documento do cart\u00f3rio do 1\u00ba Of\u00edcio de Registro de Im\u00f3veis ao qual o CORREIO teve acesso. Deste total, R$ 2,1 milh\u00f5es foram pagos com recursos pr\u00f3prios e R$ 400 mil financiados junto a uma institui\u00e7\u00e3o banc\u00e1ria.<\/p>\n<p>Ap\u00f3s oito anos desde que chegou ao Pal\u00e1cio de Ondina, o governador Rui Costa (PT) trocou um im\u00f3vel avaliado na \u00e9poca em R$ 150 mil por um apartamento no luxuoso Mans\u00e3o Bahiano de T\u00eanis, na Gra\u00e7a, avaliado em mais de R$ 4 milh\u00f5es. O valor da nova morada do petista \u00e9 cerca de 26 vezes maior do que o im\u00f3vel declarado por ele \u00e0 Justi\u00e7a Eleitoral em 2014, quando foi eleito para o seu primeiro mandato.<\/p>\n<p>Embora hoje o apartamento da Gra\u00e7a seja avaliado em aproximadamente R$ 4 milh\u00f5es, Rui e a primeira-dama Aline Peixoto pagaram pelo novo im\u00f3vel R$ 2,5 milh\u00f5es, de acordo com documento do cart\u00f3rio do 1\u00ba Of\u00edcio de Registro de Im\u00f3veis ao qual o CORREIO teve acesso. Deste total, R$ 2,1 milh\u00f5es foram pagos com recursos pr\u00f3prios e R$ 400 mil financiados junto a uma institui\u00e7\u00e3o banc\u00e1ria.<\/p>\n<p>Antes de ser governador, Rui Costa morava em apartamento avaliado em R$ 150 mil (Foto: Divulga\u00e7\u00e3o)<\/p>\n<p>Os valores, contudo, s\u00e3o incompat\u00edveis com a renda do cacique petista. Como governador da Bahia, Rui tem sal\u00e1rio bruto de R$ 23,5 mil mensais, enquanto Aline informa no registro servidora p\u00fablica estadual, mas n\u00e3o h\u00e1 como acessar o valor dos vencimentos por limita\u00e7\u00e3o da transpar\u00eancia do governo.<\/p>\n<p>Considerando os descontos, o valor l\u00edquido da remunera\u00e7\u00e3o do governador gira em torno dos R$ 17 mil. Desta forma, para acumular os 2,1 milh\u00f5es pagos pelo apartamento na Mans\u00e3o Bahiano de T\u00eanis, Rui teria que guardar por mais de dez anos o valor integral do seu sal\u00e1rio l\u00edquido, sem gastar nada. O petista deixar\u00e1 o Executivo estadual no dia 1\u00ba de janeiro de 2023, quando passar\u00e1 o bast\u00e3o para o pr\u00f3ximo governador, que ser\u00e1 eleito em 2 de outubro.<\/p>\n<p>A Mans\u00e3o Bahiano de T\u00eanis, empreendimento lan\u00e7ado pela incorporadora Moura Dubeux, tem taxa de condom\u00ednio no valor de R$ 2.400 e IPTU mensal de R$ 2.000. A nova morada do governador tem 305 metros quadrados e quatro su\u00edtes. No edif\u00edcio, s\u00e3o dois im\u00f3veis por andar e quatro elevadores com hall privativo.<\/p>\n<p>A estrutura do condom\u00ednio conta com piscina aquecida coberta, academia, brinquedoteca, sal\u00e3o de jogos, sal\u00e3o de festas, SPA, espa\u00e7o gourmet e um cinema e quatro vagas de garagem.<\/p>\n<p>O antigo lar do governador, declarado por ele em 2014, \u00e9 quase tr\u00eas vezes menor do que o novo im\u00f3vel. O apartamento, localizado no Rio Vermelho, tem em torno de 120 metros quadrados num pr\u00e9dio com apar\u00eancia de constru\u00e7\u00e3o antiga. S\u00e3o tr\u00eas quartos, sendo uma su\u00edte, garagem, elevador, sal\u00e3o de festas e \u00e1rea para crian\u00e7as. O aluguel no local gira em torno dos R$ 2,7 mil, similar ao valor que Rui pagar\u00e1 somente pela taxa de condom\u00ednio na Mans\u00e3o Bahiano de T\u00eanis.<\/p>\n<p>No primeiro ano, quando foi eleito, em 2014, Rui declarou R$ 189,5 mil em bens. J\u00e1 em 2018, quando foi reeleito, este valor chegou a R$ 674,3 mil. N\u00e3o \u00e9 poss\u00edvel ter uma declara\u00e7\u00e3o deste ano, pois Rui n\u00e3o ser\u00e1 candidato a nada e, assim, n\u00e3o precisa informar sobre seus bens \u00e0 Justi\u00e7a Eleitoral, mas com o novo im\u00f3vel dever\u00e1 subir bastante. No momento, o ritmo de obras no novo apartamento do governador \u00e9 intenso. Num vai e vem de empresas de engenharia para deixar tudo pronto at\u00e9 1\u00b0de janeiro, quando ele deixar\u00e1 o Pal\u00e1cio de Ondina rumo \u00e0 nova resid\u00eancia, na Gra\u00e7a.<\/p>\n<p><em>Informa\u00e7\u00f5s do Correio* \/ Foto: Divulga\u00e7\u00e3o<\/em><\/p>\n","protected":false},"excerpt":{"rendered":"<p>Ap\u00f3s oito anos desde que chegou ao Pal\u00e1cio de Ondina, o governador Rui Costa (PT) trocou um im\u00f3vel avaliado na<\/p>\n","protected":false},"author":2,"featured_media":1385,"comment_status":"open","ping_status":"open","sticky":false,"template":"","format":"standard","meta":{"colormag_page_container_layout":"default_layout","colormag_page_sidebar_layout":"default_layout","_FSMCFIC_featured_image_caption":"","_FSMCFIC_featured_image_nocaption":"","_FSMCFIC_featured_image_hide":"","footnotes":""},"categories":[5,1],"tags":[],"class_list":["post-1384","post","type-post","status-publish","format-standard","has-post-thumbnail","hentry","category-politica","category-ultimas"],"yoast_head":"<!-- This site is optimized with the Yoast SEO plugin v27.1.1 - https:\/\/yoast.com\/product\/yoast-seo-wordpress\/ -->\n<title>Em 8 anos, Rui troca apartamento de R$ 150 mil por mans\u00e3o de R$ 4 milh\u00f5es na Gra\u00e7a, diz jornal - Brasil not\u00edcias<\/title>\n<meta name=\"robots\" content=\"index, follow, max-snippet:-1, max-image-preview:large, max-video-preview:-1\" \/>\n<link rel=\"canonical\" href=\"https:\/\/brasilnoticias.org\/site\/em-8-anos-rui-troca-apartamento-de-r-150-mil-por-mansao-de-r-4-milhoes-na-graca-diz-jornal\/\" \/>\n<meta property=\"og:locale\" content=\"pt_PT\" \/>\n<meta property=\"og:type\" content=\"article\" \/>\n<meta property=\"og:title\" content=\"Em 8 anos, Rui troca apartamento de R$ 150 mil por mans\u00e3o de R$ 4 milh\u00f5es na Gra\u00e7a, diz jornal - Brasil not\u00edcias\" \/>\n<meta property=\"og:description\" content=\"Ap\u00f3s oito anos desde que chegou ao Pal\u00e1cio de Ondina, o governador Rui Costa (PT) trocou um im\u00f3vel avaliado na\" \/>\n<meta property=\"og:url\" content=\"https:\/\/brasilnoticias.org\/site\/em-8-anos-rui-troca-apartamento-de-r-150-mil-por-mansao-de-r-4-milhoes-na-graca-diz-jornal\/\" \/>\n<meta property=\"og:site_name\" content=\"Brasil not\u00edcias\" \/>\n<meta property=\"article:published_time\" content=\"2022-09-07T16:12:34+00:00\" \/>\n<meta property=\"og:image\" content=\"https:\/\/brasilnoticias.org\/site\/wp-content\/uploads\/2022\/09\/images-2.jpeg\" \/>\n\t<meta property=\"og:image:width\" content=\"678\" \/>\n\t<meta property=\"og:image:height\" content=\"452\" \/>\n\t<meta property=\"og:image:type\" content=\"image\/jpeg\" \/>\n<meta name=\"author\" content=\"Reda\u00e7\u00e3o\" \/>\n<meta name=\"twitter:card\" content=\"summary_large_image\" \/>\n<meta name=\"twitter:label1\" content=\"Escrito por\" \/>\n\t<meta name=\"twitter:data1\" content=\"Reda\u00e7\u00e3o\" \/>\n\t<meta name=\"twitter:label2\" content=\"Tempo estimado de leitura\" \/>\n\t<meta name=\"twitter:data2\" content=\"4 minutos\" \/>\n<script type=\"application\/ld+json\" class=\"yoast-schema-graph\">{\"@context\":\"https:\/\/schema.org\",\"@graph\":[{\"@type\":\"Article\",\"@id\":\"https:\/\/brasilnoticias.org\/site\/em-8-anos-rui-troca-apartamento-de-r-150-mil-por-mansao-de-r-4-milhoes-na-graca-diz-jornal\/#article\",\"isPartOf\":{\"@id\":\"https:\/\/brasilnoticias.org\/site\/em-8-anos-rui-troca-apartamento-de-r-150-mil-por-mansao-de-r-4-milhoes-na-graca-diz-jornal\/\"},\"author\":{\"name\":\"Reda\u00e7\u00e3o\",\"@id\":\"https:\/\/brasilnoticias.org\/site\/#\/schema\/person\/f609fa847b5314f1c8b983342f34c798\"},\"headline\":\"Em 8 anos, Rui troca apartamento de R$ 150 mil por mans\u00e3o de R$ 4 milh\u00f5es na Gra\u00e7a, diz jornal\",\"datePublished\":\"2022-09-07T16:12:34+00:00\",\"mainEntityOfPage\":{\"@id\":\"https:\/\/brasilnoticias.org\/site\/em-8-anos-rui-troca-apartamento-de-r-150-mil-por-mansao-de-r-4-milhoes-na-graca-diz-jornal\/\"},\"wordCount\":763,\"commentCount\":0,\"publisher\":{\"@id\":\"https:\/\/brasilnoticias.org\/site\/#organization\"},\"image\":{\"@id\":\"https:\/\/brasilnoticias.org\/site\/em-8-anos-rui-troca-apartamento-de-r-150-mil-por-mansao-de-r-4-milhoes-na-graca-diz-jornal\/#primaryimage\"},\"thumbnailUrl\":\"https:\/\/brasilnoticias.org\/site\/wp-content\/uploads\/2022\/09\/images-2.jpeg\",\"articleSection\":[\"Pol\u00edtica\",\"\u00daltimas\"],\"inLanguage\":\"pt-PT\",\"potentialAction\":[{\"@type\":\"CommentAction\",\"name\":\"Comment\",\"target\":[\"https:\/\/brasilnoticias.org\/site\/em-8-anos-rui-troca-apartamento-de-r-150-mil-por-mansao-de-r-4-milhoes-na-graca-diz-jornal\/#respond\"]}]},{\"@type\":\"WebPage\",\"@id\":\"https:\/\/brasilnoticias.org\/site\/em-8-anos-rui-troca-apartamento-de-r-150-mil-por-mansao-de-r-4-milhoes-na-graca-diz-jornal\/\",\"url\":\"https:\/\/brasilnoticias.org\/site\/em-8-anos-rui-troca-apartamento-de-r-150-mil-por-mansao-de-r-4-milhoes-na-graca-diz-jornal\/\",\"name\":\"Em 8 anos, Rui troca apartamento de R$ 150 mil por mans\u00e3o de R$ 4 milh\u00f5es na Gra\u00e7a, diz jornal - Brasil not\u00edcias\",\"isPartOf\":{\"@id\":\"https:\/\/brasilnoticias.org\/site\/#website\"},\"primaryImageOfPage\":{\"@id\":\"https:\/\/brasilnoticias.org\/site\/em-8-anos-rui-troca-apartamento-de-r-150-mil-por-mansao-de-r-4-milhoes-na-graca-diz-jornal\/#primaryimage\"},\"image\":{\"@id\":\"https:\/\/brasilnoticias.org\/site\/em-8-anos-rui-troca-apartamento-de-r-150-mil-por-mansao-de-r-4-milhoes-na-graca-diz-jornal\/#primaryimage\"},\"thumbnailUrl\":\"https:\/\/brasilnoticias.org\/site\/wp-content\/uploads\/2022\/09\/images-2.jpeg\",\"datePublished\":\"2022-09-07T16:12:34+00:00\",\"breadcrumb\":{\"@id\":\"https:\/\/brasilnoticias.org\/site\/em-8-anos-rui-troca-apartamento-de-r-150-mil-por-mansao-de-r-4-milhoes-na-graca-diz-jornal\/#breadcrumb\"},\"inLanguage\":\"pt-PT\",\"potentialAction\":[{\"@type\":\"ReadAction\",\"target\":[\"https:\/\/brasilnoticias.org\/site\/em-8-anos-rui-troca-apartamento-de-r-150-mil-por-mansao-de-r-4-milhoes-na-graca-diz-jornal\/\"]}]},{\"@type\":\"ImageObject\",\"inLanguage\":\"pt-PT\",\"@id\":\"https:\/\/brasilnoticias.org\/site\/em-8-anos-rui-troca-apartamento-de-r-150-mil-por-mansao-de-r-4-milhoes-na-graca-diz-jornal\/#primaryimage\",\"url\":\"https:\/\/brasilnoticias.org\/site\/wp-content\/uploads\/2022\/09\/images-2.jpeg\",\"contentUrl\":\"https:\/\/brasilnoticias.org\/site\/wp-content\/uploads\/2022\/09\/images-2.jpeg\",\"width\":678,\"height\":452},{\"@type\":\"BreadcrumbList\",\"@id\":\"https:\/\/brasilnoticias.org\/site\/em-8-anos-rui-troca-apartamento-de-r-150-mil-por-mansao-de-r-4-milhoes-na-graca-diz-jornal\/#breadcrumb\",\"itemListElement\":[{\"@type\":\"ListItem\",\"position\":1,\"name\":\"In\u00edcio\",\"item\":\"https:\/\/brasilnoticias.org\/site\/\"},{\"@type\":\"ListItem\",\"position\":2,\"name\":\"Em 8 anos, Rui troca apartamento de R$ 150 mil por mans\u00e3o de R$ 4 milh\u00f5es na Gra\u00e7a, diz jornal\"}]},{\"@type\":\"WebSite\",\"@id\":\"https:\/\/brasilnoticias.org\/site\/#website\",\"url\":\"https:\/\/brasilnoticias.org\/site\/\",\"name\":\"Brasil not\u00edcias\",\"description\":\"Brasil not\u00edcias\",\"publisher\":{\"@id\":\"https:\/\/brasilnoticias.org\/site\/#organization\"},\"potentialAction\":[{\"@type\":\"SearchAction\",\"target\":{\"@type\":\"EntryPoint\",\"urlTemplate\":\"https:\/\/brasilnoticias.org\/site\/?s={search_term_string}\"},\"query-input\":{\"@type\":\"PropertyValueSpecification\",\"valueRequired\":true,\"valueName\":\"search_term_string\"}}],\"inLanguage\":\"pt-PT\"},{\"@type\":\"Organization\",\"@id\":\"https:\/\/brasilnoticias.org\/site\/#organization\",\"name\":\"Brasil not\u00edcias\",\"url\":\"https:\/\/brasilnoticias.org\/site\/\",\"logo\":{\"@type\":\"ImageObject\",\"inLanguage\":\"pt-PT\",\"@id\":\"https:\/\/brasilnoticias.org\/site\/#\/schema\/logo\/image\/\",\"url\":\"https:\/\/brasilnoticias.org\/site\/wp-content\/uploads\/2022\/05\/cropped-brasilnoticias-mini.jpg\",\"contentUrl\":\"https:\/\/brasilnoticias.org\/site\/wp-content\/uploads\/2022\/05\/cropped-brasilnoticias-mini.jpg\",\"width\":314,\"height\":86,\"caption\":\"Brasil not\u00edcias\"},\"image\":{\"@id\":\"https:\/\/brasilnoticias.org\/site\/#\/schema\/logo\/image\/\"}},{\"@type\":\"Person\",\"@id\":\"https:\/\/brasilnoticias.org\/site\/#\/schema\/person\/f609fa847b5314f1c8b983342f34c798\",\"name\":\"Reda\u00e7\u00e3o\",\"image\":{\"@type\":\"ImageObject\",\"inLanguage\":\"pt-PT\",\"@id\":\"https:\/\/brasilnoticias.org\/site\/#\/schema\/person\/image\/\",\"url\":\"https:\/\/secure.gravatar.com\/avatar\/447284c06c1ad8b46465a36de9cd0d8326b73387a22799b8b1ffb1fbcff2ed0c?s=96&d=mm&r=g\",\"contentUrl\":\"https:\/\/secure.gravatar.com\/avatar\/447284c06c1ad8b46465a36de9cd0d8326b73387a22799b8b1ffb1fbcff2ed0c?s=96&d=mm&r=g\",\"caption\":\"Reda\u00e7\u00e3o\"},\"url\":\"https:\/\/brasilnoticias.org\/site\/author\/redacao\/\"}]}<\/script>\n<!-- \/ Yoast SEO plugin. -->","yoast_head_json":{"title":"Em 8 anos, Rui troca apartamento de R$ 150 mil por mans\u00e3o de R$ 4 milh\u00f5es na Gra\u00e7a, diz jornal - Brasil not\u00edcias","robots":{"index":"index","follow":"follow","max-snippet":"max-snippet:-1","max-image-preview":"max-image-preview:large","max-video-preview":"max-video-preview:-1"},"canonical":"https:\/\/brasilnoticias.org\/site\/em-8-anos-rui-troca-apartamento-de-r-150-mil-por-mansao-de-r-4-milhoes-na-graca-diz-jornal\/","og_locale":"pt_PT","og_type":"article","og_title":"Em 8 anos, Rui troca apartamento de R$ 150 mil por mans\u00e3o de R$ 4 milh\u00f5es na Gra\u00e7a, diz jornal - Brasil not\u00edcias","og_description":"Ap\u00f3s oito anos desde que chegou ao Pal\u00e1cio de Ondina, o governador Rui Costa (PT) trocou um im\u00f3vel avaliado na","og_url":"https:\/\/brasilnoticias.org\/site\/em-8-anos-rui-troca-apartamento-de-r-150-mil-por-mansao-de-r-4-milhoes-na-graca-diz-jornal\/","og_site_name":"Brasil not\u00edcias","article_published_time":"2022-09-07T16:12:34+00:00","og_image":[{"width":678,"height":452,"url":"https:\/\/brasilnoticias.org\/site\/wp-content\/uploads\/2022\/09\/images-2.jpeg","type":"image\/jpeg"}],"author":"Reda\u00e7\u00e3o","twitter_card":"summary_large_image","twitter_misc":{"Escrito por":"Reda\u00e7\u00e3o","Tempo estimado de leitura":"4 minutos"},"schema":{"@context":"https:\/\/schema.org","@graph":[{"@type":"Article","@id":"https:\/\/brasilnoticias.org\/site\/em-8-anos-rui-troca-apartamento-de-r-150-mil-por-mansao-de-r-4-milhoes-na-graca-diz-jornal\/#article","isPartOf":{"@id":"https:\/\/brasilnoticias.org\/site\/em-8-anos-rui-troca-apartamento-de-r-150-mil-por-mansao-de-r-4-milhoes-na-graca-diz-jornal\/"},"author":{"name":"Reda\u00e7\u00e3o","@id":"https:\/\/brasilnoticias.org\/site\/#\/schema\/person\/f609fa847b5314f1c8b983342f34c798"},"headline":"Em 8 anos, Rui troca apartamento de R$ 150 mil por mans\u00e3o de R$ 4 milh\u00f5es na Gra\u00e7a, diz jornal","datePublished":"2022-09-07T16:12:34+00:00","mainEntityOfPage":{"@id":"https:\/\/brasilnoticias.org\/site\/em-8-anos-rui-troca-apartamento-de-r-150-mil-por-mansao-de-r-4-milhoes-na-graca-diz-jornal\/"},"wordCount":763,"commentCount":0,"publisher":{"@id":"https:\/\/brasilnoticias.org\/site\/#organization"},"image":{"@id":"https:\/\/brasilnoticias.org\/site\/em-8-anos-rui-troca-apartamento-de-r-150-mil-por-mansao-de-r-4-milhoes-na-graca-diz-jornal\/#primaryimage"},"thumbnailUrl":"https:\/\/brasilnoticias.org\/site\/wp-content\/uploads\/2022\/09\/images-2.jpeg","articleSection":["Pol\u00edtica","\u00daltimas"],"inLanguage":"pt-PT","potentialAction":[{"@type":"CommentAction","name":"Comment","target":["https:\/\/brasilnoticias.org\/site\/em-8-anos-rui-troca-apartamento-de-r-150-mil-por-mansao-de-r-4-milhoes-na-graca-diz-jornal\/#respond"]}]},{"@type":"WebPage","@id":"https:\/\/brasilnoticias.org\/site\/em-8-anos-rui-troca-apartamento-de-r-150-mil-por-mansao-de-r-4-milhoes-na-graca-diz-jornal\/","url":"https:\/\/brasilnoticias.org\/site\/em-8-anos-rui-troca-apartamento-de-r-150-mil-por-mansao-de-r-4-milhoes-na-graca-diz-jornal\/","name":"Em 8 anos, Rui troca apartamento de R$ 150 mil por mans\u00e3o de R$ 4 milh\u00f5es na Gra\u00e7a, diz jornal - Brasil not\u00edcias","isPartOf":{"@id":"https:\/\/brasilnoticias.org\/site\/#website"},"primaryImageOfPage":{"@id":"https:\/\/brasilnoticias.org\/site\/em-8-anos-rui-troca-apartamento-de-r-150-mil-por-mansao-de-r-4-milhoes-na-graca-diz-jornal\/#primaryimage"},"image":{"@id":"https:\/\/brasilnoticias.org\/site\/em-8-anos-rui-troca-apartamento-de-r-150-mil-por-mansao-de-r-4-milhoes-na-graca-diz-jornal\/#primaryimage"},"thumbnailUrl":"https:\/\/brasilnoticias.org\/site\/wp-content\/uploads\/2022\/09\/images-2.jpeg","datePublished":"2022-09-07T16:12:34+00:00","breadcrumb":{"@id":"https:\/\/brasilnoticias.org\/site\/em-8-anos-rui-troca-apartamento-de-r-150-mil-por-mansao-de-r-4-milhoes-na-graca-diz-jornal\/#breadcrumb"},"inLanguage":"pt-PT","potentialAction":[{"@type":"ReadAction","target":["https:\/\/brasilnoticias.org\/site\/em-8-anos-rui-troca-apartamento-de-r-150-mil-por-mansao-de-r-4-milhoes-na-graca-diz-jornal\/"]}]},{"@type":"ImageObject","inLanguage":"pt-PT","@id":"https:\/\/brasilnoticias.org\/site\/em-8-anos-rui-troca-apartamento-de-r-150-mil-por-mansao-de-r-4-milhoes-na-graca-diz-jornal\/#primaryimage","url":"https:\/\/brasilnoticias.org\/site\/wp-content\/uploads\/2022\/09\/images-2.jpeg","contentUrl":"https:\/\/brasilnoticias.org\/site\/wp-content\/uploads\/2022\/09\/images-2.jpeg","width":678,"height":452},{"@type":"BreadcrumbList","@id":"https:\/\/brasilnoticias.org\/site\/em-8-anos-rui-troca-apartamento-de-r-150-mil-por-mansao-de-r-4-milhoes-na-graca-diz-jornal\/#breadcrumb","itemListElement":[{"@type":"ListItem","position":1,"name":"In\u00edcio","item":"https:\/\/brasilnoticias.org\/site\/"},{"@type":"ListItem","position":2,"name":"Em 8 anos, Rui troca apartamento de R$ 150 mil por mans\u00e3o de R$ 4 milh\u00f5es na Gra\u00e7a, diz jornal"}]},{"@type":"WebSite","@id":"https:\/\/brasilnoticias.org\/site\/#website","url":"https:\/\/brasilnoticias.org\/site\/","name":"Brasil not\u00edcias","description":"Brasil not\u00edcias","publisher":{"@id":"https:\/\/brasilnoticias.org\/site\/#organization"},"potentialAction":[{"@type":"SearchAction","target":{"@type":"EntryPoint","urlTemplate":"https:\/\/brasilnoticias.org\/site\/?s={search_term_string}"},"query-input":{"@type":"PropertyValueSpecification","valueRequired":true,"valueName":"search_term_string"}}],"inLanguage":"pt-PT"},{"@type":"Organization","@id":"https:\/\/brasilnoticias.org\/site\/#organization","name":"Brasil not\u00edcias","url":"https:\/\/brasilnoticias.org\/site\/","logo":{"@type":"ImageObject","inLanguage":"pt-PT","@id":"https:\/\/brasilnoticias.org\/site\/#\/schema\/logo\/image\/","url":"https:\/\/brasilnoticias.org\/site\/wp-content\/uploads\/2022\/05\/cropped-brasilnoticias-mini.jpg","contentUrl":"https:\/\/brasilnoticias.org\/site\/wp-content\/uploads\/2022\/05\/cropped-brasilnoticias-mini.jpg","width":314,"height":86,"caption":"Brasil not\u00edcias"},"image":{"@id":"https:\/\/brasilnoticias.org\/site\/#\/schema\/logo\/image\/"}},{"@type":"Person","@id":"https:\/\/brasilnoticias.org\/site\/#\/schema\/person\/f609fa847b5314f1c8b983342f34c798","name":"Reda\u00e7\u00e3o","image":{"@type":"ImageObject","inLanguage":"pt-PT","@id":"https:\/\/brasilnoticias.org\/site\/#\/schema\/person\/image\/","url":"https:\/\/secure.gravatar.com\/avatar\/447284c06c1ad8b46465a36de9cd0d8326b73387a22799b8b1ffb1fbcff2ed0c?s=96&d=mm&r=g","contentUrl":"https:\/\/secure.gravatar.com\/avatar\/447284c06c1ad8b46465a36de9cd0d8326b73387a22799b8b1ffb1fbcff2ed0c?s=96&d=mm&r=g","caption":"Reda\u00e7\u00e3o"},"url":"https:\/\/brasilnoticias.org\/site\/author\/redacao\/"}]}},"_links":{"self":[{"href":"https:\/\/brasilnoticias.org\/site\/wp-json\/wp\/v2\/posts\/1384","targetHints":{"allow":["GET"]}}],"collection":[{"href":"https:\/\/brasilnoticias.org\/site\/wp-json\/wp\/v2\/posts"}],"about":[{"href":"https:\/\/brasilnoticias.org\/site\/wp-json\/wp\/v2\/types\/post"}],"author":[{"embeddable":true,"href":"https:\/\/brasilnoticias.org\/site\/wp-json\/wp\/v2\/users\/2"}],"replies":[{"embeddable":true,"href":"https:\/\/brasilnoticias.org\/site\/wp-json\/wp\/v2\/comments?post=1384"}],"version-history":[{"count":1,"href":"https:\/\/brasilnoticias.org\/site\/wp-json\/wp\/v2\/posts\/1384\/revisions"}],"predecessor-version":[{"id":1386,"href":"https:\/\/brasilnoticias.org\/site\/wp-json\/wp\/v2\/posts\/1384\/revisions\/1386"}],"wp:featuredmedia":[{"embeddable":true,"href":"https:\/\/brasilnoticias.org\/site\/wp-json\/wp\/v2\/media\/1385"}],"wp:attachment":[{"href":"https:\/\/brasilnoticias.org\/site\/wp-json\/wp\/v2\/media?parent=1384"}],"wp:term":[{"taxonomy":"category","embeddable":true,"href":"https:\/\/brasilnoticias.org\/site\/wp-json\/wp\/v2\/categories?post=1384"},{"taxonomy":"post_tag","embeddable":true,"href":"https:\/\/brasilnoticias.org\/site\/wp-json\/wp\/v2\/tags?post=1384"}],"curies":[{"name":"wp","href":"https:\/\/api.w.org\/{rel}","templated":true}]}}