{"id":13847,"date":"2024-04-30T11:57:45","date_gmt":"2024-04-30T14:57:45","guid":{"rendered":"https:\/\/brasilnoticias.org\/site\/?p=13847"},"modified":"2024-04-30T11:57:45","modified_gmt":"2024-04-30T14:57:45","slug":"abelardo-paulo-da-matta-neto-toma-posse-como-novo-presidente-do-tre-ba","status":"publish","type":"post","link":"https:\/\/brasilnoticias.org\/site\/abelardo-paulo-da-matta-neto-toma-posse-como-novo-presidente-do-tre-ba\/","title":{"rendered":"Abelardo Paulo da Matta Neto toma posse como novo presidente do TRE-BA"},"content":{"rendered":"<p>Abelardo Paulo da Matta Neto ocupou interinamente a presid\u00eancia do TRE-BA no m\u00eas de fevereiro e no in\u00edcio de abril foi oficialmente empossado<\/p>\n<p>O desembargador Abelardo Paulo da Matta Neto assumiu, nesta segunda-feira (29), como novo presidente do Tribunal Regional Eleitoral da Bahia (TRE-BA). A cerim\u00f4nia de posse aconteceu na sede do Tribunal de Justi\u00e7a da Bahia (TJ-BA) e contou com presen\u00e7as como a  do governador Jer\u00f4nimo Rodrigues (PT), do prefeito de Salvador, Bruno Reis (Uni\u00e3o Brasil) e dos presidentes da Assembleia Legislativa da Bahia e da C\u00e2mara Municipal, Adolfo Menezes e Carlos Muniz respectivamente.<\/p>\n<p>Em seu discurso, o novo presidente do TRE-BA citou a necessidade de fortalecer a democracia e o desafio de assumir a presid\u00eancia em um ano de elei\u00e7\u00e3o. \u201cAgora \u00e9 hora de ir \u00e0 luta, de trabalhar duro e de continuar regando uma semente muito preciosa para n\u00f3s, cuja esp\u00e9cie precisa ser preservada e fortalecida. Falo da democracia\u201d, disse.<\/p>\n<p>\u201cEm pleno ano de elei\u00e7\u00f5es municipais, traz aos meus ombros a responsabilidade de gerir e colocar em pr\u00e1tica muitos dos aprendizados adquiridos ao longo da vida como magistrado, mas tamb\u00e9m como ser humano\u201d, afirmou.<\/p>\n<p>Abelardo Paulo da Matta Neto ocupou interinamente a presid\u00eancia do TRE-BA no m\u00eas de fevereiro, j\u00e1 no in\u00edcio de abril ele foi oficialmente empossado. O desembargador concluiu, em 1984, o bacharelado em Direito na Universidade Federal da Bahia (UFBA), onde tamb\u00e9m fez mestrado em Seguran\u00e7a P\u00fablica, Justi\u00e7a e Cidadania. O novo presidente do TRE-BA acumula tamb\u00e9m experi\u00eancias em diversas Comarcas do interior do estado at\u00e9 chegar em Salvador em 1997. Ele foi ainda ouvidor-Geral do TJ-BA entre 2000 a 2002.<\/p>\n<p>Foto: Divulga\u00e7\u00e3o\/Ascom AL-BA<br \/>\nPor: Metro1<\/p>\n","protected":false},"excerpt":{"rendered":"<p>Abelardo Paulo da Matta Neto ocupou interinamente a presid\u00eancia do TRE-BA no m\u00eas de fevereiro e no in\u00edcio de abril<\/p>\n","protected":false},"author":4,"featured_media":13848,"comment_status":"open","ping_status":"open","sticky":false,"template":"","format":"standard","meta":{"colormag_page_container_layout":"default_layout","colormag_page_sidebar_layout":"default_layout","_FSMCFIC_featured_image_caption":"","_FSMCFIC_featured_image_nocaption":"","_FSMCFIC_featured_image_hide":"","footnotes":""},"categories":[7,1],"tags":[],"class_list":["post-13847","post","type-post","status-publish","format-standard","has-post-thumbnail","hentry","category-justica","category-ultimas"],"yoast_head":"<!-- This site is optimized with the Yoast SEO plugin v27.1.1 - https:\/\/yoast.com\/product\/yoast-seo-wordpress\/ -->\n<title>Abelardo Paulo da Matta Neto toma posse como novo presidente do TRE-BA - Brasil not\u00edcias<\/title>\n<meta name=\"robots\" content=\"index, follow, max-snippet:-1, max-image-preview:large, max-video-preview:-1\" \/>\n<link rel=\"canonical\" href=\"https:\/\/brasilnoticias.org\/site\/abelardo-paulo-da-matta-neto-toma-posse-como-novo-presidente-do-tre-ba\/\" \/>\n<meta property=\"og:locale\" content=\"pt_PT\" \/>\n<meta property=\"og:type\" content=\"article\" \/>\n<meta property=\"og:title\" content=\"Abelardo Paulo da Matta Neto toma posse como novo presidente do TRE-BA - Brasil not\u00edcias\" \/>\n<meta property=\"og:description\" content=\"Abelardo Paulo da Matta Neto ocupou interinamente a presid\u00eancia do TRE-BA no m\u00eas de fevereiro e no in\u00edcio de abril\" \/>\n<meta property=\"og:url\" content=\"https:\/\/brasilnoticias.org\/site\/abelardo-paulo-da-matta-neto-toma-posse-como-novo-presidente-do-tre-ba\/\" \/>\n<meta property=\"og:site_name\" content=\"Brasil not\u00edcias\" \/>\n<meta property=\"article:published_time\" content=\"2024-04-30T14:57:45+00:00\" \/>\n<meta property=\"og:image\" content=\"https:\/\/brasilnoticias.org\/site\/wp-content\/uploads\/2024\/04\/149443abelardo-paulo-da-matta-neto-toma-posse-como-novo-presidente-do-tre-ba-3.jpg\" \/>\n\t<meta property=\"og:image:width\" content=\"1600\" \/>\n\t<meta property=\"og:image:height\" content=\"752\" \/>\n\t<meta property=\"og:image:type\" content=\"image\/jpeg\" \/>\n<meta name=\"author\" content=\"Reda\u00e7\u00e3o\" \/>\n<meta name=\"twitter:card\" content=\"summary_large_image\" \/>\n<meta name=\"twitter:label1\" content=\"Escrito por\" \/>\n\t<meta name=\"twitter:data1\" content=\"Reda\u00e7\u00e3o\" \/>\n\t<meta name=\"twitter:label2\" content=\"Tempo estimado de leitura\" \/>\n\t<meta name=\"twitter:data2\" content=\"1 minuto\" \/>\n<script type=\"application\/ld+json\" class=\"yoast-schema-graph\">{\"@context\":\"https:\/\/schema.org\",\"@graph\":[{\"@type\":\"Article\",\"@id\":\"https:\/\/brasilnoticias.org\/site\/abelardo-paulo-da-matta-neto-toma-posse-como-novo-presidente-do-tre-ba\/#article\",\"isPartOf\":{\"@id\":\"https:\/\/brasilnoticias.org\/site\/abelardo-paulo-da-matta-neto-toma-posse-como-novo-presidente-do-tre-ba\/\"},\"author\":{\"name\":\"Reda\u00e7\u00e3o\",\"@id\":\"https:\/\/brasilnoticias.org\/site\/#\/schema\/person\/03bbbfe6c7634ad18c26444ea39049fa\"},\"headline\":\"Abelardo Paulo da Matta Neto toma posse como novo presidente do TRE-BA\",\"datePublished\":\"2024-04-30T14:57:45+00:00\",\"mainEntityOfPage\":{\"@id\":\"https:\/\/brasilnoticias.org\/site\/abelardo-paulo-da-matta-neto-toma-posse-como-novo-presidente-do-tre-ba\/\"},\"wordCount\":304,\"commentCount\":0,\"publisher\":{\"@id\":\"https:\/\/brasilnoticias.org\/site\/#organization\"},\"image\":{\"@id\":\"https:\/\/brasilnoticias.org\/site\/abelardo-paulo-da-matta-neto-toma-posse-como-novo-presidente-do-tre-ba\/#primaryimage\"},\"thumbnailUrl\":\"https:\/\/brasilnoticias.org\/site\/wp-content\/uploads\/2024\/04\/149443abelardo-paulo-da-matta-neto-toma-posse-como-novo-presidente-do-tre-ba-3.jpg\",\"articleSection\":[\"Justi\u00e7a\",\"\u00daltimas\"],\"inLanguage\":\"pt-PT\",\"potentialAction\":[{\"@type\":\"CommentAction\",\"name\":\"Comment\",\"target\":[\"https:\/\/brasilnoticias.org\/site\/abelardo-paulo-da-matta-neto-toma-posse-como-novo-presidente-do-tre-ba\/#respond\"]}]},{\"@type\":\"WebPage\",\"@id\":\"https:\/\/brasilnoticias.org\/site\/abelardo-paulo-da-matta-neto-toma-posse-como-novo-presidente-do-tre-ba\/\",\"url\":\"https:\/\/brasilnoticias.org\/site\/abelardo-paulo-da-matta-neto-toma-posse-como-novo-presidente-do-tre-ba\/\",\"name\":\"Abelardo Paulo da Matta Neto toma posse como novo presidente do TRE-BA - Brasil not\u00edcias\",\"isPartOf\":{\"@id\":\"https:\/\/brasilnoticias.org\/site\/#website\"},\"primaryImageOfPage\":{\"@id\":\"https:\/\/brasilnoticias.org\/site\/abelardo-paulo-da-matta-neto-toma-posse-como-novo-presidente-do-tre-ba\/#primaryimage\"},\"image\":{\"@id\":\"https:\/\/brasilnoticias.org\/site\/abelardo-paulo-da-matta-neto-toma-posse-como-novo-presidente-do-tre-ba\/#primaryimage\"},\"thumbnailUrl\":\"https:\/\/brasilnoticias.org\/site\/wp-content\/uploads\/2024\/04\/149443abelardo-paulo-da-matta-neto-toma-posse-como-novo-presidente-do-tre-ba-3.jpg\",\"datePublished\":\"2024-04-30T14:57:45+00:00\",\"breadcrumb\":{\"@id\":\"https:\/\/brasilnoticias.org\/site\/abelardo-paulo-da-matta-neto-toma-posse-como-novo-presidente-do-tre-ba\/#breadcrumb\"},\"inLanguage\":\"pt-PT\",\"potentialAction\":[{\"@type\":\"ReadAction\",\"target\":[\"https:\/\/brasilnoticias.org\/site\/abelardo-paulo-da-matta-neto-toma-posse-como-novo-presidente-do-tre-ba\/\"]}]},{\"@type\":\"ImageObject\",\"inLanguage\":\"pt-PT\",\"@id\":\"https:\/\/brasilnoticias.org\/site\/abelardo-paulo-da-matta-neto-toma-posse-como-novo-presidente-do-tre-ba\/#primaryimage\",\"url\":\"https:\/\/brasilnoticias.org\/site\/wp-content\/uploads\/2024\/04\/149443abelardo-paulo-da-matta-neto-toma-posse-como-novo-presidente-do-tre-ba-3.jpg\",\"contentUrl\":\"https:\/\/brasilnoticias.org\/site\/wp-content\/uploads\/2024\/04\/149443abelardo-paulo-da-matta-neto-toma-posse-como-novo-presidente-do-tre-ba-3.jpg\",\"width\":1600,\"height\":752},{\"@type\":\"BreadcrumbList\",\"@id\":\"https:\/\/brasilnoticias.org\/site\/abelardo-paulo-da-matta-neto-toma-posse-como-novo-presidente-do-tre-ba\/#breadcrumb\",\"itemListElement\":[{\"@type\":\"ListItem\",\"position\":1,\"name\":\"In\u00edcio\",\"item\":\"https:\/\/brasilnoticias.org\/site\/\"},{\"@type\":\"ListItem\",\"position\":2,\"name\":\"Abelardo Paulo da Matta Neto toma posse como novo presidente do TRE-BA\"}]},{\"@type\":\"WebSite\",\"@id\":\"https:\/\/brasilnoticias.org\/site\/#website\",\"url\":\"https:\/\/brasilnoticias.org\/site\/\",\"name\":\"Brasil not\u00edcias\",\"description\":\"Brasil not\u00edcias\",\"publisher\":{\"@id\":\"https:\/\/brasilnoticias.org\/site\/#organization\"},\"potentialAction\":[{\"@type\":\"SearchAction\",\"target\":{\"@type\":\"EntryPoint\",\"urlTemplate\":\"https:\/\/brasilnoticias.org\/site\/?s={search_term_string}\"},\"query-input\":{\"@type\":\"PropertyValueSpecification\",\"valueRequired\":true,\"valueName\":\"search_term_string\"}}],\"inLanguage\":\"pt-PT\"},{\"@type\":\"Organization\",\"@id\":\"https:\/\/brasilnoticias.org\/site\/#organization\",\"name\":\"Brasil not\u00edcias\",\"url\":\"https:\/\/brasilnoticias.org\/site\/\",\"logo\":{\"@type\":\"ImageObject\",\"inLanguage\":\"pt-PT\",\"@id\":\"https:\/\/brasilnoticias.org\/site\/#\/schema\/logo\/image\/\",\"url\":\"https:\/\/brasilnoticias.org\/site\/wp-content\/uploads\/2022\/05\/cropped-brasilnoticias-mini.jpg\",\"contentUrl\":\"https:\/\/brasilnoticias.org\/site\/wp-content\/uploads\/2022\/05\/cropped-brasilnoticias-mini.jpg\",\"width\":314,\"height\":86,\"caption\":\"Brasil not\u00edcias\"},\"image\":{\"@id\":\"https:\/\/brasilnoticias.org\/site\/#\/schema\/logo\/image\/\"}},{\"@type\":\"Person\",\"@id\":\"https:\/\/brasilnoticias.org\/site\/#\/schema\/person\/03bbbfe6c7634ad18c26444ea39049fa\",\"name\":\"Reda\u00e7\u00e3o\",\"image\":{\"@type\":\"ImageObject\",\"inLanguage\":\"pt-PT\",\"@id\":\"https:\/\/brasilnoticias.org\/site\/#\/schema\/person\/image\/\",\"url\":\"https:\/\/secure.gravatar.com\/avatar\/9ecaf7327a696cb23ad926fedded5f1f04d7049de9e445375d55b48c001a6e42?s=96&d=mm&r=g\",\"contentUrl\":\"https:\/\/secure.gravatar.com\/avatar\/9ecaf7327a696cb23ad926fedded5f1f04d7049de9e445375d55b48c001a6e42?s=96&d=mm&r=g\",\"caption\":\"Reda\u00e7\u00e3o\"},\"url\":\"https:\/\/brasilnoticias.org\/site\/author\/henrique\/\"}]}<\/script>\n<!-- \/ Yoast SEO plugin. -->","yoast_head_json":{"title":"Abelardo Paulo da Matta Neto toma posse como novo presidente do TRE-BA - Brasil not\u00edcias","robots":{"index":"index","follow":"follow","max-snippet":"max-snippet:-1","max-image-preview":"max-image-preview:large","max-video-preview":"max-video-preview:-1"},"canonical":"https:\/\/brasilnoticias.org\/site\/abelardo-paulo-da-matta-neto-toma-posse-como-novo-presidente-do-tre-ba\/","og_locale":"pt_PT","og_type":"article","og_title":"Abelardo Paulo da Matta Neto toma posse como novo presidente do TRE-BA - Brasil not\u00edcias","og_description":"Abelardo Paulo da Matta Neto ocupou interinamente a presid\u00eancia do TRE-BA no m\u00eas de fevereiro e no in\u00edcio de abril","og_url":"https:\/\/brasilnoticias.org\/site\/abelardo-paulo-da-matta-neto-toma-posse-como-novo-presidente-do-tre-ba\/","og_site_name":"Brasil not\u00edcias","article_published_time":"2024-04-30T14:57:45+00:00","og_image":[{"width":1600,"height":752,"url":"https:\/\/brasilnoticias.org\/site\/wp-content\/uploads\/2024\/04\/149443abelardo-paulo-da-matta-neto-toma-posse-como-novo-presidente-do-tre-ba-3.jpg","type":"image\/jpeg"}],"author":"Reda\u00e7\u00e3o","twitter_card":"summary_large_image","twitter_misc":{"Escrito por":"Reda\u00e7\u00e3o","Tempo estimado de leitura":"1 minuto"},"schema":{"@context":"https:\/\/schema.org","@graph":[{"@type":"Article","@id":"https:\/\/brasilnoticias.org\/site\/abelardo-paulo-da-matta-neto-toma-posse-como-novo-presidente-do-tre-ba\/#article","isPartOf":{"@id":"https:\/\/brasilnoticias.org\/site\/abelardo-paulo-da-matta-neto-toma-posse-como-novo-presidente-do-tre-ba\/"},"author":{"name":"Reda\u00e7\u00e3o","@id":"https:\/\/brasilnoticias.org\/site\/#\/schema\/person\/03bbbfe6c7634ad18c26444ea39049fa"},"headline":"Abelardo Paulo da Matta Neto toma posse como novo presidente do TRE-BA","datePublished":"2024-04-30T14:57:45+00:00","mainEntityOfPage":{"@id":"https:\/\/brasilnoticias.org\/site\/abelardo-paulo-da-matta-neto-toma-posse-como-novo-presidente-do-tre-ba\/"},"wordCount":304,"commentCount":0,"publisher":{"@id":"https:\/\/brasilnoticias.org\/site\/#organization"},"image":{"@id":"https:\/\/brasilnoticias.org\/site\/abelardo-paulo-da-matta-neto-toma-posse-como-novo-presidente-do-tre-ba\/#primaryimage"},"thumbnailUrl":"https:\/\/brasilnoticias.org\/site\/wp-content\/uploads\/2024\/04\/149443abelardo-paulo-da-matta-neto-toma-posse-como-novo-presidente-do-tre-ba-3.jpg","articleSection":["Justi\u00e7a","\u00daltimas"],"inLanguage":"pt-PT","potentialAction":[{"@type":"CommentAction","name":"Comment","target":["https:\/\/brasilnoticias.org\/site\/abelardo-paulo-da-matta-neto-toma-posse-como-novo-presidente-do-tre-ba\/#respond"]}]},{"@type":"WebPage","@id":"https:\/\/brasilnoticias.org\/site\/abelardo-paulo-da-matta-neto-toma-posse-como-novo-presidente-do-tre-ba\/","url":"https:\/\/brasilnoticias.org\/site\/abelardo-paulo-da-matta-neto-toma-posse-como-novo-presidente-do-tre-ba\/","name":"Abelardo Paulo da Matta Neto toma posse como novo presidente do TRE-BA - Brasil not\u00edcias","isPartOf":{"@id":"https:\/\/brasilnoticias.org\/site\/#website"},"primaryImageOfPage":{"@id":"https:\/\/brasilnoticias.org\/site\/abelardo-paulo-da-matta-neto-toma-posse-como-novo-presidente-do-tre-ba\/#primaryimage"},"image":{"@id":"https:\/\/brasilnoticias.org\/site\/abelardo-paulo-da-matta-neto-toma-posse-como-novo-presidente-do-tre-ba\/#primaryimage"},"thumbnailUrl":"https:\/\/brasilnoticias.org\/site\/wp-content\/uploads\/2024\/04\/149443abelardo-paulo-da-matta-neto-toma-posse-como-novo-presidente-do-tre-ba-3.jpg","datePublished":"2024-04-30T14:57:45+00:00","breadcrumb":{"@id":"https:\/\/brasilnoticias.org\/site\/abelardo-paulo-da-matta-neto-toma-posse-como-novo-presidente-do-tre-ba\/#breadcrumb"},"inLanguage":"pt-PT","potentialAction":[{"@type":"ReadAction","target":["https:\/\/brasilnoticias.org\/site\/abelardo-paulo-da-matta-neto-toma-posse-como-novo-presidente-do-tre-ba\/"]}]},{"@type":"ImageObject","inLanguage":"pt-PT","@id":"https:\/\/brasilnoticias.org\/site\/abelardo-paulo-da-matta-neto-toma-posse-como-novo-presidente-do-tre-ba\/#primaryimage","url":"https:\/\/brasilnoticias.org\/site\/wp-content\/uploads\/2024\/04\/149443abelardo-paulo-da-matta-neto-toma-posse-como-novo-presidente-do-tre-ba-3.jpg","contentUrl":"https:\/\/brasilnoticias.org\/site\/wp-content\/uploads\/2024\/04\/149443abelardo-paulo-da-matta-neto-toma-posse-como-novo-presidente-do-tre-ba-3.jpg","width":1600,"height":752},{"@type":"BreadcrumbList","@id":"https:\/\/brasilnoticias.org\/site\/abelardo-paulo-da-matta-neto-toma-posse-como-novo-presidente-do-tre-ba\/#breadcrumb","itemListElement":[{"@type":"ListItem","position":1,"name":"In\u00edcio","item":"https:\/\/brasilnoticias.org\/site\/"},{"@type":"ListItem","position":2,"name":"Abelardo Paulo da Matta Neto toma posse como novo presidente do TRE-BA"}]},{"@type":"WebSite","@id":"https:\/\/brasilnoticias.org\/site\/#website","url":"https:\/\/brasilnoticias.org\/site\/","name":"Brasil not\u00edcias","description":"Brasil not\u00edcias","publisher":{"@id":"https:\/\/brasilnoticias.org\/site\/#organization"},"potentialAction":[{"@type":"SearchAction","target":{"@type":"EntryPoint","urlTemplate":"https:\/\/brasilnoticias.org\/site\/?s={search_term_string}"},"query-input":{"@type":"PropertyValueSpecification","valueRequired":true,"valueName":"search_term_string"}}],"inLanguage":"pt-PT"},{"@type":"Organization","@id":"https:\/\/brasilnoticias.org\/site\/#organization","name":"Brasil not\u00edcias","url":"https:\/\/brasilnoticias.org\/site\/","logo":{"@type":"ImageObject","inLanguage":"pt-PT","@id":"https:\/\/brasilnoticias.org\/site\/#\/schema\/logo\/image\/","url":"https:\/\/brasilnoticias.org\/site\/wp-content\/uploads\/2022\/05\/cropped-brasilnoticias-mini.jpg","contentUrl":"https:\/\/brasilnoticias.org\/site\/wp-content\/uploads\/2022\/05\/cropped-brasilnoticias-mini.jpg","width":314,"height":86,"caption":"Brasil not\u00edcias"},"image":{"@id":"https:\/\/brasilnoticias.org\/site\/#\/schema\/logo\/image\/"}},{"@type":"Person","@id":"https:\/\/brasilnoticias.org\/site\/#\/schema\/person\/03bbbfe6c7634ad18c26444ea39049fa","name":"Reda\u00e7\u00e3o","image":{"@type":"ImageObject","inLanguage":"pt-PT","@id":"https:\/\/brasilnoticias.org\/site\/#\/schema\/person\/image\/","url":"https:\/\/secure.gravatar.com\/avatar\/9ecaf7327a696cb23ad926fedded5f1f04d7049de9e445375d55b48c001a6e42?s=96&d=mm&r=g","contentUrl":"https:\/\/secure.gravatar.com\/avatar\/9ecaf7327a696cb23ad926fedded5f1f04d7049de9e445375d55b48c001a6e42?s=96&d=mm&r=g","caption":"Reda\u00e7\u00e3o"},"url":"https:\/\/brasilnoticias.org\/site\/author\/henrique\/"}]}},"_links":{"self":[{"href":"https:\/\/brasilnoticias.org\/site\/wp-json\/wp\/v2\/posts\/13847","targetHints":{"allow":["GET"]}}],"collection":[{"href":"https:\/\/brasilnoticias.org\/site\/wp-json\/wp\/v2\/posts"}],"about":[{"href":"https:\/\/brasilnoticias.org\/site\/wp-json\/wp\/v2\/types\/post"}],"author":[{"embeddable":true,"href":"https:\/\/brasilnoticias.org\/site\/wp-json\/wp\/v2\/users\/4"}],"replies":[{"embeddable":true,"href":"https:\/\/brasilnoticias.org\/site\/wp-json\/wp\/v2\/comments?post=13847"}],"version-history":[{"count":1,"href":"https:\/\/brasilnoticias.org\/site\/wp-json\/wp\/v2\/posts\/13847\/revisions"}],"predecessor-version":[{"id":13849,"href":"https:\/\/brasilnoticias.org\/site\/wp-json\/wp\/v2\/posts\/13847\/revisions\/13849"}],"wp:featuredmedia":[{"embeddable":true,"href":"https:\/\/brasilnoticias.org\/site\/wp-json\/wp\/v2\/media\/13848"}],"wp:attachment":[{"href":"https:\/\/brasilnoticias.org\/site\/wp-json\/wp\/v2\/media?parent=13847"}],"wp:term":[{"taxonomy":"category","embeddable":true,"href":"https:\/\/brasilnoticias.org\/site\/wp-json\/wp\/v2\/categories?post=13847"},{"taxonomy":"post_tag","embeddable":true,"href":"https:\/\/brasilnoticias.org\/site\/wp-json\/wp\/v2\/tags?post=13847"}],"curies":[{"name":"wp","href":"https:\/\/api.w.org\/{rel}","templated":true}]}}