{"id":13860,"date":"2024-04-30T12:03:41","date_gmt":"2024-04-30T15:03:41","guid":{"rendered":"https:\/\/brasilnoticias.org\/site\/?p=13860"},"modified":"2024-04-30T12:03:41","modified_gmt":"2024-04-30T15:03:41","slug":"queimadas-crescem-154-na-amazonia-e-batem-recorde-no-segundo-ano-do-mandato-de-lula","status":"publish","type":"post","link":"https:\/\/brasilnoticias.org\/site\/queimadas-crescem-154-na-amazonia-e-batem-recorde-no-segundo-ano-do-mandato-de-lula\/","title":{"rendered":"Queimadas crescem 154% na Amaz\u00f4nia e batem recorde no segundo ano do mandato de Lula"},"content":{"rendered":"<p>O n\u00famero de queimadas na Amaz\u00f4nia bateu um novo recorde durante o governo do presidente Luiz In\u00e1cio Lula da Silva (PT): a incid\u00eancia do fogo na floresta \u00e9 154% maior nos quatro primeiros meses do ano em rela\u00e7\u00e3o ao mesmo per\u00edodo de 2023. Foram 8.895 focos de inc\u00eandio na floresta de janeiro a abril de 2024 contra 3.381 no mesmo per\u00edodo em 2023, segundo o Instituto Nacional de Pesquisas Espaciais (Inpe).<\/p>\n<p>As queimadas na Amaz\u00f4nia foram um dos principais motivos de ataques pol\u00edticos de Lula contra o ex-presidente Jair Bolsonaro (PL). Durante a campanha presidencial e no primeiro ano de seu governo, o petista acusou Bolsonaro de incentivar agricultores e a incendiarem a floresta amaz\u00f4nica. Mas Lula passou a fechar os olhos para as queimadas.<\/p>\n<p>Ap\u00f3s uma alta inicial, os \u00faltimos dois anos do governo de Bolsonaro vinham registrando quedas nos n\u00fameros de queimadas no per\u00edodo dos primeiros quatro meses do ano.<\/p>\n<p>Em programas de governo, o combate ao desmatamento tem sido tratado como prioridade, enquanto o or\u00e7amento para o combate \u00e0s queimadas no Instituto Brasileiro do Meio Ambiente e dos Recursos Renov\u00e1veis (Ibama) teve um corte de 24%. Al\u00e9m disso, na busca pelo protagonismo internacional na pauta ambiental, a ministra do Meio Ambiente, Marina Silva, n\u00e3o tem mencionado dados sobre as queimadas em seus discursos, evidenciando apenas a queda de 50% nos desmatamentos no pa\u00eds.<\/p>\n<p>Tanto desmatamento como queimadas destroem as florestas, mas o governo d\u00e1 nomes diferentes para cada caso e alega quest\u00f5es t\u00e9cnicas. Em tese, o desmatamento \u00e9 o corte sistematizado da floresta para extrair madeira e abrir espa\u00e7o para a agropecu\u00e1ria.<\/p>\n<p>As queimadas t\u00eam origem natural (incid\u00eancia de raios, por exemplo) ou humana e ocorrem de forma descontrolada. Contudo, muitas queimadas tamb\u00e9m s\u00e3o utilizadas com o objetivo de limpar a \u00e1rea para a agricultura. Na pr\u00e1tica, a diferencia\u00e7\u00e3o t\u00e9cnica acaba servindo tamb\u00e9m para fins de propaganda governamental.<\/p>\n<p>Informa\u00e7\u00f5es da Gazeta do Povo \/ Foto: Valter Campanato\/Ag\u00eancia Brasil<\/p>\n","protected":false},"excerpt":{"rendered":"<p>O n\u00famero de queimadas na Amaz\u00f4nia bateu um novo recorde durante o governo do presidente Luiz In\u00e1cio Lula da Silva<\/p>\n","protected":false},"author":4,"featured_media":13861,"comment_status":"open","ping_status":"open","sticky":false,"template":"","format":"standard","meta":{"colormag_page_container_layout":"default_layout","colormag_page_sidebar_layout":"default_layout","_FSMCFIC_featured_image_caption":"","_FSMCFIC_featured_image_nocaption":"","_FSMCFIC_featured_image_hide":"","footnotes":""},"categories":[5,1],"tags":[],"class_list":["post-13860","post","type-post","status-publish","format-standard","has-post-thumbnail","hentry","category-politica","category-ultimas"],"yoast_head":"<!-- This site is optimized with the Yoast SEO plugin v27.1.1 - https:\/\/yoast.com\/product\/yoast-seo-wordpress\/ -->\n<title>Queimadas crescem 154% na Amaz\u00f4nia e batem recorde no segundo ano do mandato de Lula - Brasil not\u00edcias<\/title>\n<meta name=\"robots\" content=\"index, follow, max-snippet:-1, max-image-preview:large, max-video-preview:-1\" \/>\n<link rel=\"canonical\" href=\"https:\/\/brasilnoticias.org\/site\/queimadas-crescem-154-na-amazonia-e-batem-recorde-no-segundo-ano-do-mandato-de-lula\/\" \/>\n<meta property=\"og:locale\" content=\"pt_PT\" \/>\n<meta property=\"og:type\" content=\"article\" \/>\n<meta property=\"og:title\" content=\"Queimadas crescem 154% na Amaz\u00f4nia e batem recorde no segundo ano do mandato de Lula - Brasil not\u00edcias\" \/>\n<meta property=\"og:description\" content=\"O n\u00famero de queimadas na Amaz\u00f4nia bateu um novo recorde durante o governo do presidente Luiz In\u00e1cio Lula da Silva\" \/>\n<meta property=\"og:url\" content=\"https:\/\/brasilnoticias.org\/site\/queimadas-crescem-154-na-amazonia-e-batem-recorde-no-segundo-ano-do-mandato-de-lula\/\" \/>\n<meta property=\"og:site_name\" content=\"Brasil not\u00edcias\" \/>\n<meta property=\"article:published_time\" content=\"2024-04-30T15:03:41+00:00\" \/>\n<meta property=\"og:image\" content=\"https:\/\/brasilnoticias.org\/site\/wp-content\/uploads\/2024\/04\/IMAGEM_NOTICIA_0-1.jpg\" \/>\n\t<meta property=\"og:image:width\" content=\"850\" \/>\n\t<meta property=\"og:image:height\" content=\"400\" \/>\n\t<meta property=\"og:image:type\" content=\"image\/jpeg\" \/>\n<meta name=\"author\" content=\"Reda\u00e7\u00e3o\" \/>\n<meta name=\"twitter:card\" content=\"summary_large_image\" \/>\n<meta name=\"twitter:label1\" content=\"Escrito por\" \/>\n\t<meta name=\"twitter:data1\" content=\"Reda\u00e7\u00e3o\" \/>\n<script type=\"application\/ld+json\" class=\"yoast-schema-graph\">{\"@context\":\"https:\/\/schema.org\",\"@graph\":[{\"@type\":\"Article\",\"@id\":\"https:\/\/brasilnoticias.org\/site\/queimadas-crescem-154-na-amazonia-e-batem-recorde-no-segundo-ano-do-mandato-de-lula\/#article\",\"isPartOf\":{\"@id\":\"https:\/\/brasilnoticias.org\/site\/queimadas-crescem-154-na-amazonia-e-batem-recorde-no-segundo-ano-do-mandato-de-lula\/\"},\"author\":{\"name\":\"Reda\u00e7\u00e3o\",\"@id\":\"https:\/\/brasilnoticias.org\/site\/#\/schema\/person\/03bbbfe6c7634ad18c26444ea39049fa\"},\"headline\":\"Queimadas crescem 154% na Amaz\u00f4nia e batem recorde no segundo ano do mandato de Lula\",\"datePublished\":\"2024-04-30T15:03:41+00:00\",\"mainEntityOfPage\":{\"@id\":\"https:\/\/brasilnoticias.org\/site\/queimadas-crescem-154-na-amazonia-e-batem-recorde-no-segundo-ano-do-mandato-de-lula\/\"},\"wordCount\":359,\"commentCount\":0,\"publisher\":{\"@id\":\"https:\/\/brasilnoticias.org\/site\/#organization\"},\"image\":{\"@id\":\"https:\/\/brasilnoticias.org\/site\/queimadas-crescem-154-na-amazonia-e-batem-recorde-no-segundo-ano-do-mandato-de-lula\/#primaryimage\"},\"thumbnailUrl\":\"https:\/\/brasilnoticias.org\/site\/wp-content\/uploads\/2024\/04\/IMAGEM_NOTICIA_0-1.jpg\",\"articleSection\":[\"Pol\u00edtica\",\"\u00daltimas\"],\"inLanguage\":\"pt-PT\",\"potentialAction\":[{\"@type\":\"CommentAction\",\"name\":\"Comment\",\"target\":[\"https:\/\/brasilnoticias.org\/site\/queimadas-crescem-154-na-amazonia-e-batem-recorde-no-segundo-ano-do-mandato-de-lula\/#respond\"]}]},{\"@type\":\"WebPage\",\"@id\":\"https:\/\/brasilnoticias.org\/site\/queimadas-crescem-154-na-amazonia-e-batem-recorde-no-segundo-ano-do-mandato-de-lula\/\",\"url\":\"https:\/\/brasilnoticias.org\/site\/queimadas-crescem-154-na-amazonia-e-batem-recorde-no-segundo-ano-do-mandato-de-lula\/\",\"name\":\"Queimadas crescem 154% na Amaz\u00f4nia e batem recorde no segundo ano do mandato de Lula - Brasil not\u00edcias\",\"isPartOf\":{\"@id\":\"https:\/\/brasilnoticias.org\/site\/#website\"},\"primaryImageOfPage\":{\"@id\":\"https:\/\/brasilnoticias.org\/site\/queimadas-crescem-154-na-amazonia-e-batem-recorde-no-segundo-ano-do-mandato-de-lula\/#primaryimage\"},\"image\":{\"@id\":\"https:\/\/brasilnoticias.org\/site\/queimadas-crescem-154-na-amazonia-e-batem-recorde-no-segundo-ano-do-mandato-de-lula\/#primaryimage\"},\"thumbnailUrl\":\"https:\/\/brasilnoticias.org\/site\/wp-content\/uploads\/2024\/04\/IMAGEM_NOTICIA_0-1.jpg\",\"datePublished\":\"2024-04-30T15:03:41+00:00\",\"breadcrumb\":{\"@id\":\"https:\/\/brasilnoticias.org\/site\/queimadas-crescem-154-na-amazonia-e-batem-recorde-no-segundo-ano-do-mandato-de-lula\/#breadcrumb\"},\"inLanguage\":\"pt-PT\",\"potentialAction\":[{\"@type\":\"ReadAction\",\"target\":[\"https:\/\/brasilnoticias.org\/site\/queimadas-crescem-154-na-amazonia-e-batem-recorde-no-segundo-ano-do-mandato-de-lula\/\"]}]},{\"@type\":\"ImageObject\",\"inLanguage\":\"pt-PT\",\"@id\":\"https:\/\/brasilnoticias.org\/site\/queimadas-crescem-154-na-amazonia-e-batem-recorde-no-segundo-ano-do-mandato-de-lula\/#primaryimage\",\"url\":\"https:\/\/brasilnoticias.org\/site\/wp-content\/uploads\/2024\/04\/IMAGEM_NOTICIA_0-1.jpg\",\"contentUrl\":\"https:\/\/brasilnoticias.org\/site\/wp-content\/uploads\/2024\/04\/IMAGEM_NOTICIA_0-1.jpg\",\"width\":850,\"height\":400},{\"@type\":\"BreadcrumbList\",\"@id\":\"https:\/\/brasilnoticias.org\/site\/queimadas-crescem-154-na-amazonia-e-batem-recorde-no-segundo-ano-do-mandato-de-lula\/#breadcrumb\",\"itemListElement\":[{\"@type\":\"ListItem\",\"position\":1,\"name\":\"In\u00edcio\",\"item\":\"https:\/\/brasilnoticias.org\/site\/\"},{\"@type\":\"ListItem\",\"position\":2,\"name\":\"Queimadas crescem 154% na Amaz\u00f4nia e batem recorde no segundo ano do mandato de Lula\"}]},{\"@type\":\"WebSite\",\"@id\":\"https:\/\/brasilnoticias.org\/site\/#website\",\"url\":\"https:\/\/brasilnoticias.org\/site\/\",\"name\":\"Brasil not\u00edcias\",\"description\":\"Brasil not\u00edcias\",\"publisher\":{\"@id\":\"https:\/\/brasilnoticias.org\/site\/#organization\"},\"potentialAction\":[{\"@type\":\"SearchAction\",\"target\":{\"@type\":\"EntryPoint\",\"urlTemplate\":\"https:\/\/brasilnoticias.org\/site\/?s={search_term_string}\"},\"query-input\":{\"@type\":\"PropertyValueSpecification\",\"valueRequired\":true,\"valueName\":\"search_term_string\"}}],\"inLanguage\":\"pt-PT\"},{\"@type\":\"Organization\",\"@id\":\"https:\/\/brasilnoticias.org\/site\/#organization\",\"name\":\"Brasil not\u00edcias\",\"url\":\"https:\/\/brasilnoticias.org\/site\/\",\"logo\":{\"@type\":\"ImageObject\",\"inLanguage\":\"pt-PT\",\"@id\":\"https:\/\/brasilnoticias.org\/site\/#\/schema\/logo\/image\/\",\"url\":\"https:\/\/brasilnoticias.org\/site\/wp-content\/uploads\/2022\/05\/cropped-brasilnoticias-mini.jpg\",\"contentUrl\":\"https:\/\/brasilnoticias.org\/site\/wp-content\/uploads\/2022\/05\/cropped-brasilnoticias-mini.jpg\",\"width\":314,\"height\":86,\"caption\":\"Brasil not\u00edcias\"},\"image\":{\"@id\":\"https:\/\/brasilnoticias.org\/site\/#\/schema\/logo\/image\/\"}},{\"@type\":\"Person\",\"@id\":\"https:\/\/brasilnoticias.org\/site\/#\/schema\/person\/03bbbfe6c7634ad18c26444ea39049fa\",\"name\":\"Reda\u00e7\u00e3o\",\"image\":{\"@type\":\"ImageObject\",\"inLanguage\":\"pt-PT\",\"@id\":\"https:\/\/brasilnoticias.org\/site\/#\/schema\/person\/image\/\",\"url\":\"https:\/\/secure.gravatar.com\/avatar\/9ecaf7327a696cb23ad926fedded5f1f04d7049de9e445375d55b48c001a6e42?s=96&d=mm&r=g\",\"contentUrl\":\"https:\/\/secure.gravatar.com\/avatar\/9ecaf7327a696cb23ad926fedded5f1f04d7049de9e445375d55b48c001a6e42?s=96&d=mm&r=g\",\"caption\":\"Reda\u00e7\u00e3o\"},\"url\":\"https:\/\/brasilnoticias.org\/site\/author\/henrique\/\"}]}<\/script>\n<!-- \/ Yoast SEO plugin. -->","yoast_head_json":{"title":"Queimadas crescem 154% na Amaz\u00f4nia e batem recorde no segundo ano do mandato de Lula - Brasil not\u00edcias","robots":{"index":"index","follow":"follow","max-snippet":"max-snippet:-1","max-image-preview":"max-image-preview:large","max-video-preview":"max-video-preview:-1"},"canonical":"https:\/\/brasilnoticias.org\/site\/queimadas-crescem-154-na-amazonia-e-batem-recorde-no-segundo-ano-do-mandato-de-lula\/","og_locale":"pt_PT","og_type":"article","og_title":"Queimadas crescem 154% na Amaz\u00f4nia e batem recorde no segundo ano do mandato de Lula - Brasil not\u00edcias","og_description":"O n\u00famero de queimadas na Amaz\u00f4nia bateu um novo recorde durante o governo do presidente Luiz In\u00e1cio Lula da Silva","og_url":"https:\/\/brasilnoticias.org\/site\/queimadas-crescem-154-na-amazonia-e-batem-recorde-no-segundo-ano-do-mandato-de-lula\/","og_site_name":"Brasil not\u00edcias","article_published_time":"2024-04-30T15:03:41+00:00","og_image":[{"width":850,"height":400,"url":"https:\/\/brasilnoticias.org\/site\/wp-content\/uploads\/2024\/04\/IMAGEM_NOTICIA_0-1.jpg","type":"image\/jpeg"}],"author":"Reda\u00e7\u00e3o","twitter_card":"summary_large_image","twitter_misc":{"Escrito por":"Reda\u00e7\u00e3o"},"schema":{"@context":"https:\/\/schema.org","@graph":[{"@type":"Article","@id":"https:\/\/brasilnoticias.org\/site\/queimadas-crescem-154-na-amazonia-e-batem-recorde-no-segundo-ano-do-mandato-de-lula\/#article","isPartOf":{"@id":"https:\/\/brasilnoticias.org\/site\/queimadas-crescem-154-na-amazonia-e-batem-recorde-no-segundo-ano-do-mandato-de-lula\/"},"author":{"name":"Reda\u00e7\u00e3o","@id":"https:\/\/brasilnoticias.org\/site\/#\/schema\/person\/03bbbfe6c7634ad18c26444ea39049fa"},"headline":"Queimadas crescem 154% na Amaz\u00f4nia e batem recorde no segundo ano do mandato de Lula","datePublished":"2024-04-30T15:03:41+00:00","mainEntityOfPage":{"@id":"https:\/\/brasilnoticias.org\/site\/queimadas-crescem-154-na-amazonia-e-batem-recorde-no-segundo-ano-do-mandato-de-lula\/"},"wordCount":359,"commentCount":0,"publisher":{"@id":"https:\/\/brasilnoticias.org\/site\/#organization"},"image":{"@id":"https:\/\/brasilnoticias.org\/site\/queimadas-crescem-154-na-amazonia-e-batem-recorde-no-segundo-ano-do-mandato-de-lula\/#primaryimage"},"thumbnailUrl":"https:\/\/brasilnoticias.org\/site\/wp-content\/uploads\/2024\/04\/IMAGEM_NOTICIA_0-1.jpg","articleSection":["Pol\u00edtica","\u00daltimas"],"inLanguage":"pt-PT","potentialAction":[{"@type":"CommentAction","name":"Comment","target":["https:\/\/brasilnoticias.org\/site\/queimadas-crescem-154-na-amazonia-e-batem-recorde-no-segundo-ano-do-mandato-de-lula\/#respond"]}]},{"@type":"WebPage","@id":"https:\/\/brasilnoticias.org\/site\/queimadas-crescem-154-na-amazonia-e-batem-recorde-no-segundo-ano-do-mandato-de-lula\/","url":"https:\/\/brasilnoticias.org\/site\/queimadas-crescem-154-na-amazonia-e-batem-recorde-no-segundo-ano-do-mandato-de-lula\/","name":"Queimadas crescem 154% na Amaz\u00f4nia e batem recorde no segundo ano do mandato de Lula - Brasil not\u00edcias","isPartOf":{"@id":"https:\/\/brasilnoticias.org\/site\/#website"},"primaryImageOfPage":{"@id":"https:\/\/brasilnoticias.org\/site\/queimadas-crescem-154-na-amazonia-e-batem-recorde-no-segundo-ano-do-mandato-de-lula\/#primaryimage"},"image":{"@id":"https:\/\/brasilnoticias.org\/site\/queimadas-crescem-154-na-amazonia-e-batem-recorde-no-segundo-ano-do-mandato-de-lula\/#primaryimage"},"thumbnailUrl":"https:\/\/brasilnoticias.org\/site\/wp-content\/uploads\/2024\/04\/IMAGEM_NOTICIA_0-1.jpg","datePublished":"2024-04-30T15:03:41+00:00","breadcrumb":{"@id":"https:\/\/brasilnoticias.org\/site\/queimadas-crescem-154-na-amazonia-e-batem-recorde-no-segundo-ano-do-mandato-de-lula\/#breadcrumb"},"inLanguage":"pt-PT","potentialAction":[{"@type":"ReadAction","target":["https:\/\/brasilnoticias.org\/site\/queimadas-crescem-154-na-amazonia-e-batem-recorde-no-segundo-ano-do-mandato-de-lula\/"]}]},{"@type":"ImageObject","inLanguage":"pt-PT","@id":"https:\/\/brasilnoticias.org\/site\/queimadas-crescem-154-na-amazonia-e-batem-recorde-no-segundo-ano-do-mandato-de-lula\/#primaryimage","url":"https:\/\/brasilnoticias.org\/site\/wp-content\/uploads\/2024\/04\/IMAGEM_NOTICIA_0-1.jpg","contentUrl":"https:\/\/brasilnoticias.org\/site\/wp-content\/uploads\/2024\/04\/IMAGEM_NOTICIA_0-1.jpg","width":850,"height":400},{"@type":"BreadcrumbList","@id":"https:\/\/brasilnoticias.org\/site\/queimadas-crescem-154-na-amazonia-e-batem-recorde-no-segundo-ano-do-mandato-de-lula\/#breadcrumb","itemListElement":[{"@type":"ListItem","position":1,"name":"In\u00edcio","item":"https:\/\/brasilnoticias.org\/site\/"},{"@type":"ListItem","position":2,"name":"Queimadas crescem 154% na Amaz\u00f4nia e batem recorde no segundo ano do mandato de Lula"}]},{"@type":"WebSite","@id":"https:\/\/brasilnoticias.org\/site\/#website","url":"https:\/\/brasilnoticias.org\/site\/","name":"Brasil not\u00edcias","description":"Brasil not\u00edcias","publisher":{"@id":"https:\/\/brasilnoticias.org\/site\/#organization"},"potentialAction":[{"@type":"SearchAction","target":{"@type":"EntryPoint","urlTemplate":"https:\/\/brasilnoticias.org\/site\/?s={search_term_string}"},"query-input":{"@type":"PropertyValueSpecification","valueRequired":true,"valueName":"search_term_string"}}],"inLanguage":"pt-PT"},{"@type":"Organization","@id":"https:\/\/brasilnoticias.org\/site\/#organization","name":"Brasil not\u00edcias","url":"https:\/\/brasilnoticias.org\/site\/","logo":{"@type":"ImageObject","inLanguage":"pt-PT","@id":"https:\/\/brasilnoticias.org\/site\/#\/schema\/logo\/image\/","url":"https:\/\/brasilnoticias.org\/site\/wp-content\/uploads\/2022\/05\/cropped-brasilnoticias-mini.jpg","contentUrl":"https:\/\/brasilnoticias.org\/site\/wp-content\/uploads\/2022\/05\/cropped-brasilnoticias-mini.jpg","width":314,"height":86,"caption":"Brasil not\u00edcias"},"image":{"@id":"https:\/\/brasilnoticias.org\/site\/#\/schema\/logo\/image\/"}},{"@type":"Person","@id":"https:\/\/brasilnoticias.org\/site\/#\/schema\/person\/03bbbfe6c7634ad18c26444ea39049fa","name":"Reda\u00e7\u00e3o","image":{"@type":"ImageObject","inLanguage":"pt-PT","@id":"https:\/\/brasilnoticias.org\/site\/#\/schema\/person\/image\/","url":"https:\/\/secure.gravatar.com\/avatar\/9ecaf7327a696cb23ad926fedded5f1f04d7049de9e445375d55b48c001a6e42?s=96&d=mm&r=g","contentUrl":"https:\/\/secure.gravatar.com\/avatar\/9ecaf7327a696cb23ad926fedded5f1f04d7049de9e445375d55b48c001a6e42?s=96&d=mm&r=g","caption":"Reda\u00e7\u00e3o"},"url":"https:\/\/brasilnoticias.org\/site\/author\/henrique\/"}]}},"_links":{"self":[{"href":"https:\/\/brasilnoticias.org\/site\/wp-json\/wp\/v2\/posts\/13860","targetHints":{"allow":["GET"]}}],"collection":[{"href":"https:\/\/brasilnoticias.org\/site\/wp-json\/wp\/v2\/posts"}],"about":[{"href":"https:\/\/brasilnoticias.org\/site\/wp-json\/wp\/v2\/types\/post"}],"author":[{"embeddable":true,"href":"https:\/\/brasilnoticias.org\/site\/wp-json\/wp\/v2\/users\/4"}],"replies":[{"embeddable":true,"href":"https:\/\/brasilnoticias.org\/site\/wp-json\/wp\/v2\/comments?post=13860"}],"version-history":[{"count":1,"href":"https:\/\/brasilnoticias.org\/site\/wp-json\/wp\/v2\/posts\/13860\/revisions"}],"predecessor-version":[{"id":13862,"href":"https:\/\/brasilnoticias.org\/site\/wp-json\/wp\/v2\/posts\/13860\/revisions\/13862"}],"wp:featuredmedia":[{"embeddable":true,"href":"https:\/\/brasilnoticias.org\/site\/wp-json\/wp\/v2\/media\/13861"}],"wp:attachment":[{"href":"https:\/\/brasilnoticias.org\/site\/wp-json\/wp\/v2\/media?parent=13860"}],"wp:term":[{"taxonomy":"category","embeddable":true,"href":"https:\/\/brasilnoticias.org\/site\/wp-json\/wp\/v2\/categories?post=13860"},{"taxonomy":"post_tag","embeddable":true,"href":"https:\/\/brasilnoticias.org\/site\/wp-json\/wp\/v2\/tags?post=13860"}],"curies":[{"name":"wp","href":"https:\/\/api.w.org\/{rel}","templated":true}]}}