{"id":13876,"date":"2024-04-30T14:18:17","date_gmt":"2024-04-30T17:18:17","guid":{"rendered":"https:\/\/brasilnoticias.org\/site\/?p=13876"},"modified":"2024-04-30T14:18:17","modified_gmt":"2024-04-30T17:18:17","slug":"madre-de-deus-prefeito-e-acusado-de-ma-gestao-e-desvio-de-recursos-publicos-por-meio-de-cargos-comissionados","status":"publish","type":"post","link":"https:\/\/brasilnoticias.org\/site\/madre-de-deus-prefeito-e-acusado-de-ma-gestao-e-desvio-de-recursos-publicos-por-meio-de-cargos-comissionados\/","title":{"rendered":"Madre de Deus: prefeito \u00e9 acusado de m\u00e1 gest\u00e3o e desvio de recursos p\u00fablicos por meio de cargos comissionados"},"content":{"rendered":"<p>A gest\u00e3o liderada pelo prefeito Dailton Filho (PSB) em Madre de Deus est\u00e1 chamando a aten\u00e7\u00e3o da regi\u00e3o metropolitana pelos fatos negativos, principalmente quando o assunto \u00e9 ferir os princ\u00edpios constitucionais. Pairam tamb\u00e9m sobre o prefeito as acusa\u00e7\u00f5es de favorecer os interesses pessoais e pol\u00edticos aliados \u00e0s custas dos recursos p\u00fablicos.<\/p>\n<p>Segundo acusa\u00e7\u00f5es, o prefeito aproveitou o per\u00edodo eleitoral para realizar uma manobra que extinguiu cerca de 500 cargos efetivos, substituindo-os por contrata\u00e7\u00f5es terceirizadas. Essa pr\u00e1tica, segundo advers\u00e1rios, possibilita o apadrinhamento pol\u00edtico, com a contrata\u00e7\u00e3o de indicados, parentes e correligion\u00e1rios sem nenhum crit\u00e9rio de sele\u00e7\u00e3o e transpar\u00eancia. A ironia \u00e9 que esses terceirizados desempenhar\u00e3o exatamente as mesmas fun\u00e7\u00f5es dos servidores efetivos eliminados.<\/p>\n<p>Com a manobra, Dailton infringe a Lei n\u00ba 255\/2003, que estabelece o plano de cargos e sal\u00e1rios dos servidores p\u00fablicos civis do munic\u00edpio. Em vez de utilizar concurso p\u00fablico, o prefeito opta por contrata\u00e7\u00f5es por meio de cargos comissionados, desconsiderando o uso respons\u00e1vel dos recursos p\u00fablicos, com a atual previs\u00e3o de contratar quase a mesma quantidade de terceirizados que cargos efetivos.<\/p>\n<p>As \u00faltimas medidas do prefeito, ainda segundo acusa\u00e7\u00f5es, abusam da discricionariedade administrativa ao promover processos seletivos por REDA para 110 vagas, al\u00e9m de convocar mais 39 pessoas selecionadas em processos seletivos sem crit\u00e9rios transparentes.<\/p>\n<p>Segundos pol\u00edticos baianos que acompanham perplexos as \u00faltimas inger\u00eancias e condutas do prefeito de Madre de Deus, ao ignorar os princ\u00edpios constitucionais e as leis municipais, ele coloca os interesses pessoais e pol\u00edticos acima do bem-estar da popula\u00e7\u00e3o e da responsabilidade fiscal.<\/p>\n<p>Foto: Reprodu\u00e7\u00e3o<\/p>\n","protected":false},"excerpt":{"rendered":"<p>A gest\u00e3o liderada pelo prefeito Dailton Filho (PSB) em Madre de Deus est\u00e1 chamando a aten\u00e7\u00e3o da regi\u00e3o metropolitana pelos<\/p>\n","protected":false},"author":4,"featured_media":13877,"comment_status":"open","ping_status":"open","sticky":false,"template":"","format":"standard","meta":{"colormag_page_container_layout":"default_layout","colormag_page_sidebar_layout":"default_layout","_FSMCFIC_featured_image_caption":"","_FSMCFIC_featured_image_nocaption":"","_FSMCFIC_featured_image_hide":"","footnotes":""},"categories":[5,1],"tags":[],"class_list":["post-13876","post","type-post","status-publish","format-standard","has-post-thumbnail","hentry","category-politica","category-ultimas"],"yoast_head":"<!-- This site is optimized with the Yoast SEO plugin v27.1.1 - https:\/\/yoast.com\/product\/yoast-seo-wordpress\/ -->\n<title>Madre de Deus: prefeito \u00e9 acusado de m\u00e1 gest\u00e3o e desvio de recursos p\u00fablicos por meio de cargos comissionados - Brasil not\u00edcias<\/title>\n<meta name=\"robots\" content=\"index, follow, max-snippet:-1, max-image-preview:large, max-video-preview:-1\" \/>\n<link rel=\"canonical\" href=\"https:\/\/brasilnoticias.org\/site\/madre-de-deus-prefeito-e-acusado-de-ma-gestao-e-desvio-de-recursos-publicos-por-meio-de-cargos-comissionados\/\" \/>\n<meta property=\"og:locale\" content=\"pt_PT\" \/>\n<meta property=\"og:type\" content=\"article\" \/>\n<meta property=\"og:title\" content=\"Madre de Deus: prefeito \u00e9 acusado de m\u00e1 gest\u00e3o e desvio de recursos p\u00fablicos por meio de cargos comissionados - Brasil not\u00edcias\" \/>\n<meta property=\"og:description\" content=\"A gest\u00e3o liderada pelo prefeito Dailton Filho (PSB) em Madre de Deus est\u00e1 chamando a aten\u00e7\u00e3o da regi\u00e3o metropolitana pelos\" \/>\n<meta property=\"og:url\" content=\"https:\/\/brasilnoticias.org\/site\/madre-de-deus-prefeito-e-acusado-de-ma-gestao-e-desvio-de-recursos-publicos-por-meio-de-cargos-comissionados\/\" \/>\n<meta property=\"og:site_name\" content=\"Brasil not\u00edcias\" \/>\n<meta property=\"article:published_time\" content=\"2024-04-30T17:18:17+00:00\" \/>\n<meta property=\"og:image\" content=\"https:\/\/brasilnoticias.org\/site\/wp-content\/uploads\/2024\/04\/IMAGEM_NOTICIA_2-6.jpg\" \/>\n\t<meta property=\"og:image:width\" content=\"300\" \/>\n\t<meta property=\"og:image:height\" content=\"200\" \/>\n\t<meta property=\"og:image:type\" content=\"image\/jpeg\" \/>\n<meta name=\"author\" content=\"Reda\u00e7\u00e3o\" \/>\n<meta name=\"twitter:card\" content=\"summary_large_image\" \/>\n<meta name=\"twitter:label1\" content=\"Escrito por\" \/>\n\t<meta name=\"twitter:data1\" content=\"Reda\u00e7\u00e3o\" \/>\n\t<meta name=\"twitter:label2\" content=\"Tempo estimado de leitura\" \/>\n\t<meta name=\"twitter:data2\" content=\"1 minuto\" \/>\n<script type=\"application\/ld+json\" class=\"yoast-schema-graph\">{\"@context\":\"https:\/\/schema.org\",\"@graph\":[{\"@type\":\"Article\",\"@id\":\"https:\/\/brasilnoticias.org\/site\/madre-de-deus-prefeito-e-acusado-de-ma-gestao-e-desvio-de-recursos-publicos-por-meio-de-cargos-comissionados\/#article\",\"isPartOf\":{\"@id\":\"https:\/\/brasilnoticias.org\/site\/madre-de-deus-prefeito-e-acusado-de-ma-gestao-e-desvio-de-recursos-publicos-por-meio-de-cargos-comissionados\/\"},\"author\":{\"name\":\"Reda\u00e7\u00e3o\",\"@id\":\"https:\/\/brasilnoticias.org\/site\/#\/schema\/person\/03bbbfe6c7634ad18c26444ea39049fa\"},\"headline\":\"Madre de Deus: prefeito \u00e9 acusado de m\u00e1 gest\u00e3o e desvio de recursos p\u00fablicos por meio de cargos comissionados\",\"datePublished\":\"2024-04-30T17:18:17+00:00\",\"mainEntityOfPage\":{\"@id\":\"https:\/\/brasilnoticias.org\/site\/madre-de-deus-prefeito-e-acusado-de-ma-gestao-e-desvio-de-recursos-publicos-por-meio-de-cargos-comissionados\/\"},\"wordCount\":303,\"commentCount\":0,\"publisher\":{\"@id\":\"https:\/\/brasilnoticias.org\/site\/#organization\"},\"image\":{\"@id\":\"https:\/\/brasilnoticias.org\/site\/madre-de-deus-prefeito-e-acusado-de-ma-gestao-e-desvio-de-recursos-publicos-por-meio-de-cargos-comissionados\/#primaryimage\"},\"thumbnailUrl\":\"https:\/\/brasilnoticias.org\/site\/wp-content\/uploads\/2024\/04\/IMAGEM_NOTICIA_2-6.jpg\",\"articleSection\":[\"Pol\u00edtica\",\"\u00daltimas\"],\"inLanguage\":\"pt-PT\",\"potentialAction\":[{\"@type\":\"CommentAction\",\"name\":\"Comment\",\"target\":[\"https:\/\/brasilnoticias.org\/site\/madre-de-deus-prefeito-e-acusado-de-ma-gestao-e-desvio-de-recursos-publicos-por-meio-de-cargos-comissionados\/#respond\"]}]},{\"@type\":\"WebPage\",\"@id\":\"https:\/\/brasilnoticias.org\/site\/madre-de-deus-prefeito-e-acusado-de-ma-gestao-e-desvio-de-recursos-publicos-por-meio-de-cargos-comissionados\/\",\"url\":\"https:\/\/brasilnoticias.org\/site\/madre-de-deus-prefeito-e-acusado-de-ma-gestao-e-desvio-de-recursos-publicos-por-meio-de-cargos-comissionados\/\",\"name\":\"Madre de Deus: prefeito \u00e9 acusado de m\u00e1 gest\u00e3o e desvio de recursos p\u00fablicos por meio de cargos comissionados - Brasil not\u00edcias\",\"isPartOf\":{\"@id\":\"https:\/\/brasilnoticias.org\/site\/#website\"},\"primaryImageOfPage\":{\"@id\":\"https:\/\/brasilnoticias.org\/site\/madre-de-deus-prefeito-e-acusado-de-ma-gestao-e-desvio-de-recursos-publicos-por-meio-de-cargos-comissionados\/#primaryimage\"},\"image\":{\"@id\":\"https:\/\/brasilnoticias.org\/site\/madre-de-deus-prefeito-e-acusado-de-ma-gestao-e-desvio-de-recursos-publicos-por-meio-de-cargos-comissionados\/#primaryimage\"},\"thumbnailUrl\":\"https:\/\/brasilnoticias.org\/site\/wp-content\/uploads\/2024\/04\/IMAGEM_NOTICIA_2-6.jpg\",\"datePublished\":\"2024-04-30T17:18:17+00:00\",\"breadcrumb\":{\"@id\":\"https:\/\/brasilnoticias.org\/site\/madre-de-deus-prefeito-e-acusado-de-ma-gestao-e-desvio-de-recursos-publicos-por-meio-de-cargos-comissionados\/#breadcrumb\"},\"inLanguage\":\"pt-PT\",\"potentialAction\":[{\"@type\":\"ReadAction\",\"target\":[\"https:\/\/brasilnoticias.org\/site\/madre-de-deus-prefeito-e-acusado-de-ma-gestao-e-desvio-de-recursos-publicos-por-meio-de-cargos-comissionados\/\"]}]},{\"@type\":\"ImageObject\",\"inLanguage\":\"pt-PT\",\"@id\":\"https:\/\/brasilnoticias.org\/site\/madre-de-deus-prefeito-e-acusado-de-ma-gestao-e-desvio-de-recursos-publicos-por-meio-de-cargos-comissionados\/#primaryimage\",\"url\":\"https:\/\/brasilnoticias.org\/site\/wp-content\/uploads\/2024\/04\/IMAGEM_NOTICIA_2-6.jpg\",\"contentUrl\":\"https:\/\/brasilnoticias.org\/site\/wp-content\/uploads\/2024\/04\/IMAGEM_NOTICIA_2-6.jpg\",\"width\":300,\"height\":200},{\"@type\":\"BreadcrumbList\",\"@id\":\"https:\/\/brasilnoticias.org\/site\/madre-de-deus-prefeito-e-acusado-de-ma-gestao-e-desvio-de-recursos-publicos-por-meio-de-cargos-comissionados\/#breadcrumb\",\"itemListElement\":[{\"@type\":\"ListItem\",\"position\":1,\"name\":\"In\u00edcio\",\"item\":\"https:\/\/brasilnoticias.org\/site\/\"},{\"@type\":\"ListItem\",\"position\":2,\"name\":\"Madre de Deus: prefeito \u00e9 acusado de m\u00e1 gest\u00e3o e desvio de recursos p\u00fablicos por meio de cargos comissionados\"}]},{\"@type\":\"WebSite\",\"@id\":\"https:\/\/brasilnoticias.org\/site\/#website\",\"url\":\"https:\/\/brasilnoticias.org\/site\/\",\"name\":\"Brasil not\u00edcias\",\"description\":\"Brasil not\u00edcias\",\"publisher\":{\"@id\":\"https:\/\/brasilnoticias.org\/site\/#organization\"},\"potentialAction\":[{\"@type\":\"SearchAction\",\"target\":{\"@type\":\"EntryPoint\",\"urlTemplate\":\"https:\/\/brasilnoticias.org\/site\/?s={search_term_string}\"},\"query-input\":{\"@type\":\"PropertyValueSpecification\",\"valueRequired\":true,\"valueName\":\"search_term_string\"}}],\"inLanguage\":\"pt-PT\"},{\"@type\":\"Organization\",\"@id\":\"https:\/\/brasilnoticias.org\/site\/#organization\",\"name\":\"Brasil not\u00edcias\",\"url\":\"https:\/\/brasilnoticias.org\/site\/\",\"logo\":{\"@type\":\"ImageObject\",\"inLanguage\":\"pt-PT\",\"@id\":\"https:\/\/brasilnoticias.org\/site\/#\/schema\/logo\/image\/\",\"url\":\"https:\/\/brasilnoticias.org\/site\/wp-content\/uploads\/2022\/05\/cropped-brasilnoticias-mini.jpg\",\"contentUrl\":\"https:\/\/brasilnoticias.org\/site\/wp-content\/uploads\/2022\/05\/cropped-brasilnoticias-mini.jpg\",\"width\":314,\"height\":86,\"caption\":\"Brasil not\u00edcias\"},\"image\":{\"@id\":\"https:\/\/brasilnoticias.org\/site\/#\/schema\/logo\/image\/\"}},{\"@type\":\"Person\",\"@id\":\"https:\/\/brasilnoticias.org\/site\/#\/schema\/person\/03bbbfe6c7634ad18c26444ea39049fa\",\"name\":\"Reda\u00e7\u00e3o\",\"image\":{\"@type\":\"ImageObject\",\"inLanguage\":\"pt-PT\",\"@id\":\"https:\/\/brasilnoticias.org\/site\/#\/schema\/person\/image\/\",\"url\":\"https:\/\/secure.gravatar.com\/avatar\/9ecaf7327a696cb23ad926fedded5f1f04d7049de9e445375d55b48c001a6e42?s=96&d=mm&r=g\",\"contentUrl\":\"https:\/\/secure.gravatar.com\/avatar\/9ecaf7327a696cb23ad926fedded5f1f04d7049de9e445375d55b48c001a6e42?s=96&d=mm&r=g\",\"caption\":\"Reda\u00e7\u00e3o\"},\"url\":\"https:\/\/brasilnoticias.org\/site\/author\/henrique\/\"}]}<\/script>\n<!-- \/ Yoast SEO plugin. -->","yoast_head_json":{"title":"Madre de Deus: prefeito \u00e9 acusado de m\u00e1 gest\u00e3o e desvio de recursos p\u00fablicos por meio de cargos comissionados - Brasil not\u00edcias","robots":{"index":"index","follow":"follow","max-snippet":"max-snippet:-1","max-image-preview":"max-image-preview:large","max-video-preview":"max-video-preview:-1"},"canonical":"https:\/\/brasilnoticias.org\/site\/madre-de-deus-prefeito-e-acusado-de-ma-gestao-e-desvio-de-recursos-publicos-por-meio-de-cargos-comissionados\/","og_locale":"pt_PT","og_type":"article","og_title":"Madre de Deus: prefeito \u00e9 acusado de m\u00e1 gest\u00e3o e desvio de recursos p\u00fablicos por meio de cargos comissionados - Brasil not\u00edcias","og_description":"A gest\u00e3o liderada pelo prefeito Dailton Filho (PSB) em Madre de Deus est\u00e1 chamando a aten\u00e7\u00e3o da regi\u00e3o metropolitana pelos","og_url":"https:\/\/brasilnoticias.org\/site\/madre-de-deus-prefeito-e-acusado-de-ma-gestao-e-desvio-de-recursos-publicos-por-meio-de-cargos-comissionados\/","og_site_name":"Brasil not\u00edcias","article_published_time":"2024-04-30T17:18:17+00:00","og_image":[{"width":300,"height":200,"url":"https:\/\/brasilnoticias.org\/site\/wp-content\/uploads\/2024\/04\/IMAGEM_NOTICIA_2-6.jpg","type":"image\/jpeg"}],"author":"Reda\u00e7\u00e3o","twitter_card":"summary_large_image","twitter_misc":{"Escrito por":"Reda\u00e7\u00e3o","Tempo estimado de leitura":"1 minuto"},"schema":{"@context":"https:\/\/schema.org","@graph":[{"@type":"Article","@id":"https:\/\/brasilnoticias.org\/site\/madre-de-deus-prefeito-e-acusado-de-ma-gestao-e-desvio-de-recursos-publicos-por-meio-de-cargos-comissionados\/#article","isPartOf":{"@id":"https:\/\/brasilnoticias.org\/site\/madre-de-deus-prefeito-e-acusado-de-ma-gestao-e-desvio-de-recursos-publicos-por-meio-de-cargos-comissionados\/"},"author":{"name":"Reda\u00e7\u00e3o","@id":"https:\/\/brasilnoticias.org\/site\/#\/schema\/person\/03bbbfe6c7634ad18c26444ea39049fa"},"headline":"Madre de Deus: prefeito \u00e9 acusado de m\u00e1 gest\u00e3o e desvio de recursos p\u00fablicos por meio de cargos comissionados","datePublished":"2024-04-30T17:18:17+00:00","mainEntityOfPage":{"@id":"https:\/\/brasilnoticias.org\/site\/madre-de-deus-prefeito-e-acusado-de-ma-gestao-e-desvio-de-recursos-publicos-por-meio-de-cargos-comissionados\/"},"wordCount":303,"commentCount":0,"publisher":{"@id":"https:\/\/brasilnoticias.org\/site\/#organization"},"image":{"@id":"https:\/\/brasilnoticias.org\/site\/madre-de-deus-prefeito-e-acusado-de-ma-gestao-e-desvio-de-recursos-publicos-por-meio-de-cargos-comissionados\/#primaryimage"},"thumbnailUrl":"https:\/\/brasilnoticias.org\/site\/wp-content\/uploads\/2024\/04\/IMAGEM_NOTICIA_2-6.jpg","articleSection":["Pol\u00edtica","\u00daltimas"],"inLanguage":"pt-PT","potentialAction":[{"@type":"CommentAction","name":"Comment","target":["https:\/\/brasilnoticias.org\/site\/madre-de-deus-prefeito-e-acusado-de-ma-gestao-e-desvio-de-recursos-publicos-por-meio-de-cargos-comissionados\/#respond"]}]},{"@type":"WebPage","@id":"https:\/\/brasilnoticias.org\/site\/madre-de-deus-prefeito-e-acusado-de-ma-gestao-e-desvio-de-recursos-publicos-por-meio-de-cargos-comissionados\/","url":"https:\/\/brasilnoticias.org\/site\/madre-de-deus-prefeito-e-acusado-de-ma-gestao-e-desvio-de-recursos-publicos-por-meio-de-cargos-comissionados\/","name":"Madre de Deus: prefeito \u00e9 acusado de m\u00e1 gest\u00e3o e desvio de recursos p\u00fablicos por meio de cargos comissionados - Brasil not\u00edcias","isPartOf":{"@id":"https:\/\/brasilnoticias.org\/site\/#website"},"primaryImageOfPage":{"@id":"https:\/\/brasilnoticias.org\/site\/madre-de-deus-prefeito-e-acusado-de-ma-gestao-e-desvio-de-recursos-publicos-por-meio-de-cargos-comissionados\/#primaryimage"},"image":{"@id":"https:\/\/brasilnoticias.org\/site\/madre-de-deus-prefeito-e-acusado-de-ma-gestao-e-desvio-de-recursos-publicos-por-meio-de-cargos-comissionados\/#primaryimage"},"thumbnailUrl":"https:\/\/brasilnoticias.org\/site\/wp-content\/uploads\/2024\/04\/IMAGEM_NOTICIA_2-6.jpg","datePublished":"2024-04-30T17:18:17+00:00","breadcrumb":{"@id":"https:\/\/brasilnoticias.org\/site\/madre-de-deus-prefeito-e-acusado-de-ma-gestao-e-desvio-de-recursos-publicos-por-meio-de-cargos-comissionados\/#breadcrumb"},"inLanguage":"pt-PT","potentialAction":[{"@type":"ReadAction","target":["https:\/\/brasilnoticias.org\/site\/madre-de-deus-prefeito-e-acusado-de-ma-gestao-e-desvio-de-recursos-publicos-por-meio-de-cargos-comissionados\/"]}]},{"@type":"ImageObject","inLanguage":"pt-PT","@id":"https:\/\/brasilnoticias.org\/site\/madre-de-deus-prefeito-e-acusado-de-ma-gestao-e-desvio-de-recursos-publicos-por-meio-de-cargos-comissionados\/#primaryimage","url":"https:\/\/brasilnoticias.org\/site\/wp-content\/uploads\/2024\/04\/IMAGEM_NOTICIA_2-6.jpg","contentUrl":"https:\/\/brasilnoticias.org\/site\/wp-content\/uploads\/2024\/04\/IMAGEM_NOTICIA_2-6.jpg","width":300,"height":200},{"@type":"BreadcrumbList","@id":"https:\/\/brasilnoticias.org\/site\/madre-de-deus-prefeito-e-acusado-de-ma-gestao-e-desvio-de-recursos-publicos-por-meio-de-cargos-comissionados\/#breadcrumb","itemListElement":[{"@type":"ListItem","position":1,"name":"In\u00edcio","item":"https:\/\/brasilnoticias.org\/site\/"},{"@type":"ListItem","position":2,"name":"Madre de Deus: prefeito \u00e9 acusado de m\u00e1 gest\u00e3o e desvio de recursos p\u00fablicos por meio de cargos comissionados"}]},{"@type":"WebSite","@id":"https:\/\/brasilnoticias.org\/site\/#website","url":"https:\/\/brasilnoticias.org\/site\/","name":"Brasil not\u00edcias","description":"Brasil not\u00edcias","publisher":{"@id":"https:\/\/brasilnoticias.org\/site\/#organization"},"potentialAction":[{"@type":"SearchAction","target":{"@type":"EntryPoint","urlTemplate":"https:\/\/brasilnoticias.org\/site\/?s={search_term_string}"},"query-input":{"@type":"PropertyValueSpecification","valueRequired":true,"valueName":"search_term_string"}}],"inLanguage":"pt-PT"},{"@type":"Organization","@id":"https:\/\/brasilnoticias.org\/site\/#organization","name":"Brasil not\u00edcias","url":"https:\/\/brasilnoticias.org\/site\/","logo":{"@type":"ImageObject","inLanguage":"pt-PT","@id":"https:\/\/brasilnoticias.org\/site\/#\/schema\/logo\/image\/","url":"https:\/\/brasilnoticias.org\/site\/wp-content\/uploads\/2022\/05\/cropped-brasilnoticias-mini.jpg","contentUrl":"https:\/\/brasilnoticias.org\/site\/wp-content\/uploads\/2022\/05\/cropped-brasilnoticias-mini.jpg","width":314,"height":86,"caption":"Brasil not\u00edcias"},"image":{"@id":"https:\/\/brasilnoticias.org\/site\/#\/schema\/logo\/image\/"}},{"@type":"Person","@id":"https:\/\/brasilnoticias.org\/site\/#\/schema\/person\/03bbbfe6c7634ad18c26444ea39049fa","name":"Reda\u00e7\u00e3o","image":{"@type":"ImageObject","inLanguage":"pt-PT","@id":"https:\/\/brasilnoticias.org\/site\/#\/schema\/person\/image\/","url":"https:\/\/secure.gravatar.com\/avatar\/9ecaf7327a696cb23ad926fedded5f1f04d7049de9e445375d55b48c001a6e42?s=96&d=mm&r=g","contentUrl":"https:\/\/secure.gravatar.com\/avatar\/9ecaf7327a696cb23ad926fedded5f1f04d7049de9e445375d55b48c001a6e42?s=96&d=mm&r=g","caption":"Reda\u00e7\u00e3o"},"url":"https:\/\/brasilnoticias.org\/site\/author\/henrique\/"}]}},"_links":{"self":[{"href":"https:\/\/brasilnoticias.org\/site\/wp-json\/wp\/v2\/posts\/13876","targetHints":{"allow":["GET"]}}],"collection":[{"href":"https:\/\/brasilnoticias.org\/site\/wp-json\/wp\/v2\/posts"}],"about":[{"href":"https:\/\/brasilnoticias.org\/site\/wp-json\/wp\/v2\/types\/post"}],"author":[{"embeddable":true,"href":"https:\/\/brasilnoticias.org\/site\/wp-json\/wp\/v2\/users\/4"}],"replies":[{"embeddable":true,"href":"https:\/\/brasilnoticias.org\/site\/wp-json\/wp\/v2\/comments?post=13876"}],"version-history":[{"count":1,"href":"https:\/\/brasilnoticias.org\/site\/wp-json\/wp\/v2\/posts\/13876\/revisions"}],"predecessor-version":[{"id":13878,"href":"https:\/\/brasilnoticias.org\/site\/wp-json\/wp\/v2\/posts\/13876\/revisions\/13878"}],"wp:featuredmedia":[{"embeddable":true,"href":"https:\/\/brasilnoticias.org\/site\/wp-json\/wp\/v2\/media\/13877"}],"wp:attachment":[{"href":"https:\/\/brasilnoticias.org\/site\/wp-json\/wp\/v2\/media?parent=13876"}],"wp:term":[{"taxonomy":"category","embeddable":true,"href":"https:\/\/brasilnoticias.org\/site\/wp-json\/wp\/v2\/categories?post=13876"},{"taxonomy":"post_tag","embeddable":true,"href":"https:\/\/brasilnoticias.org\/site\/wp-json\/wp\/v2\/tags?post=13876"}],"curies":[{"name":"wp","href":"https:\/\/api.w.org\/{rel}","templated":true}]}}