{"id":13908,"date":"2024-05-03T12:57:46","date_gmt":"2024-05-03T15:57:46","guid":{"rendered":"https:\/\/brasilnoticias.org\/site\/?p=13908"},"modified":"2024-05-03T12:57:46","modified_gmt":"2024-05-03T15:57:46","slug":"brasil-se-torna-livre-de-febre-aftosa-sem-vacinacao-informa-governo","status":"publish","type":"post","link":"https:\/\/brasilnoticias.org\/site\/brasil-se-torna-livre-de-febre-aftosa-sem-vacinacao-informa-governo\/","title":{"rendered":"Brasil se torna livre de febre aftosa sem vacina\u00e7\u00e3o, informa governo"},"content":{"rendered":"<p>O governo federal informou nesta quinta-feira (2) que o Brasil se tornou um pa\u00eds livre de febre aftosa sem vacina\u00e7\u00e3o animal. O an\u00fancio foi feito pelo ministro da Agricultura e Pecu\u00e1ria, Carlos F\u00e1varo, e pelo vice-presidente e ministro do Desenvolvimento, Ind\u00fastria e Com\u00e9rcio, Geraldo Alckmin. A autodeclara\u00e7\u00e3o ocorre ap\u00f3s o fim da \u00faltima campanha nacional de imuniza\u00e7\u00e3o contra a febre aftosa em 12 unidades da Federa\u00e7\u00e3o e em parte do Amazonas.<\/p>\n<p>\u201cO Brasil sobe para o degrau de cima da sanidade animal, t\u00e3o almejada. Os mercados mais exigentes e mais remuneradores v\u00e3o estar abertos para o Brasil&#8221;, celebrou F\u00e1varo.<\/p>\n<p>Segundo ele, a medida abre caminho para que o Brasil possa exportar carne bovina para pa\u00edses como Jap\u00e3o e Coreia do Sul, por exemplo, que s\u00f3 compram de mercados livres da doen\u00e7a sem vacina\u00e7\u00e3o.<\/p>\n<p>&#8220;Hoje \u00e9 um dia hist\u00f3rico, porque sempre o Brasil sonhou em ser um pa\u00eds livre de febre aftosa sem vacina\u00e7\u00e3o, ou seja, um est\u00e1gio bem avan\u00e7ado de sanidade animal e boa defesa agropecu\u00e1ria&#8221;, afirmou o vice-presidente Geraldo Alckmin.<\/p>\n<p>A pr\u00f3xima etapa consiste na apresenta\u00e7\u00e3o de documenta\u00e7\u00e3o para Organiza\u00e7\u00e3o Mundial de Sa\u00fade Animal (OMSA), que \u00e9 quem tem poder para reconhecer o novo status sanit\u00e1rio do pa\u00eds.<\/p>\n<p>Para conceder a declara\u00e7\u00e3o de pa\u00eds livre da febre aftosa sem vacina\u00e7\u00e3o, a OMSA exige a suspens\u00e3o da vacina\u00e7\u00e3o contra a febre aftosa e a proibi\u00e7\u00e3o de ingresso de animais vacinados nos estados por, pelo menos, 12 meses. O Brasil deve apresentar o pleito em agosto deste ano. J\u00e1 o resultado, se aprovado, ser\u00e1 apresentado em maio de 2025, durante assembleia geral da entidade.<\/p>\n<p>Atualmente, no Brasil, somente os estados de Santa Catarina, Paran\u00e1, Rio Grande do Sul, Acre, Rond\u00f4nia e partes do Amazonas e do Mato Grosso t\u00eam o reconhecimento internacional de zona livre de febre aftosa sem vacina\u00e7\u00e3o pela OMSA.<\/p>\n<p>Ao todo, segundo o Minist\u00e9rio da Agricultura e Pecu\u00e1ria, mais de 244 milh\u00f5es de bovinos e bubalinos em cerca de 3,2 milh\u00f5es de propriedades deixar\u00e3o de ser vacinados contra a doen\u00e7a, trazendo uma redu\u00e7\u00e3o de custo direta, com a aplica\u00e7\u00e3o da vacina, de mais de R$ 500 milh\u00f5es.<\/p>\n<p>O ciclo de vacina\u00e7\u00e3o de bovinos e bubalinos contra a febre aftosa no Brasil come\u00e7ou h\u00e1 mais de 50 anos e o \u00faltimo registro da doen\u00e7a ocorreu em 2006. O fim da vacina\u00e7\u00e3o exigir\u00e1 protocolos mais r\u00edgidos de controle sanit\u00e1rio por parte dos estados, enfatizou o ministro Carlos F\u00e1varo.<\/p>\n<p>A carne \u00e9 o quarto principal item da pauta de exporta\u00e7\u00f5es brasileira, atr\u00e1s apenas da soja, petr\u00f3leo bruto e min\u00e9rio de ferro.  <\/p>\n<p>Informa\u00e7\u00f5es da Ag\u00eancia Brasil \/ Foto: MAPA<\/p>\n","protected":false},"excerpt":{"rendered":"<p>O governo federal informou nesta quinta-feira (2) que o Brasil se tornou um pa\u00eds livre de febre aftosa sem vacina\u00e7\u00e3o<\/p>\n","protected":false},"author":4,"featured_media":13909,"comment_status":"open","ping_status":"open","sticky":false,"template":"","format":"standard","meta":{"colormag_page_container_layout":"default_layout","colormag_page_sidebar_layout":"default_layout","_FSMCFIC_featured_image_caption":"","_FSMCFIC_featured_image_nocaption":"","_FSMCFIC_featured_image_hide":"","footnotes":""},"categories":[2,1],"tags":[],"class_list":["post-13908","post","type-post","status-publish","format-standard","has-post-thumbnail","hentry","category-noticias","category-ultimas"],"yoast_head":"<!-- This site is optimized with the Yoast SEO plugin v27.1.1 - https:\/\/yoast.com\/product\/yoast-seo-wordpress\/ -->\n<title>Brasil se torna livre de febre aftosa sem vacina\u00e7\u00e3o, informa governo - Brasil not\u00edcias<\/title>\n<meta name=\"robots\" content=\"index, follow, max-snippet:-1, max-image-preview:large, max-video-preview:-1\" \/>\n<link rel=\"canonical\" href=\"https:\/\/brasilnoticias.org\/site\/brasil-se-torna-livre-de-febre-aftosa-sem-vacinacao-informa-governo\/\" \/>\n<meta property=\"og:locale\" content=\"pt_PT\" \/>\n<meta property=\"og:type\" content=\"article\" \/>\n<meta property=\"og:title\" content=\"Brasil se torna livre de febre aftosa sem vacina\u00e7\u00e3o, informa governo - Brasil not\u00edcias\" \/>\n<meta property=\"og:description\" content=\"O governo federal informou nesta quinta-feira (2) que o Brasil se tornou um pa\u00eds livre de febre aftosa sem vacina\u00e7\u00e3o\" \/>\n<meta property=\"og:url\" content=\"https:\/\/brasilnoticias.org\/site\/brasil-se-torna-livre-de-febre-aftosa-sem-vacinacao-informa-governo\/\" \/>\n<meta property=\"og:site_name\" content=\"Brasil not\u00edcias\" \/>\n<meta property=\"article:published_time\" content=\"2024-05-03T15:57:46+00:00\" \/>\n<meta property=\"og:image\" content=\"https:\/\/brasilnoticias.org\/site\/wp-content\/uploads\/2024\/05\/IMAGEM_NOTICIA_2-2.jpg\" \/>\n\t<meta property=\"og:image:width\" content=\"300\" \/>\n\t<meta property=\"og:image:height\" content=\"200\" \/>\n\t<meta property=\"og:image:type\" content=\"image\/jpeg\" \/>\n<meta name=\"author\" content=\"Reda\u00e7\u00e3o\" \/>\n<meta name=\"twitter:card\" content=\"summary_large_image\" \/>\n<meta name=\"twitter:label1\" content=\"Escrito por\" \/>\n\t<meta name=\"twitter:data1\" content=\"Reda\u00e7\u00e3o\" \/>\n\t<meta name=\"twitter:label2\" content=\"Tempo estimado de leitura\" \/>\n\t<meta name=\"twitter:data2\" content=\"1 minuto\" \/>\n<script type=\"application\/ld+json\" class=\"yoast-schema-graph\">{\"@context\":\"https:\/\/schema.org\",\"@graph\":[{\"@type\":\"Article\",\"@id\":\"https:\/\/brasilnoticias.org\/site\/brasil-se-torna-livre-de-febre-aftosa-sem-vacinacao-informa-governo\/#article\",\"isPartOf\":{\"@id\":\"https:\/\/brasilnoticias.org\/site\/brasil-se-torna-livre-de-febre-aftosa-sem-vacinacao-informa-governo\/\"},\"author\":{\"name\":\"Reda\u00e7\u00e3o\",\"@id\":\"https:\/\/brasilnoticias.org\/site\/#\/schema\/person\/03bbbfe6c7634ad18c26444ea39049fa\"},\"headline\":\"Brasil se torna livre de febre aftosa sem vacina\u00e7\u00e3o, informa governo\",\"datePublished\":\"2024-05-03T15:57:46+00:00\",\"mainEntityOfPage\":{\"@id\":\"https:\/\/brasilnoticias.org\/site\/brasil-se-torna-livre-de-febre-aftosa-sem-vacinacao-informa-governo\/\"},\"wordCount\":488,\"commentCount\":0,\"publisher\":{\"@id\":\"https:\/\/brasilnoticias.org\/site\/#organization\"},\"image\":{\"@id\":\"https:\/\/brasilnoticias.org\/site\/brasil-se-torna-livre-de-febre-aftosa-sem-vacinacao-informa-governo\/#primaryimage\"},\"thumbnailUrl\":\"https:\/\/brasilnoticias.org\/site\/wp-content\/uploads\/2024\/05\/IMAGEM_NOTICIA_2-2.jpg\",\"articleSection\":[\"Not\u00edcias\",\"\u00daltimas\"],\"inLanguage\":\"pt-PT\",\"potentialAction\":[{\"@type\":\"CommentAction\",\"name\":\"Comment\",\"target\":[\"https:\/\/brasilnoticias.org\/site\/brasil-se-torna-livre-de-febre-aftosa-sem-vacinacao-informa-governo\/#respond\"]}]},{\"@type\":\"WebPage\",\"@id\":\"https:\/\/brasilnoticias.org\/site\/brasil-se-torna-livre-de-febre-aftosa-sem-vacinacao-informa-governo\/\",\"url\":\"https:\/\/brasilnoticias.org\/site\/brasil-se-torna-livre-de-febre-aftosa-sem-vacinacao-informa-governo\/\",\"name\":\"Brasil se torna livre de febre aftosa sem vacina\u00e7\u00e3o, informa governo - Brasil not\u00edcias\",\"isPartOf\":{\"@id\":\"https:\/\/brasilnoticias.org\/site\/#website\"},\"primaryImageOfPage\":{\"@id\":\"https:\/\/brasilnoticias.org\/site\/brasil-se-torna-livre-de-febre-aftosa-sem-vacinacao-informa-governo\/#primaryimage\"},\"image\":{\"@id\":\"https:\/\/brasilnoticias.org\/site\/brasil-se-torna-livre-de-febre-aftosa-sem-vacinacao-informa-governo\/#primaryimage\"},\"thumbnailUrl\":\"https:\/\/brasilnoticias.org\/site\/wp-content\/uploads\/2024\/05\/IMAGEM_NOTICIA_2-2.jpg\",\"datePublished\":\"2024-05-03T15:57:46+00:00\",\"breadcrumb\":{\"@id\":\"https:\/\/brasilnoticias.org\/site\/brasil-se-torna-livre-de-febre-aftosa-sem-vacinacao-informa-governo\/#breadcrumb\"},\"inLanguage\":\"pt-PT\",\"potentialAction\":[{\"@type\":\"ReadAction\",\"target\":[\"https:\/\/brasilnoticias.org\/site\/brasil-se-torna-livre-de-febre-aftosa-sem-vacinacao-informa-governo\/\"]}]},{\"@type\":\"ImageObject\",\"inLanguage\":\"pt-PT\",\"@id\":\"https:\/\/brasilnoticias.org\/site\/brasil-se-torna-livre-de-febre-aftosa-sem-vacinacao-informa-governo\/#primaryimage\",\"url\":\"https:\/\/brasilnoticias.org\/site\/wp-content\/uploads\/2024\/05\/IMAGEM_NOTICIA_2-2.jpg\",\"contentUrl\":\"https:\/\/brasilnoticias.org\/site\/wp-content\/uploads\/2024\/05\/IMAGEM_NOTICIA_2-2.jpg\",\"width\":300,\"height\":200},{\"@type\":\"BreadcrumbList\",\"@id\":\"https:\/\/brasilnoticias.org\/site\/brasil-se-torna-livre-de-febre-aftosa-sem-vacinacao-informa-governo\/#breadcrumb\",\"itemListElement\":[{\"@type\":\"ListItem\",\"position\":1,\"name\":\"In\u00edcio\",\"item\":\"https:\/\/brasilnoticias.org\/site\/\"},{\"@type\":\"ListItem\",\"position\":2,\"name\":\"Brasil se torna livre de febre aftosa sem vacina\u00e7\u00e3o, informa governo\"}]},{\"@type\":\"WebSite\",\"@id\":\"https:\/\/brasilnoticias.org\/site\/#website\",\"url\":\"https:\/\/brasilnoticias.org\/site\/\",\"name\":\"Brasil not\u00edcias\",\"description\":\"Brasil not\u00edcias\",\"publisher\":{\"@id\":\"https:\/\/brasilnoticias.org\/site\/#organization\"},\"potentialAction\":[{\"@type\":\"SearchAction\",\"target\":{\"@type\":\"EntryPoint\",\"urlTemplate\":\"https:\/\/brasilnoticias.org\/site\/?s={search_term_string}\"},\"query-input\":{\"@type\":\"PropertyValueSpecification\",\"valueRequired\":true,\"valueName\":\"search_term_string\"}}],\"inLanguage\":\"pt-PT\"},{\"@type\":\"Organization\",\"@id\":\"https:\/\/brasilnoticias.org\/site\/#organization\",\"name\":\"Brasil not\u00edcias\",\"url\":\"https:\/\/brasilnoticias.org\/site\/\",\"logo\":{\"@type\":\"ImageObject\",\"inLanguage\":\"pt-PT\",\"@id\":\"https:\/\/brasilnoticias.org\/site\/#\/schema\/logo\/image\/\",\"url\":\"https:\/\/brasilnoticias.org\/site\/wp-content\/uploads\/2022\/05\/cropped-brasilnoticias-mini.jpg\",\"contentUrl\":\"https:\/\/brasilnoticias.org\/site\/wp-content\/uploads\/2022\/05\/cropped-brasilnoticias-mini.jpg\",\"width\":314,\"height\":86,\"caption\":\"Brasil not\u00edcias\"},\"image\":{\"@id\":\"https:\/\/brasilnoticias.org\/site\/#\/schema\/logo\/image\/\"}},{\"@type\":\"Person\",\"@id\":\"https:\/\/brasilnoticias.org\/site\/#\/schema\/person\/03bbbfe6c7634ad18c26444ea39049fa\",\"name\":\"Reda\u00e7\u00e3o\",\"image\":{\"@type\":\"ImageObject\",\"inLanguage\":\"pt-PT\",\"@id\":\"https:\/\/brasilnoticias.org\/site\/#\/schema\/person\/image\/\",\"url\":\"https:\/\/secure.gravatar.com\/avatar\/9ecaf7327a696cb23ad926fedded5f1f04d7049de9e445375d55b48c001a6e42?s=96&d=mm&r=g\",\"contentUrl\":\"https:\/\/secure.gravatar.com\/avatar\/9ecaf7327a696cb23ad926fedded5f1f04d7049de9e445375d55b48c001a6e42?s=96&d=mm&r=g\",\"caption\":\"Reda\u00e7\u00e3o\"},\"url\":\"https:\/\/brasilnoticias.org\/site\/author\/henrique\/\"}]}<\/script>\n<!-- \/ Yoast SEO plugin. -->","yoast_head_json":{"title":"Brasil se torna livre de febre aftosa sem vacina\u00e7\u00e3o, informa governo - Brasil not\u00edcias","robots":{"index":"index","follow":"follow","max-snippet":"max-snippet:-1","max-image-preview":"max-image-preview:large","max-video-preview":"max-video-preview:-1"},"canonical":"https:\/\/brasilnoticias.org\/site\/brasil-se-torna-livre-de-febre-aftosa-sem-vacinacao-informa-governo\/","og_locale":"pt_PT","og_type":"article","og_title":"Brasil se torna livre de febre aftosa sem vacina\u00e7\u00e3o, informa governo - Brasil not\u00edcias","og_description":"O governo federal informou nesta quinta-feira (2) que o Brasil se tornou um pa\u00eds livre de febre aftosa sem vacina\u00e7\u00e3o","og_url":"https:\/\/brasilnoticias.org\/site\/brasil-se-torna-livre-de-febre-aftosa-sem-vacinacao-informa-governo\/","og_site_name":"Brasil not\u00edcias","article_published_time":"2024-05-03T15:57:46+00:00","og_image":[{"width":300,"height":200,"url":"https:\/\/brasilnoticias.org\/site\/wp-content\/uploads\/2024\/05\/IMAGEM_NOTICIA_2-2.jpg","type":"image\/jpeg"}],"author":"Reda\u00e7\u00e3o","twitter_card":"summary_large_image","twitter_misc":{"Escrito por":"Reda\u00e7\u00e3o","Tempo estimado de leitura":"1 minuto"},"schema":{"@context":"https:\/\/schema.org","@graph":[{"@type":"Article","@id":"https:\/\/brasilnoticias.org\/site\/brasil-se-torna-livre-de-febre-aftosa-sem-vacinacao-informa-governo\/#article","isPartOf":{"@id":"https:\/\/brasilnoticias.org\/site\/brasil-se-torna-livre-de-febre-aftosa-sem-vacinacao-informa-governo\/"},"author":{"name":"Reda\u00e7\u00e3o","@id":"https:\/\/brasilnoticias.org\/site\/#\/schema\/person\/03bbbfe6c7634ad18c26444ea39049fa"},"headline":"Brasil se torna livre de febre aftosa sem vacina\u00e7\u00e3o, informa governo","datePublished":"2024-05-03T15:57:46+00:00","mainEntityOfPage":{"@id":"https:\/\/brasilnoticias.org\/site\/brasil-se-torna-livre-de-febre-aftosa-sem-vacinacao-informa-governo\/"},"wordCount":488,"commentCount":0,"publisher":{"@id":"https:\/\/brasilnoticias.org\/site\/#organization"},"image":{"@id":"https:\/\/brasilnoticias.org\/site\/brasil-se-torna-livre-de-febre-aftosa-sem-vacinacao-informa-governo\/#primaryimage"},"thumbnailUrl":"https:\/\/brasilnoticias.org\/site\/wp-content\/uploads\/2024\/05\/IMAGEM_NOTICIA_2-2.jpg","articleSection":["Not\u00edcias","\u00daltimas"],"inLanguage":"pt-PT","potentialAction":[{"@type":"CommentAction","name":"Comment","target":["https:\/\/brasilnoticias.org\/site\/brasil-se-torna-livre-de-febre-aftosa-sem-vacinacao-informa-governo\/#respond"]}]},{"@type":"WebPage","@id":"https:\/\/brasilnoticias.org\/site\/brasil-se-torna-livre-de-febre-aftosa-sem-vacinacao-informa-governo\/","url":"https:\/\/brasilnoticias.org\/site\/brasil-se-torna-livre-de-febre-aftosa-sem-vacinacao-informa-governo\/","name":"Brasil se torna livre de febre aftosa sem vacina\u00e7\u00e3o, informa governo - Brasil not\u00edcias","isPartOf":{"@id":"https:\/\/brasilnoticias.org\/site\/#website"},"primaryImageOfPage":{"@id":"https:\/\/brasilnoticias.org\/site\/brasil-se-torna-livre-de-febre-aftosa-sem-vacinacao-informa-governo\/#primaryimage"},"image":{"@id":"https:\/\/brasilnoticias.org\/site\/brasil-se-torna-livre-de-febre-aftosa-sem-vacinacao-informa-governo\/#primaryimage"},"thumbnailUrl":"https:\/\/brasilnoticias.org\/site\/wp-content\/uploads\/2024\/05\/IMAGEM_NOTICIA_2-2.jpg","datePublished":"2024-05-03T15:57:46+00:00","breadcrumb":{"@id":"https:\/\/brasilnoticias.org\/site\/brasil-se-torna-livre-de-febre-aftosa-sem-vacinacao-informa-governo\/#breadcrumb"},"inLanguage":"pt-PT","potentialAction":[{"@type":"ReadAction","target":["https:\/\/brasilnoticias.org\/site\/brasil-se-torna-livre-de-febre-aftosa-sem-vacinacao-informa-governo\/"]}]},{"@type":"ImageObject","inLanguage":"pt-PT","@id":"https:\/\/brasilnoticias.org\/site\/brasil-se-torna-livre-de-febre-aftosa-sem-vacinacao-informa-governo\/#primaryimage","url":"https:\/\/brasilnoticias.org\/site\/wp-content\/uploads\/2024\/05\/IMAGEM_NOTICIA_2-2.jpg","contentUrl":"https:\/\/brasilnoticias.org\/site\/wp-content\/uploads\/2024\/05\/IMAGEM_NOTICIA_2-2.jpg","width":300,"height":200},{"@type":"BreadcrumbList","@id":"https:\/\/brasilnoticias.org\/site\/brasil-se-torna-livre-de-febre-aftosa-sem-vacinacao-informa-governo\/#breadcrumb","itemListElement":[{"@type":"ListItem","position":1,"name":"In\u00edcio","item":"https:\/\/brasilnoticias.org\/site\/"},{"@type":"ListItem","position":2,"name":"Brasil se torna livre de febre aftosa sem vacina\u00e7\u00e3o, informa governo"}]},{"@type":"WebSite","@id":"https:\/\/brasilnoticias.org\/site\/#website","url":"https:\/\/brasilnoticias.org\/site\/","name":"Brasil not\u00edcias","description":"Brasil not\u00edcias","publisher":{"@id":"https:\/\/brasilnoticias.org\/site\/#organization"},"potentialAction":[{"@type":"SearchAction","target":{"@type":"EntryPoint","urlTemplate":"https:\/\/brasilnoticias.org\/site\/?s={search_term_string}"},"query-input":{"@type":"PropertyValueSpecification","valueRequired":true,"valueName":"search_term_string"}}],"inLanguage":"pt-PT"},{"@type":"Organization","@id":"https:\/\/brasilnoticias.org\/site\/#organization","name":"Brasil not\u00edcias","url":"https:\/\/brasilnoticias.org\/site\/","logo":{"@type":"ImageObject","inLanguage":"pt-PT","@id":"https:\/\/brasilnoticias.org\/site\/#\/schema\/logo\/image\/","url":"https:\/\/brasilnoticias.org\/site\/wp-content\/uploads\/2022\/05\/cropped-brasilnoticias-mini.jpg","contentUrl":"https:\/\/brasilnoticias.org\/site\/wp-content\/uploads\/2022\/05\/cropped-brasilnoticias-mini.jpg","width":314,"height":86,"caption":"Brasil not\u00edcias"},"image":{"@id":"https:\/\/brasilnoticias.org\/site\/#\/schema\/logo\/image\/"}},{"@type":"Person","@id":"https:\/\/brasilnoticias.org\/site\/#\/schema\/person\/03bbbfe6c7634ad18c26444ea39049fa","name":"Reda\u00e7\u00e3o","image":{"@type":"ImageObject","inLanguage":"pt-PT","@id":"https:\/\/brasilnoticias.org\/site\/#\/schema\/person\/image\/","url":"https:\/\/secure.gravatar.com\/avatar\/9ecaf7327a696cb23ad926fedded5f1f04d7049de9e445375d55b48c001a6e42?s=96&d=mm&r=g","contentUrl":"https:\/\/secure.gravatar.com\/avatar\/9ecaf7327a696cb23ad926fedded5f1f04d7049de9e445375d55b48c001a6e42?s=96&d=mm&r=g","caption":"Reda\u00e7\u00e3o"},"url":"https:\/\/brasilnoticias.org\/site\/author\/henrique\/"}]}},"_links":{"self":[{"href":"https:\/\/brasilnoticias.org\/site\/wp-json\/wp\/v2\/posts\/13908","targetHints":{"allow":["GET"]}}],"collection":[{"href":"https:\/\/brasilnoticias.org\/site\/wp-json\/wp\/v2\/posts"}],"about":[{"href":"https:\/\/brasilnoticias.org\/site\/wp-json\/wp\/v2\/types\/post"}],"author":[{"embeddable":true,"href":"https:\/\/brasilnoticias.org\/site\/wp-json\/wp\/v2\/users\/4"}],"replies":[{"embeddable":true,"href":"https:\/\/brasilnoticias.org\/site\/wp-json\/wp\/v2\/comments?post=13908"}],"version-history":[{"count":1,"href":"https:\/\/brasilnoticias.org\/site\/wp-json\/wp\/v2\/posts\/13908\/revisions"}],"predecessor-version":[{"id":13910,"href":"https:\/\/brasilnoticias.org\/site\/wp-json\/wp\/v2\/posts\/13908\/revisions\/13910"}],"wp:featuredmedia":[{"embeddable":true,"href":"https:\/\/brasilnoticias.org\/site\/wp-json\/wp\/v2\/media\/13909"}],"wp:attachment":[{"href":"https:\/\/brasilnoticias.org\/site\/wp-json\/wp\/v2\/media?parent=13908"}],"wp:term":[{"taxonomy":"category","embeddable":true,"href":"https:\/\/brasilnoticias.org\/site\/wp-json\/wp\/v2\/categories?post=13908"},{"taxonomy":"post_tag","embeddable":true,"href":"https:\/\/brasilnoticias.org\/site\/wp-json\/wp\/v2\/tags?post=13908"}],"curies":[{"name":"wp","href":"https:\/\/api.w.org\/{rel}","templated":true}]}}