{"id":13916,"date":"2024-05-06T18:01:28","date_gmt":"2024-05-06T21:01:28","guid":{"rendered":"https:\/\/brasilnoticias.org\/site\/?p=13916"},"modified":"2024-05-06T18:01:28","modified_gmt":"2024-05-06T21:01:28","slug":"com-um-a-menos-vitoria-perde-para-o-sao-paulo-e-segue-no-z-4-do-brasileirao","status":"publish","type":"post","link":"https:\/\/brasilnoticias.org\/site\/com-um-a-menos-vitoria-perde-para-o-sao-paulo-e-segue-no-z-4-do-brasileirao\/","title":{"rendered":"Com um a menos, Vit\u00f3ria perde para o S\u00e3o Paulo e segue no Z-4 do Brasileir\u00e3o"},"content":{"rendered":"<p>Luciano, duas vezes, e Ferraresi marcaram para o Tricolor paulista; Willian Oliveira descontou para o Rubro-Negro; partida terminou em 3 x 1 no Barrad\u00e3o<\/p>\n<p>O Vit\u00f3ria foi derrotado pelo S\u00e3o Paulo por 3 x 1 e mais uma vez desperdi\u00e7ou a chance de vencer a primeira no Campeonato Brasileiro. Neste domingo (5), logo aos seis minutos, o VAR acionou o \u00e1rbitro para revisar um lance entre o zagueiro Wagner Leonardo e o atacante Calleri. Na sequ\u00eancia, o juiz expulsou o defensor por dar uma cotovelada no advers\u00e1rio.<\/p>\n<p>Com isso, o Tricolor passou a dominar as a\u00e7\u00f5es na partida e abriu o placar no fim do primeiro tempo com gol de Luciano. Na segunda etapa, o Le\u00e3o empatou com Willian Oliveira, mas n\u00e3o conseguiu segurar o time paulista, que voltou \u00e0 frente do marcador com mais um de Luciano. No fim, Ferraresi fez o terceiro e decretou o triunfo dos visitantes no Barrad\u00e3o.<\/p>\n<p>O Rubro-Negro segue na zona de rebaixamento em 18\u00aa com apenas um ponto. A equipe baiana pode perder mais uma posi\u00e7\u00e3o na tabela, caso o Cuiab\u00e1 ven\u00e7a o Palmeiras no fechamento da quinta rodada.<\/p>\n<p>No pr\u00f3ximo domingo (12), o Vit\u00f3ria tem confronto direto contra o Vasco na luta contra o Z-4. A bola rola no Est\u00e1dio S\u00e3o Janu\u00e1rio, no Rio de Janeiro, \u00e0s 11h, pela sexta rodada do Brasileir\u00e3o.<\/p>\n<p>O JOGO<\/p>\n<p>Primeiro tempo<\/p>\n<p>Mesmo com o dom\u00ednio do S\u00e3o Paulo, o Vit\u00f3ria n\u00e3o se entregou. Logo aos seis minutos, Wagner Leonardo foi expulso ap\u00f3s o \u00e1rbitro revisar um lance de cotovelada do zagueiro no atacante Calleri &#8211; com isso, o Rubro-Negro teve que recalcular sua rota na partida. O Tricolor paulista passou a controlar as a\u00e7\u00f5es e ofereceu perigo pelas pontas, em jogadas com Rodrigo Nestor e Michel Ara\u00fajo. At\u00e9 os acr\u00e9scimos, o Le\u00e3o conseguiu se segurar com as \u00f3timas defesas de Lucas Arcanjo e a trave ajudando tamb\u00e9m. Depois, Igor Vin\u00edcius cruzou na cabe\u00e7a de Luciano, que abriu o placar no Barrad\u00e3o. Mesmo com o volume do S\u00e3o Paulo, o Vit\u00f3ria tentou escapar pelo lado esquerdo com PK, mas n\u00e3o teve sucesso. <\/p>\n<p>Expuls\u00e3o! Aos seis minutos, o VAR acionou o \u00e1rbitro para revisar um lance entre Wagner Leonardo e Calleri. Ap\u00f3s a revis\u00e3o, o juiz expulsou o zagueiro rubro-negro por dar uma cotovelada no atacante.<\/p>\n<p>Aos 17, Rodrigo Nestor driblou Zeca e cruzou rasteiro para a \u00e1rea. Livre, Igor Vin\u00edcius chegou batendo, mas a bola desviou em Reynaldo e foi para escanteio. <\/p>\n<p>Aos 26 minutos, Nestor cobrou falta na \u00e1rea e a bola foi direto para a meta. Lucas Arcanjo deu um tapa para defender, mas a arbitragem anulou o lance por impedimento de Calleri, que tentou o cabeceio.<\/p>\n<p>Inacredit\u00e1vel! Aos 39, Calleri foi at\u00e9 o fundo e cruzou para Gallopo, que finalizou \u00e0 queima-roupa e o goleiro baiano defendeu. No rebote, Igor Vin\u00edcius carimbou a trave esquerda. <\/p>\n<p>Gol do S\u00e3o Paulo! Aos 44 minutos, Igor Vin\u00edcius pegou sobra na direita e cruzou para a pequena \u00e1rea. Luciano, de peixinho, testou forte para estufar as redes no Barrad\u00e3o.<\/p>\n<p>Nos acr\u00e9scimos, Gallopo tabelou com Luciano e soltou uma bomba de longe. Bem posicionado, Lucas Arcanjo espalmou para longe.<\/p>\n<p>Segundo tempo<\/p>\n<p>Assim como no primeiro tempo, a segunda etapa j\u00e1 come\u00e7ou movimentada. Aos tr\u00eas minutos, o Vit\u00f3ria conseguiu o empate com Willian Oliveira ap\u00f3s cruzamento de Matheuzinho. Por\u00e9m, o Le\u00e3o n\u00e3o segurou o S\u00e3o Paulo, que voltou \u00e0 frente do placar logo em seguida com mais um gol de Luciano. Depois, a partida perdeu ritmo e as equipes n\u00e3o conseguiram encaixar boas jogadas para marcar. No fim, Ferraresi fez o terceiro e decretou o triunfo dos visitantes. <\/p>\n<p>Gol do Vit\u00f3ria! Aos tr\u00eas minutos, Matheuzinho cobrou escanteio na primeira trave e Willian Oliveira, sozinho, cabeceou firme para empatar a partida.<\/p>\n<p>Gol do S\u00e3o Paulo! Aos sete, Rodrigo Nestor avan\u00e7ou pela esquerda e lan\u00e7ou para Michel Ara\u00fajo nas costas da defesa. O meia cruzou rasteiro para tr\u00e1s e encontrou Luciano, desmarcado, que chegou batendo de primeira.<\/p>\n<p>Aos 34 minutos, Gallopo deixou Willian Oliveira no ch\u00e3o e cruzou para Rodriguinho, mas o camisa 18 pegou mal e mandou a bola por cima da meta.<\/p>\n<p>Defesa\u00e7a! Aos 37, Luciano recebeu na entrada da \u00e1rea e bateu firme, mas Lucas Arcanjo deu um tapa para defender.<\/p>\n<p>Terceiro do Tricolor! Na sequ\u00eancia, a defesa rubro-negra cortou o escanteio parcialmente e Ferraresi ficou com a sobra. O zagueiro driblou o marcador e deu um bico para decretar o triunfo paulista.<\/p>\n<p>FICHA T\u00c9CNICA<\/p>\n<p>Vit\u00f3ria 1 x 3 S\u00e3o Paulo<br \/>\nS\u00e9rie A &#8211; 5\u00aa rodada<br \/>\nLocal: Est\u00e1dio Barrad\u00e3o, em Salvador (BA)<br \/>\nData: 05\/05\/2024 (domingo)<br \/>\nHor\u00e1rio: 16h<br \/>\n\u00c1rbitro: Ramon Abatti Abel (FIFA-SC)<br \/>\nAssistentes: Thiaggo Americano Labes (SC) e Gizeli Casaril (SC)<br \/>\nQuarto \u00e1rbitro: M\u00e1rcio dos Santos Oliveira (AL)<br \/>\nVAR: Rodolpho Toski Marques (FIFA-PR)<\/p>\n<p>Gols: Willian Oliveira (Vit\u00f3ria) \/ Luciano (2x) e Ferraresi (S\u00e3o Paulo)<br \/>\nCart\u00f5es amarelos: Bruno Uvini, Lucas Esteves e Dudu (Vit\u00f3ria) \/ Bobadilla, Galoppo, Alan Franco e Michel Ara\u00fajo (S\u00e3o Paulo)<br \/>\nCart\u00e3o vermelho: Wagner Leonardo (Vit\u00f3ria) <\/p>\n<p>Vit\u00f3ria: Lucas Arcanjo; Willean Lepo (Reynaldo), Zeca \u00a9, Wagner Leonardo, Bruno Uvini e PK (Lucas Esteves); Willian Oliveira, Dudu e Matheuzinho (Daniel Jr); Osvaldo (Mateus Gon\u00e7alves) e Janderson (Luiz Adriano). T\u00e9cnico: L\u00e9o Cond\u00e9<\/p>\n<p>S\u00e3o Paulo: Rafael; Igor Vinicius (Erick), Diego Costa, Arboleda, Alan Franco (Ferraresi) e Michel Ara\u00fajo; Bobadilla (Galoppo), Rodrigo Nestor (Rodriguinho) e Alisson; Luciano (Andr\u00e9 Silva) e Calleri \u00a9. T\u00e9cnico: Luis Zubeld\u00eda<\/p>\n<p>Foto: Victor Ferreira\/EC Vit\u00f3ria<br \/>\nPor: Jos\u00e9 Gabriel<\/p>\n","protected":false},"excerpt":{"rendered":"<p>Luciano, duas vezes, e Ferraresi marcaram para o Tricolor paulista; Willian Oliveira descontou para o Rubro-Negro; partida terminou em 3<\/p>\n","protected":false},"author":4,"featured_media":13919,"comment_status":"open","ping_status":"open","sticky":false,"template":"","format":"standard","meta":{"colormag_page_container_layout":"default_layout","colormag_page_sidebar_layout":"default_layout","_FSMCFIC_featured_image_caption":"","_FSMCFIC_featured_image_nocaption":"","_FSMCFIC_featured_image_hide":"","footnotes":""},"categories":[4,1],"tags":[],"class_list":["post-13916","post","type-post","status-publish","format-standard","has-post-thumbnail","hentry","category-esporte","category-ultimas"],"yoast_head":"<!-- This site is optimized with the Yoast SEO plugin v27.1.1 - https:\/\/yoast.com\/product\/yoast-seo-wordpress\/ -->\n<title>Com um a menos, Vit\u00f3ria perde para o S\u00e3o Paulo e segue no Z-4 do Brasileir\u00e3o - Brasil not\u00edcias<\/title>\n<meta name=\"robots\" content=\"index, follow, max-snippet:-1, max-image-preview:large, max-video-preview:-1\" \/>\n<link rel=\"canonical\" href=\"https:\/\/brasilnoticias.org\/site\/com-um-a-menos-vitoria-perde-para-o-sao-paulo-e-segue-no-z-4-do-brasileirao\/\" \/>\n<meta property=\"og:locale\" content=\"pt_PT\" \/>\n<meta property=\"og:type\" content=\"article\" \/>\n<meta property=\"og:title\" content=\"Com um a menos, Vit\u00f3ria perde para o S\u00e3o Paulo e segue no Z-4 do Brasileir\u00e3o - Brasil not\u00edcias\" \/>\n<meta property=\"og:description\" content=\"Luciano, duas vezes, e Ferraresi marcaram para o Tricolor paulista; Willian Oliveira descontou para o Rubro-Negro; partida terminou em 3\" \/>\n<meta property=\"og:url\" content=\"https:\/\/brasilnoticias.org\/site\/com-um-a-menos-vitoria-perde-para-o-sao-paulo-e-segue-no-z-4-do-brasileirao\/\" \/>\n<meta property=\"og:site_name\" content=\"Brasil not\u00edcias\" \/>\n<meta property=\"article:published_time\" content=\"2024-05-06T21:01:28+00:00\" \/>\n<meta property=\"og:image\" content=\"https:\/\/brasilnoticias.org\/site\/wp-content\/uploads\/2024\/05\/149691com-um-a-menos-vitoria-perde-para-o-sao-paulo-e-segue-no-z-4-do-brasileirao-3-1.jpg\" \/>\n\t<meta property=\"og:image:width\" content=\"1600\" \/>\n\t<meta property=\"og:image:height\" content=\"752\" \/>\n\t<meta property=\"og:image:type\" content=\"image\/jpeg\" \/>\n<meta name=\"author\" content=\"Reda\u00e7\u00e3o\" \/>\n<meta name=\"twitter:card\" content=\"summary_large_image\" \/>\n<meta name=\"twitter:label1\" content=\"Escrito por\" \/>\n\t<meta name=\"twitter:data1\" content=\"Reda\u00e7\u00e3o\" \/>\n\t<meta name=\"twitter:label2\" content=\"Tempo estimado de leitura\" \/>\n\t<meta name=\"twitter:data2\" content=\"1 minuto\" \/>\n<script type=\"application\/ld+json\" class=\"yoast-schema-graph\">{\"@context\":\"https:\/\/schema.org\",\"@graph\":[{\"@type\":\"Article\",\"@id\":\"https:\/\/brasilnoticias.org\/site\/com-um-a-menos-vitoria-perde-para-o-sao-paulo-e-segue-no-z-4-do-brasileirao\/#article\",\"isPartOf\":{\"@id\":\"https:\/\/brasilnoticias.org\/site\/com-um-a-menos-vitoria-perde-para-o-sao-paulo-e-segue-no-z-4-do-brasileirao\/\"},\"author\":{\"name\":\"Reda\u00e7\u00e3o\",\"@id\":\"https:\/\/brasilnoticias.org\/site\/#\/schema\/person\/03bbbfe6c7634ad18c26444ea39049fa\"},\"headline\":\"Com um a menos, Vit\u00f3ria perde para o S\u00e3o Paulo e segue no Z-4 do Brasileir\u00e3o\",\"datePublished\":\"2024-05-06T21:01:28+00:00\",\"mainEntityOfPage\":{\"@id\":\"https:\/\/brasilnoticias.org\/site\/com-um-a-menos-vitoria-perde-para-o-sao-paulo-e-segue-no-z-4-do-brasileirao\/\"},\"wordCount\":973,\"commentCount\":0,\"publisher\":{\"@id\":\"https:\/\/brasilnoticias.org\/site\/#organization\"},\"image\":{\"@id\":\"https:\/\/brasilnoticias.org\/site\/com-um-a-menos-vitoria-perde-para-o-sao-paulo-e-segue-no-z-4-do-brasileirao\/#primaryimage\"},\"thumbnailUrl\":\"https:\/\/brasilnoticias.org\/site\/wp-content\/uploads\/2024\/05\/149691com-um-a-menos-vitoria-perde-para-o-sao-paulo-e-segue-no-z-4-do-brasileirao-3-1.jpg\",\"articleSection\":[\"Esporte\",\"\u00daltimas\"],\"inLanguage\":\"pt-PT\",\"potentialAction\":[{\"@type\":\"CommentAction\",\"name\":\"Comment\",\"target\":[\"https:\/\/brasilnoticias.org\/site\/com-um-a-menos-vitoria-perde-para-o-sao-paulo-e-segue-no-z-4-do-brasileirao\/#respond\"]}]},{\"@type\":\"WebPage\",\"@id\":\"https:\/\/brasilnoticias.org\/site\/com-um-a-menos-vitoria-perde-para-o-sao-paulo-e-segue-no-z-4-do-brasileirao\/\",\"url\":\"https:\/\/brasilnoticias.org\/site\/com-um-a-menos-vitoria-perde-para-o-sao-paulo-e-segue-no-z-4-do-brasileirao\/\",\"name\":\"Com um a menos, Vit\u00f3ria perde para o S\u00e3o Paulo e segue no Z-4 do Brasileir\u00e3o - Brasil not\u00edcias\",\"isPartOf\":{\"@id\":\"https:\/\/brasilnoticias.org\/site\/#website\"},\"primaryImageOfPage\":{\"@id\":\"https:\/\/brasilnoticias.org\/site\/com-um-a-menos-vitoria-perde-para-o-sao-paulo-e-segue-no-z-4-do-brasileirao\/#primaryimage\"},\"image\":{\"@id\":\"https:\/\/brasilnoticias.org\/site\/com-um-a-menos-vitoria-perde-para-o-sao-paulo-e-segue-no-z-4-do-brasileirao\/#primaryimage\"},\"thumbnailUrl\":\"https:\/\/brasilnoticias.org\/site\/wp-content\/uploads\/2024\/05\/149691com-um-a-menos-vitoria-perde-para-o-sao-paulo-e-segue-no-z-4-do-brasileirao-3-1.jpg\",\"datePublished\":\"2024-05-06T21:01:28+00:00\",\"breadcrumb\":{\"@id\":\"https:\/\/brasilnoticias.org\/site\/com-um-a-menos-vitoria-perde-para-o-sao-paulo-e-segue-no-z-4-do-brasileirao\/#breadcrumb\"},\"inLanguage\":\"pt-PT\",\"potentialAction\":[{\"@type\":\"ReadAction\",\"target\":[\"https:\/\/brasilnoticias.org\/site\/com-um-a-menos-vitoria-perde-para-o-sao-paulo-e-segue-no-z-4-do-brasileirao\/\"]}]},{\"@type\":\"ImageObject\",\"inLanguage\":\"pt-PT\",\"@id\":\"https:\/\/brasilnoticias.org\/site\/com-um-a-menos-vitoria-perde-para-o-sao-paulo-e-segue-no-z-4-do-brasileirao\/#primaryimage\",\"url\":\"https:\/\/brasilnoticias.org\/site\/wp-content\/uploads\/2024\/05\/149691com-um-a-menos-vitoria-perde-para-o-sao-paulo-e-segue-no-z-4-do-brasileirao-3-1.jpg\",\"contentUrl\":\"https:\/\/brasilnoticias.org\/site\/wp-content\/uploads\/2024\/05\/149691com-um-a-menos-vitoria-perde-para-o-sao-paulo-e-segue-no-z-4-do-brasileirao-3-1.jpg\",\"width\":1600,\"height\":752},{\"@type\":\"BreadcrumbList\",\"@id\":\"https:\/\/brasilnoticias.org\/site\/com-um-a-menos-vitoria-perde-para-o-sao-paulo-e-segue-no-z-4-do-brasileirao\/#breadcrumb\",\"itemListElement\":[{\"@type\":\"ListItem\",\"position\":1,\"name\":\"In\u00edcio\",\"item\":\"https:\/\/brasilnoticias.org\/site\/\"},{\"@type\":\"ListItem\",\"position\":2,\"name\":\"Com um a menos, Vit\u00f3ria perde para o S\u00e3o Paulo e segue no Z-4 do Brasileir\u00e3o\"}]},{\"@type\":\"WebSite\",\"@id\":\"https:\/\/brasilnoticias.org\/site\/#website\",\"url\":\"https:\/\/brasilnoticias.org\/site\/\",\"name\":\"Brasil not\u00edcias\",\"description\":\"Brasil not\u00edcias\",\"publisher\":{\"@id\":\"https:\/\/brasilnoticias.org\/site\/#organization\"},\"potentialAction\":[{\"@type\":\"SearchAction\",\"target\":{\"@type\":\"EntryPoint\",\"urlTemplate\":\"https:\/\/brasilnoticias.org\/site\/?s={search_term_string}\"},\"query-input\":{\"@type\":\"PropertyValueSpecification\",\"valueRequired\":true,\"valueName\":\"search_term_string\"}}],\"inLanguage\":\"pt-PT\"},{\"@type\":\"Organization\",\"@id\":\"https:\/\/brasilnoticias.org\/site\/#organization\",\"name\":\"Brasil not\u00edcias\",\"url\":\"https:\/\/brasilnoticias.org\/site\/\",\"logo\":{\"@type\":\"ImageObject\",\"inLanguage\":\"pt-PT\",\"@id\":\"https:\/\/brasilnoticias.org\/site\/#\/schema\/logo\/image\/\",\"url\":\"https:\/\/brasilnoticias.org\/site\/wp-content\/uploads\/2022\/05\/cropped-brasilnoticias-mini.jpg\",\"contentUrl\":\"https:\/\/brasilnoticias.org\/site\/wp-content\/uploads\/2022\/05\/cropped-brasilnoticias-mini.jpg\",\"width\":314,\"height\":86,\"caption\":\"Brasil not\u00edcias\"},\"image\":{\"@id\":\"https:\/\/brasilnoticias.org\/site\/#\/schema\/logo\/image\/\"}},{\"@type\":\"Person\",\"@id\":\"https:\/\/brasilnoticias.org\/site\/#\/schema\/person\/03bbbfe6c7634ad18c26444ea39049fa\",\"name\":\"Reda\u00e7\u00e3o\",\"image\":{\"@type\":\"ImageObject\",\"inLanguage\":\"pt-PT\",\"@id\":\"https:\/\/brasilnoticias.org\/site\/#\/schema\/person\/image\/\",\"url\":\"https:\/\/secure.gravatar.com\/avatar\/9ecaf7327a696cb23ad926fedded5f1f04d7049de9e445375d55b48c001a6e42?s=96&d=mm&r=g\",\"contentUrl\":\"https:\/\/secure.gravatar.com\/avatar\/9ecaf7327a696cb23ad926fedded5f1f04d7049de9e445375d55b48c001a6e42?s=96&d=mm&r=g\",\"caption\":\"Reda\u00e7\u00e3o\"},\"url\":\"https:\/\/brasilnoticias.org\/site\/author\/henrique\/\"}]}<\/script>\n<!-- \/ Yoast SEO plugin. -->","yoast_head_json":{"title":"Com um a menos, Vit\u00f3ria perde para o S\u00e3o Paulo e segue no Z-4 do Brasileir\u00e3o - Brasil not\u00edcias","robots":{"index":"index","follow":"follow","max-snippet":"max-snippet:-1","max-image-preview":"max-image-preview:large","max-video-preview":"max-video-preview:-1"},"canonical":"https:\/\/brasilnoticias.org\/site\/com-um-a-menos-vitoria-perde-para-o-sao-paulo-e-segue-no-z-4-do-brasileirao\/","og_locale":"pt_PT","og_type":"article","og_title":"Com um a menos, Vit\u00f3ria perde para o S\u00e3o Paulo e segue no Z-4 do Brasileir\u00e3o - Brasil not\u00edcias","og_description":"Luciano, duas vezes, e Ferraresi marcaram para o Tricolor paulista; Willian Oliveira descontou para o Rubro-Negro; partida terminou em 3","og_url":"https:\/\/brasilnoticias.org\/site\/com-um-a-menos-vitoria-perde-para-o-sao-paulo-e-segue-no-z-4-do-brasileirao\/","og_site_name":"Brasil not\u00edcias","article_published_time":"2024-05-06T21:01:28+00:00","og_image":[{"width":1600,"height":752,"url":"https:\/\/brasilnoticias.org\/site\/wp-content\/uploads\/2024\/05\/149691com-um-a-menos-vitoria-perde-para-o-sao-paulo-e-segue-no-z-4-do-brasileirao-3-1.jpg","type":"image\/jpeg"}],"author":"Reda\u00e7\u00e3o","twitter_card":"summary_large_image","twitter_misc":{"Escrito por":"Reda\u00e7\u00e3o","Tempo estimado de leitura":"1 minuto"},"schema":{"@context":"https:\/\/schema.org","@graph":[{"@type":"Article","@id":"https:\/\/brasilnoticias.org\/site\/com-um-a-menos-vitoria-perde-para-o-sao-paulo-e-segue-no-z-4-do-brasileirao\/#article","isPartOf":{"@id":"https:\/\/brasilnoticias.org\/site\/com-um-a-menos-vitoria-perde-para-o-sao-paulo-e-segue-no-z-4-do-brasileirao\/"},"author":{"name":"Reda\u00e7\u00e3o","@id":"https:\/\/brasilnoticias.org\/site\/#\/schema\/person\/03bbbfe6c7634ad18c26444ea39049fa"},"headline":"Com um a menos, Vit\u00f3ria perde para o S\u00e3o Paulo e segue no Z-4 do Brasileir\u00e3o","datePublished":"2024-05-06T21:01:28+00:00","mainEntityOfPage":{"@id":"https:\/\/brasilnoticias.org\/site\/com-um-a-menos-vitoria-perde-para-o-sao-paulo-e-segue-no-z-4-do-brasileirao\/"},"wordCount":973,"commentCount":0,"publisher":{"@id":"https:\/\/brasilnoticias.org\/site\/#organization"},"image":{"@id":"https:\/\/brasilnoticias.org\/site\/com-um-a-menos-vitoria-perde-para-o-sao-paulo-e-segue-no-z-4-do-brasileirao\/#primaryimage"},"thumbnailUrl":"https:\/\/brasilnoticias.org\/site\/wp-content\/uploads\/2024\/05\/149691com-um-a-menos-vitoria-perde-para-o-sao-paulo-e-segue-no-z-4-do-brasileirao-3-1.jpg","articleSection":["Esporte","\u00daltimas"],"inLanguage":"pt-PT","potentialAction":[{"@type":"CommentAction","name":"Comment","target":["https:\/\/brasilnoticias.org\/site\/com-um-a-menos-vitoria-perde-para-o-sao-paulo-e-segue-no-z-4-do-brasileirao\/#respond"]}]},{"@type":"WebPage","@id":"https:\/\/brasilnoticias.org\/site\/com-um-a-menos-vitoria-perde-para-o-sao-paulo-e-segue-no-z-4-do-brasileirao\/","url":"https:\/\/brasilnoticias.org\/site\/com-um-a-menos-vitoria-perde-para-o-sao-paulo-e-segue-no-z-4-do-brasileirao\/","name":"Com um a menos, Vit\u00f3ria perde para o S\u00e3o Paulo e segue no Z-4 do Brasileir\u00e3o - Brasil not\u00edcias","isPartOf":{"@id":"https:\/\/brasilnoticias.org\/site\/#website"},"primaryImageOfPage":{"@id":"https:\/\/brasilnoticias.org\/site\/com-um-a-menos-vitoria-perde-para-o-sao-paulo-e-segue-no-z-4-do-brasileirao\/#primaryimage"},"image":{"@id":"https:\/\/brasilnoticias.org\/site\/com-um-a-menos-vitoria-perde-para-o-sao-paulo-e-segue-no-z-4-do-brasileirao\/#primaryimage"},"thumbnailUrl":"https:\/\/brasilnoticias.org\/site\/wp-content\/uploads\/2024\/05\/149691com-um-a-menos-vitoria-perde-para-o-sao-paulo-e-segue-no-z-4-do-brasileirao-3-1.jpg","datePublished":"2024-05-06T21:01:28+00:00","breadcrumb":{"@id":"https:\/\/brasilnoticias.org\/site\/com-um-a-menos-vitoria-perde-para-o-sao-paulo-e-segue-no-z-4-do-brasileirao\/#breadcrumb"},"inLanguage":"pt-PT","potentialAction":[{"@type":"ReadAction","target":["https:\/\/brasilnoticias.org\/site\/com-um-a-menos-vitoria-perde-para-o-sao-paulo-e-segue-no-z-4-do-brasileirao\/"]}]},{"@type":"ImageObject","inLanguage":"pt-PT","@id":"https:\/\/brasilnoticias.org\/site\/com-um-a-menos-vitoria-perde-para-o-sao-paulo-e-segue-no-z-4-do-brasileirao\/#primaryimage","url":"https:\/\/brasilnoticias.org\/site\/wp-content\/uploads\/2024\/05\/149691com-um-a-menos-vitoria-perde-para-o-sao-paulo-e-segue-no-z-4-do-brasileirao-3-1.jpg","contentUrl":"https:\/\/brasilnoticias.org\/site\/wp-content\/uploads\/2024\/05\/149691com-um-a-menos-vitoria-perde-para-o-sao-paulo-e-segue-no-z-4-do-brasileirao-3-1.jpg","width":1600,"height":752},{"@type":"BreadcrumbList","@id":"https:\/\/brasilnoticias.org\/site\/com-um-a-menos-vitoria-perde-para-o-sao-paulo-e-segue-no-z-4-do-brasileirao\/#breadcrumb","itemListElement":[{"@type":"ListItem","position":1,"name":"In\u00edcio","item":"https:\/\/brasilnoticias.org\/site\/"},{"@type":"ListItem","position":2,"name":"Com um a menos, Vit\u00f3ria perde para o S\u00e3o Paulo e segue no Z-4 do Brasileir\u00e3o"}]},{"@type":"WebSite","@id":"https:\/\/brasilnoticias.org\/site\/#website","url":"https:\/\/brasilnoticias.org\/site\/","name":"Brasil not\u00edcias","description":"Brasil not\u00edcias","publisher":{"@id":"https:\/\/brasilnoticias.org\/site\/#organization"},"potentialAction":[{"@type":"SearchAction","target":{"@type":"EntryPoint","urlTemplate":"https:\/\/brasilnoticias.org\/site\/?s={search_term_string}"},"query-input":{"@type":"PropertyValueSpecification","valueRequired":true,"valueName":"search_term_string"}}],"inLanguage":"pt-PT"},{"@type":"Organization","@id":"https:\/\/brasilnoticias.org\/site\/#organization","name":"Brasil not\u00edcias","url":"https:\/\/brasilnoticias.org\/site\/","logo":{"@type":"ImageObject","inLanguage":"pt-PT","@id":"https:\/\/brasilnoticias.org\/site\/#\/schema\/logo\/image\/","url":"https:\/\/brasilnoticias.org\/site\/wp-content\/uploads\/2022\/05\/cropped-brasilnoticias-mini.jpg","contentUrl":"https:\/\/brasilnoticias.org\/site\/wp-content\/uploads\/2022\/05\/cropped-brasilnoticias-mini.jpg","width":314,"height":86,"caption":"Brasil not\u00edcias"},"image":{"@id":"https:\/\/brasilnoticias.org\/site\/#\/schema\/logo\/image\/"}},{"@type":"Person","@id":"https:\/\/brasilnoticias.org\/site\/#\/schema\/person\/03bbbfe6c7634ad18c26444ea39049fa","name":"Reda\u00e7\u00e3o","image":{"@type":"ImageObject","inLanguage":"pt-PT","@id":"https:\/\/brasilnoticias.org\/site\/#\/schema\/person\/image\/","url":"https:\/\/secure.gravatar.com\/avatar\/9ecaf7327a696cb23ad926fedded5f1f04d7049de9e445375d55b48c001a6e42?s=96&d=mm&r=g","contentUrl":"https:\/\/secure.gravatar.com\/avatar\/9ecaf7327a696cb23ad926fedded5f1f04d7049de9e445375d55b48c001a6e42?s=96&d=mm&r=g","caption":"Reda\u00e7\u00e3o"},"url":"https:\/\/brasilnoticias.org\/site\/author\/henrique\/"}]}},"_links":{"self":[{"href":"https:\/\/brasilnoticias.org\/site\/wp-json\/wp\/v2\/posts\/13916","targetHints":{"allow":["GET"]}}],"collection":[{"href":"https:\/\/brasilnoticias.org\/site\/wp-json\/wp\/v2\/posts"}],"about":[{"href":"https:\/\/brasilnoticias.org\/site\/wp-json\/wp\/v2\/types\/post"}],"author":[{"embeddable":true,"href":"https:\/\/brasilnoticias.org\/site\/wp-json\/wp\/v2\/users\/4"}],"replies":[{"embeddable":true,"href":"https:\/\/brasilnoticias.org\/site\/wp-json\/wp\/v2\/comments?post=13916"}],"version-history":[{"count":1,"href":"https:\/\/brasilnoticias.org\/site\/wp-json\/wp\/v2\/posts\/13916\/revisions"}],"predecessor-version":[{"id":13920,"href":"https:\/\/brasilnoticias.org\/site\/wp-json\/wp\/v2\/posts\/13916\/revisions\/13920"}],"wp:featuredmedia":[{"embeddable":true,"href":"https:\/\/brasilnoticias.org\/site\/wp-json\/wp\/v2\/media\/13919"}],"wp:attachment":[{"href":"https:\/\/brasilnoticias.org\/site\/wp-json\/wp\/v2\/media?parent=13916"}],"wp:term":[{"taxonomy":"category","embeddable":true,"href":"https:\/\/brasilnoticias.org\/site\/wp-json\/wp\/v2\/categories?post=13916"},{"taxonomy":"post_tag","embeddable":true,"href":"https:\/\/brasilnoticias.org\/site\/wp-json\/wp\/v2\/tags?post=13916"}],"curies":[{"name":"wp","href":"https:\/\/api.w.org\/{rel}","templated":true}]}}