{"id":13926,"date":"2024-05-06T18:15:50","date_gmt":"2024-05-06T21:15:50","guid":{"rendered":"https:\/\/brasilnoticias.org\/site\/?p=13926"},"modified":"2024-05-06T18:15:50","modified_gmt":"2024-05-06T21:15:50","slug":"apos-tres-dias-de-busca-motorista-de-porsche-acusado-de-matar-homem-em-sp-se-entrega-a-policia","status":"publish","type":"post","link":"https:\/\/brasilnoticias.org\/site\/apos-tres-dias-de-busca-motorista-de-porsche-acusado-de-matar-homem-em-sp-se-entrega-a-policia\/","title":{"rendered":"Ap\u00f3s tr\u00eas dias de busca, motorista de Porsche acusado de matar homem em SP se entrega \u00e0 pol\u00edcia"},"content":{"rendered":"<p>Fernando Sastre deve ser agora encaminhado ao Instituto M\u00e9dico Legal (IML), onde vai fazer o exame de corpo de delito<\/p>\n<p>O empres\u00e1rio Fernando Sastre de Andrade Filho,  motorista que conduzia o carro Porsche que provocou a morte do motorista de aplicativo Ornaldo da Silva Viana, no dia 31 de mar\u00e7o, em S\u00e3o Paulo, se entregou \u00e0 pol\u00edcia na 5\u00aa Seccional, no Tatuap\u00e9, Zona Leste de S\u00e3o Paulo. Ele estava foragido desde o \u00faltimo s\u00e1bado (4), quando policiais foram at\u00e9 o endere\u00e7o do empres\u00e1rio para cumprir o mandado de pris\u00e3o preventiva e n\u00e3o o encontraram. <\/p>\n<p>Fernando deve ser agora encaminhado ao Instituto M\u00e9dico Legal (IML), onde vai fazer o exame de corpo de delito. Depois, ele deve passar a noite na carceragem do 31\u00ba Distrito Policial, na Vila Carr\u00e3o.<\/p>\n<p>Neste domingo (5), a defesa de Fernando entrou com um pedido habeas corpus em favor do motorista, que deve ser analisado pelo Superior Tribunal de Justi\u00e7a (STJ) nesta ter\u00e7a-feira (7).<\/p>\n<p>A pris\u00e3o de Fernando foi decretada na noite de sexta-feira (3). Para o desembargador Jo\u00e3o Augusto Garcia, respons\u00e1vel por julgar o caso, as medidas cautelares decretadas pela primeira inst\u00e2ncia contra o acusado &#8211; como a proibi\u00e7\u00e3o de se ausentar da comarca, n\u00e3o se aproximar de familiares das v\u00edtimas e manter os dados pessoais atualizados &#8211; n\u00e3o s\u00e3o suficientes para o caso.<\/p>\n<p>Foto: Divulga\u00e7\u00e3o\/CNN<br \/>\nPor: Metro1<\/p>\n","protected":false},"excerpt":{"rendered":"<p>Fernando Sastre deve ser agora encaminhado ao Instituto M\u00e9dico Legal (IML), onde vai fazer o exame de corpo de delito<\/p>\n","protected":false},"author":4,"featured_media":13927,"comment_status":"open","ping_status":"open","sticky":false,"template":"","format":"standard","meta":{"colormag_page_container_layout":"default_layout","colormag_page_sidebar_layout":"default_layout","_FSMCFIC_featured_image_caption":"","_FSMCFIC_featured_image_nocaption":"","_FSMCFIC_featured_image_hide":"","footnotes":""},"categories":[2,1],"tags":[],"class_list":["post-13926","post","type-post","status-publish","format-standard","has-post-thumbnail","hentry","category-noticias","category-ultimas"],"yoast_head":"<!-- This site is optimized with the Yoast SEO plugin v27.1.1 - https:\/\/yoast.com\/product\/yoast-seo-wordpress\/ -->\n<title>Ap\u00f3s tr\u00eas dias de busca, motorista de Porsche acusado de matar homem em SP se entrega \u00e0 pol\u00edcia - Brasil not\u00edcias<\/title>\n<meta name=\"robots\" content=\"index, follow, max-snippet:-1, max-image-preview:large, max-video-preview:-1\" \/>\n<link rel=\"canonical\" href=\"https:\/\/brasilnoticias.org\/site\/apos-tres-dias-de-busca-motorista-de-porsche-acusado-de-matar-homem-em-sp-se-entrega-a-policia\/\" \/>\n<meta property=\"og:locale\" content=\"pt_PT\" \/>\n<meta property=\"og:type\" content=\"article\" \/>\n<meta property=\"og:title\" content=\"Ap\u00f3s tr\u00eas dias de busca, motorista de Porsche acusado de matar homem em SP se entrega \u00e0 pol\u00edcia - Brasil not\u00edcias\" \/>\n<meta property=\"og:description\" content=\"Fernando Sastre deve ser agora encaminhado ao Instituto M\u00e9dico Legal (IML), onde vai fazer o exame de corpo de delito\" \/>\n<meta property=\"og:url\" content=\"https:\/\/brasilnoticias.org\/site\/apos-tres-dias-de-busca-motorista-de-porsche-acusado-de-matar-homem-em-sp-se-entrega-a-policia\/\" \/>\n<meta property=\"og:site_name\" content=\"Brasil not\u00edcias\" \/>\n<meta property=\"article:published_time\" content=\"2024-05-06T21:15:50+00:00\" \/>\n<meta property=\"og:image\" content=\"https:\/\/brasilnoticias.org\/site\/wp-content\/uploads\/2024\/05\/149739apos-tres-dias-de-busca-motorista-de-porsche-acusado-de-matar-homem-em-sp-se-entrega-a-policia-3.jpg\" \/>\n\t<meta property=\"og:image:width\" content=\"1600\" \/>\n\t<meta property=\"og:image:height\" content=\"752\" \/>\n\t<meta property=\"og:image:type\" content=\"image\/jpeg\" \/>\n<meta name=\"author\" content=\"Reda\u00e7\u00e3o\" \/>\n<meta name=\"twitter:card\" content=\"summary_large_image\" \/>\n<meta name=\"twitter:label1\" content=\"Escrito por\" \/>\n\t<meta name=\"twitter:data1\" content=\"Reda\u00e7\u00e3o\" \/>\n\t<meta name=\"twitter:label2\" content=\"Tempo estimado de leitura\" \/>\n\t<meta name=\"twitter:data2\" content=\"1 minuto\" \/>\n<script type=\"application\/ld+json\" class=\"yoast-schema-graph\">{\"@context\":\"https:\/\/schema.org\",\"@graph\":[{\"@type\":\"Article\",\"@id\":\"https:\/\/brasilnoticias.org\/site\/apos-tres-dias-de-busca-motorista-de-porsche-acusado-de-matar-homem-em-sp-se-entrega-a-policia\/#article\",\"isPartOf\":{\"@id\":\"https:\/\/brasilnoticias.org\/site\/apos-tres-dias-de-busca-motorista-de-porsche-acusado-de-matar-homem-em-sp-se-entrega-a-policia\/\"},\"author\":{\"name\":\"Reda\u00e7\u00e3o\",\"@id\":\"https:\/\/brasilnoticias.org\/site\/#\/schema\/person\/03bbbfe6c7634ad18c26444ea39049fa\"},\"headline\":\"Ap\u00f3s tr\u00eas dias de busca, motorista de Porsche acusado de matar homem em SP se entrega \u00e0 pol\u00edcia\",\"datePublished\":\"2024-05-06T21:15:50+00:00\",\"mainEntityOfPage\":{\"@id\":\"https:\/\/brasilnoticias.org\/site\/apos-tres-dias-de-busca-motorista-de-porsche-acusado-de-matar-homem-em-sp-se-entrega-a-policia\/\"},\"wordCount\":261,\"commentCount\":0,\"publisher\":{\"@id\":\"https:\/\/brasilnoticias.org\/site\/#organization\"},\"image\":{\"@id\":\"https:\/\/brasilnoticias.org\/site\/apos-tres-dias-de-busca-motorista-de-porsche-acusado-de-matar-homem-em-sp-se-entrega-a-policia\/#primaryimage\"},\"thumbnailUrl\":\"https:\/\/brasilnoticias.org\/site\/wp-content\/uploads\/2024\/05\/149739apos-tres-dias-de-busca-motorista-de-porsche-acusado-de-matar-homem-em-sp-se-entrega-a-policia-3.jpg\",\"articleSection\":[\"Not\u00edcias\",\"\u00daltimas\"],\"inLanguage\":\"pt-PT\",\"potentialAction\":[{\"@type\":\"CommentAction\",\"name\":\"Comment\",\"target\":[\"https:\/\/brasilnoticias.org\/site\/apos-tres-dias-de-busca-motorista-de-porsche-acusado-de-matar-homem-em-sp-se-entrega-a-policia\/#respond\"]}]},{\"@type\":\"WebPage\",\"@id\":\"https:\/\/brasilnoticias.org\/site\/apos-tres-dias-de-busca-motorista-de-porsche-acusado-de-matar-homem-em-sp-se-entrega-a-policia\/\",\"url\":\"https:\/\/brasilnoticias.org\/site\/apos-tres-dias-de-busca-motorista-de-porsche-acusado-de-matar-homem-em-sp-se-entrega-a-policia\/\",\"name\":\"Ap\u00f3s tr\u00eas dias de busca, motorista de Porsche acusado de matar homem em SP se entrega \u00e0 pol\u00edcia - Brasil not\u00edcias\",\"isPartOf\":{\"@id\":\"https:\/\/brasilnoticias.org\/site\/#website\"},\"primaryImageOfPage\":{\"@id\":\"https:\/\/brasilnoticias.org\/site\/apos-tres-dias-de-busca-motorista-de-porsche-acusado-de-matar-homem-em-sp-se-entrega-a-policia\/#primaryimage\"},\"image\":{\"@id\":\"https:\/\/brasilnoticias.org\/site\/apos-tres-dias-de-busca-motorista-de-porsche-acusado-de-matar-homem-em-sp-se-entrega-a-policia\/#primaryimage\"},\"thumbnailUrl\":\"https:\/\/brasilnoticias.org\/site\/wp-content\/uploads\/2024\/05\/149739apos-tres-dias-de-busca-motorista-de-porsche-acusado-de-matar-homem-em-sp-se-entrega-a-policia-3.jpg\",\"datePublished\":\"2024-05-06T21:15:50+00:00\",\"breadcrumb\":{\"@id\":\"https:\/\/brasilnoticias.org\/site\/apos-tres-dias-de-busca-motorista-de-porsche-acusado-de-matar-homem-em-sp-se-entrega-a-policia\/#breadcrumb\"},\"inLanguage\":\"pt-PT\",\"potentialAction\":[{\"@type\":\"ReadAction\",\"target\":[\"https:\/\/brasilnoticias.org\/site\/apos-tres-dias-de-busca-motorista-de-porsche-acusado-de-matar-homem-em-sp-se-entrega-a-policia\/\"]}]},{\"@type\":\"ImageObject\",\"inLanguage\":\"pt-PT\",\"@id\":\"https:\/\/brasilnoticias.org\/site\/apos-tres-dias-de-busca-motorista-de-porsche-acusado-de-matar-homem-em-sp-se-entrega-a-policia\/#primaryimage\",\"url\":\"https:\/\/brasilnoticias.org\/site\/wp-content\/uploads\/2024\/05\/149739apos-tres-dias-de-busca-motorista-de-porsche-acusado-de-matar-homem-em-sp-se-entrega-a-policia-3.jpg\",\"contentUrl\":\"https:\/\/brasilnoticias.org\/site\/wp-content\/uploads\/2024\/05\/149739apos-tres-dias-de-busca-motorista-de-porsche-acusado-de-matar-homem-em-sp-se-entrega-a-policia-3.jpg\",\"width\":1600,\"height\":752},{\"@type\":\"BreadcrumbList\",\"@id\":\"https:\/\/brasilnoticias.org\/site\/apos-tres-dias-de-busca-motorista-de-porsche-acusado-de-matar-homem-em-sp-se-entrega-a-policia\/#breadcrumb\",\"itemListElement\":[{\"@type\":\"ListItem\",\"position\":1,\"name\":\"In\u00edcio\",\"item\":\"https:\/\/brasilnoticias.org\/site\/\"},{\"@type\":\"ListItem\",\"position\":2,\"name\":\"Ap\u00f3s tr\u00eas dias de busca, motorista de Porsche acusado de matar homem em SP se entrega \u00e0 pol\u00edcia\"}]},{\"@type\":\"WebSite\",\"@id\":\"https:\/\/brasilnoticias.org\/site\/#website\",\"url\":\"https:\/\/brasilnoticias.org\/site\/\",\"name\":\"Brasil not\u00edcias\",\"description\":\"Brasil not\u00edcias\",\"publisher\":{\"@id\":\"https:\/\/brasilnoticias.org\/site\/#organization\"},\"potentialAction\":[{\"@type\":\"SearchAction\",\"target\":{\"@type\":\"EntryPoint\",\"urlTemplate\":\"https:\/\/brasilnoticias.org\/site\/?s={search_term_string}\"},\"query-input\":{\"@type\":\"PropertyValueSpecification\",\"valueRequired\":true,\"valueName\":\"search_term_string\"}}],\"inLanguage\":\"pt-PT\"},{\"@type\":\"Organization\",\"@id\":\"https:\/\/brasilnoticias.org\/site\/#organization\",\"name\":\"Brasil not\u00edcias\",\"url\":\"https:\/\/brasilnoticias.org\/site\/\",\"logo\":{\"@type\":\"ImageObject\",\"inLanguage\":\"pt-PT\",\"@id\":\"https:\/\/brasilnoticias.org\/site\/#\/schema\/logo\/image\/\",\"url\":\"https:\/\/brasilnoticias.org\/site\/wp-content\/uploads\/2022\/05\/cropped-brasilnoticias-mini.jpg\",\"contentUrl\":\"https:\/\/brasilnoticias.org\/site\/wp-content\/uploads\/2022\/05\/cropped-brasilnoticias-mini.jpg\",\"width\":314,\"height\":86,\"caption\":\"Brasil not\u00edcias\"},\"image\":{\"@id\":\"https:\/\/brasilnoticias.org\/site\/#\/schema\/logo\/image\/\"}},{\"@type\":\"Person\",\"@id\":\"https:\/\/brasilnoticias.org\/site\/#\/schema\/person\/03bbbfe6c7634ad18c26444ea39049fa\",\"name\":\"Reda\u00e7\u00e3o\",\"image\":{\"@type\":\"ImageObject\",\"inLanguage\":\"pt-PT\",\"@id\":\"https:\/\/brasilnoticias.org\/site\/#\/schema\/person\/image\/\",\"url\":\"https:\/\/secure.gravatar.com\/avatar\/9ecaf7327a696cb23ad926fedded5f1f04d7049de9e445375d55b48c001a6e42?s=96&d=mm&r=g\",\"contentUrl\":\"https:\/\/secure.gravatar.com\/avatar\/9ecaf7327a696cb23ad926fedded5f1f04d7049de9e445375d55b48c001a6e42?s=96&d=mm&r=g\",\"caption\":\"Reda\u00e7\u00e3o\"},\"url\":\"https:\/\/brasilnoticias.org\/site\/author\/henrique\/\"}]}<\/script>\n<!-- \/ Yoast SEO plugin. -->","yoast_head_json":{"title":"Ap\u00f3s tr\u00eas dias de busca, motorista de Porsche acusado de matar homem em SP se entrega \u00e0 pol\u00edcia - Brasil not\u00edcias","robots":{"index":"index","follow":"follow","max-snippet":"max-snippet:-1","max-image-preview":"max-image-preview:large","max-video-preview":"max-video-preview:-1"},"canonical":"https:\/\/brasilnoticias.org\/site\/apos-tres-dias-de-busca-motorista-de-porsche-acusado-de-matar-homem-em-sp-se-entrega-a-policia\/","og_locale":"pt_PT","og_type":"article","og_title":"Ap\u00f3s tr\u00eas dias de busca, motorista de Porsche acusado de matar homem em SP se entrega \u00e0 pol\u00edcia - Brasil not\u00edcias","og_description":"Fernando Sastre deve ser agora encaminhado ao Instituto M\u00e9dico Legal (IML), onde vai fazer o exame de corpo de delito","og_url":"https:\/\/brasilnoticias.org\/site\/apos-tres-dias-de-busca-motorista-de-porsche-acusado-de-matar-homem-em-sp-se-entrega-a-policia\/","og_site_name":"Brasil not\u00edcias","article_published_time":"2024-05-06T21:15:50+00:00","og_image":[{"width":1600,"height":752,"url":"https:\/\/brasilnoticias.org\/site\/wp-content\/uploads\/2024\/05\/149739apos-tres-dias-de-busca-motorista-de-porsche-acusado-de-matar-homem-em-sp-se-entrega-a-policia-3.jpg","type":"image\/jpeg"}],"author":"Reda\u00e7\u00e3o","twitter_card":"summary_large_image","twitter_misc":{"Escrito por":"Reda\u00e7\u00e3o","Tempo estimado de leitura":"1 minuto"},"schema":{"@context":"https:\/\/schema.org","@graph":[{"@type":"Article","@id":"https:\/\/brasilnoticias.org\/site\/apos-tres-dias-de-busca-motorista-de-porsche-acusado-de-matar-homem-em-sp-se-entrega-a-policia\/#article","isPartOf":{"@id":"https:\/\/brasilnoticias.org\/site\/apos-tres-dias-de-busca-motorista-de-porsche-acusado-de-matar-homem-em-sp-se-entrega-a-policia\/"},"author":{"name":"Reda\u00e7\u00e3o","@id":"https:\/\/brasilnoticias.org\/site\/#\/schema\/person\/03bbbfe6c7634ad18c26444ea39049fa"},"headline":"Ap\u00f3s tr\u00eas dias de busca, motorista de Porsche acusado de matar homem em SP se entrega \u00e0 pol\u00edcia","datePublished":"2024-05-06T21:15:50+00:00","mainEntityOfPage":{"@id":"https:\/\/brasilnoticias.org\/site\/apos-tres-dias-de-busca-motorista-de-porsche-acusado-de-matar-homem-em-sp-se-entrega-a-policia\/"},"wordCount":261,"commentCount":0,"publisher":{"@id":"https:\/\/brasilnoticias.org\/site\/#organization"},"image":{"@id":"https:\/\/brasilnoticias.org\/site\/apos-tres-dias-de-busca-motorista-de-porsche-acusado-de-matar-homem-em-sp-se-entrega-a-policia\/#primaryimage"},"thumbnailUrl":"https:\/\/brasilnoticias.org\/site\/wp-content\/uploads\/2024\/05\/149739apos-tres-dias-de-busca-motorista-de-porsche-acusado-de-matar-homem-em-sp-se-entrega-a-policia-3.jpg","articleSection":["Not\u00edcias","\u00daltimas"],"inLanguage":"pt-PT","potentialAction":[{"@type":"CommentAction","name":"Comment","target":["https:\/\/brasilnoticias.org\/site\/apos-tres-dias-de-busca-motorista-de-porsche-acusado-de-matar-homem-em-sp-se-entrega-a-policia\/#respond"]}]},{"@type":"WebPage","@id":"https:\/\/brasilnoticias.org\/site\/apos-tres-dias-de-busca-motorista-de-porsche-acusado-de-matar-homem-em-sp-se-entrega-a-policia\/","url":"https:\/\/brasilnoticias.org\/site\/apos-tres-dias-de-busca-motorista-de-porsche-acusado-de-matar-homem-em-sp-se-entrega-a-policia\/","name":"Ap\u00f3s tr\u00eas dias de busca, motorista de Porsche acusado de matar homem em SP se entrega \u00e0 pol\u00edcia - Brasil not\u00edcias","isPartOf":{"@id":"https:\/\/brasilnoticias.org\/site\/#website"},"primaryImageOfPage":{"@id":"https:\/\/brasilnoticias.org\/site\/apos-tres-dias-de-busca-motorista-de-porsche-acusado-de-matar-homem-em-sp-se-entrega-a-policia\/#primaryimage"},"image":{"@id":"https:\/\/brasilnoticias.org\/site\/apos-tres-dias-de-busca-motorista-de-porsche-acusado-de-matar-homem-em-sp-se-entrega-a-policia\/#primaryimage"},"thumbnailUrl":"https:\/\/brasilnoticias.org\/site\/wp-content\/uploads\/2024\/05\/149739apos-tres-dias-de-busca-motorista-de-porsche-acusado-de-matar-homem-em-sp-se-entrega-a-policia-3.jpg","datePublished":"2024-05-06T21:15:50+00:00","breadcrumb":{"@id":"https:\/\/brasilnoticias.org\/site\/apos-tres-dias-de-busca-motorista-de-porsche-acusado-de-matar-homem-em-sp-se-entrega-a-policia\/#breadcrumb"},"inLanguage":"pt-PT","potentialAction":[{"@type":"ReadAction","target":["https:\/\/brasilnoticias.org\/site\/apos-tres-dias-de-busca-motorista-de-porsche-acusado-de-matar-homem-em-sp-se-entrega-a-policia\/"]}]},{"@type":"ImageObject","inLanguage":"pt-PT","@id":"https:\/\/brasilnoticias.org\/site\/apos-tres-dias-de-busca-motorista-de-porsche-acusado-de-matar-homem-em-sp-se-entrega-a-policia\/#primaryimage","url":"https:\/\/brasilnoticias.org\/site\/wp-content\/uploads\/2024\/05\/149739apos-tres-dias-de-busca-motorista-de-porsche-acusado-de-matar-homem-em-sp-se-entrega-a-policia-3.jpg","contentUrl":"https:\/\/brasilnoticias.org\/site\/wp-content\/uploads\/2024\/05\/149739apos-tres-dias-de-busca-motorista-de-porsche-acusado-de-matar-homem-em-sp-se-entrega-a-policia-3.jpg","width":1600,"height":752},{"@type":"BreadcrumbList","@id":"https:\/\/brasilnoticias.org\/site\/apos-tres-dias-de-busca-motorista-de-porsche-acusado-de-matar-homem-em-sp-se-entrega-a-policia\/#breadcrumb","itemListElement":[{"@type":"ListItem","position":1,"name":"In\u00edcio","item":"https:\/\/brasilnoticias.org\/site\/"},{"@type":"ListItem","position":2,"name":"Ap\u00f3s tr\u00eas dias de busca, motorista de Porsche acusado de matar homem em SP se entrega \u00e0 pol\u00edcia"}]},{"@type":"WebSite","@id":"https:\/\/brasilnoticias.org\/site\/#website","url":"https:\/\/brasilnoticias.org\/site\/","name":"Brasil not\u00edcias","description":"Brasil not\u00edcias","publisher":{"@id":"https:\/\/brasilnoticias.org\/site\/#organization"},"potentialAction":[{"@type":"SearchAction","target":{"@type":"EntryPoint","urlTemplate":"https:\/\/brasilnoticias.org\/site\/?s={search_term_string}"},"query-input":{"@type":"PropertyValueSpecification","valueRequired":true,"valueName":"search_term_string"}}],"inLanguage":"pt-PT"},{"@type":"Organization","@id":"https:\/\/brasilnoticias.org\/site\/#organization","name":"Brasil not\u00edcias","url":"https:\/\/brasilnoticias.org\/site\/","logo":{"@type":"ImageObject","inLanguage":"pt-PT","@id":"https:\/\/brasilnoticias.org\/site\/#\/schema\/logo\/image\/","url":"https:\/\/brasilnoticias.org\/site\/wp-content\/uploads\/2022\/05\/cropped-brasilnoticias-mini.jpg","contentUrl":"https:\/\/brasilnoticias.org\/site\/wp-content\/uploads\/2022\/05\/cropped-brasilnoticias-mini.jpg","width":314,"height":86,"caption":"Brasil not\u00edcias"},"image":{"@id":"https:\/\/brasilnoticias.org\/site\/#\/schema\/logo\/image\/"}},{"@type":"Person","@id":"https:\/\/brasilnoticias.org\/site\/#\/schema\/person\/03bbbfe6c7634ad18c26444ea39049fa","name":"Reda\u00e7\u00e3o","image":{"@type":"ImageObject","inLanguage":"pt-PT","@id":"https:\/\/brasilnoticias.org\/site\/#\/schema\/person\/image\/","url":"https:\/\/secure.gravatar.com\/avatar\/9ecaf7327a696cb23ad926fedded5f1f04d7049de9e445375d55b48c001a6e42?s=96&d=mm&r=g","contentUrl":"https:\/\/secure.gravatar.com\/avatar\/9ecaf7327a696cb23ad926fedded5f1f04d7049de9e445375d55b48c001a6e42?s=96&d=mm&r=g","caption":"Reda\u00e7\u00e3o"},"url":"https:\/\/brasilnoticias.org\/site\/author\/henrique\/"}]}},"_links":{"self":[{"href":"https:\/\/brasilnoticias.org\/site\/wp-json\/wp\/v2\/posts\/13926","targetHints":{"allow":["GET"]}}],"collection":[{"href":"https:\/\/brasilnoticias.org\/site\/wp-json\/wp\/v2\/posts"}],"about":[{"href":"https:\/\/brasilnoticias.org\/site\/wp-json\/wp\/v2\/types\/post"}],"author":[{"embeddable":true,"href":"https:\/\/brasilnoticias.org\/site\/wp-json\/wp\/v2\/users\/4"}],"replies":[{"embeddable":true,"href":"https:\/\/brasilnoticias.org\/site\/wp-json\/wp\/v2\/comments?post=13926"}],"version-history":[{"count":2,"href":"https:\/\/brasilnoticias.org\/site\/wp-json\/wp\/v2\/posts\/13926\/revisions"}],"predecessor-version":[{"id":13929,"href":"https:\/\/brasilnoticias.org\/site\/wp-json\/wp\/v2\/posts\/13926\/revisions\/13929"}],"wp:featuredmedia":[{"embeddable":true,"href":"https:\/\/brasilnoticias.org\/site\/wp-json\/wp\/v2\/media\/13927"}],"wp:attachment":[{"href":"https:\/\/brasilnoticias.org\/site\/wp-json\/wp\/v2\/media?parent=13926"}],"wp:term":[{"taxonomy":"category","embeddable":true,"href":"https:\/\/brasilnoticias.org\/site\/wp-json\/wp\/v2\/categories?post=13926"},{"taxonomy":"post_tag","embeddable":true,"href":"https:\/\/brasilnoticias.org\/site\/wp-json\/wp\/v2\/tags?post=13926"}],"curies":[{"name":"wp","href":"https:\/\/api.w.org\/{rel}","templated":true}]}}