{"id":13933,"date":"2024-05-06T18:21:49","date_gmt":"2024-05-06T21:21:49","guid":{"rendered":"https:\/\/brasilnoticias.org\/site\/?p=13933"},"modified":"2024-05-06T18:21:49","modified_gmt":"2024-05-06T21:21:49","slug":"numero-de-mortes-sobe-para-83-apos-fortes-chuvas-no-rio-grande-do-sul","status":"publish","type":"post","link":"https:\/\/brasilnoticias.org\/site\/numero-de-mortes-sobe-para-83-apos-fortes-chuvas-no-rio-grande-do-sul\/","title":{"rendered":"N\u00famero de mortes sobe para 83 ap\u00f3s fortes chuvas no Rio Grande do Sul"},"content":{"rendered":"<p>Ao todo, s\u00e3o 873 mil pessoas afetadas pelos efeitos da trag\u00e9dia clim\u00e1tica<\/p>\n<p>O n\u00famero de mortos devido \u00e0s fortes chuvas no Rio Grande do Sul subiu para 83, segundo boletim divulgado pela Defesa Civil nesta segunda-feira (6).  Al\u00e9m disso, foram registrados 111 desaparecidos e 291 pessoas feridas.<\/p>\n<p>O levantamento tamb\u00e9m apontou 149,3 mil pessoas fora de casa, sendo 20 mil em abrigos e 129,2 mil desalojadas (nas casas de familiares ou amigos). Ao todo, 364 dos 496 munic\u00edpios do estado registraram algum tipo de problema, afetando 873 mil pessoas.<\/p>\n<p>O aeroporto Salgado Filho, em Porto Alegre, permanece fechado por tempo indeterminado. A previs\u00e3o de chuva para a partir da metade desta semana em \u00e1reas j\u00e1 castigadas por temporais volta a deixar o estado em alerta.<\/p>\n<p>O Climatempo emitiu um alerta com previs\u00e3o de chuva para regi\u00e3o do Rio Grande do Sul para esta quarta-feira (8). O avan\u00e7o de nova frente fria pode provocar pancadas fortes de chuva e as baixas temperaturas podem dificultar os regaste em algumas regi\u00f5es do estado.<\/p>\n<p>Foto: Reprodu\u00e7\u00e3o\/Ag\u00eancia Brasil<br \/>\nPor: Metro1 <\/p>\n","protected":false},"excerpt":{"rendered":"<p>Ao todo, s\u00e3o 873 mil pessoas afetadas pelos efeitos da trag\u00e9dia clim\u00e1tica O n\u00famero de mortos devido \u00e0s fortes chuvas<\/p>\n","protected":false},"author":4,"featured_media":13934,"comment_status":"open","ping_status":"open","sticky":false,"template":"","format":"standard","meta":{"colormag_page_container_layout":"default_layout","colormag_page_sidebar_layout":"default_layout","_FSMCFIC_featured_image_caption":"","_FSMCFIC_featured_image_nocaption":"","_FSMCFIC_featured_image_hide":"","footnotes":""},"categories":[2,1],"tags":[],"class_list":["post-13933","post","type-post","status-publish","format-standard","has-post-thumbnail","hentry","category-noticias","category-ultimas"],"yoast_head":"<!-- This site is optimized with the Yoast SEO plugin v27.1.1 - https:\/\/yoast.com\/product\/yoast-seo-wordpress\/ -->\n<title>N\u00famero de mortes sobe para 83 ap\u00f3s fortes chuvas no Rio Grande do Sul - Brasil not\u00edcias<\/title>\n<meta name=\"robots\" content=\"index, follow, max-snippet:-1, max-image-preview:large, max-video-preview:-1\" \/>\n<link rel=\"canonical\" href=\"https:\/\/brasilnoticias.org\/site\/numero-de-mortes-sobe-para-83-apos-fortes-chuvas-no-rio-grande-do-sul\/\" \/>\n<meta property=\"og:locale\" content=\"pt_PT\" \/>\n<meta property=\"og:type\" content=\"article\" \/>\n<meta property=\"og:title\" content=\"N\u00famero de mortes sobe para 83 ap\u00f3s fortes chuvas no Rio Grande do Sul - Brasil not\u00edcias\" \/>\n<meta property=\"og:description\" content=\"Ao todo, s\u00e3o 873 mil pessoas afetadas pelos efeitos da trag\u00e9dia clim\u00e1tica O n\u00famero de mortos devido \u00e0s fortes chuvas\" \/>\n<meta property=\"og:url\" content=\"https:\/\/brasilnoticias.org\/site\/numero-de-mortes-sobe-para-83-apos-fortes-chuvas-no-rio-grande-do-sul\/\" \/>\n<meta property=\"og:site_name\" content=\"Brasil not\u00edcias\" \/>\n<meta property=\"article:published_time\" content=\"2024-05-06T21:21:49+00:00\" \/>\n<meta property=\"og:image\" content=\"https:\/\/brasilnoticias.org\/site\/wp-content\/uploads\/2024\/05\/149727numero-de-mortes-sobe-para-83-apos-fortes-chuvas-no-rio-grande-do-sul-3.jpg\" \/>\n\t<meta property=\"og:image:width\" content=\"1600\" \/>\n\t<meta property=\"og:image:height\" content=\"752\" \/>\n\t<meta property=\"og:image:type\" content=\"image\/jpeg\" \/>\n<meta name=\"author\" content=\"Reda\u00e7\u00e3o\" \/>\n<meta name=\"twitter:card\" content=\"summary_large_image\" \/>\n<meta name=\"twitter:label1\" content=\"Escrito por\" \/>\n\t<meta name=\"twitter:data1\" content=\"Reda\u00e7\u00e3o\" \/>\n\t<meta name=\"twitter:label2\" content=\"Tempo estimado de leitura\" \/>\n\t<meta name=\"twitter:data2\" content=\"1 minuto\" \/>\n<script type=\"application\/ld+json\" class=\"yoast-schema-graph\">{\"@context\":\"https:\/\/schema.org\",\"@graph\":[{\"@type\":\"Article\",\"@id\":\"https:\/\/brasilnoticias.org\/site\/numero-de-mortes-sobe-para-83-apos-fortes-chuvas-no-rio-grande-do-sul\/#article\",\"isPartOf\":{\"@id\":\"https:\/\/brasilnoticias.org\/site\/numero-de-mortes-sobe-para-83-apos-fortes-chuvas-no-rio-grande-do-sul\/\"},\"author\":{\"name\":\"Reda\u00e7\u00e3o\",\"@id\":\"https:\/\/brasilnoticias.org\/site\/#\/schema\/person\/03bbbfe6c7634ad18c26444ea39049fa\"},\"headline\":\"N\u00famero de mortes sobe para 83 ap\u00f3s fortes chuvas no Rio Grande do Sul\",\"datePublished\":\"2024-05-06T21:21:49+00:00\",\"mainEntityOfPage\":{\"@id\":\"https:\/\/brasilnoticias.org\/site\/numero-de-mortes-sobe-para-83-apos-fortes-chuvas-no-rio-grande-do-sul\/\"},\"wordCount\":193,\"commentCount\":0,\"publisher\":{\"@id\":\"https:\/\/brasilnoticias.org\/site\/#organization\"},\"image\":{\"@id\":\"https:\/\/brasilnoticias.org\/site\/numero-de-mortes-sobe-para-83-apos-fortes-chuvas-no-rio-grande-do-sul\/#primaryimage\"},\"thumbnailUrl\":\"https:\/\/brasilnoticias.org\/site\/wp-content\/uploads\/2024\/05\/149727numero-de-mortes-sobe-para-83-apos-fortes-chuvas-no-rio-grande-do-sul-3.jpg\",\"articleSection\":[\"Not\u00edcias\",\"\u00daltimas\"],\"inLanguage\":\"pt-PT\",\"potentialAction\":[{\"@type\":\"CommentAction\",\"name\":\"Comment\",\"target\":[\"https:\/\/brasilnoticias.org\/site\/numero-de-mortes-sobe-para-83-apos-fortes-chuvas-no-rio-grande-do-sul\/#respond\"]}]},{\"@type\":\"WebPage\",\"@id\":\"https:\/\/brasilnoticias.org\/site\/numero-de-mortes-sobe-para-83-apos-fortes-chuvas-no-rio-grande-do-sul\/\",\"url\":\"https:\/\/brasilnoticias.org\/site\/numero-de-mortes-sobe-para-83-apos-fortes-chuvas-no-rio-grande-do-sul\/\",\"name\":\"N\u00famero de mortes sobe para 83 ap\u00f3s fortes chuvas no Rio Grande do Sul - Brasil not\u00edcias\",\"isPartOf\":{\"@id\":\"https:\/\/brasilnoticias.org\/site\/#website\"},\"primaryImageOfPage\":{\"@id\":\"https:\/\/brasilnoticias.org\/site\/numero-de-mortes-sobe-para-83-apos-fortes-chuvas-no-rio-grande-do-sul\/#primaryimage\"},\"image\":{\"@id\":\"https:\/\/brasilnoticias.org\/site\/numero-de-mortes-sobe-para-83-apos-fortes-chuvas-no-rio-grande-do-sul\/#primaryimage\"},\"thumbnailUrl\":\"https:\/\/brasilnoticias.org\/site\/wp-content\/uploads\/2024\/05\/149727numero-de-mortes-sobe-para-83-apos-fortes-chuvas-no-rio-grande-do-sul-3.jpg\",\"datePublished\":\"2024-05-06T21:21:49+00:00\",\"breadcrumb\":{\"@id\":\"https:\/\/brasilnoticias.org\/site\/numero-de-mortes-sobe-para-83-apos-fortes-chuvas-no-rio-grande-do-sul\/#breadcrumb\"},\"inLanguage\":\"pt-PT\",\"potentialAction\":[{\"@type\":\"ReadAction\",\"target\":[\"https:\/\/brasilnoticias.org\/site\/numero-de-mortes-sobe-para-83-apos-fortes-chuvas-no-rio-grande-do-sul\/\"]}]},{\"@type\":\"ImageObject\",\"inLanguage\":\"pt-PT\",\"@id\":\"https:\/\/brasilnoticias.org\/site\/numero-de-mortes-sobe-para-83-apos-fortes-chuvas-no-rio-grande-do-sul\/#primaryimage\",\"url\":\"https:\/\/brasilnoticias.org\/site\/wp-content\/uploads\/2024\/05\/149727numero-de-mortes-sobe-para-83-apos-fortes-chuvas-no-rio-grande-do-sul-3.jpg\",\"contentUrl\":\"https:\/\/brasilnoticias.org\/site\/wp-content\/uploads\/2024\/05\/149727numero-de-mortes-sobe-para-83-apos-fortes-chuvas-no-rio-grande-do-sul-3.jpg\",\"width\":1600,\"height\":752},{\"@type\":\"BreadcrumbList\",\"@id\":\"https:\/\/brasilnoticias.org\/site\/numero-de-mortes-sobe-para-83-apos-fortes-chuvas-no-rio-grande-do-sul\/#breadcrumb\",\"itemListElement\":[{\"@type\":\"ListItem\",\"position\":1,\"name\":\"In\u00edcio\",\"item\":\"https:\/\/brasilnoticias.org\/site\/\"},{\"@type\":\"ListItem\",\"position\":2,\"name\":\"N\u00famero de mortes sobe para 83 ap\u00f3s fortes chuvas no Rio Grande do Sul\"}]},{\"@type\":\"WebSite\",\"@id\":\"https:\/\/brasilnoticias.org\/site\/#website\",\"url\":\"https:\/\/brasilnoticias.org\/site\/\",\"name\":\"Brasil not\u00edcias\",\"description\":\"Brasil not\u00edcias\",\"publisher\":{\"@id\":\"https:\/\/brasilnoticias.org\/site\/#organization\"},\"potentialAction\":[{\"@type\":\"SearchAction\",\"target\":{\"@type\":\"EntryPoint\",\"urlTemplate\":\"https:\/\/brasilnoticias.org\/site\/?s={search_term_string}\"},\"query-input\":{\"@type\":\"PropertyValueSpecification\",\"valueRequired\":true,\"valueName\":\"search_term_string\"}}],\"inLanguage\":\"pt-PT\"},{\"@type\":\"Organization\",\"@id\":\"https:\/\/brasilnoticias.org\/site\/#organization\",\"name\":\"Brasil not\u00edcias\",\"url\":\"https:\/\/brasilnoticias.org\/site\/\",\"logo\":{\"@type\":\"ImageObject\",\"inLanguage\":\"pt-PT\",\"@id\":\"https:\/\/brasilnoticias.org\/site\/#\/schema\/logo\/image\/\",\"url\":\"https:\/\/brasilnoticias.org\/site\/wp-content\/uploads\/2022\/05\/cropped-brasilnoticias-mini.jpg\",\"contentUrl\":\"https:\/\/brasilnoticias.org\/site\/wp-content\/uploads\/2022\/05\/cropped-brasilnoticias-mini.jpg\",\"width\":314,\"height\":86,\"caption\":\"Brasil not\u00edcias\"},\"image\":{\"@id\":\"https:\/\/brasilnoticias.org\/site\/#\/schema\/logo\/image\/\"}},{\"@type\":\"Person\",\"@id\":\"https:\/\/brasilnoticias.org\/site\/#\/schema\/person\/03bbbfe6c7634ad18c26444ea39049fa\",\"name\":\"Reda\u00e7\u00e3o\",\"image\":{\"@type\":\"ImageObject\",\"inLanguage\":\"pt-PT\",\"@id\":\"https:\/\/brasilnoticias.org\/site\/#\/schema\/person\/image\/\",\"url\":\"https:\/\/secure.gravatar.com\/avatar\/9ecaf7327a696cb23ad926fedded5f1f04d7049de9e445375d55b48c001a6e42?s=96&d=mm&r=g\",\"contentUrl\":\"https:\/\/secure.gravatar.com\/avatar\/9ecaf7327a696cb23ad926fedded5f1f04d7049de9e445375d55b48c001a6e42?s=96&d=mm&r=g\",\"caption\":\"Reda\u00e7\u00e3o\"},\"url\":\"https:\/\/brasilnoticias.org\/site\/author\/henrique\/\"}]}<\/script>\n<!-- \/ Yoast SEO plugin. -->","yoast_head_json":{"title":"N\u00famero de mortes sobe para 83 ap\u00f3s fortes chuvas no Rio Grande do Sul - Brasil not\u00edcias","robots":{"index":"index","follow":"follow","max-snippet":"max-snippet:-1","max-image-preview":"max-image-preview:large","max-video-preview":"max-video-preview:-1"},"canonical":"https:\/\/brasilnoticias.org\/site\/numero-de-mortes-sobe-para-83-apos-fortes-chuvas-no-rio-grande-do-sul\/","og_locale":"pt_PT","og_type":"article","og_title":"N\u00famero de mortes sobe para 83 ap\u00f3s fortes chuvas no Rio Grande do Sul - Brasil not\u00edcias","og_description":"Ao todo, s\u00e3o 873 mil pessoas afetadas pelos efeitos da trag\u00e9dia clim\u00e1tica O n\u00famero de mortos devido \u00e0s fortes chuvas","og_url":"https:\/\/brasilnoticias.org\/site\/numero-de-mortes-sobe-para-83-apos-fortes-chuvas-no-rio-grande-do-sul\/","og_site_name":"Brasil not\u00edcias","article_published_time":"2024-05-06T21:21:49+00:00","og_image":[{"width":1600,"height":752,"url":"https:\/\/brasilnoticias.org\/site\/wp-content\/uploads\/2024\/05\/149727numero-de-mortes-sobe-para-83-apos-fortes-chuvas-no-rio-grande-do-sul-3.jpg","type":"image\/jpeg"}],"author":"Reda\u00e7\u00e3o","twitter_card":"summary_large_image","twitter_misc":{"Escrito por":"Reda\u00e7\u00e3o","Tempo estimado de leitura":"1 minuto"},"schema":{"@context":"https:\/\/schema.org","@graph":[{"@type":"Article","@id":"https:\/\/brasilnoticias.org\/site\/numero-de-mortes-sobe-para-83-apos-fortes-chuvas-no-rio-grande-do-sul\/#article","isPartOf":{"@id":"https:\/\/brasilnoticias.org\/site\/numero-de-mortes-sobe-para-83-apos-fortes-chuvas-no-rio-grande-do-sul\/"},"author":{"name":"Reda\u00e7\u00e3o","@id":"https:\/\/brasilnoticias.org\/site\/#\/schema\/person\/03bbbfe6c7634ad18c26444ea39049fa"},"headline":"N\u00famero de mortes sobe para 83 ap\u00f3s fortes chuvas no Rio Grande do Sul","datePublished":"2024-05-06T21:21:49+00:00","mainEntityOfPage":{"@id":"https:\/\/brasilnoticias.org\/site\/numero-de-mortes-sobe-para-83-apos-fortes-chuvas-no-rio-grande-do-sul\/"},"wordCount":193,"commentCount":0,"publisher":{"@id":"https:\/\/brasilnoticias.org\/site\/#organization"},"image":{"@id":"https:\/\/brasilnoticias.org\/site\/numero-de-mortes-sobe-para-83-apos-fortes-chuvas-no-rio-grande-do-sul\/#primaryimage"},"thumbnailUrl":"https:\/\/brasilnoticias.org\/site\/wp-content\/uploads\/2024\/05\/149727numero-de-mortes-sobe-para-83-apos-fortes-chuvas-no-rio-grande-do-sul-3.jpg","articleSection":["Not\u00edcias","\u00daltimas"],"inLanguage":"pt-PT","potentialAction":[{"@type":"CommentAction","name":"Comment","target":["https:\/\/brasilnoticias.org\/site\/numero-de-mortes-sobe-para-83-apos-fortes-chuvas-no-rio-grande-do-sul\/#respond"]}]},{"@type":"WebPage","@id":"https:\/\/brasilnoticias.org\/site\/numero-de-mortes-sobe-para-83-apos-fortes-chuvas-no-rio-grande-do-sul\/","url":"https:\/\/brasilnoticias.org\/site\/numero-de-mortes-sobe-para-83-apos-fortes-chuvas-no-rio-grande-do-sul\/","name":"N\u00famero de mortes sobe para 83 ap\u00f3s fortes chuvas no Rio Grande do Sul - Brasil not\u00edcias","isPartOf":{"@id":"https:\/\/brasilnoticias.org\/site\/#website"},"primaryImageOfPage":{"@id":"https:\/\/brasilnoticias.org\/site\/numero-de-mortes-sobe-para-83-apos-fortes-chuvas-no-rio-grande-do-sul\/#primaryimage"},"image":{"@id":"https:\/\/brasilnoticias.org\/site\/numero-de-mortes-sobe-para-83-apos-fortes-chuvas-no-rio-grande-do-sul\/#primaryimage"},"thumbnailUrl":"https:\/\/brasilnoticias.org\/site\/wp-content\/uploads\/2024\/05\/149727numero-de-mortes-sobe-para-83-apos-fortes-chuvas-no-rio-grande-do-sul-3.jpg","datePublished":"2024-05-06T21:21:49+00:00","breadcrumb":{"@id":"https:\/\/brasilnoticias.org\/site\/numero-de-mortes-sobe-para-83-apos-fortes-chuvas-no-rio-grande-do-sul\/#breadcrumb"},"inLanguage":"pt-PT","potentialAction":[{"@type":"ReadAction","target":["https:\/\/brasilnoticias.org\/site\/numero-de-mortes-sobe-para-83-apos-fortes-chuvas-no-rio-grande-do-sul\/"]}]},{"@type":"ImageObject","inLanguage":"pt-PT","@id":"https:\/\/brasilnoticias.org\/site\/numero-de-mortes-sobe-para-83-apos-fortes-chuvas-no-rio-grande-do-sul\/#primaryimage","url":"https:\/\/brasilnoticias.org\/site\/wp-content\/uploads\/2024\/05\/149727numero-de-mortes-sobe-para-83-apos-fortes-chuvas-no-rio-grande-do-sul-3.jpg","contentUrl":"https:\/\/brasilnoticias.org\/site\/wp-content\/uploads\/2024\/05\/149727numero-de-mortes-sobe-para-83-apos-fortes-chuvas-no-rio-grande-do-sul-3.jpg","width":1600,"height":752},{"@type":"BreadcrumbList","@id":"https:\/\/brasilnoticias.org\/site\/numero-de-mortes-sobe-para-83-apos-fortes-chuvas-no-rio-grande-do-sul\/#breadcrumb","itemListElement":[{"@type":"ListItem","position":1,"name":"In\u00edcio","item":"https:\/\/brasilnoticias.org\/site\/"},{"@type":"ListItem","position":2,"name":"N\u00famero de mortes sobe para 83 ap\u00f3s fortes chuvas no Rio Grande do Sul"}]},{"@type":"WebSite","@id":"https:\/\/brasilnoticias.org\/site\/#website","url":"https:\/\/brasilnoticias.org\/site\/","name":"Brasil not\u00edcias","description":"Brasil not\u00edcias","publisher":{"@id":"https:\/\/brasilnoticias.org\/site\/#organization"},"potentialAction":[{"@type":"SearchAction","target":{"@type":"EntryPoint","urlTemplate":"https:\/\/brasilnoticias.org\/site\/?s={search_term_string}"},"query-input":{"@type":"PropertyValueSpecification","valueRequired":true,"valueName":"search_term_string"}}],"inLanguage":"pt-PT"},{"@type":"Organization","@id":"https:\/\/brasilnoticias.org\/site\/#organization","name":"Brasil not\u00edcias","url":"https:\/\/brasilnoticias.org\/site\/","logo":{"@type":"ImageObject","inLanguage":"pt-PT","@id":"https:\/\/brasilnoticias.org\/site\/#\/schema\/logo\/image\/","url":"https:\/\/brasilnoticias.org\/site\/wp-content\/uploads\/2022\/05\/cropped-brasilnoticias-mini.jpg","contentUrl":"https:\/\/brasilnoticias.org\/site\/wp-content\/uploads\/2022\/05\/cropped-brasilnoticias-mini.jpg","width":314,"height":86,"caption":"Brasil not\u00edcias"},"image":{"@id":"https:\/\/brasilnoticias.org\/site\/#\/schema\/logo\/image\/"}},{"@type":"Person","@id":"https:\/\/brasilnoticias.org\/site\/#\/schema\/person\/03bbbfe6c7634ad18c26444ea39049fa","name":"Reda\u00e7\u00e3o","image":{"@type":"ImageObject","inLanguage":"pt-PT","@id":"https:\/\/brasilnoticias.org\/site\/#\/schema\/person\/image\/","url":"https:\/\/secure.gravatar.com\/avatar\/9ecaf7327a696cb23ad926fedded5f1f04d7049de9e445375d55b48c001a6e42?s=96&d=mm&r=g","contentUrl":"https:\/\/secure.gravatar.com\/avatar\/9ecaf7327a696cb23ad926fedded5f1f04d7049de9e445375d55b48c001a6e42?s=96&d=mm&r=g","caption":"Reda\u00e7\u00e3o"},"url":"https:\/\/brasilnoticias.org\/site\/author\/henrique\/"}]}},"_links":{"self":[{"href":"https:\/\/brasilnoticias.org\/site\/wp-json\/wp\/v2\/posts\/13933","targetHints":{"allow":["GET"]}}],"collection":[{"href":"https:\/\/brasilnoticias.org\/site\/wp-json\/wp\/v2\/posts"}],"about":[{"href":"https:\/\/brasilnoticias.org\/site\/wp-json\/wp\/v2\/types\/post"}],"author":[{"embeddable":true,"href":"https:\/\/brasilnoticias.org\/site\/wp-json\/wp\/v2\/users\/4"}],"replies":[{"embeddable":true,"href":"https:\/\/brasilnoticias.org\/site\/wp-json\/wp\/v2\/comments?post=13933"}],"version-history":[{"count":1,"href":"https:\/\/brasilnoticias.org\/site\/wp-json\/wp\/v2\/posts\/13933\/revisions"}],"predecessor-version":[{"id":13935,"href":"https:\/\/brasilnoticias.org\/site\/wp-json\/wp\/v2\/posts\/13933\/revisions\/13935"}],"wp:featuredmedia":[{"embeddable":true,"href":"https:\/\/brasilnoticias.org\/site\/wp-json\/wp\/v2\/media\/13934"}],"wp:attachment":[{"href":"https:\/\/brasilnoticias.org\/site\/wp-json\/wp\/v2\/media?parent=13933"}],"wp:term":[{"taxonomy":"category","embeddable":true,"href":"https:\/\/brasilnoticias.org\/site\/wp-json\/wp\/v2\/categories?post=13933"},{"taxonomy":"post_tag","embeddable":true,"href":"https:\/\/brasilnoticias.org\/site\/wp-json\/wp\/v2\/tags?post=13933"}],"curies":[{"name":"wp","href":"https:\/\/api.w.org\/{rel}","templated":true}]}}