{"id":13942,"date":"2024-05-06T18:28:00","date_gmt":"2024-05-06T21:28:00","guid":{"rendered":"https:\/\/brasilnoticias.org\/site\/?p=13942"},"modified":"2024-05-06T18:28:00","modified_gmt":"2024-05-06T21:28:00","slug":"apos-enchentes-do-rs-senado-deve-pautar-pec-do-orcamento-de-guerra-para-crises-ambientais","status":"publish","type":"post","link":"https:\/\/brasilnoticias.org\/site\/apos-enchentes-do-rs-senado-deve-pautar-pec-do-orcamento-de-guerra-para-crises-ambientais\/","title":{"rendered":"Ap\u00f3s enchentes do RS, Senado deve pautar PEC do \u201cor\u00e7amento de guerra\u201d para crises ambientais"},"content":{"rendered":"<p>Nos pr\u00f3ximos dias, o Senado Federal deve come\u00e7ar a analisar a proposta de Emenda \u00e0 Constitui\u00e7\u00e3o (PEC) que prop\u00f5e a cria\u00e7\u00e3o de um \u201cor\u00e7amento de guerra\u201d, que seria um montante fora do Or\u00e7amento-Geral da Uni\u00e3o, para calamidades clim\u00e1ticas, como a que enfrenta o estado do Rio Grande do Sul.<\/p>\n<p>O projeto \u00e9 de autoria do senador Alessandro Vieira (MDB-SE) e j\u00e1 tem as 27 assinaturas necess\u00e1rias para que tramite na Casa. Segundo o portal Metr\u00f3poles, a proposta deve ser priorizada. A expectativa \u00e9 que ela passe pela Comiss\u00e3o de Constitui\u00e7\u00e3o e Justi\u00e7a (CCJ) ainda nesta semana e depois siga direto ao plen\u00e1rio.<\/p>\n<p>A PEC prop\u00f5e que o \u201cor\u00e7amento de guerra\u201d seja criado durante a \u201cvig\u00eancia de calamidade p\u00fablica ambiental de import\u00e2ncia regional ou local, reconhecida pelo Congresso Nacional, ap\u00f3s solicita\u00e7\u00e3o do Presidente da Rep\u00fablica, somente naquilo em que a urg\u00eancia for incompat\u00edvel com o regime regular\u201d. O dinheiro dever\u00e1 ser usado apenas em a\u00e7\u00f5es da Uni\u00e3o para ajudar \u00e1reas afetadas.<\/p>\n<p>Durante o final de semana, o presidente Lula (PT) visitou o estado e prometeu ajuda ao Rio Grande do Sul \u201csem burocracia\u201d. Em Bras\u00edlia e em Porto Alegre, foram montadas salas de situa\u00e7\u00e3o para monitorar a regi\u00e3o. Ao todo, 336 munic\u00edpios ga\u00facho est\u00e3o em calamidade p\u00fablica reconhecida e 83 mortes j\u00e1 foram registradas.<\/p>\n<p>Foto: Gustavo Mansur\/ Pal\u00e1cio Piratini<br \/>\nPor: Metro1 <\/p>\n","protected":false},"excerpt":{"rendered":"<p>Nos pr\u00f3ximos dias, o Senado Federal deve come\u00e7ar a analisar a proposta de Emenda \u00e0 Constitui\u00e7\u00e3o (PEC) que prop\u00f5e a<\/p>\n","protected":false},"author":4,"featured_media":13943,"comment_status":"open","ping_status":"open","sticky":false,"template":"","format":"standard","meta":{"colormag_page_container_layout":"default_layout","colormag_page_sidebar_layout":"default_layout","_FSMCFIC_featured_image_caption":"","_FSMCFIC_featured_image_nocaption":"","_FSMCFIC_featured_image_hide":"","footnotes":""},"categories":[2,1],"tags":[],"class_list":["post-13942","post","type-post","status-publish","format-standard","has-post-thumbnail","hentry","category-noticias","category-ultimas"],"yoast_head":"<!-- This site is optimized with the Yoast SEO plugin v27.1.1 - https:\/\/yoast.com\/product\/yoast-seo-wordpress\/ -->\n<title>Ap\u00f3s enchentes do RS, Senado deve pautar PEC do \u201cor\u00e7amento de guerra\u201d para crises ambientais - Brasil not\u00edcias<\/title>\n<meta name=\"robots\" content=\"index, follow, max-snippet:-1, max-image-preview:large, max-video-preview:-1\" \/>\n<link rel=\"canonical\" href=\"https:\/\/brasilnoticias.org\/site\/apos-enchentes-do-rs-senado-deve-pautar-pec-do-orcamento-de-guerra-para-crises-ambientais\/\" \/>\n<meta property=\"og:locale\" content=\"pt_PT\" \/>\n<meta property=\"og:type\" content=\"article\" \/>\n<meta property=\"og:title\" content=\"Ap\u00f3s enchentes do RS, Senado deve pautar PEC do \u201cor\u00e7amento de guerra\u201d para crises ambientais - Brasil not\u00edcias\" \/>\n<meta property=\"og:description\" content=\"Nos pr\u00f3ximos dias, o Senado Federal deve come\u00e7ar a analisar a proposta de Emenda \u00e0 Constitui\u00e7\u00e3o (PEC) que prop\u00f5e a\" \/>\n<meta property=\"og:url\" content=\"https:\/\/brasilnoticias.org\/site\/apos-enchentes-do-rs-senado-deve-pautar-pec-do-orcamento-de-guerra-para-crises-ambientais\/\" \/>\n<meta property=\"og:site_name\" content=\"Brasil not\u00edcias\" \/>\n<meta property=\"article:published_time\" content=\"2024-05-06T21:28:00+00:00\" \/>\n<meta property=\"og:image\" content=\"https:\/\/brasilnoticias.org\/site\/wp-content\/uploads\/2024\/05\/149724apos-enchentes-do-rs-senado-deve-pautar-pec-do-orcamento-de-guerra-para-crises-ambientais-3.jpg\" \/>\n\t<meta property=\"og:image:width\" content=\"1600\" \/>\n\t<meta property=\"og:image:height\" content=\"752\" \/>\n\t<meta property=\"og:image:type\" content=\"image\/jpeg\" \/>\n<meta name=\"author\" content=\"Reda\u00e7\u00e3o\" \/>\n<meta name=\"twitter:card\" content=\"summary_large_image\" \/>\n<meta name=\"twitter:label1\" content=\"Escrito por\" \/>\n\t<meta name=\"twitter:data1\" content=\"Reda\u00e7\u00e3o\" \/>\n\t<meta name=\"twitter:label2\" content=\"Tempo estimado de leitura\" \/>\n\t<meta name=\"twitter:data2\" content=\"1 minuto\" \/>\n<script type=\"application\/ld+json\" class=\"yoast-schema-graph\">{\"@context\":\"https:\/\/schema.org\",\"@graph\":[{\"@type\":\"Article\",\"@id\":\"https:\/\/brasilnoticias.org\/site\/apos-enchentes-do-rs-senado-deve-pautar-pec-do-orcamento-de-guerra-para-crises-ambientais\/#article\",\"isPartOf\":{\"@id\":\"https:\/\/brasilnoticias.org\/site\/apos-enchentes-do-rs-senado-deve-pautar-pec-do-orcamento-de-guerra-para-crises-ambientais\/\"},\"author\":{\"name\":\"Reda\u00e7\u00e3o\",\"@id\":\"https:\/\/brasilnoticias.org\/site\/#\/schema\/person\/03bbbfe6c7634ad18c26444ea39049fa\"},\"headline\":\"Ap\u00f3s enchentes do RS, Senado deve pautar PEC do \u201cor\u00e7amento de guerra\u201d para crises ambientais\",\"datePublished\":\"2024-05-06T21:28:00+00:00\",\"mainEntityOfPage\":{\"@id\":\"https:\/\/brasilnoticias.org\/site\/apos-enchentes-do-rs-senado-deve-pautar-pec-do-orcamento-de-guerra-para-crises-ambientais\/\"},\"wordCount\":266,\"commentCount\":0,\"publisher\":{\"@id\":\"https:\/\/brasilnoticias.org\/site\/#organization\"},\"image\":{\"@id\":\"https:\/\/brasilnoticias.org\/site\/apos-enchentes-do-rs-senado-deve-pautar-pec-do-orcamento-de-guerra-para-crises-ambientais\/#primaryimage\"},\"thumbnailUrl\":\"https:\/\/brasilnoticias.org\/site\/wp-content\/uploads\/2024\/05\/149724apos-enchentes-do-rs-senado-deve-pautar-pec-do-orcamento-de-guerra-para-crises-ambientais-3.jpg\",\"articleSection\":[\"Not\u00edcias\",\"\u00daltimas\"],\"inLanguage\":\"pt-PT\",\"potentialAction\":[{\"@type\":\"CommentAction\",\"name\":\"Comment\",\"target\":[\"https:\/\/brasilnoticias.org\/site\/apos-enchentes-do-rs-senado-deve-pautar-pec-do-orcamento-de-guerra-para-crises-ambientais\/#respond\"]}]},{\"@type\":\"WebPage\",\"@id\":\"https:\/\/brasilnoticias.org\/site\/apos-enchentes-do-rs-senado-deve-pautar-pec-do-orcamento-de-guerra-para-crises-ambientais\/\",\"url\":\"https:\/\/brasilnoticias.org\/site\/apos-enchentes-do-rs-senado-deve-pautar-pec-do-orcamento-de-guerra-para-crises-ambientais\/\",\"name\":\"Ap\u00f3s enchentes do RS, Senado deve pautar PEC do \u201cor\u00e7amento de guerra\u201d para crises ambientais - Brasil not\u00edcias\",\"isPartOf\":{\"@id\":\"https:\/\/brasilnoticias.org\/site\/#website\"},\"primaryImageOfPage\":{\"@id\":\"https:\/\/brasilnoticias.org\/site\/apos-enchentes-do-rs-senado-deve-pautar-pec-do-orcamento-de-guerra-para-crises-ambientais\/#primaryimage\"},\"image\":{\"@id\":\"https:\/\/brasilnoticias.org\/site\/apos-enchentes-do-rs-senado-deve-pautar-pec-do-orcamento-de-guerra-para-crises-ambientais\/#primaryimage\"},\"thumbnailUrl\":\"https:\/\/brasilnoticias.org\/site\/wp-content\/uploads\/2024\/05\/149724apos-enchentes-do-rs-senado-deve-pautar-pec-do-orcamento-de-guerra-para-crises-ambientais-3.jpg\",\"datePublished\":\"2024-05-06T21:28:00+00:00\",\"breadcrumb\":{\"@id\":\"https:\/\/brasilnoticias.org\/site\/apos-enchentes-do-rs-senado-deve-pautar-pec-do-orcamento-de-guerra-para-crises-ambientais\/#breadcrumb\"},\"inLanguage\":\"pt-PT\",\"potentialAction\":[{\"@type\":\"ReadAction\",\"target\":[\"https:\/\/brasilnoticias.org\/site\/apos-enchentes-do-rs-senado-deve-pautar-pec-do-orcamento-de-guerra-para-crises-ambientais\/\"]}]},{\"@type\":\"ImageObject\",\"inLanguage\":\"pt-PT\",\"@id\":\"https:\/\/brasilnoticias.org\/site\/apos-enchentes-do-rs-senado-deve-pautar-pec-do-orcamento-de-guerra-para-crises-ambientais\/#primaryimage\",\"url\":\"https:\/\/brasilnoticias.org\/site\/wp-content\/uploads\/2024\/05\/149724apos-enchentes-do-rs-senado-deve-pautar-pec-do-orcamento-de-guerra-para-crises-ambientais-3.jpg\",\"contentUrl\":\"https:\/\/brasilnoticias.org\/site\/wp-content\/uploads\/2024\/05\/149724apos-enchentes-do-rs-senado-deve-pautar-pec-do-orcamento-de-guerra-para-crises-ambientais-3.jpg\",\"width\":1600,\"height\":752},{\"@type\":\"BreadcrumbList\",\"@id\":\"https:\/\/brasilnoticias.org\/site\/apos-enchentes-do-rs-senado-deve-pautar-pec-do-orcamento-de-guerra-para-crises-ambientais\/#breadcrumb\",\"itemListElement\":[{\"@type\":\"ListItem\",\"position\":1,\"name\":\"In\u00edcio\",\"item\":\"https:\/\/brasilnoticias.org\/site\/\"},{\"@type\":\"ListItem\",\"position\":2,\"name\":\"Ap\u00f3s enchentes do RS, Senado deve pautar PEC do \u201cor\u00e7amento de guerra\u201d para crises ambientais\"}]},{\"@type\":\"WebSite\",\"@id\":\"https:\/\/brasilnoticias.org\/site\/#website\",\"url\":\"https:\/\/brasilnoticias.org\/site\/\",\"name\":\"Brasil not\u00edcias\",\"description\":\"Brasil not\u00edcias\",\"publisher\":{\"@id\":\"https:\/\/brasilnoticias.org\/site\/#organization\"},\"potentialAction\":[{\"@type\":\"SearchAction\",\"target\":{\"@type\":\"EntryPoint\",\"urlTemplate\":\"https:\/\/brasilnoticias.org\/site\/?s={search_term_string}\"},\"query-input\":{\"@type\":\"PropertyValueSpecification\",\"valueRequired\":true,\"valueName\":\"search_term_string\"}}],\"inLanguage\":\"pt-PT\"},{\"@type\":\"Organization\",\"@id\":\"https:\/\/brasilnoticias.org\/site\/#organization\",\"name\":\"Brasil not\u00edcias\",\"url\":\"https:\/\/brasilnoticias.org\/site\/\",\"logo\":{\"@type\":\"ImageObject\",\"inLanguage\":\"pt-PT\",\"@id\":\"https:\/\/brasilnoticias.org\/site\/#\/schema\/logo\/image\/\",\"url\":\"https:\/\/brasilnoticias.org\/site\/wp-content\/uploads\/2022\/05\/cropped-brasilnoticias-mini.jpg\",\"contentUrl\":\"https:\/\/brasilnoticias.org\/site\/wp-content\/uploads\/2022\/05\/cropped-brasilnoticias-mini.jpg\",\"width\":314,\"height\":86,\"caption\":\"Brasil not\u00edcias\"},\"image\":{\"@id\":\"https:\/\/brasilnoticias.org\/site\/#\/schema\/logo\/image\/\"}},{\"@type\":\"Person\",\"@id\":\"https:\/\/brasilnoticias.org\/site\/#\/schema\/person\/03bbbfe6c7634ad18c26444ea39049fa\",\"name\":\"Reda\u00e7\u00e3o\",\"image\":{\"@type\":\"ImageObject\",\"inLanguage\":\"pt-PT\",\"@id\":\"https:\/\/brasilnoticias.org\/site\/#\/schema\/person\/image\/\",\"url\":\"https:\/\/secure.gravatar.com\/avatar\/9ecaf7327a696cb23ad926fedded5f1f04d7049de9e445375d55b48c001a6e42?s=96&d=mm&r=g\",\"contentUrl\":\"https:\/\/secure.gravatar.com\/avatar\/9ecaf7327a696cb23ad926fedded5f1f04d7049de9e445375d55b48c001a6e42?s=96&d=mm&r=g\",\"caption\":\"Reda\u00e7\u00e3o\"},\"url\":\"https:\/\/brasilnoticias.org\/site\/author\/henrique\/\"}]}<\/script>\n<!-- \/ Yoast SEO plugin. -->","yoast_head_json":{"title":"Ap\u00f3s enchentes do RS, Senado deve pautar PEC do \u201cor\u00e7amento de guerra\u201d para crises ambientais - Brasil not\u00edcias","robots":{"index":"index","follow":"follow","max-snippet":"max-snippet:-1","max-image-preview":"max-image-preview:large","max-video-preview":"max-video-preview:-1"},"canonical":"https:\/\/brasilnoticias.org\/site\/apos-enchentes-do-rs-senado-deve-pautar-pec-do-orcamento-de-guerra-para-crises-ambientais\/","og_locale":"pt_PT","og_type":"article","og_title":"Ap\u00f3s enchentes do RS, Senado deve pautar PEC do \u201cor\u00e7amento de guerra\u201d para crises ambientais - Brasil not\u00edcias","og_description":"Nos pr\u00f3ximos dias, o Senado Federal deve come\u00e7ar a analisar a proposta de Emenda \u00e0 Constitui\u00e7\u00e3o (PEC) que prop\u00f5e a","og_url":"https:\/\/brasilnoticias.org\/site\/apos-enchentes-do-rs-senado-deve-pautar-pec-do-orcamento-de-guerra-para-crises-ambientais\/","og_site_name":"Brasil not\u00edcias","article_published_time":"2024-05-06T21:28:00+00:00","og_image":[{"width":1600,"height":752,"url":"https:\/\/brasilnoticias.org\/site\/wp-content\/uploads\/2024\/05\/149724apos-enchentes-do-rs-senado-deve-pautar-pec-do-orcamento-de-guerra-para-crises-ambientais-3.jpg","type":"image\/jpeg"}],"author":"Reda\u00e7\u00e3o","twitter_card":"summary_large_image","twitter_misc":{"Escrito por":"Reda\u00e7\u00e3o","Tempo estimado de leitura":"1 minuto"},"schema":{"@context":"https:\/\/schema.org","@graph":[{"@type":"Article","@id":"https:\/\/brasilnoticias.org\/site\/apos-enchentes-do-rs-senado-deve-pautar-pec-do-orcamento-de-guerra-para-crises-ambientais\/#article","isPartOf":{"@id":"https:\/\/brasilnoticias.org\/site\/apos-enchentes-do-rs-senado-deve-pautar-pec-do-orcamento-de-guerra-para-crises-ambientais\/"},"author":{"name":"Reda\u00e7\u00e3o","@id":"https:\/\/brasilnoticias.org\/site\/#\/schema\/person\/03bbbfe6c7634ad18c26444ea39049fa"},"headline":"Ap\u00f3s enchentes do RS, Senado deve pautar PEC do \u201cor\u00e7amento de guerra\u201d para crises ambientais","datePublished":"2024-05-06T21:28:00+00:00","mainEntityOfPage":{"@id":"https:\/\/brasilnoticias.org\/site\/apos-enchentes-do-rs-senado-deve-pautar-pec-do-orcamento-de-guerra-para-crises-ambientais\/"},"wordCount":266,"commentCount":0,"publisher":{"@id":"https:\/\/brasilnoticias.org\/site\/#organization"},"image":{"@id":"https:\/\/brasilnoticias.org\/site\/apos-enchentes-do-rs-senado-deve-pautar-pec-do-orcamento-de-guerra-para-crises-ambientais\/#primaryimage"},"thumbnailUrl":"https:\/\/brasilnoticias.org\/site\/wp-content\/uploads\/2024\/05\/149724apos-enchentes-do-rs-senado-deve-pautar-pec-do-orcamento-de-guerra-para-crises-ambientais-3.jpg","articleSection":["Not\u00edcias","\u00daltimas"],"inLanguage":"pt-PT","potentialAction":[{"@type":"CommentAction","name":"Comment","target":["https:\/\/brasilnoticias.org\/site\/apos-enchentes-do-rs-senado-deve-pautar-pec-do-orcamento-de-guerra-para-crises-ambientais\/#respond"]}]},{"@type":"WebPage","@id":"https:\/\/brasilnoticias.org\/site\/apos-enchentes-do-rs-senado-deve-pautar-pec-do-orcamento-de-guerra-para-crises-ambientais\/","url":"https:\/\/brasilnoticias.org\/site\/apos-enchentes-do-rs-senado-deve-pautar-pec-do-orcamento-de-guerra-para-crises-ambientais\/","name":"Ap\u00f3s enchentes do RS, Senado deve pautar PEC do \u201cor\u00e7amento de guerra\u201d para crises ambientais - Brasil not\u00edcias","isPartOf":{"@id":"https:\/\/brasilnoticias.org\/site\/#website"},"primaryImageOfPage":{"@id":"https:\/\/brasilnoticias.org\/site\/apos-enchentes-do-rs-senado-deve-pautar-pec-do-orcamento-de-guerra-para-crises-ambientais\/#primaryimage"},"image":{"@id":"https:\/\/brasilnoticias.org\/site\/apos-enchentes-do-rs-senado-deve-pautar-pec-do-orcamento-de-guerra-para-crises-ambientais\/#primaryimage"},"thumbnailUrl":"https:\/\/brasilnoticias.org\/site\/wp-content\/uploads\/2024\/05\/149724apos-enchentes-do-rs-senado-deve-pautar-pec-do-orcamento-de-guerra-para-crises-ambientais-3.jpg","datePublished":"2024-05-06T21:28:00+00:00","breadcrumb":{"@id":"https:\/\/brasilnoticias.org\/site\/apos-enchentes-do-rs-senado-deve-pautar-pec-do-orcamento-de-guerra-para-crises-ambientais\/#breadcrumb"},"inLanguage":"pt-PT","potentialAction":[{"@type":"ReadAction","target":["https:\/\/brasilnoticias.org\/site\/apos-enchentes-do-rs-senado-deve-pautar-pec-do-orcamento-de-guerra-para-crises-ambientais\/"]}]},{"@type":"ImageObject","inLanguage":"pt-PT","@id":"https:\/\/brasilnoticias.org\/site\/apos-enchentes-do-rs-senado-deve-pautar-pec-do-orcamento-de-guerra-para-crises-ambientais\/#primaryimage","url":"https:\/\/brasilnoticias.org\/site\/wp-content\/uploads\/2024\/05\/149724apos-enchentes-do-rs-senado-deve-pautar-pec-do-orcamento-de-guerra-para-crises-ambientais-3.jpg","contentUrl":"https:\/\/brasilnoticias.org\/site\/wp-content\/uploads\/2024\/05\/149724apos-enchentes-do-rs-senado-deve-pautar-pec-do-orcamento-de-guerra-para-crises-ambientais-3.jpg","width":1600,"height":752},{"@type":"BreadcrumbList","@id":"https:\/\/brasilnoticias.org\/site\/apos-enchentes-do-rs-senado-deve-pautar-pec-do-orcamento-de-guerra-para-crises-ambientais\/#breadcrumb","itemListElement":[{"@type":"ListItem","position":1,"name":"In\u00edcio","item":"https:\/\/brasilnoticias.org\/site\/"},{"@type":"ListItem","position":2,"name":"Ap\u00f3s enchentes do RS, Senado deve pautar PEC do \u201cor\u00e7amento de guerra\u201d para crises ambientais"}]},{"@type":"WebSite","@id":"https:\/\/brasilnoticias.org\/site\/#website","url":"https:\/\/brasilnoticias.org\/site\/","name":"Brasil not\u00edcias","description":"Brasil not\u00edcias","publisher":{"@id":"https:\/\/brasilnoticias.org\/site\/#organization"},"potentialAction":[{"@type":"SearchAction","target":{"@type":"EntryPoint","urlTemplate":"https:\/\/brasilnoticias.org\/site\/?s={search_term_string}"},"query-input":{"@type":"PropertyValueSpecification","valueRequired":true,"valueName":"search_term_string"}}],"inLanguage":"pt-PT"},{"@type":"Organization","@id":"https:\/\/brasilnoticias.org\/site\/#organization","name":"Brasil not\u00edcias","url":"https:\/\/brasilnoticias.org\/site\/","logo":{"@type":"ImageObject","inLanguage":"pt-PT","@id":"https:\/\/brasilnoticias.org\/site\/#\/schema\/logo\/image\/","url":"https:\/\/brasilnoticias.org\/site\/wp-content\/uploads\/2022\/05\/cropped-brasilnoticias-mini.jpg","contentUrl":"https:\/\/brasilnoticias.org\/site\/wp-content\/uploads\/2022\/05\/cropped-brasilnoticias-mini.jpg","width":314,"height":86,"caption":"Brasil not\u00edcias"},"image":{"@id":"https:\/\/brasilnoticias.org\/site\/#\/schema\/logo\/image\/"}},{"@type":"Person","@id":"https:\/\/brasilnoticias.org\/site\/#\/schema\/person\/03bbbfe6c7634ad18c26444ea39049fa","name":"Reda\u00e7\u00e3o","image":{"@type":"ImageObject","inLanguage":"pt-PT","@id":"https:\/\/brasilnoticias.org\/site\/#\/schema\/person\/image\/","url":"https:\/\/secure.gravatar.com\/avatar\/9ecaf7327a696cb23ad926fedded5f1f04d7049de9e445375d55b48c001a6e42?s=96&d=mm&r=g","contentUrl":"https:\/\/secure.gravatar.com\/avatar\/9ecaf7327a696cb23ad926fedded5f1f04d7049de9e445375d55b48c001a6e42?s=96&d=mm&r=g","caption":"Reda\u00e7\u00e3o"},"url":"https:\/\/brasilnoticias.org\/site\/author\/henrique\/"}]}},"_links":{"self":[{"href":"https:\/\/brasilnoticias.org\/site\/wp-json\/wp\/v2\/posts\/13942","targetHints":{"allow":["GET"]}}],"collection":[{"href":"https:\/\/brasilnoticias.org\/site\/wp-json\/wp\/v2\/posts"}],"about":[{"href":"https:\/\/brasilnoticias.org\/site\/wp-json\/wp\/v2\/types\/post"}],"author":[{"embeddable":true,"href":"https:\/\/brasilnoticias.org\/site\/wp-json\/wp\/v2\/users\/4"}],"replies":[{"embeddable":true,"href":"https:\/\/brasilnoticias.org\/site\/wp-json\/wp\/v2\/comments?post=13942"}],"version-history":[{"count":1,"href":"https:\/\/brasilnoticias.org\/site\/wp-json\/wp\/v2\/posts\/13942\/revisions"}],"predecessor-version":[{"id":13944,"href":"https:\/\/brasilnoticias.org\/site\/wp-json\/wp\/v2\/posts\/13942\/revisions\/13944"}],"wp:featuredmedia":[{"embeddable":true,"href":"https:\/\/brasilnoticias.org\/site\/wp-json\/wp\/v2\/media\/13943"}],"wp:attachment":[{"href":"https:\/\/brasilnoticias.org\/site\/wp-json\/wp\/v2\/media?parent=13942"}],"wp:term":[{"taxonomy":"category","embeddable":true,"href":"https:\/\/brasilnoticias.org\/site\/wp-json\/wp\/v2\/categories?post=13942"},{"taxonomy":"post_tag","embeddable":true,"href":"https:\/\/brasilnoticias.org\/site\/wp-json\/wp\/v2\/tags?post=13942"}],"curies":[{"name":"wp","href":"https:\/\/api.w.org\/{rel}","templated":true}]}}