{"id":13952,"date":"2024-05-07T18:08:43","date_gmt":"2024-05-07T21:08:43","guid":{"rendered":"https:\/\/brasilnoticias.org\/site\/?p=13952"},"modified":"2024-05-07T18:08:43","modified_gmt":"2024-05-07T21:08:43","slug":"deputado-diz-que-audiencia-sobre-programa-bahia-pela-paz-foi-importante-para-seguranca-no-estado","status":"publish","type":"post","link":"https:\/\/brasilnoticias.org\/site\/deputado-diz-que-audiencia-sobre-programa-bahia-pela-paz-foi-importante-para-seguranca-no-estado\/","title":{"rendered":"Deputado diz que audi\u00eancia sobre programa Bahia pela Paz foi \u2018importante\u2019 para seguran\u00e7a no estado"},"content":{"rendered":"<p>O governo baiano entregou o programa \u00e0 Assembleia Legislativa em mar\u00e7o deste ano<\/p>\n<p>Presidida pelo deputado estadual Pablo Roberto (PSDB), a Comiss\u00e3o de Direitos Humanos e Seguran\u00e7a P\u00fablica da Assembleia Legislativa da Bahia (AL-BA) realizou nesta ter\u00e7a-feira (7\/5) uma audi\u00eancia p\u00fablica para discutir o Projeto de Lei do programa Bahia Pela Paz, elaborado pelo governo Jer\u00f4nimo Rodrigues (PT).<\/p>\n<p>O debate foi proposto pelo deputado estadual Robinson Almeida (PT) e contou com as participa\u00e7\u00f5es dos secret\u00e1rios estaduais Felipe Freitas, da Justi\u00e7a e dos Direitos Humanos (SJDH), e Marcelo Werner, da Seguran\u00e7a P\u00fablica (SSP).<\/p>\n<p>O governo baiano entregou o programa \u00e0 Assembleia Legislativa em mar\u00e7o deste ano. O projeto foi elaborado de forma interinstitucional a partir do Comit\u00ea de Governan\u00e7a do Sistema de Defesa Social, composto pelos l\u00edderes dos tr\u00eas Poderes (Executivo, Legislativo e Judici\u00e1rio) e por representantes das institui\u00e7\u00f5es do Sistema de Justi\u00e7a, como o Minist\u00e9rio P\u00fablico e a Defensoria P\u00fablica.<\/p>\n<p>Pablo Roberto considerou que a audi\u00eancia com autoridades ligadas \u00e0 seguran\u00e7a foi fundamental para o progresso do programa na Casa. \u201cUm debate importante para fortalecer a Seguran\u00e7a P\u00fablica na Bahia, e que deve agora avan\u00e7ar para o plen\u00e1rio\u201d, disse o parlamentar.<\/p>\n<p>Ainda segundo o deputado, a ideia da discuss\u00e3o visa a \u201caprova\u00e7\u00e3o e fiscaliza\u00e7\u00e3o para que o governo possa abordar os alarmantes \u00edndices de viol\u00eancia aos quais todos n\u00f3s baianos estamos expostos\u201d.<\/p>\n<p>Foto: Divulga\u00e7\u00e3o<br \/>\nAratu On<\/p>\n","protected":false},"excerpt":{"rendered":"<p>O governo baiano entregou o programa \u00e0 Assembleia Legislativa em mar\u00e7o deste ano Presidida pelo deputado estadual Pablo Roberto (PSDB),<\/p>\n","protected":false},"author":4,"featured_media":13953,"comment_status":"open","ping_status":"open","sticky":false,"template":"","format":"standard","meta":{"colormag_page_container_layout":"default_layout","colormag_page_sidebar_layout":"default_layout","_FSMCFIC_featured_image_caption":"","_FSMCFIC_featured_image_nocaption":"","_FSMCFIC_featured_image_hide":"","footnotes":""},"categories":[5,1],"tags":[],"class_list":["post-13952","post","type-post","status-publish","format-standard","has-post-thumbnail","hentry","category-politica","category-ultimas"],"yoast_head":"<!-- This site is optimized with the Yoast SEO plugin v27.1.1 - https:\/\/yoast.com\/product\/yoast-seo-wordpress\/ -->\n<title>Deputado diz que audi\u00eancia sobre programa Bahia pela Paz foi \u2018importante\u2019 para seguran\u00e7a no estado - Brasil not\u00edcias<\/title>\n<meta name=\"robots\" content=\"index, follow, max-snippet:-1, max-image-preview:large, max-video-preview:-1\" \/>\n<link rel=\"canonical\" href=\"https:\/\/brasilnoticias.org\/site\/deputado-diz-que-audiencia-sobre-programa-bahia-pela-paz-foi-importante-para-seguranca-no-estado\/\" \/>\n<meta property=\"og:locale\" content=\"pt_PT\" \/>\n<meta property=\"og:type\" content=\"article\" \/>\n<meta property=\"og:title\" content=\"Deputado diz que audi\u00eancia sobre programa Bahia pela Paz foi \u2018importante\u2019 para seguran\u00e7a no estado - Brasil not\u00edcias\" \/>\n<meta property=\"og:description\" content=\"O governo baiano entregou o programa \u00e0 Assembleia Legislativa em mar\u00e7o deste ano Presidida pelo deputado estadual Pablo Roberto (PSDB),\" \/>\n<meta property=\"og:url\" content=\"https:\/\/brasilnoticias.org\/site\/deputado-diz-que-audiencia-sobre-programa-bahia-pela-paz-foi-importante-para-seguranca-no-estado\/\" \/>\n<meta property=\"og:site_name\" content=\"Brasil not\u00edcias\" \/>\n<meta property=\"article:published_time\" content=\"2024-05-07T21:08:43+00:00\" \/>\n<meta property=\"og:image\" content=\"https:\/\/brasilnoticias.org\/site\/wp-content\/uploads\/2024\/05\/2d447efe-2f49-4498-9ab5-05b7b3813f4b-scaled-960x500-1.jpeg\" \/>\n\t<meta property=\"og:image:width\" content=\"960\" \/>\n\t<meta property=\"og:image:height\" content=\"500\" \/>\n\t<meta property=\"og:image:type\" content=\"image\/jpeg\" \/>\n<meta name=\"author\" content=\"Reda\u00e7\u00e3o\" \/>\n<meta name=\"twitter:card\" content=\"summary_large_image\" \/>\n<meta name=\"twitter:label1\" content=\"Escrito por\" \/>\n\t<meta name=\"twitter:data1\" content=\"Reda\u00e7\u00e3o\" \/>\n\t<meta name=\"twitter:label2\" content=\"Tempo estimado de leitura\" \/>\n\t<meta name=\"twitter:data2\" content=\"1 minuto\" \/>\n<script type=\"application\/ld+json\" class=\"yoast-schema-graph\">{\"@context\":\"https:\/\/schema.org\",\"@graph\":[{\"@type\":\"Article\",\"@id\":\"https:\/\/brasilnoticias.org\/site\/deputado-diz-que-audiencia-sobre-programa-bahia-pela-paz-foi-importante-para-seguranca-no-estado\/#article\",\"isPartOf\":{\"@id\":\"https:\/\/brasilnoticias.org\/site\/deputado-diz-que-audiencia-sobre-programa-bahia-pela-paz-foi-importante-para-seguranca-no-estado\/\"},\"author\":{\"name\":\"Reda\u00e7\u00e3o\",\"@id\":\"https:\/\/brasilnoticias.org\/site\/#\/schema\/person\/03bbbfe6c7634ad18c26444ea39049fa\"},\"headline\":\"Deputado diz que audi\u00eancia sobre programa Bahia pela Paz foi \u2018importante\u2019 para seguran\u00e7a no estado\",\"datePublished\":\"2024-05-07T21:08:43+00:00\",\"mainEntityOfPage\":{\"@id\":\"https:\/\/brasilnoticias.org\/site\/deputado-diz-que-audiencia-sobre-programa-bahia-pela-paz-foi-importante-para-seguranca-no-estado\/\"},\"wordCount\":274,\"commentCount\":0,\"publisher\":{\"@id\":\"https:\/\/brasilnoticias.org\/site\/#organization\"},\"image\":{\"@id\":\"https:\/\/brasilnoticias.org\/site\/deputado-diz-que-audiencia-sobre-programa-bahia-pela-paz-foi-importante-para-seguranca-no-estado\/#primaryimage\"},\"thumbnailUrl\":\"https:\/\/brasilnoticias.org\/site\/wp-content\/uploads\/2024\/05\/2d447efe-2f49-4498-9ab5-05b7b3813f4b-scaled-960x500-1.jpeg\",\"articleSection\":[\"Pol\u00edtica\",\"\u00daltimas\"],\"inLanguage\":\"pt-PT\",\"potentialAction\":[{\"@type\":\"CommentAction\",\"name\":\"Comment\",\"target\":[\"https:\/\/brasilnoticias.org\/site\/deputado-diz-que-audiencia-sobre-programa-bahia-pela-paz-foi-importante-para-seguranca-no-estado\/#respond\"]}]},{\"@type\":\"WebPage\",\"@id\":\"https:\/\/brasilnoticias.org\/site\/deputado-diz-que-audiencia-sobre-programa-bahia-pela-paz-foi-importante-para-seguranca-no-estado\/\",\"url\":\"https:\/\/brasilnoticias.org\/site\/deputado-diz-que-audiencia-sobre-programa-bahia-pela-paz-foi-importante-para-seguranca-no-estado\/\",\"name\":\"Deputado diz que audi\u00eancia sobre programa Bahia pela Paz foi \u2018importante\u2019 para seguran\u00e7a no estado - Brasil not\u00edcias\",\"isPartOf\":{\"@id\":\"https:\/\/brasilnoticias.org\/site\/#website\"},\"primaryImageOfPage\":{\"@id\":\"https:\/\/brasilnoticias.org\/site\/deputado-diz-que-audiencia-sobre-programa-bahia-pela-paz-foi-importante-para-seguranca-no-estado\/#primaryimage\"},\"image\":{\"@id\":\"https:\/\/brasilnoticias.org\/site\/deputado-diz-que-audiencia-sobre-programa-bahia-pela-paz-foi-importante-para-seguranca-no-estado\/#primaryimage\"},\"thumbnailUrl\":\"https:\/\/brasilnoticias.org\/site\/wp-content\/uploads\/2024\/05\/2d447efe-2f49-4498-9ab5-05b7b3813f4b-scaled-960x500-1.jpeg\",\"datePublished\":\"2024-05-07T21:08:43+00:00\",\"breadcrumb\":{\"@id\":\"https:\/\/brasilnoticias.org\/site\/deputado-diz-que-audiencia-sobre-programa-bahia-pela-paz-foi-importante-para-seguranca-no-estado\/#breadcrumb\"},\"inLanguage\":\"pt-PT\",\"potentialAction\":[{\"@type\":\"ReadAction\",\"target\":[\"https:\/\/brasilnoticias.org\/site\/deputado-diz-que-audiencia-sobre-programa-bahia-pela-paz-foi-importante-para-seguranca-no-estado\/\"]}]},{\"@type\":\"ImageObject\",\"inLanguage\":\"pt-PT\",\"@id\":\"https:\/\/brasilnoticias.org\/site\/deputado-diz-que-audiencia-sobre-programa-bahia-pela-paz-foi-importante-para-seguranca-no-estado\/#primaryimage\",\"url\":\"https:\/\/brasilnoticias.org\/site\/wp-content\/uploads\/2024\/05\/2d447efe-2f49-4498-9ab5-05b7b3813f4b-scaled-960x500-1.jpeg\",\"contentUrl\":\"https:\/\/brasilnoticias.org\/site\/wp-content\/uploads\/2024\/05\/2d447efe-2f49-4498-9ab5-05b7b3813f4b-scaled-960x500-1.jpeg\",\"width\":960,\"height\":500},{\"@type\":\"BreadcrumbList\",\"@id\":\"https:\/\/brasilnoticias.org\/site\/deputado-diz-que-audiencia-sobre-programa-bahia-pela-paz-foi-importante-para-seguranca-no-estado\/#breadcrumb\",\"itemListElement\":[{\"@type\":\"ListItem\",\"position\":1,\"name\":\"In\u00edcio\",\"item\":\"https:\/\/brasilnoticias.org\/site\/\"},{\"@type\":\"ListItem\",\"position\":2,\"name\":\"Deputado diz que audi\u00eancia sobre programa Bahia pela Paz foi \u2018importante\u2019 para seguran\u00e7a no estado\"}]},{\"@type\":\"WebSite\",\"@id\":\"https:\/\/brasilnoticias.org\/site\/#website\",\"url\":\"https:\/\/brasilnoticias.org\/site\/\",\"name\":\"Brasil not\u00edcias\",\"description\":\"Brasil not\u00edcias\",\"publisher\":{\"@id\":\"https:\/\/brasilnoticias.org\/site\/#organization\"},\"potentialAction\":[{\"@type\":\"SearchAction\",\"target\":{\"@type\":\"EntryPoint\",\"urlTemplate\":\"https:\/\/brasilnoticias.org\/site\/?s={search_term_string}\"},\"query-input\":{\"@type\":\"PropertyValueSpecification\",\"valueRequired\":true,\"valueName\":\"search_term_string\"}}],\"inLanguage\":\"pt-PT\"},{\"@type\":\"Organization\",\"@id\":\"https:\/\/brasilnoticias.org\/site\/#organization\",\"name\":\"Brasil not\u00edcias\",\"url\":\"https:\/\/brasilnoticias.org\/site\/\",\"logo\":{\"@type\":\"ImageObject\",\"inLanguage\":\"pt-PT\",\"@id\":\"https:\/\/brasilnoticias.org\/site\/#\/schema\/logo\/image\/\",\"url\":\"https:\/\/brasilnoticias.org\/site\/wp-content\/uploads\/2022\/05\/cropped-brasilnoticias-mini.jpg\",\"contentUrl\":\"https:\/\/brasilnoticias.org\/site\/wp-content\/uploads\/2022\/05\/cropped-brasilnoticias-mini.jpg\",\"width\":314,\"height\":86,\"caption\":\"Brasil not\u00edcias\"},\"image\":{\"@id\":\"https:\/\/brasilnoticias.org\/site\/#\/schema\/logo\/image\/\"}},{\"@type\":\"Person\",\"@id\":\"https:\/\/brasilnoticias.org\/site\/#\/schema\/person\/03bbbfe6c7634ad18c26444ea39049fa\",\"name\":\"Reda\u00e7\u00e3o\",\"image\":{\"@type\":\"ImageObject\",\"inLanguage\":\"pt-PT\",\"@id\":\"https:\/\/brasilnoticias.org\/site\/#\/schema\/person\/image\/\",\"url\":\"https:\/\/secure.gravatar.com\/avatar\/9ecaf7327a696cb23ad926fedded5f1f04d7049de9e445375d55b48c001a6e42?s=96&d=mm&r=g\",\"contentUrl\":\"https:\/\/secure.gravatar.com\/avatar\/9ecaf7327a696cb23ad926fedded5f1f04d7049de9e445375d55b48c001a6e42?s=96&d=mm&r=g\",\"caption\":\"Reda\u00e7\u00e3o\"},\"url\":\"https:\/\/brasilnoticias.org\/site\/author\/henrique\/\"}]}<\/script>\n<!-- \/ Yoast SEO plugin. -->","yoast_head_json":{"title":"Deputado diz que audi\u00eancia sobre programa Bahia pela Paz foi \u2018importante\u2019 para seguran\u00e7a no estado - Brasil not\u00edcias","robots":{"index":"index","follow":"follow","max-snippet":"max-snippet:-1","max-image-preview":"max-image-preview:large","max-video-preview":"max-video-preview:-1"},"canonical":"https:\/\/brasilnoticias.org\/site\/deputado-diz-que-audiencia-sobre-programa-bahia-pela-paz-foi-importante-para-seguranca-no-estado\/","og_locale":"pt_PT","og_type":"article","og_title":"Deputado diz que audi\u00eancia sobre programa Bahia pela Paz foi \u2018importante\u2019 para seguran\u00e7a no estado - Brasil not\u00edcias","og_description":"O governo baiano entregou o programa \u00e0 Assembleia Legislativa em mar\u00e7o deste ano Presidida pelo deputado estadual Pablo Roberto (PSDB),","og_url":"https:\/\/brasilnoticias.org\/site\/deputado-diz-que-audiencia-sobre-programa-bahia-pela-paz-foi-importante-para-seguranca-no-estado\/","og_site_name":"Brasil not\u00edcias","article_published_time":"2024-05-07T21:08:43+00:00","og_image":[{"width":960,"height":500,"url":"https:\/\/brasilnoticias.org\/site\/wp-content\/uploads\/2024\/05\/2d447efe-2f49-4498-9ab5-05b7b3813f4b-scaled-960x500-1.jpeg","type":"image\/jpeg"}],"author":"Reda\u00e7\u00e3o","twitter_card":"summary_large_image","twitter_misc":{"Escrito por":"Reda\u00e7\u00e3o","Tempo estimado de leitura":"1 minuto"},"schema":{"@context":"https:\/\/schema.org","@graph":[{"@type":"Article","@id":"https:\/\/brasilnoticias.org\/site\/deputado-diz-que-audiencia-sobre-programa-bahia-pela-paz-foi-importante-para-seguranca-no-estado\/#article","isPartOf":{"@id":"https:\/\/brasilnoticias.org\/site\/deputado-diz-que-audiencia-sobre-programa-bahia-pela-paz-foi-importante-para-seguranca-no-estado\/"},"author":{"name":"Reda\u00e7\u00e3o","@id":"https:\/\/brasilnoticias.org\/site\/#\/schema\/person\/03bbbfe6c7634ad18c26444ea39049fa"},"headline":"Deputado diz que audi\u00eancia sobre programa Bahia pela Paz foi \u2018importante\u2019 para seguran\u00e7a no estado","datePublished":"2024-05-07T21:08:43+00:00","mainEntityOfPage":{"@id":"https:\/\/brasilnoticias.org\/site\/deputado-diz-que-audiencia-sobre-programa-bahia-pela-paz-foi-importante-para-seguranca-no-estado\/"},"wordCount":274,"commentCount":0,"publisher":{"@id":"https:\/\/brasilnoticias.org\/site\/#organization"},"image":{"@id":"https:\/\/brasilnoticias.org\/site\/deputado-diz-que-audiencia-sobre-programa-bahia-pela-paz-foi-importante-para-seguranca-no-estado\/#primaryimage"},"thumbnailUrl":"https:\/\/brasilnoticias.org\/site\/wp-content\/uploads\/2024\/05\/2d447efe-2f49-4498-9ab5-05b7b3813f4b-scaled-960x500-1.jpeg","articleSection":["Pol\u00edtica","\u00daltimas"],"inLanguage":"pt-PT","potentialAction":[{"@type":"CommentAction","name":"Comment","target":["https:\/\/brasilnoticias.org\/site\/deputado-diz-que-audiencia-sobre-programa-bahia-pela-paz-foi-importante-para-seguranca-no-estado\/#respond"]}]},{"@type":"WebPage","@id":"https:\/\/brasilnoticias.org\/site\/deputado-diz-que-audiencia-sobre-programa-bahia-pela-paz-foi-importante-para-seguranca-no-estado\/","url":"https:\/\/brasilnoticias.org\/site\/deputado-diz-que-audiencia-sobre-programa-bahia-pela-paz-foi-importante-para-seguranca-no-estado\/","name":"Deputado diz que audi\u00eancia sobre programa Bahia pela Paz foi \u2018importante\u2019 para seguran\u00e7a no estado - Brasil not\u00edcias","isPartOf":{"@id":"https:\/\/brasilnoticias.org\/site\/#website"},"primaryImageOfPage":{"@id":"https:\/\/brasilnoticias.org\/site\/deputado-diz-que-audiencia-sobre-programa-bahia-pela-paz-foi-importante-para-seguranca-no-estado\/#primaryimage"},"image":{"@id":"https:\/\/brasilnoticias.org\/site\/deputado-diz-que-audiencia-sobre-programa-bahia-pela-paz-foi-importante-para-seguranca-no-estado\/#primaryimage"},"thumbnailUrl":"https:\/\/brasilnoticias.org\/site\/wp-content\/uploads\/2024\/05\/2d447efe-2f49-4498-9ab5-05b7b3813f4b-scaled-960x500-1.jpeg","datePublished":"2024-05-07T21:08:43+00:00","breadcrumb":{"@id":"https:\/\/brasilnoticias.org\/site\/deputado-diz-que-audiencia-sobre-programa-bahia-pela-paz-foi-importante-para-seguranca-no-estado\/#breadcrumb"},"inLanguage":"pt-PT","potentialAction":[{"@type":"ReadAction","target":["https:\/\/brasilnoticias.org\/site\/deputado-diz-que-audiencia-sobre-programa-bahia-pela-paz-foi-importante-para-seguranca-no-estado\/"]}]},{"@type":"ImageObject","inLanguage":"pt-PT","@id":"https:\/\/brasilnoticias.org\/site\/deputado-diz-que-audiencia-sobre-programa-bahia-pela-paz-foi-importante-para-seguranca-no-estado\/#primaryimage","url":"https:\/\/brasilnoticias.org\/site\/wp-content\/uploads\/2024\/05\/2d447efe-2f49-4498-9ab5-05b7b3813f4b-scaled-960x500-1.jpeg","contentUrl":"https:\/\/brasilnoticias.org\/site\/wp-content\/uploads\/2024\/05\/2d447efe-2f49-4498-9ab5-05b7b3813f4b-scaled-960x500-1.jpeg","width":960,"height":500},{"@type":"BreadcrumbList","@id":"https:\/\/brasilnoticias.org\/site\/deputado-diz-que-audiencia-sobre-programa-bahia-pela-paz-foi-importante-para-seguranca-no-estado\/#breadcrumb","itemListElement":[{"@type":"ListItem","position":1,"name":"In\u00edcio","item":"https:\/\/brasilnoticias.org\/site\/"},{"@type":"ListItem","position":2,"name":"Deputado diz que audi\u00eancia sobre programa Bahia pela Paz foi \u2018importante\u2019 para seguran\u00e7a no estado"}]},{"@type":"WebSite","@id":"https:\/\/brasilnoticias.org\/site\/#website","url":"https:\/\/brasilnoticias.org\/site\/","name":"Brasil not\u00edcias","description":"Brasil not\u00edcias","publisher":{"@id":"https:\/\/brasilnoticias.org\/site\/#organization"},"potentialAction":[{"@type":"SearchAction","target":{"@type":"EntryPoint","urlTemplate":"https:\/\/brasilnoticias.org\/site\/?s={search_term_string}"},"query-input":{"@type":"PropertyValueSpecification","valueRequired":true,"valueName":"search_term_string"}}],"inLanguage":"pt-PT"},{"@type":"Organization","@id":"https:\/\/brasilnoticias.org\/site\/#organization","name":"Brasil not\u00edcias","url":"https:\/\/brasilnoticias.org\/site\/","logo":{"@type":"ImageObject","inLanguage":"pt-PT","@id":"https:\/\/brasilnoticias.org\/site\/#\/schema\/logo\/image\/","url":"https:\/\/brasilnoticias.org\/site\/wp-content\/uploads\/2022\/05\/cropped-brasilnoticias-mini.jpg","contentUrl":"https:\/\/brasilnoticias.org\/site\/wp-content\/uploads\/2022\/05\/cropped-brasilnoticias-mini.jpg","width":314,"height":86,"caption":"Brasil not\u00edcias"},"image":{"@id":"https:\/\/brasilnoticias.org\/site\/#\/schema\/logo\/image\/"}},{"@type":"Person","@id":"https:\/\/brasilnoticias.org\/site\/#\/schema\/person\/03bbbfe6c7634ad18c26444ea39049fa","name":"Reda\u00e7\u00e3o","image":{"@type":"ImageObject","inLanguage":"pt-PT","@id":"https:\/\/brasilnoticias.org\/site\/#\/schema\/person\/image\/","url":"https:\/\/secure.gravatar.com\/avatar\/9ecaf7327a696cb23ad926fedded5f1f04d7049de9e445375d55b48c001a6e42?s=96&d=mm&r=g","contentUrl":"https:\/\/secure.gravatar.com\/avatar\/9ecaf7327a696cb23ad926fedded5f1f04d7049de9e445375d55b48c001a6e42?s=96&d=mm&r=g","caption":"Reda\u00e7\u00e3o"},"url":"https:\/\/brasilnoticias.org\/site\/author\/henrique\/"}]}},"_links":{"self":[{"href":"https:\/\/brasilnoticias.org\/site\/wp-json\/wp\/v2\/posts\/13952","targetHints":{"allow":["GET"]}}],"collection":[{"href":"https:\/\/brasilnoticias.org\/site\/wp-json\/wp\/v2\/posts"}],"about":[{"href":"https:\/\/brasilnoticias.org\/site\/wp-json\/wp\/v2\/types\/post"}],"author":[{"embeddable":true,"href":"https:\/\/brasilnoticias.org\/site\/wp-json\/wp\/v2\/users\/4"}],"replies":[{"embeddable":true,"href":"https:\/\/brasilnoticias.org\/site\/wp-json\/wp\/v2\/comments?post=13952"}],"version-history":[{"count":1,"href":"https:\/\/brasilnoticias.org\/site\/wp-json\/wp\/v2\/posts\/13952\/revisions"}],"predecessor-version":[{"id":13954,"href":"https:\/\/brasilnoticias.org\/site\/wp-json\/wp\/v2\/posts\/13952\/revisions\/13954"}],"wp:featuredmedia":[{"embeddable":true,"href":"https:\/\/brasilnoticias.org\/site\/wp-json\/wp\/v2\/media\/13953"}],"wp:attachment":[{"href":"https:\/\/brasilnoticias.org\/site\/wp-json\/wp\/v2\/media?parent=13952"}],"wp:term":[{"taxonomy":"category","embeddable":true,"href":"https:\/\/brasilnoticias.org\/site\/wp-json\/wp\/v2\/categories?post=13952"},{"taxonomy":"post_tag","embeddable":true,"href":"https:\/\/brasilnoticias.org\/site\/wp-json\/wp\/v2\/tags?post=13952"}],"curies":[{"name":"wp","href":"https:\/\/api.w.org\/{rel}","templated":true}]}}