{"id":13961,"date":"2024-05-07T18:13:52","date_gmt":"2024-05-07T21:13:52","guid":{"rendered":"https:\/\/brasilnoticias.org\/site\/?p=13961"},"modified":"2024-05-07T18:13:52","modified_gmt":"2024-05-07T21:13:52","slug":"ninguem-me-fala-em-responsabilidade-porque-essa-eu-tenho-demais-afirma-lula","status":"publish","type":"post","link":"https:\/\/brasilnoticias.org\/site\/ninguem-me-fala-em-responsabilidade-porque-essa-eu-tenho-demais-afirma-lula\/","title":{"rendered":"\u201cNingu\u00e9m Me Fala Em Responsabilidade, Porque Essa Eu Tenho Demais\u201d, Afirma Lula"},"content":{"rendered":"<p>Ao criticar a discurss\u00e3o sobre o d\u00e9ficit fiscal do Brasil, o presidente Luiz In\u00e1cio Lula da Silva (PT) afirmou nesta ter\u00e7a-feira (07) que ningu\u00e9m fala sobre \u201cresponsabilidade\u201d com ele \u201cporque essa eu tenho demais\u201d. A fala foi feita em entrevista ao programa Bom Dia, Presidente, da EBC.<\/p>\n<p>O petista argumentou que possui senso de responsabilidade com as contas p\u00fablicas e defendeu os investimentos realizados pelo governo.<\/p>\n<p>\u201cEu \u00e0s vezes fico um pouco irritado com esse neg\u00f3cio de d\u00e9ficit fiscal, se vai ser zero, se n\u00e3o vai ser zero. Essa \u00e9 uma discuss\u00e3o que nenhum pa\u00eds do mundo faz. Em nenhum pa\u00eds do mundo. A d\u00edvida p\u00fablica bruta dos EUA \u00e9 112% do PIB. A do Jap\u00e3o, 135% do PIB. A da It\u00e1lia \u00e9 quase 200%. Esse n\u00e3o \u00e9 o problema\u201d, come\u00e7ou Lula.<\/p>\n<p>\u201cNingu\u00e9m me fala em responsabilidade, porque essa eu tenho demais. Eu n\u00e3o vou gastar, nunca, mais do que eu preciso gastar. Mas se eu tiver que gastar para construir um ativo novo, eu estou fazendo que nem o empres\u00e1rio que tem um mercado promissor\u201d, acrescentou o petista.<\/p>\n<p>\u201cO que eu n\u00e3o posso \u00e9 ficar com um sistema financeiro, todo dia, olhando o d\u00e9ficit fiscal e n\u00e3o olhando o d\u00e9ficit social. Olha as pessoas que est\u00e3o desempregadas, dormindo na rua, passando fome. Para de olhar s\u00f3 para o seu cofre, para a conta banc\u00e1ria, e olhe para o povo\u201d, completou.<\/p>\n<p>Informa\u00e7\u00f5es da Gazeta Brasil \/ Foto: Ricardo Stuckert\/PR<\/p>\n","protected":false},"excerpt":{"rendered":"<p>Ao criticar a discurss\u00e3o sobre o d\u00e9ficit fiscal do Brasil, o presidente Luiz In\u00e1cio Lula da Silva (PT) afirmou nesta<\/p>\n","protected":false},"author":4,"featured_media":13962,"comment_status":"open","ping_status":"open","sticky":false,"template":"","format":"standard","meta":{"colormag_page_container_layout":"default_layout","colormag_page_sidebar_layout":"default_layout","_FSMCFIC_featured_image_caption":"","_FSMCFIC_featured_image_nocaption":"","_FSMCFIC_featured_image_hide":"","footnotes":""},"categories":[5,1],"tags":[],"class_list":["post-13961","post","type-post","status-publish","format-standard","has-post-thumbnail","hentry","category-politica","category-ultimas"],"yoast_head":"<!-- This site is optimized with the Yoast SEO plugin v27.1.1 - https:\/\/yoast.com\/product\/yoast-seo-wordpress\/ -->\n<title>\u201cNingu\u00e9m Me Fala Em Responsabilidade, Porque Essa Eu Tenho Demais\u201d, Afirma Lula - Brasil not\u00edcias<\/title>\n<meta name=\"robots\" content=\"index, follow, max-snippet:-1, max-image-preview:large, max-video-preview:-1\" \/>\n<link rel=\"canonical\" href=\"https:\/\/brasilnoticias.org\/site\/ninguem-me-fala-em-responsabilidade-porque-essa-eu-tenho-demais-afirma-lula\/\" \/>\n<meta property=\"og:locale\" content=\"pt_PT\" \/>\n<meta property=\"og:type\" content=\"article\" \/>\n<meta property=\"og:title\" content=\"\u201cNingu\u00e9m Me Fala Em Responsabilidade, Porque Essa Eu Tenho Demais\u201d, Afirma Lula - Brasil not\u00edcias\" \/>\n<meta property=\"og:description\" content=\"Ao criticar a discurss\u00e3o sobre o d\u00e9ficit fiscal do Brasil, o presidente Luiz In\u00e1cio Lula da Silva (PT) afirmou nesta\" \/>\n<meta property=\"og:url\" content=\"https:\/\/brasilnoticias.org\/site\/ninguem-me-fala-em-responsabilidade-porque-essa-eu-tenho-demais-afirma-lula\/\" \/>\n<meta property=\"og:site_name\" content=\"Brasil not\u00edcias\" \/>\n<meta property=\"article:published_time\" content=\"2024-05-07T21:13:52+00:00\" \/>\n<meta property=\"og:image\" content=\"https:\/\/brasilnoticias.org\/site\/wp-content\/uploads\/2024\/05\/IMAGEM_NOTICIA_0-1.jpg\" \/>\n\t<meta property=\"og:image:width\" content=\"850\" \/>\n\t<meta property=\"og:image:height\" content=\"400\" \/>\n\t<meta property=\"og:image:type\" content=\"image\/jpeg\" \/>\n<meta name=\"author\" content=\"Reda\u00e7\u00e3o\" \/>\n<meta name=\"twitter:card\" content=\"summary_large_image\" \/>\n<meta name=\"twitter:label1\" content=\"Escrito por\" \/>\n\t<meta name=\"twitter:data1\" content=\"Reda\u00e7\u00e3o\" \/>\n\t<meta name=\"twitter:label2\" content=\"Tempo estimado de leitura\" \/>\n\t<meta name=\"twitter:data2\" content=\"1 minuto\" \/>\n<script type=\"application\/ld+json\" class=\"yoast-schema-graph\">{\"@context\":\"https:\/\/schema.org\",\"@graph\":[{\"@type\":\"Article\",\"@id\":\"https:\/\/brasilnoticias.org\/site\/ninguem-me-fala-em-responsabilidade-porque-essa-eu-tenho-demais-afirma-lula\/#article\",\"isPartOf\":{\"@id\":\"https:\/\/brasilnoticias.org\/site\/ninguem-me-fala-em-responsabilidade-porque-essa-eu-tenho-demais-afirma-lula\/\"},\"author\":{\"name\":\"Reda\u00e7\u00e3o\",\"@id\":\"https:\/\/brasilnoticias.org\/site\/#\/schema\/person\/03bbbfe6c7634ad18c26444ea39049fa\"},\"headline\":\"\u201cNingu\u00e9m Me Fala Em Responsabilidade, Porque Essa Eu Tenho Demais\u201d, Afirma Lula\",\"datePublished\":\"2024-05-07T21:13:52+00:00\",\"mainEntityOfPage\":{\"@id\":\"https:\/\/brasilnoticias.org\/site\/ninguem-me-fala-em-responsabilidade-porque-essa-eu-tenho-demais-afirma-lula\/\"},\"wordCount\":271,\"commentCount\":0,\"publisher\":{\"@id\":\"https:\/\/brasilnoticias.org\/site\/#organization\"},\"image\":{\"@id\":\"https:\/\/brasilnoticias.org\/site\/ninguem-me-fala-em-responsabilidade-porque-essa-eu-tenho-demais-afirma-lula\/#primaryimage\"},\"thumbnailUrl\":\"https:\/\/brasilnoticias.org\/site\/wp-content\/uploads\/2024\/05\/IMAGEM_NOTICIA_0-1.jpg\",\"articleSection\":[\"Pol\u00edtica\",\"\u00daltimas\"],\"inLanguage\":\"pt-PT\",\"potentialAction\":[{\"@type\":\"CommentAction\",\"name\":\"Comment\",\"target\":[\"https:\/\/brasilnoticias.org\/site\/ninguem-me-fala-em-responsabilidade-porque-essa-eu-tenho-demais-afirma-lula\/#respond\"]}]},{\"@type\":\"WebPage\",\"@id\":\"https:\/\/brasilnoticias.org\/site\/ninguem-me-fala-em-responsabilidade-porque-essa-eu-tenho-demais-afirma-lula\/\",\"url\":\"https:\/\/brasilnoticias.org\/site\/ninguem-me-fala-em-responsabilidade-porque-essa-eu-tenho-demais-afirma-lula\/\",\"name\":\"\u201cNingu\u00e9m Me Fala Em Responsabilidade, Porque Essa Eu Tenho Demais\u201d, Afirma Lula - Brasil not\u00edcias\",\"isPartOf\":{\"@id\":\"https:\/\/brasilnoticias.org\/site\/#website\"},\"primaryImageOfPage\":{\"@id\":\"https:\/\/brasilnoticias.org\/site\/ninguem-me-fala-em-responsabilidade-porque-essa-eu-tenho-demais-afirma-lula\/#primaryimage\"},\"image\":{\"@id\":\"https:\/\/brasilnoticias.org\/site\/ninguem-me-fala-em-responsabilidade-porque-essa-eu-tenho-demais-afirma-lula\/#primaryimage\"},\"thumbnailUrl\":\"https:\/\/brasilnoticias.org\/site\/wp-content\/uploads\/2024\/05\/IMAGEM_NOTICIA_0-1.jpg\",\"datePublished\":\"2024-05-07T21:13:52+00:00\",\"breadcrumb\":{\"@id\":\"https:\/\/brasilnoticias.org\/site\/ninguem-me-fala-em-responsabilidade-porque-essa-eu-tenho-demais-afirma-lula\/#breadcrumb\"},\"inLanguage\":\"pt-PT\",\"potentialAction\":[{\"@type\":\"ReadAction\",\"target\":[\"https:\/\/brasilnoticias.org\/site\/ninguem-me-fala-em-responsabilidade-porque-essa-eu-tenho-demais-afirma-lula\/\"]}]},{\"@type\":\"ImageObject\",\"inLanguage\":\"pt-PT\",\"@id\":\"https:\/\/brasilnoticias.org\/site\/ninguem-me-fala-em-responsabilidade-porque-essa-eu-tenho-demais-afirma-lula\/#primaryimage\",\"url\":\"https:\/\/brasilnoticias.org\/site\/wp-content\/uploads\/2024\/05\/IMAGEM_NOTICIA_0-1.jpg\",\"contentUrl\":\"https:\/\/brasilnoticias.org\/site\/wp-content\/uploads\/2024\/05\/IMAGEM_NOTICIA_0-1.jpg\",\"width\":850,\"height\":400},{\"@type\":\"BreadcrumbList\",\"@id\":\"https:\/\/brasilnoticias.org\/site\/ninguem-me-fala-em-responsabilidade-porque-essa-eu-tenho-demais-afirma-lula\/#breadcrumb\",\"itemListElement\":[{\"@type\":\"ListItem\",\"position\":1,\"name\":\"In\u00edcio\",\"item\":\"https:\/\/brasilnoticias.org\/site\/\"},{\"@type\":\"ListItem\",\"position\":2,\"name\":\"\u201cNingu\u00e9m Me Fala Em Responsabilidade, Porque Essa Eu Tenho Demais\u201d, Afirma Lula\"}]},{\"@type\":\"WebSite\",\"@id\":\"https:\/\/brasilnoticias.org\/site\/#website\",\"url\":\"https:\/\/brasilnoticias.org\/site\/\",\"name\":\"Brasil not\u00edcias\",\"description\":\"Brasil not\u00edcias\",\"publisher\":{\"@id\":\"https:\/\/brasilnoticias.org\/site\/#organization\"},\"potentialAction\":[{\"@type\":\"SearchAction\",\"target\":{\"@type\":\"EntryPoint\",\"urlTemplate\":\"https:\/\/brasilnoticias.org\/site\/?s={search_term_string}\"},\"query-input\":{\"@type\":\"PropertyValueSpecification\",\"valueRequired\":true,\"valueName\":\"search_term_string\"}}],\"inLanguage\":\"pt-PT\"},{\"@type\":\"Organization\",\"@id\":\"https:\/\/brasilnoticias.org\/site\/#organization\",\"name\":\"Brasil not\u00edcias\",\"url\":\"https:\/\/brasilnoticias.org\/site\/\",\"logo\":{\"@type\":\"ImageObject\",\"inLanguage\":\"pt-PT\",\"@id\":\"https:\/\/brasilnoticias.org\/site\/#\/schema\/logo\/image\/\",\"url\":\"https:\/\/brasilnoticias.org\/site\/wp-content\/uploads\/2022\/05\/cropped-brasilnoticias-mini.jpg\",\"contentUrl\":\"https:\/\/brasilnoticias.org\/site\/wp-content\/uploads\/2022\/05\/cropped-brasilnoticias-mini.jpg\",\"width\":314,\"height\":86,\"caption\":\"Brasil not\u00edcias\"},\"image\":{\"@id\":\"https:\/\/brasilnoticias.org\/site\/#\/schema\/logo\/image\/\"}},{\"@type\":\"Person\",\"@id\":\"https:\/\/brasilnoticias.org\/site\/#\/schema\/person\/03bbbfe6c7634ad18c26444ea39049fa\",\"name\":\"Reda\u00e7\u00e3o\",\"image\":{\"@type\":\"ImageObject\",\"inLanguage\":\"pt-PT\",\"@id\":\"https:\/\/brasilnoticias.org\/site\/#\/schema\/person\/image\/\",\"url\":\"https:\/\/secure.gravatar.com\/avatar\/9ecaf7327a696cb23ad926fedded5f1f04d7049de9e445375d55b48c001a6e42?s=96&d=mm&r=g\",\"contentUrl\":\"https:\/\/secure.gravatar.com\/avatar\/9ecaf7327a696cb23ad926fedded5f1f04d7049de9e445375d55b48c001a6e42?s=96&d=mm&r=g\",\"caption\":\"Reda\u00e7\u00e3o\"},\"url\":\"https:\/\/brasilnoticias.org\/site\/author\/henrique\/\"}]}<\/script>\n<!-- \/ Yoast SEO plugin. -->","yoast_head_json":{"title":"\u201cNingu\u00e9m Me Fala Em Responsabilidade, Porque Essa Eu Tenho Demais\u201d, Afirma Lula - Brasil not\u00edcias","robots":{"index":"index","follow":"follow","max-snippet":"max-snippet:-1","max-image-preview":"max-image-preview:large","max-video-preview":"max-video-preview:-1"},"canonical":"https:\/\/brasilnoticias.org\/site\/ninguem-me-fala-em-responsabilidade-porque-essa-eu-tenho-demais-afirma-lula\/","og_locale":"pt_PT","og_type":"article","og_title":"\u201cNingu\u00e9m Me Fala Em Responsabilidade, Porque Essa Eu Tenho Demais\u201d, Afirma Lula - Brasil not\u00edcias","og_description":"Ao criticar a discurss\u00e3o sobre o d\u00e9ficit fiscal do Brasil, o presidente Luiz In\u00e1cio Lula da Silva (PT) afirmou nesta","og_url":"https:\/\/brasilnoticias.org\/site\/ninguem-me-fala-em-responsabilidade-porque-essa-eu-tenho-demais-afirma-lula\/","og_site_name":"Brasil not\u00edcias","article_published_time":"2024-05-07T21:13:52+00:00","og_image":[{"width":850,"height":400,"url":"https:\/\/brasilnoticias.org\/site\/wp-content\/uploads\/2024\/05\/IMAGEM_NOTICIA_0-1.jpg","type":"image\/jpeg"}],"author":"Reda\u00e7\u00e3o","twitter_card":"summary_large_image","twitter_misc":{"Escrito por":"Reda\u00e7\u00e3o","Tempo estimado de leitura":"1 minuto"},"schema":{"@context":"https:\/\/schema.org","@graph":[{"@type":"Article","@id":"https:\/\/brasilnoticias.org\/site\/ninguem-me-fala-em-responsabilidade-porque-essa-eu-tenho-demais-afirma-lula\/#article","isPartOf":{"@id":"https:\/\/brasilnoticias.org\/site\/ninguem-me-fala-em-responsabilidade-porque-essa-eu-tenho-demais-afirma-lula\/"},"author":{"name":"Reda\u00e7\u00e3o","@id":"https:\/\/brasilnoticias.org\/site\/#\/schema\/person\/03bbbfe6c7634ad18c26444ea39049fa"},"headline":"\u201cNingu\u00e9m Me Fala Em Responsabilidade, Porque Essa Eu Tenho Demais\u201d, Afirma Lula","datePublished":"2024-05-07T21:13:52+00:00","mainEntityOfPage":{"@id":"https:\/\/brasilnoticias.org\/site\/ninguem-me-fala-em-responsabilidade-porque-essa-eu-tenho-demais-afirma-lula\/"},"wordCount":271,"commentCount":0,"publisher":{"@id":"https:\/\/brasilnoticias.org\/site\/#organization"},"image":{"@id":"https:\/\/brasilnoticias.org\/site\/ninguem-me-fala-em-responsabilidade-porque-essa-eu-tenho-demais-afirma-lula\/#primaryimage"},"thumbnailUrl":"https:\/\/brasilnoticias.org\/site\/wp-content\/uploads\/2024\/05\/IMAGEM_NOTICIA_0-1.jpg","articleSection":["Pol\u00edtica","\u00daltimas"],"inLanguage":"pt-PT","potentialAction":[{"@type":"CommentAction","name":"Comment","target":["https:\/\/brasilnoticias.org\/site\/ninguem-me-fala-em-responsabilidade-porque-essa-eu-tenho-demais-afirma-lula\/#respond"]}]},{"@type":"WebPage","@id":"https:\/\/brasilnoticias.org\/site\/ninguem-me-fala-em-responsabilidade-porque-essa-eu-tenho-demais-afirma-lula\/","url":"https:\/\/brasilnoticias.org\/site\/ninguem-me-fala-em-responsabilidade-porque-essa-eu-tenho-demais-afirma-lula\/","name":"\u201cNingu\u00e9m Me Fala Em Responsabilidade, Porque Essa Eu Tenho Demais\u201d, Afirma Lula - Brasil not\u00edcias","isPartOf":{"@id":"https:\/\/brasilnoticias.org\/site\/#website"},"primaryImageOfPage":{"@id":"https:\/\/brasilnoticias.org\/site\/ninguem-me-fala-em-responsabilidade-porque-essa-eu-tenho-demais-afirma-lula\/#primaryimage"},"image":{"@id":"https:\/\/brasilnoticias.org\/site\/ninguem-me-fala-em-responsabilidade-porque-essa-eu-tenho-demais-afirma-lula\/#primaryimage"},"thumbnailUrl":"https:\/\/brasilnoticias.org\/site\/wp-content\/uploads\/2024\/05\/IMAGEM_NOTICIA_0-1.jpg","datePublished":"2024-05-07T21:13:52+00:00","breadcrumb":{"@id":"https:\/\/brasilnoticias.org\/site\/ninguem-me-fala-em-responsabilidade-porque-essa-eu-tenho-demais-afirma-lula\/#breadcrumb"},"inLanguage":"pt-PT","potentialAction":[{"@type":"ReadAction","target":["https:\/\/brasilnoticias.org\/site\/ninguem-me-fala-em-responsabilidade-porque-essa-eu-tenho-demais-afirma-lula\/"]}]},{"@type":"ImageObject","inLanguage":"pt-PT","@id":"https:\/\/brasilnoticias.org\/site\/ninguem-me-fala-em-responsabilidade-porque-essa-eu-tenho-demais-afirma-lula\/#primaryimage","url":"https:\/\/brasilnoticias.org\/site\/wp-content\/uploads\/2024\/05\/IMAGEM_NOTICIA_0-1.jpg","contentUrl":"https:\/\/brasilnoticias.org\/site\/wp-content\/uploads\/2024\/05\/IMAGEM_NOTICIA_0-1.jpg","width":850,"height":400},{"@type":"BreadcrumbList","@id":"https:\/\/brasilnoticias.org\/site\/ninguem-me-fala-em-responsabilidade-porque-essa-eu-tenho-demais-afirma-lula\/#breadcrumb","itemListElement":[{"@type":"ListItem","position":1,"name":"In\u00edcio","item":"https:\/\/brasilnoticias.org\/site\/"},{"@type":"ListItem","position":2,"name":"\u201cNingu\u00e9m Me Fala Em Responsabilidade, Porque Essa Eu Tenho Demais\u201d, Afirma Lula"}]},{"@type":"WebSite","@id":"https:\/\/brasilnoticias.org\/site\/#website","url":"https:\/\/brasilnoticias.org\/site\/","name":"Brasil not\u00edcias","description":"Brasil not\u00edcias","publisher":{"@id":"https:\/\/brasilnoticias.org\/site\/#organization"},"potentialAction":[{"@type":"SearchAction","target":{"@type":"EntryPoint","urlTemplate":"https:\/\/brasilnoticias.org\/site\/?s={search_term_string}"},"query-input":{"@type":"PropertyValueSpecification","valueRequired":true,"valueName":"search_term_string"}}],"inLanguage":"pt-PT"},{"@type":"Organization","@id":"https:\/\/brasilnoticias.org\/site\/#organization","name":"Brasil not\u00edcias","url":"https:\/\/brasilnoticias.org\/site\/","logo":{"@type":"ImageObject","inLanguage":"pt-PT","@id":"https:\/\/brasilnoticias.org\/site\/#\/schema\/logo\/image\/","url":"https:\/\/brasilnoticias.org\/site\/wp-content\/uploads\/2022\/05\/cropped-brasilnoticias-mini.jpg","contentUrl":"https:\/\/brasilnoticias.org\/site\/wp-content\/uploads\/2022\/05\/cropped-brasilnoticias-mini.jpg","width":314,"height":86,"caption":"Brasil not\u00edcias"},"image":{"@id":"https:\/\/brasilnoticias.org\/site\/#\/schema\/logo\/image\/"}},{"@type":"Person","@id":"https:\/\/brasilnoticias.org\/site\/#\/schema\/person\/03bbbfe6c7634ad18c26444ea39049fa","name":"Reda\u00e7\u00e3o","image":{"@type":"ImageObject","inLanguage":"pt-PT","@id":"https:\/\/brasilnoticias.org\/site\/#\/schema\/person\/image\/","url":"https:\/\/secure.gravatar.com\/avatar\/9ecaf7327a696cb23ad926fedded5f1f04d7049de9e445375d55b48c001a6e42?s=96&d=mm&r=g","contentUrl":"https:\/\/secure.gravatar.com\/avatar\/9ecaf7327a696cb23ad926fedded5f1f04d7049de9e445375d55b48c001a6e42?s=96&d=mm&r=g","caption":"Reda\u00e7\u00e3o"},"url":"https:\/\/brasilnoticias.org\/site\/author\/henrique\/"}]}},"_links":{"self":[{"href":"https:\/\/brasilnoticias.org\/site\/wp-json\/wp\/v2\/posts\/13961","targetHints":{"allow":["GET"]}}],"collection":[{"href":"https:\/\/brasilnoticias.org\/site\/wp-json\/wp\/v2\/posts"}],"about":[{"href":"https:\/\/brasilnoticias.org\/site\/wp-json\/wp\/v2\/types\/post"}],"author":[{"embeddable":true,"href":"https:\/\/brasilnoticias.org\/site\/wp-json\/wp\/v2\/users\/4"}],"replies":[{"embeddable":true,"href":"https:\/\/brasilnoticias.org\/site\/wp-json\/wp\/v2\/comments?post=13961"}],"version-history":[{"count":1,"href":"https:\/\/brasilnoticias.org\/site\/wp-json\/wp\/v2\/posts\/13961\/revisions"}],"predecessor-version":[{"id":13963,"href":"https:\/\/brasilnoticias.org\/site\/wp-json\/wp\/v2\/posts\/13961\/revisions\/13963"}],"wp:featuredmedia":[{"embeddable":true,"href":"https:\/\/brasilnoticias.org\/site\/wp-json\/wp\/v2\/media\/13962"}],"wp:attachment":[{"href":"https:\/\/brasilnoticias.org\/site\/wp-json\/wp\/v2\/media?parent=13961"}],"wp:term":[{"taxonomy":"category","embeddable":true,"href":"https:\/\/brasilnoticias.org\/site\/wp-json\/wp\/v2\/categories?post=13961"},{"taxonomy":"post_tag","embeddable":true,"href":"https:\/\/brasilnoticias.org\/site\/wp-json\/wp\/v2\/tags?post=13961"}],"curies":[{"name":"wp","href":"https:\/\/api.w.org\/{rel}","templated":true}]}}