{"id":13982,"date":"2024-05-07T18:23:31","date_gmt":"2024-05-07T21:23:31","guid":{"rendered":"https:\/\/brasilnoticias.org\/site\/?p=13982"},"modified":"2024-05-07T18:23:31","modified_gmt":"2024-05-07T21:23:31","slug":"ministerio-publico-de-sao-paulo-entrou-com-recurso-para-alexandre-nardoni-voltar-para-regime-semiaberto","status":"publish","type":"post","link":"https:\/\/brasilnoticias.org\/site\/ministerio-publico-de-sao-paulo-entrou-com-recurso-para-alexandre-nardoni-voltar-para-regime-semiaberto\/","title":{"rendered":"Minist\u00e9rio P\u00fablico de S\u00e3o Paulo entrou com recurso para Alexandre Nardoni voltar para regime semiaberto"},"content":{"rendered":"<p>Promotoria quer que Alexandre volte ao regime semiaberto por considerar que o condenado precisa passar por mais exames psiqui\u00e1tricos antes de progredir para o regime aberto<\/p>\n<p>O Minist\u00e9rio P\u00fablico de S\u00e3o Paulo (MP-SP) entrou nesta segunda-feira (6) com um recurso na Justi\u00e7a contra a decis\u00e3o que permite Alexandre Nardoni, 44 anos, cumprir o restante da pena pelo assassinato da filha, Isabella Nardoni, em regime aberto. O crime ocorreu em 2008, quando a v\u00edtima tinha apenas 5 anos.<\/p>\n<p>A Promotoria quer que Alexandre volte ao regime semiaberto por considerar que o condenado precisa passar por mais exames psiqui\u00e1tricos antes de progredir para o regime aberto. E sugere a aplica\u00e7\u00e3o do teste de Rorschach, para a Justi\u00e7a ter mais elementos e verificar se ele pode de fato ser colocado em contato com a sociedade.<\/p>\n<p>Para o MP, &#8220;o r\u00e9u n\u00e3o comprovou nos autos, de forma cabal, que n\u00e3o representa perigo para a sociedade&#8221;. E ainda &#8220;considera que Nardoni praticou crime hediondo b\u00e1rbaro ao matar a filha de 5 anos, demonstrou frieza emocional, insensibilidade acentuada, car\u00e1ter manifestamente dissimulado e aus\u00eancia de arrependimento&#8221;. De acordo com o Minist\u00e9rio P\u00fablico, h\u00e1 um documento que &#8220;cita ainda indica\u00e7\u00e3o psiqui\u00e1trica de que o r\u00e9u possui &#8216;impulsividade latente&#8217;, al\u00e9m de exibir elementos de transtorno de personalidade&#8221;.<\/p>\n<p>Alexandre conseguiu o benef\u00edcio do regime aberto porque, pela lei, cumpriu o tempo da pena necess\u00e1rio, al\u00e9m de ter bom comportamento e trabalhar na pris\u00e3o. Ele deixou a Penitenci\u00e1ria de Trememb\u00e9, tamb\u00e9m no interior paulista, a caminho de S\u00e3o Paulo, onde vai morar com a fam\u00edlia e continuar trabalhando, mas em liberdade.<\/p>\n<p>Foto: Reprodu\u00e7\u00e3o\/Ag\u00eancia Brasil<br \/>\nPor: Metro1 <\/p>\n","protected":false},"excerpt":{"rendered":"<p>Promotoria quer que Alexandre volte ao regime semiaberto por considerar que o condenado precisa passar por mais exames psiqui\u00e1tricos antes<\/p>\n","protected":false},"author":4,"featured_media":13983,"comment_status":"open","ping_status":"open","sticky":false,"template":"","format":"standard","meta":{"colormag_page_container_layout":"default_layout","colormag_page_sidebar_layout":"default_layout","_FSMCFIC_featured_image_caption":"","_FSMCFIC_featured_image_nocaption":"","_FSMCFIC_featured_image_hide":"","footnotes":""},"categories":[7,1],"tags":[],"class_list":["post-13982","post","type-post","status-publish","format-standard","has-post-thumbnail","hentry","category-justica","category-ultimas"],"yoast_head":"<!-- This site is optimized with the Yoast SEO plugin v27.1.1 - https:\/\/yoast.com\/product\/yoast-seo-wordpress\/ -->\n<title>Minist\u00e9rio P\u00fablico de S\u00e3o Paulo entrou com recurso para Alexandre Nardoni voltar para regime semiaberto - Brasil not\u00edcias<\/title>\n<meta name=\"robots\" content=\"index, follow, max-snippet:-1, max-image-preview:large, max-video-preview:-1\" \/>\n<link rel=\"canonical\" href=\"https:\/\/brasilnoticias.org\/site\/ministerio-publico-de-sao-paulo-entrou-com-recurso-para-alexandre-nardoni-voltar-para-regime-semiaberto\/\" \/>\n<meta property=\"og:locale\" content=\"pt_PT\" \/>\n<meta property=\"og:type\" content=\"article\" \/>\n<meta property=\"og:title\" content=\"Minist\u00e9rio P\u00fablico de S\u00e3o Paulo entrou com recurso para Alexandre Nardoni voltar para regime semiaberto - Brasil not\u00edcias\" \/>\n<meta property=\"og:description\" content=\"Promotoria quer que Alexandre volte ao regime semiaberto por considerar que o condenado precisa passar por mais exames psiqui\u00e1tricos antes\" \/>\n<meta property=\"og:url\" content=\"https:\/\/brasilnoticias.org\/site\/ministerio-publico-de-sao-paulo-entrou-com-recurso-para-alexandre-nardoni-voltar-para-regime-semiaberto\/\" \/>\n<meta property=\"og:site_name\" content=\"Brasil not\u00edcias\" \/>\n<meta property=\"article:published_time\" content=\"2024-05-07T21:23:31+00:00\" \/>\n<meta property=\"og:image\" content=\"https:\/\/brasilnoticias.org\/site\/wp-content\/uploads\/2024\/05\/149781ministerio-publico-de-sao-paulo-entrou-com-recurso-para-alexandre-nardoni-voltar-para-regime-semiaberto-3.jpg\" \/>\n\t<meta property=\"og:image:width\" content=\"1600\" \/>\n\t<meta property=\"og:image:height\" content=\"752\" \/>\n\t<meta property=\"og:image:type\" content=\"image\/jpeg\" \/>\n<meta name=\"author\" content=\"Reda\u00e7\u00e3o\" \/>\n<meta name=\"twitter:card\" content=\"summary_large_image\" \/>\n<meta name=\"twitter:label1\" content=\"Escrito por\" \/>\n\t<meta name=\"twitter:data1\" content=\"Reda\u00e7\u00e3o\" \/>\n\t<meta name=\"twitter:label2\" content=\"Tempo estimado de leitura\" \/>\n\t<meta name=\"twitter:data2\" content=\"1 minuto\" \/>\n<script type=\"application\/ld+json\" class=\"yoast-schema-graph\">{\"@context\":\"https:\/\/schema.org\",\"@graph\":[{\"@type\":\"Article\",\"@id\":\"https:\/\/brasilnoticias.org\/site\/ministerio-publico-de-sao-paulo-entrou-com-recurso-para-alexandre-nardoni-voltar-para-regime-semiaberto\/#article\",\"isPartOf\":{\"@id\":\"https:\/\/brasilnoticias.org\/site\/ministerio-publico-de-sao-paulo-entrou-com-recurso-para-alexandre-nardoni-voltar-para-regime-semiaberto\/\"},\"author\":{\"name\":\"Reda\u00e7\u00e3o\",\"@id\":\"https:\/\/brasilnoticias.org\/site\/#\/schema\/person\/03bbbfe6c7634ad18c26444ea39049fa\"},\"headline\":\"Minist\u00e9rio P\u00fablico de S\u00e3o Paulo entrou com recurso para Alexandre Nardoni voltar para regime semiaberto\",\"datePublished\":\"2024-05-07T21:23:31+00:00\",\"mainEntityOfPage\":{\"@id\":\"https:\/\/brasilnoticias.org\/site\/ministerio-publico-de-sao-paulo-entrou-com-recurso-para-alexandre-nardoni-voltar-para-regime-semiaberto\/\"},\"wordCount\":311,\"commentCount\":0,\"publisher\":{\"@id\":\"https:\/\/brasilnoticias.org\/site\/#organization\"},\"image\":{\"@id\":\"https:\/\/brasilnoticias.org\/site\/ministerio-publico-de-sao-paulo-entrou-com-recurso-para-alexandre-nardoni-voltar-para-regime-semiaberto\/#primaryimage\"},\"thumbnailUrl\":\"https:\/\/brasilnoticias.org\/site\/wp-content\/uploads\/2024\/05\/149781ministerio-publico-de-sao-paulo-entrou-com-recurso-para-alexandre-nardoni-voltar-para-regime-semiaberto-3.jpg\",\"articleSection\":[\"Justi\u00e7a\",\"\u00daltimas\"],\"inLanguage\":\"pt-PT\",\"potentialAction\":[{\"@type\":\"CommentAction\",\"name\":\"Comment\",\"target\":[\"https:\/\/brasilnoticias.org\/site\/ministerio-publico-de-sao-paulo-entrou-com-recurso-para-alexandre-nardoni-voltar-para-regime-semiaberto\/#respond\"]}]},{\"@type\":\"WebPage\",\"@id\":\"https:\/\/brasilnoticias.org\/site\/ministerio-publico-de-sao-paulo-entrou-com-recurso-para-alexandre-nardoni-voltar-para-regime-semiaberto\/\",\"url\":\"https:\/\/brasilnoticias.org\/site\/ministerio-publico-de-sao-paulo-entrou-com-recurso-para-alexandre-nardoni-voltar-para-regime-semiaberto\/\",\"name\":\"Minist\u00e9rio P\u00fablico de S\u00e3o Paulo entrou com recurso para Alexandre Nardoni voltar para regime semiaberto - Brasil not\u00edcias\",\"isPartOf\":{\"@id\":\"https:\/\/brasilnoticias.org\/site\/#website\"},\"primaryImageOfPage\":{\"@id\":\"https:\/\/brasilnoticias.org\/site\/ministerio-publico-de-sao-paulo-entrou-com-recurso-para-alexandre-nardoni-voltar-para-regime-semiaberto\/#primaryimage\"},\"image\":{\"@id\":\"https:\/\/brasilnoticias.org\/site\/ministerio-publico-de-sao-paulo-entrou-com-recurso-para-alexandre-nardoni-voltar-para-regime-semiaberto\/#primaryimage\"},\"thumbnailUrl\":\"https:\/\/brasilnoticias.org\/site\/wp-content\/uploads\/2024\/05\/149781ministerio-publico-de-sao-paulo-entrou-com-recurso-para-alexandre-nardoni-voltar-para-regime-semiaberto-3.jpg\",\"datePublished\":\"2024-05-07T21:23:31+00:00\",\"breadcrumb\":{\"@id\":\"https:\/\/brasilnoticias.org\/site\/ministerio-publico-de-sao-paulo-entrou-com-recurso-para-alexandre-nardoni-voltar-para-regime-semiaberto\/#breadcrumb\"},\"inLanguage\":\"pt-PT\",\"potentialAction\":[{\"@type\":\"ReadAction\",\"target\":[\"https:\/\/brasilnoticias.org\/site\/ministerio-publico-de-sao-paulo-entrou-com-recurso-para-alexandre-nardoni-voltar-para-regime-semiaberto\/\"]}]},{\"@type\":\"ImageObject\",\"inLanguage\":\"pt-PT\",\"@id\":\"https:\/\/brasilnoticias.org\/site\/ministerio-publico-de-sao-paulo-entrou-com-recurso-para-alexandre-nardoni-voltar-para-regime-semiaberto\/#primaryimage\",\"url\":\"https:\/\/brasilnoticias.org\/site\/wp-content\/uploads\/2024\/05\/149781ministerio-publico-de-sao-paulo-entrou-com-recurso-para-alexandre-nardoni-voltar-para-regime-semiaberto-3.jpg\",\"contentUrl\":\"https:\/\/brasilnoticias.org\/site\/wp-content\/uploads\/2024\/05\/149781ministerio-publico-de-sao-paulo-entrou-com-recurso-para-alexandre-nardoni-voltar-para-regime-semiaberto-3.jpg\",\"width\":1600,\"height\":752},{\"@type\":\"BreadcrumbList\",\"@id\":\"https:\/\/brasilnoticias.org\/site\/ministerio-publico-de-sao-paulo-entrou-com-recurso-para-alexandre-nardoni-voltar-para-regime-semiaberto\/#breadcrumb\",\"itemListElement\":[{\"@type\":\"ListItem\",\"position\":1,\"name\":\"In\u00edcio\",\"item\":\"https:\/\/brasilnoticias.org\/site\/\"},{\"@type\":\"ListItem\",\"position\":2,\"name\":\"Minist\u00e9rio P\u00fablico de S\u00e3o Paulo entrou com recurso para Alexandre Nardoni voltar para regime semiaberto\"}]},{\"@type\":\"WebSite\",\"@id\":\"https:\/\/brasilnoticias.org\/site\/#website\",\"url\":\"https:\/\/brasilnoticias.org\/site\/\",\"name\":\"Brasil not\u00edcias\",\"description\":\"Brasil not\u00edcias\",\"publisher\":{\"@id\":\"https:\/\/brasilnoticias.org\/site\/#organization\"},\"potentialAction\":[{\"@type\":\"SearchAction\",\"target\":{\"@type\":\"EntryPoint\",\"urlTemplate\":\"https:\/\/brasilnoticias.org\/site\/?s={search_term_string}\"},\"query-input\":{\"@type\":\"PropertyValueSpecification\",\"valueRequired\":true,\"valueName\":\"search_term_string\"}}],\"inLanguage\":\"pt-PT\"},{\"@type\":\"Organization\",\"@id\":\"https:\/\/brasilnoticias.org\/site\/#organization\",\"name\":\"Brasil not\u00edcias\",\"url\":\"https:\/\/brasilnoticias.org\/site\/\",\"logo\":{\"@type\":\"ImageObject\",\"inLanguage\":\"pt-PT\",\"@id\":\"https:\/\/brasilnoticias.org\/site\/#\/schema\/logo\/image\/\",\"url\":\"https:\/\/brasilnoticias.org\/site\/wp-content\/uploads\/2022\/05\/cropped-brasilnoticias-mini.jpg\",\"contentUrl\":\"https:\/\/brasilnoticias.org\/site\/wp-content\/uploads\/2022\/05\/cropped-brasilnoticias-mini.jpg\",\"width\":314,\"height\":86,\"caption\":\"Brasil not\u00edcias\"},\"image\":{\"@id\":\"https:\/\/brasilnoticias.org\/site\/#\/schema\/logo\/image\/\"}},{\"@type\":\"Person\",\"@id\":\"https:\/\/brasilnoticias.org\/site\/#\/schema\/person\/03bbbfe6c7634ad18c26444ea39049fa\",\"name\":\"Reda\u00e7\u00e3o\",\"image\":{\"@type\":\"ImageObject\",\"inLanguage\":\"pt-PT\",\"@id\":\"https:\/\/brasilnoticias.org\/site\/#\/schema\/person\/image\/\",\"url\":\"https:\/\/secure.gravatar.com\/avatar\/9ecaf7327a696cb23ad926fedded5f1f04d7049de9e445375d55b48c001a6e42?s=96&d=mm&r=g\",\"contentUrl\":\"https:\/\/secure.gravatar.com\/avatar\/9ecaf7327a696cb23ad926fedded5f1f04d7049de9e445375d55b48c001a6e42?s=96&d=mm&r=g\",\"caption\":\"Reda\u00e7\u00e3o\"},\"url\":\"https:\/\/brasilnoticias.org\/site\/author\/henrique\/\"}]}<\/script>\n<!-- \/ Yoast SEO plugin. -->","yoast_head_json":{"title":"Minist\u00e9rio P\u00fablico de S\u00e3o Paulo entrou com recurso para Alexandre Nardoni voltar para regime semiaberto - Brasil not\u00edcias","robots":{"index":"index","follow":"follow","max-snippet":"max-snippet:-1","max-image-preview":"max-image-preview:large","max-video-preview":"max-video-preview:-1"},"canonical":"https:\/\/brasilnoticias.org\/site\/ministerio-publico-de-sao-paulo-entrou-com-recurso-para-alexandre-nardoni-voltar-para-regime-semiaberto\/","og_locale":"pt_PT","og_type":"article","og_title":"Minist\u00e9rio P\u00fablico de S\u00e3o Paulo entrou com recurso para Alexandre Nardoni voltar para regime semiaberto - Brasil not\u00edcias","og_description":"Promotoria quer que Alexandre volte ao regime semiaberto por considerar que o condenado precisa passar por mais exames psiqui\u00e1tricos antes","og_url":"https:\/\/brasilnoticias.org\/site\/ministerio-publico-de-sao-paulo-entrou-com-recurso-para-alexandre-nardoni-voltar-para-regime-semiaberto\/","og_site_name":"Brasil not\u00edcias","article_published_time":"2024-05-07T21:23:31+00:00","og_image":[{"width":1600,"height":752,"url":"https:\/\/brasilnoticias.org\/site\/wp-content\/uploads\/2024\/05\/149781ministerio-publico-de-sao-paulo-entrou-com-recurso-para-alexandre-nardoni-voltar-para-regime-semiaberto-3.jpg","type":"image\/jpeg"}],"author":"Reda\u00e7\u00e3o","twitter_card":"summary_large_image","twitter_misc":{"Escrito por":"Reda\u00e7\u00e3o","Tempo estimado de leitura":"1 minuto"},"schema":{"@context":"https:\/\/schema.org","@graph":[{"@type":"Article","@id":"https:\/\/brasilnoticias.org\/site\/ministerio-publico-de-sao-paulo-entrou-com-recurso-para-alexandre-nardoni-voltar-para-regime-semiaberto\/#article","isPartOf":{"@id":"https:\/\/brasilnoticias.org\/site\/ministerio-publico-de-sao-paulo-entrou-com-recurso-para-alexandre-nardoni-voltar-para-regime-semiaberto\/"},"author":{"name":"Reda\u00e7\u00e3o","@id":"https:\/\/brasilnoticias.org\/site\/#\/schema\/person\/03bbbfe6c7634ad18c26444ea39049fa"},"headline":"Minist\u00e9rio P\u00fablico de S\u00e3o Paulo entrou com recurso para Alexandre Nardoni voltar para regime semiaberto","datePublished":"2024-05-07T21:23:31+00:00","mainEntityOfPage":{"@id":"https:\/\/brasilnoticias.org\/site\/ministerio-publico-de-sao-paulo-entrou-com-recurso-para-alexandre-nardoni-voltar-para-regime-semiaberto\/"},"wordCount":311,"commentCount":0,"publisher":{"@id":"https:\/\/brasilnoticias.org\/site\/#organization"},"image":{"@id":"https:\/\/brasilnoticias.org\/site\/ministerio-publico-de-sao-paulo-entrou-com-recurso-para-alexandre-nardoni-voltar-para-regime-semiaberto\/#primaryimage"},"thumbnailUrl":"https:\/\/brasilnoticias.org\/site\/wp-content\/uploads\/2024\/05\/149781ministerio-publico-de-sao-paulo-entrou-com-recurso-para-alexandre-nardoni-voltar-para-regime-semiaberto-3.jpg","articleSection":["Justi\u00e7a","\u00daltimas"],"inLanguage":"pt-PT","potentialAction":[{"@type":"CommentAction","name":"Comment","target":["https:\/\/brasilnoticias.org\/site\/ministerio-publico-de-sao-paulo-entrou-com-recurso-para-alexandre-nardoni-voltar-para-regime-semiaberto\/#respond"]}]},{"@type":"WebPage","@id":"https:\/\/brasilnoticias.org\/site\/ministerio-publico-de-sao-paulo-entrou-com-recurso-para-alexandre-nardoni-voltar-para-regime-semiaberto\/","url":"https:\/\/brasilnoticias.org\/site\/ministerio-publico-de-sao-paulo-entrou-com-recurso-para-alexandre-nardoni-voltar-para-regime-semiaberto\/","name":"Minist\u00e9rio P\u00fablico de S\u00e3o Paulo entrou com recurso para Alexandre Nardoni voltar para regime semiaberto - Brasil not\u00edcias","isPartOf":{"@id":"https:\/\/brasilnoticias.org\/site\/#website"},"primaryImageOfPage":{"@id":"https:\/\/brasilnoticias.org\/site\/ministerio-publico-de-sao-paulo-entrou-com-recurso-para-alexandre-nardoni-voltar-para-regime-semiaberto\/#primaryimage"},"image":{"@id":"https:\/\/brasilnoticias.org\/site\/ministerio-publico-de-sao-paulo-entrou-com-recurso-para-alexandre-nardoni-voltar-para-regime-semiaberto\/#primaryimage"},"thumbnailUrl":"https:\/\/brasilnoticias.org\/site\/wp-content\/uploads\/2024\/05\/149781ministerio-publico-de-sao-paulo-entrou-com-recurso-para-alexandre-nardoni-voltar-para-regime-semiaberto-3.jpg","datePublished":"2024-05-07T21:23:31+00:00","breadcrumb":{"@id":"https:\/\/brasilnoticias.org\/site\/ministerio-publico-de-sao-paulo-entrou-com-recurso-para-alexandre-nardoni-voltar-para-regime-semiaberto\/#breadcrumb"},"inLanguage":"pt-PT","potentialAction":[{"@type":"ReadAction","target":["https:\/\/brasilnoticias.org\/site\/ministerio-publico-de-sao-paulo-entrou-com-recurso-para-alexandre-nardoni-voltar-para-regime-semiaberto\/"]}]},{"@type":"ImageObject","inLanguage":"pt-PT","@id":"https:\/\/brasilnoticias.org\/site\/ministerio-publico-de-sao-paulo-entrou-com-recurso-para-alexandre-nardoni-voltar-para-regime-semiaberto\/#primaryimage","url":"https:\/\/brasilnoticias.org\/site\/wp-content\/uploads\/2024\/05\/149781ministerio-publico-de-sao-paulo-entrou-com-recurso-para-alexandre-nardoni-voltar-para-regime-semiaberto-3.jpg","contentUrl":"https:\/\/brasilnoticias.org\/site\/wp-content\/uploads\/2024\/05\/149781ministerio-publico-de-sao-paulo-entrou-com-recurso-para-alexandre-nardoni-voltar-para-regime-semiaberto-3.jpg","width":1600,"height":752},{"@type":"BreadcrumbList","@id":"https:\/\/brasilnoticias.org\/site\/ministerio-publico-de-sao-paulo-entrou-com-recurso-para-alexandre-nardoni-voltar-para-regime-semiaberto\/#breadcrumb","itemListElement":[{"@type":"ListItem","position":1,"name":"In\u00edcio","item":"https:\/\/brasilnoticias.org\/site\/"},{"@type":"ListItem","position":2,"name":"Minist\u00e9rio P\u00fablico de S\u00e3o Paulo entrou com recurso para Alexandre Nardoni voltar para regime semiaberto"}]},{"@type":"WebSite","@id":"https:\/\/brasilnoticias.org\/site\/#website","url":"https:\/\/brasilnoticias.org\/site\/","name":"Brasil not\u00edcias","description":"Brasil not\u00edcias","publisher":{"@id":"https:\/\/brasilnoticias.org\/site\/#organization"},"potentialAction":[{"@type":"SearchAction","target":{"@type":"EntryPoint","urlTemplate":"https:\/\/brasilnoticias.org\/site\/?s={search_term_string}"},"query-input":{"@type":"PropertyValueSpecification","valueRequired":true,"valueName":"search_term_string"}}],"inLanguage":"pt-PT"},{"@type":"Organization","@id":"https:\/\/brasilnoticias.org\/site\/#organization","name":"Brasil not\u00edcias","url":"https:\/\/brasilnoticias.org\/site\/","logo":{"@type":"ImageObject","inLanguage":"pt-PT","@id":"https:\/\/brasilnoticias.org\/site\/#\/schema\/logo\/image\/","url":"https:\/\/brasilnoticias.org\/site\/wp-content\/uploads\/2022\/05\/cropped-brasilnoticias-mini.jpg","contentUrl":"https:\/\/brasilnoticias.org\/site\/wp-content\/uploads\/2022\/05\/cropped-brasilnoticias-mini.jpg","width":314,"height":86,"caption":"Brasil not\u00edcias"},"image":{"@id":"https:\/\/brasilnoticias.org\/site\/#\/schema\/logo\/image\/"}},{"@type":"Person","@id":"https:\/\/brasilnoticias.org\/site\/#\/schema\/person\/03bbbfe6c7634ad18c26444ea39049fa","name":"Reda\u00e7\u00e3o","image":{"@type":"ImageObject","inLanguage":"pt-PT","@id":"https:\/\/brasilnoticias.org\/site\/#\/schema\/person\/image\/","url":"https:\/\/secure.gravatar.com\/avatar\/9ecaf7327a696cb23ad926fedded5f1f04d7049de9e445375d55b48c001a6e42?s=96&d=mm&r=g","contentUrl":"https:\/\/secure.gravatar.com\/avatar\/9ecaf7327a696cb23ad926fedded5f1f04d7049de9e445375d55b48c001a6e42?s=96&d=mm&r=g","caption":"Reda\u00e7\u00e3o"},"url":"https:\/\/brasilnoticias.org\/site\/author\/henrique\/"}]}},"_links":{"self":[{"href":"https:\/\/brasilnoticias.org\/site\/wp-json\/wp\/v2\/posts\/13982","targetHints":{"allow":["GET"]}}],"collection":[{"href":"https:\/\/brasilnoticias.org\/site\/wp-json\/wp\/v2\/posts"}],"about":[{"href":"https:\/\/brasilnoticias.org\/site\/wp-json\/wp\/v2\/types\/post"}],"author":[{"embeddable":true,"href":"https:\/\/brasilnoticias.org\/site\/wp-json\/wp\/v2\/users\/4"}],"replies":[{"embeddable":true,"href":"https:\/\/brasilnoticias.org\/site\/wp-json\/wp\/v2\/comments?post=13982"}],"version-history":[{"count":1,"href":"https:\/\/brasilnoticias.org\/site\/wp-json\/wp\/v2\/posts\/13982\/revisions"}],"predecessor-version":[{"id":13984,"href":"https:\/\/brasilnoticias.org\/site\/wp-json\/wp\/v2\/posts\/13982\/revisions\/13984"}],"wp:featuredmedia":[{"embeddable":true,"href":"https:\/\/brasilnoticias.org\/site\/wp-json\/wp\/v2\/media\/13983"}],"wp:attachment":[{"href":"https:\/\/brasilnoticias.org\/site\/wp-json\/wp\/v2\/media?parent=13982"}],"wp:term":[{"taxonomy":"category","embeddable":true,"href":"https:\/\/brasilnoticias.org\/site\/wp-json\/wp\/v2\/categories?post=13982"},{"taxonomy":"post_tag","embeddable":true,"href":"https:\/\/brasilnoticias.org\/site\/wp-json\/wp\/v2\/tags?post=13982"}],"curies":[{"name":"wp","href":"https:\/\/api.w.org\/{rel}","templated":true}]}}