{"id":13985,"date":"2024-05-08T18:32:04","date_gmt":"2024-05-08T21:32:04","guid":{"rendered":"https:\/\/brasilnoticias.org\/site\/?p=13985"},"modified":"2024-05-08T18:32:04","modified_gmt":"2024-05-08T21:32:04","slug":"bruno-diz-que-nao-havera-reajuste-na-tarifa-do-transporte-nao-existe-essa-possibilidade","status":"publish","type":"post","link":"https:\/\/brasilnoticias.org\/site\/bruno-diz-que-nao-havera-reajuste-na-tarifa-do-transporte-nao-existe-essa-possibilidade\/","title":{"rendered":"Bruno diz que n\u00e3o haver\u00e1 reajuste na tarifa do transporte: \u2018N\u00e3o existe essa possibilidade\u2019"},"content":{"rendered":"<p>Al\u00e9m disso, o gestor tamb\u00e9m comentou a reonera\u00e7\u00e3o da folha, que, segundo estudo da prefeitura, poderia impactar em cerca de 25 centavos no valor da tarifa do \u00f4nibus<\/p>\n<p>O prefeito Bruno Reis (Uni\u00e3o) afirmou, nesta quarta-feira (8\/5), que n\u00e3o haver\u00e1 reajuste do transporte p\u00fablico de Salvador em 2024.<\/p>\n<p>Durante um evento de entrega de 62 novas viaturas da Superintend\u00eancia de Tr\u00e2nsito do Salvador (Transalvador), ele falou sobre a crise no sistema de transporte metropolitano na Bahia, com fechamento de empresas e demiss\u00e3o de trabalhadores, e criticou a falta de subs\u00eddio do governo federal para o setor. Al\u00e9m disso, o gestor tamb\u00e9m comentou a reonera\u00e7\u00e3o da folha, que, segundo estudo da prefeitura, poderia impactar em cerca de 25 centavos no valor da tarifa do \u00f4nibus.<\/p>\n<p>\u201cPrimeiro, n\u00e3o ter\u00e1 nenhum reajuste esse ano, n\u00e3o existe essa possibilidade. Segundo, infelizmente, o governo federal que n\u00e3o ajuda, que n\u00e3o paga o subs\u00eddio, que n\u00e3o concede benef\u00edcios e incentivos fiscais aos insumos do transporte p\u00fablico, agora vem com a reonera\u00e7\u00e3o da folha, que \u00e9 o principal componente do transporte p\u00fablico, porque a m\u00e3o de obra dos motoristas cobradores ter\u00e3o incid\u00eancia do tributo. Isso impacta 25 centavos na tarifa\u201d, disse.<\/p>\n<p>\u201c\u00c9 lament\u00e1vel que servi\u00e7os essenciais que estejam colapsando, como o transporte p\u00fablico, n\u00e3o tenham a sensibilidade dos governantes para estabelecer as suas devidas exce\u00e7\u00f5es. Esperamos ainda que o Congresso, diante das negocia\u00e7\u00f5es que vem tentando, ou at\u00e9 mesmo a Justi\u00e7a, possa rever em especial o caso do transporte p\u00fablico, que, sem sombra de d\u00favidas, \u00e9 o maior problema, n\u00e3o \u00e9 de Salvador, n\u00e3o, \u00e9 das m\u00e9dias e grandes cidades do Brasil\u201d, acrescentou.<\/p>\n<p>Para Bruno Reis, outras empresas que integram o sistema metropolitano ainda devem falir por conta da falta de desonera\u00e7\u00e3o da folha: \u201cEm qualquer cidade do Brasil, voc\u00eas v\u00e3o ver o dilema, a afli\u00e7\u00e3o que os prefeitos vivem para manter o transporte p\u00fablico funcionando\u201d.<\/p>\n<p>Atualmente, a Prefeitura paga 32 centavos por passagem com o subs\u00eddio aprovado no ano passado. \u201cPara n\u00e3o gerar instabilidade, inseguran\u00e7a e preocupa\u00e7\u00e3o, eu garanto que este ano n\u00e3o ter\u00e1 reajuste no transporte p\u00fablico em qualquer hip\u00f3tese\u201d, concluiu o prefeito. Confira o v\u00eddeo:<\/p>\n<blockquote class=\"twitter-tweet\" data-media-max-width=\"560\">\n<p lang=\"pt\" dir=\"ltr\">Bruno Reis afirma que n\u00e3o haver\u00e1 reajuste na tarifa do transporte em 2024: &#39;N\u00e3o existe essa possibilidade&#39;<br \/>Saiba mais detalhes: <a href=\"https:\/\/t.co\/PF9ez1oruT\">https:\/\/t.co\/PF9ez1oruT<\/a> <a href=\"https:\/\/t.co\/7sG02Bnxrg\">pic.twitter.com\/7sG02Bnxrg<\/a><\/p>\n<p>&mdash; Aratu On (@aratuonline) <a href=\"https:\/\/twitter.com\/aratuonline\/status\/1788226982305464554?ref_src=twsrc%5Etfw\">May 8, 2024<\/a><\/p><\/blockquote>\n<p> <script async src=\"https:\/\/platform.twitter.com\/widgets.js\" charset=\"utf-8\"><\/script><\/p>\n<p>Foto: Secom\/Salvador<br \/>\nAratu On<\/p>\n","protected":false},"excerpt":{"rendered":"<p>Al\u00e9m disso, o gestor tamb\u00e9m comentou a reonera\u00e7\u00e3o da folha, que, segundo estudo da prefeitura, poderia impactar em cerca de<\/p>\n","protected":false},"author":4,"featured_media":13986,"comment_status":"open","ping_status":"open","sticky":false,"template":"","format":"standard","meta":{"colormag_page_container_layout":"default_layout","colormag_page_sidebar_layout":"default_layout","_FSMCFIC_featured_image_caption":"","_FSMCFIC_featured_image_nocaption":"","_FSMCFIC_featured_image_hide":"","footnotes":""},"categories":[5,1],"tags":[],"class_list":["post-13985","post","type-post","status-publish","format-standard","has-post-thumbnail","hentry","category-politica","category-ultimas"],"yoast_head":"<!-- This site is optimized with the Yoast SEO plugin v27.1.1 - https:\/\/yoast.com\/product\/yoast-seo-wordpress\/ -->\n<title>Bruno diz que n\u00e3o haver\u00e1 reajuste na tarifa do transporte: \u2018N\u00e3o existe essa possibilidade\u2019 - Brasil not\u00edcias<\/title>\n<meta name=\"robots\" content=\"index, follow, max-snippet:-1, max-image-preview:large, max-video-preview:-1\" \/>\n<link rel=\"canonical\" href=\"https:\/\/brasilnoticias.org\/site\/bruno-diz-que-nao-havera-reajuste-na-tarifa-do-transporte-nao-existe-essa-possibilidade\/\" \/>\n<meta property=\"og:locale\" content=\"pt_PT\" \/>\n<meta property=\"og:type\" content=\"article\" \/>\n<meta property=\"og:title\" content=\"Bruno diz que n\u00e3o haver\u00e1 reajuste na tarifa do transporte: \u2018N\u00e3o existe essa possibilidade\u2019 - Brasil not\u00edcias\" \/>\n<meta property=\"og:description\" content=\"Al\u00e9m disso, o gestor tamb\u00e9m comentou a reonera\u00e7\u00e3o da folha, que, segundo estudo da prefeitura, poderia impactar em cerca de\" \/>\n<meta property=\"og:url\" content=\"https:\/\/brasilnoticias.org\/site\/bruno-diz-que-nao-havera-reajuste-na-tarifa-do-transporte-nao-existe-essa-possibilidade\/\" \/>\n<meta property=\"og:site_name\" content=\"Brasil not\u00edcias\" \/>\n<meta property=\"article:published_time\" content=\"2024-05-08T21:32:04+00:00\" \/>\n<meta property=\"og:image\" content=\"https:\/\/brasilnoticias.org\/site\/wp-content\/uploads\/2024\/05\/WhatsApp-Image-2024-05-08-at-12.00.56-960x500-1.jpeg\" \/>\n\t<meta property=\"og:image:width\" content=\"960\" \/>\n\t<meta property=\"og:image:height\" content=\"500\" \/>\n\t<meta property=\"og:image:type\" content=\"image\/jpeg\" \/>\n<meta name=\"author\" content=\"Reda\u00e7\u00e3o\" \/>\n<meta name=\"twitter:card\" content=\"summary_large_image\" \/>\n<meta name=\"twitter:label1\" content=\"Escrito por\" \/>\n\t<meta name=\"twitter:data1\" content=\"Reda\u00e7\u00e3o\" \/>\n\t<meta name=\"twitter:label2\" content=\"Tempo estimado de leitura\" \/>\n\t<meta name=\"twitter:data2\" content=\"1 minuto\" \/>\n<script type=\"application\/ld+json\" class=\"yoast-schema-graph\">{\"@context\":\"https:\/\/schema.org\",\"@graph\":[{\"@type\":\"Article\",\"@id\":\"https:\/\/brasilnoticias.org\/site\/bruno-diz-que-nao-havera-reajuste-na-tarifa-do-transporte-nao-existe-essa-possibilidade\/#article\",\"isPartOf\":{\"@id\":\"https:\/\/brasilnoticias.org\/site\/bruno-diz-que-nao-havera-reajuste-na-tarifa-do-transporte-nao-existe-essa-possibilidade\/\"},\"author\":{\"name\":\"Reda\u00e7\u00e3o\",\"@id\":\"https:\/\/brasilnoticias.org\/site\/#\/schema\/person\/03bbbfe6c7634ad18c26444ea39049fa\"},\"headline\":\"Bruno diz que n\u00e3o haver\u00e1 reajuste na tarifa do transporte: \u2018N\u00e3o existe essa possibilidade\u2019\",\"datePublished\":\"2024-05-08T21:32:04+00:00\",\"mainEntityOfPage\":{\"@id\":\"https:\/\/brasilnoticias.org\/site\/bruno-diz-que-nao-havera-reajuste-na-tarifa-do-transporte-nao-existe-essa-possibilidade\/\"},\"wordCount\":448,\"commentCount\":0,\"publisher\":{\"@id\":\"https:\/\/brasilnoticias.org\/site\/#organization\"},\"image\":{\"@id\":\"https:\/\/brasilnoticias.org\/site\/bruno-diz-que-nao-havera-reajuste-na-tarifa-do-transporte-nao-existe-essa-possibilidade\/#primaryimage\"},\"thumbnailUrl\":\"https:\/\/brasilnoticias.org\/site\/wp-content\/uploads\/2024\/05\/WhatsApp-Image-2024-05-08-at-12.00.56-960x500-1.jpeg\",\"articleSection\":[\"Pol\u00edtica\",\"\u00daltimas\"],\"inLanguage\":\"pt-PT\",\"potentialAction\":[{\"@type\":\"CommentAction\",\"name\":\"Comment\",\"target\":[\"https:\/\/brasilnoticias.org\/site\/bruno-diz-que-nao-havera-reajuste-na-tarifa-do-transporte-nao-existe-essa-possibilidade\/#respond\"]}]},{\"@type\":\"WebPage\",\"@id\":\"https:\/\/brasilnoticias.org\/site\/bruno-diz-que-nao-havera-reajuste-na-tarifa-do-transporte-nao-existe-essa-possibilidade\/\",\"url\":\"https:\/\/brasilnoticias.org\/site\/bruno-diz-que-nao-havera-reajuste-na-tarifa-do-transporte-nao-existe-essa-possibilidade\/\",\"name\":\"Bruno diz que n\u00e3o haver\u00e1 reajuste na tarifa do transporte: \u2018N\u00e3o existe essa possibilidade\u2019 - Brasil not\u00edcias\",\"isPartOf\":{\"@id\":\"https:\/\/brasilnoticias.org\/site\/#website\"},\"primaryImageOfPage\":{\"@id\":\"https:\/\/brasilnoticias.org\/site\/bruno-diz-que-nao-havera-reajuste-na-tarifa-do-transporte-nao-existe-essa-possibilidade\/#primaryimage\"},\"image\":{\"@id\":\"https:\/\/brasilnoticias.org\/site\/bruno-diz-que-nao-havera-reajuste-na-tarifa-do-transporte-nao-existe-essa-possibilidade\/#primaryimage\"},\"thumbnailUrl\":\"https:\/\/brasilnoticias.org\/site\/wp-content\/uploads\/2024\/05\/WhatsApp-Image-2024-05-08-at-12.00.56-960x500-1.jpeg\",\"datePublished\":\"2024-05-08T21:32:04+00:00\",\"breadcrumb\":{\"@id\":\"https:\/\/brasilnoticias.org\/site\/bruno-diz-que-nao-havera-reajuste-na-tarifa-do-transporte-nao-existe-essa-possibilidade\/#breadcrumb\"},\"inLanguage\":\"pt-PT\",\"potentialAction\":[{\"@type\":\"ReadAction\",\"target\":[\"https:\/\/brasilnoticias.org\/site\/bruno-diz-que-nao-havera-reajuste-na-tarifa-do-transporte-nao-existe-essa-possibilidade\/\"]}]},{\"@type\":\"ImageObject\",\"inLanguage\":\"pt-PT\",\"@id\":\"https:\/\/brasilnoticias.org\/site\/bruno-diz-que-nao-havera-reajuste-na-tarifa-do-transporte-nao-existe-essa-possibilidade\/#primaryimage\",\"url\":\"https:\/\/brasilnoticias.org\/site\/wp-content\/uploads\/2024\/05\/WhatsApp-Image-2024-05-08-at-12.00.56-960x500-1.jpeg\",\"contentUrl\":\"https:\/\/brasilnoticias.org\/site\/wp-content\/uploads\/2024\/05\/WhatsApp-Image-2024-05-08-at-12.00.56-960x500-1.jpeg\",\"width\":960,\"height\":500},{\"@type\":\"BreadcrumbList\",\"@id\":\"https:\/\/brasilnoticias.org\/site\/bruno-diz-que-nao-havera-reajuste-na-tarifa-do-transporte-nao-existe-essa-possibilidade\/#breadcrumb\",\"itemListElement\":[{\"@type\":\"ListItem\",\"position\":1,\"name\":\"In\u00edcio\",\"item\":\"https:\/\/brasilnoticias.org\/site\/\"},{\"@type\":\"ListItem\",\"position\":2,\"name\":\"Bruno diz que n\u00e3o haver\u00e1 reajuste na tarifa do transporte: \u2018N\u00e3o existe essa possibilidade\u2019\"}]},{\"@type\":\"WebSite\",\"@id\":\"https:\/\/brasilnoticias.org\/site\/#website\",\"url\":\"https:\/\/brasilnoticias.org\/site\/\",\"name\":\"Brasil not\u00edcias\",\"description\":\"Brasil not\u00edcias\",\"publisher\":{\"@id\":\"https:\/\/brasilnoticias.org\/site\/#organization\"},\"potentialAction\":[{\"@type\":\"SearchAction\",\"target\":{\"@type\":\"EntryPoint\",\"urlTemplate\":\"https:\/\/brasilnoticias.org\/site\/?s={search_term_string}\"},\"query-input\":{\"@type\":\"PropertyValueSpecification\",\"valueRequired\":true,\"valueName\":\"search_term_string\"}}],\"inLanguage\":\"pt-PT\"},{\"@type\":\"Organization\",\"@id\":\"https:\/\/brasilnoticias.org\/site\/#organization\",\"name\":\"Brasil not\u00edcias\",\"url\":\"https:\/\/brasilnoticias.org\/site\/\",\"logo\":{\"@type\":\"ImageObject\",\"inLanguage\":\"pt-PT\",\"@id\":\"https:\/\/brasilnoticias.org\/site\/#\/schema\/logo\/image\/\",\"url\":\"https:\/\/brasilnoticias.org\/site\/wp-content\/uploads\/2022\/05\/cropped-brasilnoticias-mini.jpg\",\"contentUrl\":\"https:\/\/brasilnoticias.org\/site\/wp-content\/uploads\/2022\/05\/cropped-brasilnoticias-mini.jpg\",\"width\":314,\"height\":86,\"caption\":\"Brasil not\u00edcias\"},\"image\":{\"@id\":\"https:\/\/brasilnoticias.org\/site\/#\/schema\/logo\/image\/\"}},{\"@type\":\"Person\",\"@id\":\"https:\/\/brasilnoticias.org\/site\/#\/schema\/person\/03bbbfe6c7634ad18c26444ea39049fa\",\"name\":\"Reda\u00e7\u00e3o\",\"image\":{\"@type\":\"ImageObject\",\"inLanguage\":\"pt-PT\",\"@id\":\"https:\/\/brasilnoticias.org\/site\/#\/schema\/person\/image\/\",\"url\":\"https:\/\/secure.gravatar.com\/avatar\/9ecaf7327a696cb23ad926fedded5f1f04d7049de9e445375d55b48c001a6e42?s=96&d=mm&r=g\",\"contentUrl\":\"https:\/\/secure.gravatar.com\/avatar\/9ecaf7327a696cb23ad926fedded5f1f04d7049de9e445375d55b48c001a6e42?s=96&d=mm&r=g\",\"caption\":\"Reda\u00e7\u00e3o\"},\"url\":\"https:\/\/brasilnoticias.org\/site\/author\/henrique\/\"}]}<\/script>\n<!-- \/ Yoast SEO plugin. -->","yoast_head_json":{"title":"Bruno diz que n\u00e3o haver\u00e1 reajuste na tarifa do transporte: \u2018N\u00e3o existe essa possibilidade\u2019 - Brasil not\u00edcias","robots":{"index":"index","follow":"follow","max-snippet":"max-snippet:-1","max-image-preview":"max-image-preview:large","max-video-preview":"max-video-preview:-1"},"canonical":"https:\/\/brasilnoticias.org\/site\/bruno-diz-que-nao-havera-reajuste-na-tarifa-do-transporte-nao-existe-essa-possibilidade\/","og_locale":"pt_PT","og_type":"article","og_title":"Bruno diz que n\u00e3o haver\u00e1 reajuste na tarifa do transporte: \u2018N\u00e3o existe essa possibilidade\u2019 - Brasil not\u00edcias","og_description":"Al\u00e9m disso, o gestor tamb\u00e9m comentou a reonera\u00e7\u00e3o da folha, que, segundo estudo da prefeitura, poderia impactar em cerca de","og_url":"https:\/\/brasilnoticias.org\/site\/bruno-diz-que-nao-havera-reajuste-na-tarifa-do-transporte-nao-existe-essa-possibilidade\/","og_site_name":"Brasil not\u00edcias","article_published_time":"2024-05-08T21:32:04+00:00","og_image":[{"width":960,"height":500,"url":"https:\/\/brasilnoticias.org\/site\/wp-content\/uploads\/2024\/05\/WhatsApp-Image-2024-05-08-at-12.00.56-960x500-1.jpeg","type":"image\/jpeg"}],"author":"Reda\u00e7\u00e3o","twitter_card":"summary_large_image","twitter_misc":{"Escrito por":"Reda\u00e7\u00e3o","Tempo estimado de leitura":"1 minuto"},"schema":{"@context":"https:\/\/schema.org","@graph":[{"@type":"Article","@id":"https:\/\/brasilnoticias.org\/site\/bruno-diz-que-nao-havera-reajuste-na-tarifa-do-transporte-nao-existe-essa-possibilidade\/#article","isPartOf":{"@id":"https:\/\/brasilnoticias.org\/site\/bruno-diz-que-nao-havera-reajuste-na-tarifa-do-transporte-nao-existe-essa-possibilidade\/"},"author":{"name":"Reda\u00e7\u00e3o","@id":"https:\/\/brasilnoticias.org\/site\/#\/schema\/person\/03bbbfe6c7634ad18c26444ea39049fa"},"headline":"Bruno diz que n\u00e3o haver\u00e1 reajuste na tarifa do transporte: \u2018N\u00e3o existe essa possibilidade\u2019","datePublished":"2024-05-08T21:32:04+00:00","mainEntityOfPage":{"@id":"https:\/\/brasilnoticias.org\/site\/bruno-diz-que-nao-havera-reajuste-na-tarifa-do-transporte-nao-existe-essa-possibilidade\/"},"wordCount":448,"commentCount":0,"publisher":{"@id":"https:\/\/brasilnoticias.org\/site\/#organization"},"image":{"@id":"https:\/\/brasilnoticias.org\/site\/bruno-diz-que-nao-havera-reajuste-na-tarifa-do-transporte-nao-existe-essa-possibilidade\/#primaryimage"},"thumbnailUrl":"https:\/\/brasilnoticias.org\/site\/wp-content\/uploads\/2024\/05\/WhatsApp-Image-2024-05-08-at-12.00.56-960x500-1.jpeg","articleSection":["Pol\u00edtica","\u00daltimas"],"inLanguage":"pt-PT","potentialAction":[{"@type":"CommentAction","name":"Comment","target":["https:\/\/brasilnoticias.org\/site\/bruno-diz-que-nao-havera-reajuste-na-tarifa-do-transporte-nao-existe-essa-possibilidade\/#respond"]}]},{"@type":"WebPage","@id":"https:\/\/brasilnoticias.org\/site\/bruno-diz-que-nao-havera-reajuste-na-tarifa-do-transporte-nao-existe-essa-possibilidade\/","url":"https:\/\/brasilnoticias.org\/site\/bruno-diz-que-nao-havera-reajuste-na-tarifa-do-transporte-nao-existe-essa-possibilidade\/","name":"Bruno diz que n\u00e3o haver\u00e1 reajuste na tarifa do transporte: \u2018N\u00e3o existe essa possibilidade\u2019 - Brasil not\u00edcias","isPartOf":{"@id":"https:\/\/brasilnoticias.org\/site\/#website"},"primaryImageOfPage":{"@id":"https:\/\/brasilnoticias.org\/site\/bruno-diz-que-nao-havera-reajuste-na-tarifa-do-transporte-nao-existe-essa-possibilidade\/#primaryimage"},"image":{"@id":"https:\/\/brasilnoticias.org\/site\/bruno-diz-que-nao-havera-reajuste-na-tarifa-do-transporte-nao-existe-essa-possibilidade\/#primaryimage"},"thumbnailUrl":"https:\/\/brasilnoticias.org\/site\/wp-content\/uploads\/2024\/05\/WhatsApp-Image-2024-05-08-at-12.00.56-960x500-1.jpeg","datePublished":"2024-05-08T21:32:04+00:00","breadcrumb":{"@id":"https:\/\/brasilnoticias.org\/site\/bruno-diz-que-nao-havera-reajuste-na-tarifa-do-transporte-nao-existe-essa-possibilidade\/#breadcrumb"},"inLanguage":"pt-PT","potentialAction":[{"@type":"ReadAction","target":["https:\/\/brasilnoticias.org\/site\/bruno-diz-que-nao-havera-reajuste-na-tarifa-do-transporte-nao-existe-essa-possibilidade\/"]}]},{"@type":"ImageObject","inLanguage":"pt-PT","@id":"https:\/\/brasilnoticias.org\/site\/bruno-diz-que-nao-havera-reajuste-na-tarifa-do-transporte-nao-existe-essa-possibilidade\/#primaryimage","url":"https:\/\/brasilnoticias.org\/site\/wp-content\/uploads\/2024\/05\/WhatsApp-Image-2024-05-08-at-12.00.56-960x500-1.jpeg","contentUrl":"https:\/\/brasilnoticias.org\/site\/wp-content\/uploads\/2024\/05\/WhatsApp-Image-2024-05-08-at-12.00.56-960x500-1.jpeg","width":960,"height":500},{"@type":"BreadcrumbList","@id":"https:\/\/brasilnoticias.org\/site\/bruno-diz-que-nao-havera-reajuste-na-tarifa-do-transporte-nao-existe-essa-possibilidade\/#breadcrumb","itemListElement":[{"@type":"ListItem","position":1,"name":"In\u00edcio","item":"https:\/\/brasilnoticias.org\/site\/"},{"@type":"ListItem","position":2,"name":"Bruno diz que n\u00e3o haver\u00e1 reajuste na tarifa do transporte: \u2018N\u00e3o existe essa possibilidade\u2019"}]},{"@type":"WebSite","@id":"https:\/\/brasilnoticias.org\/site\/#website","url":"https:\/\/brasilnoticias.org\/site\/","name":"Brasil not\u00edcias","description":"Brasil not\u00edcias","publisher":{"@id":"https:\/\/brasilnoticias.org\/site\/#organization"},"potentialAction":[{"@type":"SearchAction","target":{"@type":"EntryPoint","urlTemplate":"https:\/\/brasilnoticias.org\/site\/?s={search_term_string}"},"query-input":{"@type":"PropertyValueSpecification","valueRequired":true,"valueName":"search_term_string"}}],"inLanguage":"pt-PT"},{"@type":"Organization","@id":"https:\/\/brasilnoticias.org\/site\/#organization","name":"Brasil not\u00edcias","url":"https:\/\/brasilnoticias.org\/site\/","logo":{"@type":"ImageObject","inLanguage":"pt-PT","@id":"https:\/\/brasilnoticias.org\/site\/#\/schema\/logo\/image\/","url":"https:\/\/brasilnoticias.org\/site\/wp-content\/uploads\/2022\/05\/cropped-brasilnoticias-mini.jpg","contentUrl":"https:\/\/brasilnoticias.org\/site\/wp-content\/uploads\/2022\/05\/cropped-brasilnoticias-mini.jpg","width":314,"height":86,"caption":"Brasil not\u00edcias"},"image":{"@id":"https:\/\/brasilnoticias.org\/site\/#\/schema\/logo\/image\/"}},{"@type":"Person","@id":"https:\/\/brasilnoticias.org\/site\/#\/schema\/person\/03bbbfe6c7634ad18c26444ea39049fa","name":"Reda\u00e7\u00e3o","image":{"@type":"ImageObject","inLanguage":"pt-PT","@id":"https:\/\/brasilnoticias.org\/site\/#\/schema\/person\/image\/","url":"https:\/\/secure.gravatar.com\/avatar\/9ecaf7327a696cb23ad926fedded5f1f04d7049de9e445375d55b48c001a6e42?s=96&d=mm&r=g","contentUrl":"https:\/\/secure.gravatar.com\/avatar\/9ecaf7327a696cb23ad926fedded5f1f04d7049de9e445375d55b48c001a6e42?s=96&d=mm&r=g","caption":"Reda\u00e7\u00e3o"},"url":"https:\/\/brasilnoticias.org\/site\/author\/henrique\/"}]}},"_links":{"self":[{"href":"https:\/\/brasilnoticias.org\/site\/wp-json\/wp\/v2\/posts\/13985","targetHints":{"allow":["GET"]}}],"collection":[{"href":"https:\/\/brasilnoticias.org\/site\/wp-json\/wp\/v2\/posts"}],"about":[{"href":"https:\/\/brasilnoticias.org\/site\/wp-json\/wp\/v2\/types\/post"}],"author":[{"embeddable":true,"href":"https:\/\/brasilnoticias.org\/site\/wp-json\/wp\/v2\/users\/4"}],"replies":[{"embeddable":true,"href":"https:\/\/brasilnoticias.org\/site\/wp-json\/wp\/v2\/comments?post=13985"}],"version-history":[{"count":1,"href":"https:\/\/brasilnoticias.org\/site\/wp-json\/wp\/v2\/posts\/13985\/revisions"}],"predecessor-version":[{"id":13987,"href":"https:\/\/brasilnoticias.org\/site\/wp-json\/wp\/v2\/posts\/13985\/revisions\/13987"}],"wp:featuredmedia":[{"embeddable":true,"href":"https:\/\/brasilnoticias.org\/site\/wp-json\/wp\/v2\/media\/13986"}],"wp:attachment":[{"href":"https:\/\/brasilnoticias.org\/site\/wp-json\/wp\/v2\/media?parent=13985"}],"wp:term":[{"taxonomy":"category","embeddable":true,"href":"https:\/\/brasilnoticias.org\/site\/wp-json\/wp\/v2\/categories?post=13985"},{"taxonomy":"post_tag","embeddable":true,"href":"https:\/\/brasilnoticias.org\/site\/wp-json\/wp\/v2\/tags?post=13985"}],"curies":[{"name":"wp","href":"https:\/\/api.w.org\/{rel}","templated":true}]}}