{"id":13991,"date":"2024-05-08T18:36:09","date_gmt":"2024-05-08T21:36:09","guid":{"rendered":"https:\/\/brasilnoticias.org\/site\/?p=13991"},"modified":"2024-05-08T18:36:09","modified_gmt":"2024-05-08T21:36:09","slug":"prefeituras-bairros-de-salvador-vao-arrecadar-doacoes-para-o-rio-grande-do-sul-a-partir-desta-quinta-9","status":"publish","type":"post","link":"https:\/\/brasilnoticias.org\/site\/prefeituras-bairros-de-salvador-vao-arrecadar-doacoes-para-o-rio-grande-do-sul-a-partir-desta-quinta-9\/","title":{"rendered":"Prefeituras-bairros de Salvador v\u00e3o arrecadar doa\u00e7\u00f5es para o Rio Grande do Sul a partir desta quinta (9)"},"content":{"rendered":"<p>As dez unidades das prefeituras-bairros v\u00e3o receber \u00e1gua e itens de limpeza<\/p>\n<p>A campanha que tem por objetivo arrecadar \u00e1gua e itens de limpeza para as v\u00edtimas dos desatres clim\u00e1ticos no Rio Grande do Sul teve in\u00edcio nesta quarta-feira (08), com o posto de coleta na sede da Defesa Civil de Salvador (Codesal). A partir desta quinta-feira (9\/5), as 10 unidades de Prefeitura-Bairro da capital baiana tamb\u00e9m estar\u00e3o aptas a receber os donativos para a a\u00e7\u00e3o \u2018Salvador Solid\u00e1ria\u2019.<\/p>\n<p>As doa\u00e7\u00f5es ser\u00e3o recolhidas at\u00e9 a pr\u00f3xima quarta-feira (15\/5), das 8h \u00e0s 16h. As mesmas devem ser de \u00e1gua mineral em garrafas de qualquer tamanho e de produtos de limpeza, como \u00e1gua sanit\u00e1ria, sab\u00e3o em barra ou em p\u00f3, detergente e outros mat\u00e9riais de limpeza. Esses s\u00e3o os produtos que os munic\u00edpios ga\u00fachos mais necessitam neste momento.<\/p>\n<p>De acordo com o prefeito Bruno Reis, a expectativa \u00e9 de enviar o primeiro carregamento das doa\u00e7\u00f5es nesta sexta-feira (10\/5).<\/p>\n<p>Confira onde ficam localizadas as unidades das prefeituras-bairros na capital:<\/p>\n<p>Prefeitura \u2013 Bairro I, Centro\/Brotas.<br \/>\nPrefeitura \u2013 Bairro II, Sub\u00farbio\/Ilhas.<br \/>\nPrefeitura \u2013 Bairro III, Cajazeiras.<br \/>\nPrefeitura \u2013 Bairro IV, Itapu\u00e3\/Ipitanga.<br \/>\nPrefeitura \u2013 Bairro V, Cidade Baixa.<br \/>\nPrefeitura \u2013 Bairro VI, Barra\/Pituba.<br \/>\nPrefeitura \u2013 Bairro VII, Liberdade\/ S\u00e3o Caetano.<br \/>\nPrefeitura \u2013 Bairro VIII, Cabula\/Tancredo Neves.<br \/>\nPrefeitura- Bairro IX Pau da Lima<br \/>\nPrefeitura- Bairro X Val\u00e9ria.<\/p>\n<p>Foto: Valter Pontes \/ Secom PMS<br \/>\nAratu On<\/p>\n","protected":false},"excerpt":{"rendered":"<p>As dez unidades das prefeituras-bairros v\u00e3o receber \u00e1gua e itens de limpeza A campanha que tem por objetivo arrecadar \u00e1gua<\/p>\n","protected":false},"author":4,"featured_media":13993,"comment_status":"open","ping_status":"open","sticky":false,"template":"","format":"standard","meta":{"colormag_page_container_layout":"default_layout","colormag_page_sidebar_layout":"default_layout","_FSMCFIC_featured_image_caption":"","_FSMCFIC_featured_image_nocaption":"","_FSMCFIC_featured_image_hide":"","footnotes":""},"categories":[2,1],"tags":[],"class_list":["post-13991","post","type-post","status-publish","format-standard","has-post-thumbnail","hentry","category-noticias","category-ultimas"],"yoast_head":"<!-- This site is optimized with the Yoast SEO plugin v27.1.1 - https:\/\/yoast.com\/product\/yoast-seo-wordpress\/ -->\n<title>Prefeituras-bairros de Salvador v\u00e3o arrecadar doa\u00e7\u00f5es para o Rio Grande do Sul a partir desta quinta (9) - Brasil not\u00edcias<\/title>\n<meta name=\"robots\" content=\"index, follow, max-snippet:-1, max-image-preview:large, max-video-preview:-1\" \/>\n<link rel=\"canonical\" href=\"https:\/\/brasilnoticias.org\/site\/prefeituras-bairros-de-salvador-vao-arrecadar-doacoes-para-o-rio-grande-do-sul-a-partir-desta-quinta-9\/\" \/>\n<meta property=\"og:locale\" content=\"pt_PT\" \/>\n<meta property=\"og:type\" content=\"article\" \/>\n<meta property=\"og:title\" content=\"Prefeituras-bairros de Salvador v\u00e3o arrecadar doa\u00e7\u00f5es para o Rio Grande do Sul a partir desta quinta (9) - Brasil not\u00edcias\" \/>\n<meta property=\"og:description\" content=\"As dez unidades das prefeituras-bairros v\u00e3o receber \u00e1gua e itens de limpeza A campanha que tem por objetivo arrecadar \u00e1gua\" \/>\n<meta property=\"og:url\" content=\"https:\/\/brasilnoticias.org\/site\/prefeituras-bairros-de-salvador-vao-arrecadar-doacoes-para-o-rio-grande-do-sul-a-partir-desta-quinta-9\/\" \/>\n<meta property=\"og:site_name\" content=\"Brasil not\u00edcias\" \/>\n<meta property=\"article:published_time\" content=\"2024-05-08T21:36:09+00:00\" \/>\n<meta property=\"og:image\" content=\"https:\/\/brasilnoticias.org\/site\/wp-content\/uploads\/2024\/05\/Campanha_Salvador_Solidaria__Fotos__Valter_Pontes__Secom_PMS-1-1024x683-1-960x500-1.jpeg\" \/>\n\t<meta property=\"og:image:width\" content=\"960\" \/>\n\t<meta property=\"og:image:height\" content=\"500\" \/>\n\t<meta property=\"og:image:type\" content=\"image\/jpeg\" \/>\n<meta name=\"author\" content=\"Reda\u00e7\u00e3o\" \/>\n<meta name=\"twitter:card\" content=\"summary_large_image\" \/>\n<meta name=\"twitter:label1\" content=\"Escrito por\" \/>\n\t<meta name=\"twitter:data1\" content=\"Reda\u00e7\u00e3o\" \/>\n<script type=\"application\/ld+json\" class=\"yoast-schema-graph\">{\"@context\":\"https:\/\/schema.org\",\"@graph\":[{\"@type\":\"Article\",\"@id\":\"https:\/\/brasilnoticias.org\/site\/prefeituras-bairros-de-salvador-vao-arrecadar-doacoes-para-o-rio-grande-do-sul-a-partir-desta-quinta-9\/#article\",\"isPartOf\":{\"@id\":\"https:\/\/brasilnoticias.org\/site\/prefeituras-bairros-de-salvador-vao-arrecadar-doacoes-para-o-rio-grande-do-sul-a-partir-desta-quinta-9\/\"},\"author\":{\"name\":\"Reda\u00e7\u00e3o\",\"@id\":\"https:\/\/brasilnoticias.org\/site\/#\/schema\/person\/03bbbfe6c7634ad18c26444ea39049fa\"},\"headline\":\"Prefeituras-bairros de Salvador v\u00e3o arrecadar doa\u00e7\u00f5es para o Rio Grande do Sul a partir desta quinta (9)\",\"datePublished\":\"2024-05-08T21:36:09+00:00\",\"mainEntityOfPage\":{\"@id\":\"https:\/\/brasilnoticias.org\/site\/prefeituras-bairros-de-salvador-vao-arrecadar-doacoes-para-o-rio-grande-do-sul-a-partir-desta-quinta-9\/\"},\"wordCount\":256,\"commentCount\":0,\"publisher\":{\"@id\":\"https:\/\/brasilnoticias.org\/site\/#organization\"},\"image\":{\"@id\":\"https:\/\/brasilnoticias.org\/site\/prefeituras-bairros-de-salvador-vao-arrecadar-doacoes-para-o-rio-grande-do-sul-a-partir-desta-quinta-9\/#primaryimage\"},\"thumbnailUrl\":\"https:\/\/brasilnoticias.org\/site\/wp-content\/uploads\/2024\/05\/Campanha_Salvador_Solidaria__Fotos__Valter_Pontes__Secom_PMS-1-1024x683-1-960x500-1.jpeg\",\"articleSection\":[\"Not\u00edcias\",\"\u00daltimas\"],\"inLanguage\":\"pt-PT\",\"potentialAction\":[{\"@type\":\"CommentAction\",\"name\":\"Comment\",\"target\":[\"https:\/\/brasilnoticias.org\/site\/prefeituras-bairros-de-salvador-vao-arrecadar-doacoes-para-o-rio-grande-do-sul-a-partir-desta-quinta-9\/#respond\"]}]},{\"@type\":\"WebPage\",\"@id\":\"https:\/\/brasilnoticias.org\/site\/prefeituras-bairros-de-salvador-vao-arrecadar-doacoes-para-o-rio-grande-do-sul-a-partir-desta-quinta-9\/\",\"url\":\"https:\/\/brasilnoticias.org\/site\/prefeituras-bairros-de-salvador-vao-arrecadar-doacoes-para-o-rio-grande-do-sul-a-partir-desta-quinta-9\/\",\"name\":\"Prefeituras-bairros de Salvador v\u00e3o arrecadar doa\u00e7\u00f5es para o Rio Grande do Sul a partir desta quinta (9) - Brasil not\u00edcias\",\"isPartOf\":{\"@id\":\"https:\/\/brasilnoticias.org\/site\/#website\"},\"primaryImageOfPage\":{\"@id\":\"https:\/\/brasilnoticias.org\/site\/prefeituras-bairros-de-salvador-vao-arrecadar-doacoes-para-o-rio-grande-do-sul-a-partir-desta-quinta-9\/#primaryimage\"},\"image\":{\"@id\":\"https:\/\/brasilnoticias.org\/site\/prefeituras-bairros-de-salvador-vao-arrecadar-doacoes-para-o-rio-grande-do-sul-a-partir-desta-quinta-9\/#primaryimage\"},\"thumbnailUrl\":\"https:\/\/brasilnoticias.org\/site\/wp-content\/uploads\/2024\/05\/Campanha_Salvador_Solidaria__Fotos__Valter_Pontes__Secom_PMS-1-1024x683-1-960x500-1.jpeg\",\"datePublished\":\"2024-05-08T21:36:09+00:00\",\"breadcrumb\":{\"@id\":\"https:\/\/brasilnoticias.org\/site\/prefeituras-bairros-de-salvador-vao-arrecadar-doacoes-para-o-rio-grande-do-sul-a-partir-desta-quinta-9\/#breadcrumb\"},\"inLanguage\":\"pt-PT\",\"potentialAction\":[{\"@type\":\"ReadAction\",\"target\":[\"https:\/\/brasilnoticias.org\/site\/prefeituras-bairros-de-salvador-vao-arrecadar-doacoes-para-o-rio-grande-do-sul-a-partir-desta-quinta-9\/\"]}]},{\"@type\":\"ImageObject\",\"inLanguage\":\"pt-PT\",\"@id\":\"https:\/\/brasilnoticias.org\/site\/prefeituras-bairros-de-salvador-vao-arrecadar-doacoes-para-o-rio-grande-do-sul-a-partir-desta-quinta-9\/#primaryimage\",\"url\":\"https:\/\/brasilnoticias.org\/site\/wp-content\/uploads\/2024\/05\/Campanha_Salvador_Solidaria__Fotos__Valter_Pontes__Secom_PMS-1-1024x683-1-960x500-1.jpeg\",\"contentUrl\":\"https:\/\/brasilnoticias.org\/site\/wp-content\/uploads\/2024\/05\/Campanha_Salvador_Solidaria__Fotos__Valter_Pontes__Secom_PMS-1-1024x683-1-960x500-1.jpeg\",\"width\":960,\"height\":500},{\"@type\":\"BreadcrumbList\",\"@id\":\"https:\/\/brasilnoticias.org\/site\/prefeituras-bairros-de-salvador-vao-arrecadar-doacoes-para-o-rio-grande-do-sul-a-partir-desta-quinta-9\/#breadcrumb\",\"itemListElement\":[{\"@type\":\"ListItem\",\"position\":1,\"name\":\"In\u00edcio\",\"item\":\"https:\/\/brasilnoticias.org\/site\/\"},{\"@type\":\"ListItem\",\"position\":2,\"name\":\"Prefeituras-bairros de Salvador v\u00e3o arrecadar doa\u00e7\u00f5es para o Rio Grande do Sul a partir desta quinta (9)\"}]},{\"@type\":\"WebSite\",\"@id\":\"https:\/\/brasilnoticias.org\/site\/#website\",\"url\":\"https:\/\/brasilnoticias.org\/site\/\",\"name\":\"Brasil not\u00edcias\",\"description\":\"Brasil not\u00edcias\",\"publisher\":{\"@id\":\"https:\/\/brasilnoticias.org\/site\/#organization\"},\"potentialAction\":[{\"@type\":\"SearchAction\",\"target\":{\"@type\":\"EntryPoint\",\"urlTemplate\":\"https:\/\/brasilnoticias.org\/site\/?s={search_term_string}\"},\"query-input\":{\"@type\":\"PropertyValueSpecification\",\"valueRequired\":true,\"valueName\":\"search_term_string\"}}],\"inLanguage\":\"pt-PT\"},{\"@type\":\"Organization\",\"@id\":\"https:\/\/brasilnoticias.org\/site\/#organization\",\"name\":\"Brasil not\u00edcias\",\"url\":\"https:\/\/brasilnoticias.org\/site\/\",\"logo\":{\"@type\":\"ImageObject\",\"inLanguage\":\"pt-PT\",\"@id\":\"https:\/\/brasilnoticias.org\/site\/#\/schema\/logo\/image\/\",\"url\":\"https:\/\/brasilnoticias.org\/site\/wp-content\/uploads\/2022\/05\/cropped-brasilnoticias-mini.jpg\",\"contentUrl\":\"https:\/\/brasilnoticias.org\/site\/wp-content\/uploads\/2022\/05\/cropped-brasilnoticias-mini.jpg\",\"width\":314,\"height\":86,\"caption\":\"Brasil not\u00edcias\"},\"image\":{\"@id\":\"https:\/\/brasilnoticias.org\/site\/#\/schema\/logo\/image\/\"}},{\"@type\":\"Person\",\"@id\":\"https:\/\/brasilnoticias.org\/site\/#\/schema\/person\/03bbbfe6c7634ad18c26444ea39049fa\",\"name\":\"Reda\u00e7\u00e3o\",\"image\":{\"@type\":\"ImageObject\",\"inLanguage\":\"pt-PT\",\"@id\":\"https:\/\/brasilnoticias.org\/site\/#\/schema\/person\/image\/\",\"url\":\"https:\/\/secure.gravatar.com\/avatar\/9ecaf7327a696cb23ad926fedded5f1f04d7049de9e445375d55b48c001a6e42?s=96&d=mm&r=g\",\"contentUrl\":\"https:\/\/secure.gravatar.com\/avatar\/9ecaf7327a696cb23ad926fedded5f1f04d7049de9e445375d55b48c001a6e42?s=96&d=mm&r=g\",\"caption\":\"Reda\u00e7\u00e3o\"},\"url\":\"https:\/\/brasilnoticias.org\/site\/author\/henrique\/\"}]}<\/script>\n<!-- \/ Yoast SEO plugin. -->","yoast_head_json":{"title":"Prefeituras-bairros de Salvador v\u00e3o arrecadar doa\u00e7\u00f5es para o Rio Grande do Sul a partir desta quinta (9) - Brasil not\u00edcias","robots":{"index":"index","follow":"follow","max-snippet":"max-snippet:-1","max-image-preview":"max-image-preview:large","max-video-preview":"max-video-preview:-1"},"canonical":"https:\/\/brasilnoticias.org\/site\/prefeituras-bairros-de-salvador-vao-arrecadar-doacoes-para-o-rio-grande-do-sul-a-partir-desta-quinta-9\/","og_locale":"pt_PT","og_type":"article","og_title":"Prefeituras-bairros de Salvador v\u00e3o arrecadar doa\u00e7\u00f5es para o Rio Grande do Sul a partir desta quinta (9) - Brasil not\u00edcias","og_description":"As dez unidades das prefeituras-bairros v\u00e3o receber \u00e1gua e itens de limpeza A campanha que tem por objetivo arrecadar \u00e1gua","og_url":"https:\/\/brasilnoticias.org\/site\/prefeituras-bairros-de-salvador-vao-arrecadar-doacoes-para-o-rio-grande-do-sul-a-partir-desta-quinta-9\/","og_site_name":"Brasil not\u00edcias","article_published_time":"2024-05-08T21:36:09+00:00","og_image":[{"width":960,"height":500,"url":"https:\/\/brasilnoticias.org\/site\/wp-content\/uploads\/2024\/05\/Campanha_Salvador_Solidaria__Fotos__Valter_Pontes__Secom_PMS-1-1024x683-1-960x500-1.jpeg","type":"image\/jpeg"}],"author":"Reda\u00e7\u00e3o","twitter_card":"summary_large_image","twitter_misc":{"Escrito por":"Reda\u00e7\u00e3o"},"schema":{"@context":"https:\/\/schema.org","@graph":[{"@type":"Article","@id":"https:\/\/brasilnoticias.org\/site\/prefeituras-bairros-de-salvador-vao-arrecadar-doacoes-para-o-rio-grande-do-sul-a-partir-desta-quinta-9\/#article","isPartOf":{"@id":"https:\/\/brasilnoticias.org\/site\/prefeituras-bairros-de-salvador-vao-arrecadar-doacoes-para-o-rio-grande-do-sul-a-partir-desta-quinta-9\/"},"author":{"name":"Reda\u00e7\u00e3o","@id":"https:\/\/brasilnoticias.org\/site\/#\/schema\/person\/03bbbfe6c7634ad18c26444ea39049fa"},"headline":"Prefeituras-bairros de Salvador v\u00e3o arrecadar doa\u00e7\u00f5es para o Rio Grande do Sul a partir desta quinta (9)","datePublished":"2024-05-08T21:36:09+00:00","mainEntityOfPage":{"@id":"https:\/\/brasilnoticias.org\/site\/prefeituras-bairros-de-salvador-vao-arrecadar-doacoes-para-o-rio-grande-do-sul-a-partir-desta-quinta-9\/"},"wordCount":256,"commentCount":0,"publisher":{"@id":"https:\/\/brasilnoticias.org\/site\/#organization"},"image":{"@id":"https:\/\/brasilnoticias.org\/site\/prefeituras-bairros-de-salvador-vao-arrecadar-doacoes-para-o-rio-grande-do-sul-a-partir-desta-quinta-9\/#primaryimage"},"thumbnailUrl":"https:\/\/brasilnoticias.org\/site\/wp-content\/uploads\/2024\/05\/Campanha_Salvador_Solidaria__Fotos__Valter_Pontes__Secom_PMS-1-1024x683-1-960x500-1.jpeg","articleSection":["Not\u00edcias","\u00daltimas"],"inLanguage":"pt-PT","potentialAction":[{"@type":"CommentAction","name":"Comment","target":["https:\/\/brasilnoticias.org\/site\/prefeituras-bairros-de-salvador-vao-arrecadar-doacoes-para-o-rio-grande-do-sul-a-partir-desta-quinta-9\/#respond"]}]},{"@type":"WebPage","@id":"https:\/\/brasilnoticias.org\/site\/prefeituras-bairros-de-salvador-vao-arrecadar-doacoes-para-o-rio-grande-do-sul-a-partir-desta-quinta-9\/","url":"https:\/\/brasilnoticias.org\/site\/prefeituras-bairros-de-salvador-vao-arrecadar-doacoes-para-o-rio-grande-do-sul-a-partir-desta-quinta-9\/","name":"Prefeituras-bairros de Salvador v\u00e3o arrecadar doa\u00e7\u00f5es para o Rio Grande do Sul a partir desta quinta (9) - Brasil not\u00edcias","isPartOf":{"@id":"https:\/\/brasilnoticias.org\/site\/#website"},"primaryImageOfPage":{"@id":"https:\/\/brasilnoticias.org\/site\/prefeituras-bairros-de-salvador-vao-arrecadar-doacoes-para-o-rio-grande-do-sul-a-partir-desta-quinta-9\/#primaryimage"},"image":{"@id":"https:\/\/brasilnoticias.org\/site\/prefeituras-bairros-de-salvador-vao-arrecadar-doacoes-para-o-rio-grande-do-sul-a-partir-desta-quinta-9\/#primaryimage"},"thumbnailUrl":"https:\/\/brasilnoticias.org\/site\/wp-content\/uploads\/2024\/05\/Campanha_Salvador_Solidaria__Fotos__Valter_Pontes__Secom_PMS-1-1024x683-1-960x500-1.jpeg","datePublished":"2024-05-08T21:36:09+00:00","breadcrumb":{"@id":"https:\/\/brasilnoticias.org\/site\/prefeituras-bairros-de-salvador-vao-arrecadar-doacoes-para-o-rio-grande-do-sul-a-partir-desta-quinta-9\/#breadcrumb"},"inLanguage":"pt-PT","potentialAction":[{"@type":"ReadAction","target":["https:\/\/brasilnoticias.org\/site\/prefeituras-bairros-de-salvador-vao-arrecadar-doacoes-para-o-rio-grande-do-sul-a-partir-desta-quinta-9\/"]}]},{"@type":"ImageObject","inLanguage":"pt-PT","@id":"https:\/\/brasilnoticias.org\/site\/prefeituras-bairros-de-salvador-vao-arrecadar-doacoes-para-o-rio-grande-do-sul-a-partir-desta-quinta-9\/#primaryimage","url":"https:\/\/brasilnoticias.org\/site\/wp-content\/uploads\/2024\/05\/Campanha_Salvador_Solidaria__Fotos__Valter_Pontes__Secom_PMS-1-1024x683-1-960x500-1.jpeg","contentUrl":"https:\/\/brasilnoticias.org\/site\/wp-content\/uploads\/2024\/05\/Campanha_Salvador_Solidaria__Fotos__Valter_Pontes__Secom_PMS-1-1024x683-1-960x500-1.jpeg","width":960,"height":500},{"@type":"BreadcrumbList","@id":"https:\/\/brasilnoticias.org\/site\/prefeituras-bairros-de-salvador-vao-arrecadar-doacoes-para-o-rio-grande-do-sul-a-partir-desta-quinta-9\/#breadcrumb","itemListElement":[{"@type":"ListItem","position":1,"name":"In\u00edcio","item":"https:\/\/brasilnoticias.org\/site\/"},{"@type":"ListItem","position":2,"name":"Prefeituras-bairros de Salvador v\u00e3o arrecadar doa\u00e7\u00f5es para o Rio Grande do Sul a partir desta quinta (9)"}]},{"@type":"WebSite","@id":"https:\/\/brasilnoticias.org\/site\/#website","url":"https:\/\/brasilnoticias.org\/site\/","name":"Brasil not\u00edcias","description":"Brasil not\u00edcias","publisher":{"@id":"https:\/\/brasilnoticias.org\/site\/#organization"},"potentialAction":[{"@type":"SearchAction","target":{"@type":"EntryPoint","urlTemplate":"https:\/\/brasilnoticias.org\/site\/?s={search_term_string}"},"query-input":{"@type":"PropertyValueSpecification","valueRequired":true,"valueName":"search_term_string"}}],"inLanguage":"pt-PT"},{"@type":"Organization","@id":"https:\/\/brasilnoticias.org\/site\/#organization","name":"Brasil not\u00edcias","url":"https:\/\/brasilnoticias.org\/site\/","logo":{"@type":"ImageObject","inLanguage":"pt-PT","@id":"https:\/\/brasilnoticias.org\/site\/#\/schema\/logo\/image\/","url":"https:\/\/brasilnoticias.org\/site\/wp-content\/uploads\/2022\/05\/cropped-brasilnoticias-mini.jpg","contentUrl":"https:\/\/brasilnoticias.org\/site\/wp-content\/uploads\/2022\/05\/cropped-brasilnoticias-mini.jpg","width":314,"height":86,"caption":"Brasil not\u00edcias"},"image":{"@id":"https:\/\/brasilnoticias.org\/site\/#\/schema\/logo\/image\/"}},{"@type":"Person","@id":"https:\/\/brasilnoticias.org\/site\/#\/schema\/person\/03bbbfe6c7634ad18c26444ea39049fa","name":"Reda\u00e7\u00e3o","image":{"@type":"ImageObject","inLanguage":"pt-PT","@id":"https:\/\/brasilnoticias.org\/site\/#\/schema\/person\/image\/","url":"https:\/\/secure.gravatar.com\/avatar\/9ecaf7327a696cb23ad926fedded5f1f04d7049de9e445375d55b48c001a6e42?s=96&d=mm&r=g","contentUrl":"https:\/\/secure.gravatar.com\/avatar\/9ecaf7327a696cb23ad926fedded5f1f04d7049de9e445375d55b48c001a6e42?s=96&d=mm&r=g","caption":"Reda\u00e7\u00e3o"},"url":"https:\/\/brasilnoticias.org\/site\/author\/henrique\/"}]}},"_links":{"self":[{"href":"https:\/\/brasilnoticias.org\/site\/wp-json\/wp\/v2\/posts\/13991","targetHints":{"allow":["GET"]}}],"collection":[{"href":"https:\/\/brasilnoticias.org\/site\/wp-json\/wp\/v2\/posts"}],"about":[{"href":"https:\/\/brasilnoticias.org\/site\/wp-json\/wp\/v2\/types\/post"}],"author":[{"embeddable":true,"href":"https:\/\/brasilnoticias.org\/site\/wp-json\/wp\/v2\/users\/4"}],"replies":[{"embeddable":true,"href":"https:\/\/brasilnoticias.org\/site\/wp-json\/wp\/v2\/comments?post=13991"}],"version-history":[{"count":1,"href":"https:\/\/brasilnoticias.org\/site\/wp-json\/wp\/v2\/posts\/13991\/revisions"}],"predecessor-version":[{"id":13994,"href":"https:\/\/brasilnoticias.org\/site\/wp-json\/wp\/v2\/posts\/13991\/revisions\/13994"}],"wp:featuredmedia":[{"embeddable":true,"href":"https:\/\/brasilnoticias.org\/site\/wp-json\/wp\/v2\/media\/13993"}],"wp:attachment":[{"href":"https:\/\/brasilnoticias.org\/site\/wp-json\/wp\/v2\/media?parent=13991"}],"wp:term":[{"taxonomy":"category","embeddable":true,"href":"https:\/\/brasilnoticias.org\/site\/wp-json\/wp\/v2\/categories?post=13991"},{"taxonomy":"post_tag","embeddable":true,"href":"https:\/\/brasilnoticias.org\/site\/wp-json\/wp\/v2\/tags?post=13991"}],"curies":[{"name":"wp","href":"https:\/\/api.w.org\/{rel}","templated":true}]}}