{"id":13999,"date":"2024-05-08T18:40:26","date_gmt":"2024-05-08T21:40:26","guid":{"rendered":"https:\/\/brasilnoticias.org\/site\/?p=13999"},"modified":"2024-05-08T18:40:26","modified_gmt":"2024-05-08T21:40:26","slug":"apos-audiencia-de-custodia-homem-que-atropelou-policiais-militares-em-salvador-e-liberado","status":"publish","type":"post","link":"https:\/\/brasilnoticias.org\/site\/apos-audiencia-de-custodia-homem-que-atropelou-policiais-militares-em-salvador-e-liberado\/","title":{"rendered":"Ap\u00f3s audi\u00eancia de cust\u00f3dia, homem que atropelou policiais militares em Salvador \u00e9 liberado"},"content":{"rendered":"<p>C\u00e2meras de seguran\u00e7a flagraram o momento em que indiv\u00edduo, apontado pela assessoria de comunica\u00e7\u00e3o da Pol\u00edcia Militar como traficante de drogas, atingiu os PMs do motopatrulhamento na Avenida Joana Ang\u00e9lica, e depois fugiu<\/p>\n<p>Um homem que atropelou policiais militares na segunda-feira (6\/5), em Salvador, foi colocado em liberdade ap\u00f3s passar por audi\u00eancia de cust\u00f3dia. C\u00e2meras de seguran\u00e7a flagraram o momento em que indiv\u00edduo, apontado pela assessoria de comunica\u00e7\u00e3o da Pol\u00edcia Militar como traficante de drogas, atingiu os PMs do motopatrulhamento na Avenida Joana Ang\u00e9lica, e depois fugiu. Veja:<\/p>\n<blockquote class=\"twitter-tweet\" data-media-max-width=\"560\">\n<p lang=\"pt\" dir=\"ltr\">V\u00cdDEO: Motorista de carro atropela policiais militares em Salvador e foge <a href=\"https:\/\/t.co\/k1uQl6lXEw\">pic.twitter.com\/k1uQl6lXEw<\/a><\/p>\n<p>&mdash; Aratu On (@aratuonline) <a href=\"https:\/\/twitter.com\/aratuonline\/status\/1787592232012272048?ref_src=twsrc%5Etfw\">May 6, 2024<\/a><\/p><\/blockquote>\n<p> <script async src=\"https:\/\/platform.twitter.com\/widgets.js\" charset=\"utf-8\"><\/script><\/p>\n<p>O suspeito foi localizado pelo Batalh\u00e3o Apolo da PM horas depois do incidente. Com ele, foram apreendidos o carro usado para atropelar os policiais, 400 pedras de crack, 98 pinos de coca\u00edna, 3.800 reais em esp\u00e9cie e tr\u00eas celulares.<\/p>\n<p>Com a liberdade provis\u00f3ria, o homem deve comparecer a todos os atos processuais e manter o endere\u00e7o atualizado.<\/p>\n<p>Foto: Redes Sociais<br \/>\nAratu On<\/p>\n","protected":false},"excerpt":{"rendered":"<p>C\u00e2meras de seguran\u00e7a flagraram o momento em que indiv\u00edduo, apontado pela assessoria de comunica\u00e7\u00e3o da Pol\u00edcia Militar como traficante de<\/p>\n","protected":false},"author":4,"featured_media":14000,"comment_status":"open","ping_status":"open","sticky":false,"template":"","format":"standard","meta":{"colormag_page_container_layout":"default_layout","colormag_page_sidebar_layout":"default_layout","_FSMCFIC_featured_image_caption":"","_FSMCFIC_featured_image_nocaption":"","_FSMCFIC_featured_image_hide":"","footnotes":""},"categories":[7,1],"tags":[],"class_list":["post-13999","post","type-post","status-publish","format-standard","has-post-thumbnail","hentry","category-justica","category-ultimas"],"yoast_head":"<!-- This site is optimized with the Yoast SEO plugin v27.1.1 - https:\/\/yoast.com\/product\/yoast-seo-wordpress\/ -->\n<title>Ap\u00f3s audi\u00eancia de cust\u00f3dia, homem que atropelou policiais militares em Salvador \u00e9 liberado - Brasil not\u00edcias<\/title>\n<meta name=\"robots\" content=\"index, follow, max-snippet:-1, max-image-preview:large, max-video-preview:-1\" \/>\n<link rel=\"canonical\" href=\"https:\/\/brasilnoticias.org\/site\/apos-audiencia-de-custodia-homem-que-atropelou-policiais-militares-em-salvador-e-liberado\/\" \/>\n<meta property=\"og:locale\" content=\"pt_PT\" \/>\n<meta property=\"og:type\" content=\"article\" \/>\n<meta property=\"og:title\" content=\"Ap\u00f3s audi\u00eancia de cust\u00f3dia, homem que atropelou policiais militares em Salvador \u00e9 liberado - Brasil not\u00edcias\" \/>\n<meta property=\"og:description\" content=\"C\u00e2meras de seguran\u00e7a flagraram o momento em que indiv\u00edduo, apontado pela assessoria de comunica\u00e7\u00e3o da Pol\u00edcia Militar como traficante de\" \/>\n<meta property=\"og:url\" content=\"https:\/\/brasilnoticias.org\/site\/apos-audiencia-de-custodia-homem-que-atropelou-policiais-militares-em-salvador-e-liberado\/\" \/>\n<meta property=\"og:site_name\" content=\"Brasil not\u00edcias\" \/>\n<meta property=\"article:published_time\" content=\"2024-05-08T21:40:26+00:00\" \/>\n<meta property=\"og:image\" content=\"https:\/\/brasilnoticias.org\/site\/wp-content\/uploads\/2024\/05\/WhatsApp-Image-2024-05-08-at-15.05.50-960x500-1.jpeg\" \/>\n\t<meta property=\"og:image:width\" content=\"960\" \/>\n\t<meta property=\"og:image:height\" content=\"500\" \/>\n\t<meta property=\"og:image:type\" content=\"image\/jpeg\" \/>\n<meta name=\"author\" content=\"Reda\u00e7\u00e3o\" \/>\n<meta name=\"twitter:card\" content=\"summary_large_image\" \/>\n<meta name=\"twitter:label1\" content=\"Escrito por\" \/>\n\t<meta name=\"twitter:data1\" content=\"Reda\u00e7\u00e3o\" \/>\n\t<meta name=\"twitter:label2\" content=\"Tempo estimado de leitura\" \/>\n\t<meta name=\"twitter:data2\" content=\"1 minuto\" \/>\n<script type=\"application\/ld+json\" class=\"yoast-schema-graph\">{\"@context\":\"https:\/\/schema.org\",\"@graph\":[{\"@type\":\"Article\",\"@id\":\"https:\/\/brasilnoticias.org\/site\/apos-audiencia-de-custodia-homem-que-atropelou-policiais-militares-em-salvador-e-liberado\/#article\",\"isPartOf\":{\"@id\":\"https:\/\/brasilnoticias.org\/site\/apos-audiencia-de-custodia-homem-que-atropelou-policiais-militares-em-salvador-e-liberado\/\"},\"author\":{\"name\":\"Reda\u00e7\u00e3o\",\"@id\":\"https:\/\/brasilnoticias.org\/site\/#\/schema\/person\/03bbbfe6c7634ad18c26444ea39049fa\"},\"headline\":\"Ap\u00f3s audi\u00eancia de cust\u00f3dia, homem que atropelou policiais militares em Salvador \u00e9 liberado\",\"datePublished\":\"2024-05-08T21:40:26+00:00\",\"mainEntityOfPage\":{\"@id\":\"https:\/\/brasilnoticias.org\/site\/apos-audiencia-de-custodia-homem-que-atropelou-policiais-militares-em-salvador-e-liberado\/\"},\"wordCount\":205,\"commentCount\":0,\"publisher\":{\"@id\":\"https:\/\/brasilnoticias.org\/site\/#organization\"},\"image\":{\"@id\":\"https:\/\/brasilnoticias.org\/site\/apos-audiencia-de-custodia-homem-que-atropelou-policiais-militares-em-salvador-e-liberado\/#primaryimage\"},\"thumbnailUrl\":\"https:\/\/brasilnoticias.org\/site\/wp-content\/uploads\/2024\/05\/WhatsApp-Image-2024-05-08-at-15.05.50-960x500-1.jpeg\",\"articleSection\":[\"Justi\u00e7a\",\"\u00daltimas\"],\"inLanguage\":\"pt-PT\",\"potentialAction\":[{\"@type\":\"CommentAction\",\"name\":\"Comment\",\"target\":[\"https:\/\/brasilnoticias.org\/site\/apos-audiencia-de-custodia-homem-que-atropelou-policiais-militares-em-salvador-e-liberado\/#respond\"]}]},{\"@type\":\"WebPage\",\"@id\":\"https:\/\/brasilnoticias.org\/site\/apos-audiencia-de-custodia-homem-que-atropelou-policiais-militares-em-salvador-e-liberado\/\",\"url\":\"https:\/\/brasilnoticias.org\/site\/apos-audiencia-de-custodia-homem-que-atropelou-policiais-militares-em-salvador-e-liberado\/\",\"name\":\"Ap\u00f3s audi\u00eancia de cust\u00f3dia, homem que atropelou policiais militares em Salvador \u00e9 liberado - Brasil not\u00edcias\",\"isPartOf\":{\"@id\":\"https:\/\/brasilnoticias.org\/site\/#website\"},\"primaryImageOfPage\":{\"@id\":\"https:\/\/brasilnoticias.org\/site\/apos-audiencia-de-custodia-homem-que-atropelou-policiais-militares-em-salvador-e-liberado\/#primaryimage\"},\"image\":{\"@id\":\"https:\/\/brasilnoticias.org\/site\/apos-audiencia-de-custodia-homem-que-atropelou-policiais-militares-em-salvador-e-liberado\/#primaryimage\"},\"thumbnailUrl\":\"https:\/\/brasilnoticias.org\/site\/wp-content\/uploads\/2024\/05\/WhatsApp-Image-2024-05-08-at-15.05.50-960x500-1.jpeg\",\"datePublished\":\"2024-05-08T21:40:26+00:00\",\"breadcrumb\":{\"@id\":\"https:\/\/brasilnoticias.org\/site\/apos-audiencia-de-custodia-homem-que-atropelou-policiais-militares-em-salvador-e-liberado\/#breadcrumb\"},\"inLanguage\":\"pt-PT\",\"potentialAction\":[{\"@type\":\"ReadAction\",\"target\":[\"https:\/\/brasilnoticias.org\/site\/apos-audiencia-de-custodia-homem-que-atropelou-policiais-militares-em-salvador-e-liberado\/\"]}]},{\"@type\":\"ImageObject\",\"inLanguage\":\"pt-PT\",\"@id\":\"https:\/\/brasilnoticias.org\/site\/apos-audiencia-de-custodia-homem-que-atropelou-policiais-militares-em-salvador-e-liberado\/#primaryimage\",\"url\":\"https:\/\/brasilnoticias.org\/site\/wp-content\/uploads\/2024\/05\/WhatsApp-Image-2024-05-08-at-15.05.50-960x500-1.jpeg\",\"contentUrl\":\"https:\/\/brasilnoticias.org\/site\/wp-content\/uploads\/2024\/05\/WhatsApp-Image-2024-05-08-at-15.05.50-960x500-1.jpeg\",\"width\":960,\"height\":500},{\"@type\":\"BreadcrumbList\",\"@id\":\"https:\/\/brasilnoticias.org\/site\/apos-audiencia-de-custodia-homem-que-atropelou-policiais-militares-em-salvador-e-liberado\/#breadcrumb\",\"itemListElement\":[{\"@type\":\"ListItem\",\"position\":1,\"name\":\"In\u00edcio\",\"item\":\"https:\/\/brasilnoticias.org\/site\/\"},{\"@type\":\"ListItem\",\"position\":2,\"name\":\"Ap\u00f3s audi\u00eancia de cust\u00f3dia, homem que atropelou policiais militares em Salvador \u00e9 liberado\"}]},{\"@type\":\"WebSite\",\"@id\":\"https:\/\/brasilnoticias.org\/site\/#website\",\"url\":\"https:\/\/brasilnoticias.org\/site\/\",\"name\":\"Brasil not\u00edcias\",\"description\":\"Brasil not\u00edcias\",\"publisher\":{\"@id\":\"https:\/\/brasilnoticias.org\/site\/#organization\"},\"potentialAction\":[{\"@type\":\"SearchAction\",\"target\":{\"@type\":\"EntryPoint\",\"urlTemplate\":\"https:\/\/brasilnoticias.org\/site\/?s={search_term_string}\"},\"query-input\":{\"@type\":\"PropertyValueSpecification\",\"valueRequired\":true,\"valueName\":\"search_term_string\"}}],\"inLanguage\":\"pt-PT\"},{\"@type\":\"Organization\",\"@id\":\"https:\/\/brasilnoticias.org\/site\/#organization\",\"name\":\"Brasil not\u00edcias\",\"url\":\"https:\/\/brasilnoticias.org\/site\/\",\"logo\":{\"@type\":\"ImageObject\",\"inLanguage\":\"pt-PT\",\"@id\":\"https:\/\/brasilnoticias.org\/site\/#\/schema\/logo\/image\/\",\"url\":\"https:\/\/brasilnoticias.org\/site\/wp-content\/uploads\/2022\/05\/cropped-brasilnoticias-mini.jpg\",\"contentUrl\":\"https:\/\/brasilnoticias.org\/site\/wp-content\/uploads\/2022\/05\/cropped-brasilnoticias-mini.jpg\",\"width\":314,\"height\":86,\"caption\":\"Brasil not\u00edcias\"},\"image\":{\"@id\":\"https:\/\/brasilnoticias.org\/site\/#\/schema\/logo\/image\/\"}},{\"@type\":\"Person\",\"@id\":\"https:\/\/brasilnoticias.org\/site\/#\/schema\/person\/03bbbfe6c7634ad18c26444ea39049fa\",\"name\":\"Reda\u00e7\u00e3o\",\"image\":{\"@type\":\"ImageObject\",\"inLanguage\":\"pt-PT\",\"@id\":\"https:\/\/brasilnoticias.org\/site\/#\/schema\/person\/image\/\",\"url\":\"https:\/\/secure.gravatar.com\/avatar\/9ecaf7327a696cb23ad926fedded5f1f04d7049de9e445375d55b48c001a6e42?s=96&d=mm&r=g\",\"contentUrl\":\"https:\/\/secure.gravatar.com\/avatar\/9ecaf7327a696cb23ad926fedded5f1f04d7049de9e445375d55b48c001a6e42?s=96&d=mm&r=g\",\"caption\":\"Reda\u00e7\u00e3o\"},\"url\":\"https:\/\/brasilnoticias.org\/site\/author\/henrique\/\"}]}<\/script>\n<!-- \/ Yoast SEO plugin. -->","yoast_head_json":{"title":"Ap\u00f3s audi\u00eancia de cust\u00f3dia, homem que atropelou policiais militares em Salvador \u00e9 liberado - Brasil not\u00edcias","robots":{"index":"index","follow":"follow","max-snippet":"max-snippet:-1","max-image-preview":"max-image-preview:large","max-video-preview":"max-video-preview:-1"},"canonical":"https:\/\/brasilnoticias.org\/site\/apos-audiencia-de-custodia-homem-que-atropelou-policiais-militares-em-salvador-e-liberado\/","og_locale":"pt_PT","og_type":"article","og_title":"Ap\u00f3s audi\u00eancia de cust\u00f3dia, homem que atropelou policiais militares em Salvador \u00e9 liberado - Brasil not\u00edcias","og_description":"C\u00e2meras de seguran\u00e7a flagraram o momento em que indiv\u00edduo, apontado pela assessoria de comunica\u00e7\u00e3o da Pol\u00edcia Militar como traficante de","og_url":"https:\/\/brasilnoticias.org\/site\/apos-audiencia-de-custodia-homem-que-atropelou-policiais-militares-em-salvador-e-liberado\/","og_site_name":"Brasil not\u00edcias","article_published_time":"2024-05-08T21:40:26+00:00","og_image":[{"width":960,"height":500,"url":"https:\/\/brasilnoticias.org\/site\/wp-content\/uploads\/2024\/05\/WhatsApp-Image-2024-05-08-at-15.05.50-960x500-1.jpeg","type":"image\/jpeg"}],"author":"Reda\u00e7\u00e3o","twitter_card":"summary_large_image","twitter_misc":{"Escrito por":"Reda\u00e7\u00e3o","Tempo estimado de leitura":"1 minuto"},"schema":{"@context":"https:\/\/schema.org","@graph":[{"@type":"Article","@id":"https:\/\/brasilnoticias.org\/site\/apos-audiencia-de-custodia-homem-que-atropelou-policiais-militares-em-salvador-e-liberado\/#article","isPartOf":{"@id":"https:\/\/brasilnoticias.org\/site\/apos-audiencia-de-custodia-homem-que-atropelou-policiais-militares-em-salvador-e-liberado\/"},"author":{"name":"Reda\u00e7\u00e3o","@id":"https:\/\/brasilnoticias.org\/site\/#\/schema\/person\/03bbbfe6c7634ad18c26444ea39049fa"},"headline":"Ap\u00f3s audi\u00eancia de cust\u00f3dia, homem que atropelou policiais militares em Salvador \u00e9 liberado","datePublished":"2024-05-08T21:40:26+00:00","mainEntityOfPage":{"@id":"https:\/\/brasilnoticias.org\/site\/apos-audiencia-de-custodia-homem-que-atropelou-policiais-militares-em-salvador-e-liberado\/"},"wordCount":205,"commentCount":0,"publisher":{"@id":"https:\/\/brasilnoticias.org\/site\/#organization"},"image":{"@id":"https:\/\/brasilnoticias.org\/site\/apos-audiencia-de-custodia-homem-que-atropelou-policiais-militares-em-salvador-e-liberado\/#primaryimage"},"thumbnailUrl":"https:\/\/brasilnoticias.org\/site\/wp-content\/uploads\/2024\/05\/WhatsApp-Image-2024-05-08-at-15.05.50-960x500-1.jpeg","articleSection":["Justi\u00e7a","\u00daltimas"],"inLanguage":"pt-PT","potentialAction":[{"@type":"CommentAction","name":"Comment","target":["https:\/\/brasilnoticias.org\/site\/apos-audiencia-de-custodia-homem-que-atropelou-policiais-militares-em-salvador-e-liberado\/#respond"]}]},{"@type":"WebPage","@id":"https:\/\/brasilnoticias.org\/site\/apos-audiencia-de-custodia-homem-que-atropelou-policiais-militares-em-salvador-e-liberado\/","url":"https:\/\/brasilnoticias.org\/site\/apos-audiencia-de-custodia-homem-que-atropelou-policiais-militares-em-salvador-e-liberado\/","name":"Ap\u00f3s audi\u00eancia de cust\u00f3dia, homem que atropelou policiais militares em Salvador \u00e9 liberado - Brasil not\u00edcias","isPartOf":{"@id":"https:\/\/brasilnoticias.org\/site\/#website"},"primaryImageOfPage":{"@id":"https:\/\/brasilnoticias.org\/site\/apos-audiencia-de-custodia-homem-que-atropelou-policiais-militares-em-salvador-e-liberado\/#primaryimage"},"image":{"@id":"https:\/\/brasilnoticias.org\/site\/apos-audiencia-de-custodia-homem-que-atropelou-policiais-militares-em-salvador-e-liberado\/#primaryimage"},"thumbnailUrl":"https:\/\/brasilnoticias.org\/site\/wp-content\/uploads\/2024\/05\/WhatsApp-Image-2024-05-08-at-15.05.50-960x500-1.jpeg","datePublished":"2024-05-08T21:40:26+00:00","breadcrumb":{"@id":"https:\/\/brasilnoticias.org\/site\/apos-audiencia-de-custodia-homem-que-atropelou-policiais-militares-em-salvador-e-liberado\/#breadcrumb"},"inLanguage":"pt-PT","potentialAction":[{"@type":"ReadAction","target":["https:\/\/brasilnoticias.org\/site\/apos-audiencia-de-custodia-homem-que-atropelou-policiais-militares-em-salvador-e-liberado\/"]}]},{"@type":"ImageObject","inLanguage":"pt-PT","@id":"https:\/\/brasilnoticias.org\/site\/apos-audiencia-de-custodia-homem-que-atropelou-policiais-militares-em-salvador-e-liberado\/#primaryimage","url":"https:\/\/brasilnoticias.org\/site\/wp-content\/uploads\/2024\/05\/WhatsApp-Image-2024-05-08-at-15.05.50-960x500-1.jpeg","contentUrl":"https:\/\/brasilnoticias.org\/site\/wp-content\/uploads\/2024\/05\/WhatsApp-Image-2024-05-08-at-15.05.50-960x500-1.jpeg","width":960,"height":500},{"@type":"BreadcrumbList","@id":"https:\/\/brasilnoticias.org\/site\/apos-audiencia-de-custodia-homem-que-atropelou-policiais-militares-em-salvador-e-liberado\/#breadcrumb","itemListElement":[{"@type":"ListItem","position":1,"name":"In\u00edcio","item":"https:\/\/brasilnoticias.org\/site\/"},{"@type":"ListItem","position":2,"name":"Ap\u00f3s audi\u00eancia de cust\u00f3dia, homem que atropelou policiais militares em Salvador \u00e9 liberado"}]},{"@type":"WebSite","@id":"https:\/\/brasilnoticias.org\/site\/#website","url":"https:\/\/brasilnoticias.org\/site\/","name":"Brasil not\u00edcias","description":"Brasil not\u00edcias","publisher":{"@id":"https:\/\/brasilnoticias.org\/site\/#organization"},"potentialAction":[{"@type":"SearchAction","target":{"@type":"EntryPoint","urlTemplate":"https:\/\/brasilnoticias.org\/site\/?s={search_term_string}"},"query-input":{"@type":"PropertyValueSpecification","valueRequired":true,"valueName":"search_term_string"}}],"inLanguage":"pt-PT"},{"@type":"Organization","@id":"https:\/\/brasilnoticias.org\/site\/#organization","name":"Brasil not\u00edcias","url":"https:\/\/brasilnoticias.org\/site\/","logo":{"@type":"ImageObject","inLanguage":"pt-PT","@id":"https:\/\/brasilnoticias.org\/site\/#\/schema\/logo\/image\/","url":"https:\/\/brasilnoticias.org\/site\/wp-content\/uploads\/2022\/05\/cropped-brasilnoticias-mini.jpg","contentUrl":"https:\/\/brasilnoticias.org\/site\/wp-content\/uploads\/2022\/05\/cropped-brasilnoticias-mini.jpg","width":314,"height":86,"caption":"Brasil not\u00edcias"},"image":{"@id":"https:\/\/brasilnoticias.org\/site\/#\/schema\/logo\/image\/"}},{"@type":"Person","@id":"https:\/\/brasilnoticias.org\/site\/#\/schema\/person\/03bbbfe6c7634ad18c26444ea39049fa","name":"Reda\u00e7\u00e3o","image":{"@type":"ImageObject","inLanguage":"pt-PT","@id":"https:\/\/brasilnoticias.org\/site\/#\/schema\/person\/image\/","url":"https:\/\/secure.gravatar.com\/avatar\/9ecaf7327a696cb23ad926fedded5f1f04d7049de9e445375d55b48c001a6e42?s=96&d=mm&r=g","contentUrl":"https:\/\/secure.gravatar.com\/avatar\/9ecaf7327a696cb23ad926fedded5f1f04d7049de9e445375d55b48c001a6e42?s=96&d=mm&r=g","caption":"Reda\u00e7\u00e3o"},"url":"https:\/\/brasilnoticias.org\/site\/author\/henrique\/"}]}},"_links":{"self":[{"href":"https:\/\/brasilnoticias.org\/site\/wp-json\/wp\/v2\/posts\/13999","targetHints":{"allow":["GET"]}}],"collection":[{"href":"https:\/\/brasilnoticias.org\/site\/wp-json\/wp\/v2\/posts"}],"about":[{"href":"https:\/\/brasilnoticias.org\/site\/wp-json\/wp\/v2\/types\/post"}],"author":[{"embeddable":true,"href":"https:\/\/brasilnoticias.org\/site\/wp-json\/wp\/v2\/users\/4"}],"replies":[{"embeddable":true,"href":"https:\/\/brasilnoticias.org\/site\/wp-json\/wp\/v2\/comments?post=13999"}],"version-history":[{"count":1,"href":"https:\/\/brasilnoticias.org\/site\/wp-json\/wp\/v2\/posts\/13999\/revisions"}],"predecessor-version":[{"id":14001,"href":"https:\/\/brasilnoticias.org\/site\/wp-json\/wp\/v2\/posts\/13999\/revisions\/14001"}],"wp:featuredmedia":[{"embeddable":true,"href":"https:\/\/brasilnoticias.org\/site\/wp-json\/wp\/v2\/media\/14000"}],"wp:attachment":[{"href":"https:\/\/brasilnoticias.org\/site\/wp-json\/wp\/v2\/media?parent=13999"}],"wp:term":[{"taxonomy":"category","embeddable":true,"href":"https:\/\/brasilnoticias.org\/site\/wp-json\/wp\/v2\/categories?post=13999"},{"taxonomy":"post_tag","embeddable":true,"href":"https:\/\/brasilnoticias.org\/site\/wp-json\/wp\/v2\/tags?post=13999"}],"curies":[{"name":"wp","href":"https:\/\/api.w.org\/{rel}","templated":true}]}}