{"id":14020,"date":"2024-05-09T15:35:10","date_gmt":"2024-05-09T18:35:10","guid":{"rendered":"https:\/\/brasilnoticias.org\/site\/?p=14020"},"modified":"2024-05-09T15:35:10","modified_gmt":"2024-05-09T18:35:10","slug":"trafego-na-br324-sera-alterado-para-obra-de-duplicacao-de-adutora","status":"publish","type":"post","link":"https:\/\/brasilnoticias.org\/site\/trafego-na-br324-sera-alterado-para-obra-de-duplicacao-de-adutora\/","title":{"rendered":"Tr\u00e1fego na BR324 ser\u00e1 alterado para obra de duplica\u00e7\u00e3o de adutora"},"content":{"rendered":"<p>Uma das sa\u00eddas do bairro de \u00c1guas Claras para a BR-324 vai mudar de lugar temporariamente<\/p>\n<p>Para permitir a continuidade da obra de duplica\u00e7\u00e3o da adutora principal de \u00e1gua tratada, haver\u00e1 uma altera\u00e7\u00e3o tempor\u00e1ria no tr\u00e1fego da BR-324 a partir desta segunda-feira (13). A sa\u00edda do bairro de \u00c1guas Claras para a BR-324, na altura do Km 616, sentido Feira de Santana, ser\u00e1 fechada temporariamente. Os motoristas poder\u00e3o acessar a BR-324 por meio de um novo acesso, que ser\u00e1 aberto cerca de 500 metros antes do existente.<\/p>\n<p>J\u00e1 para acessar o bairro de \u00c1guas Claras, os ve\u00edculos dever\u00e3o utilizar a sa\u00edda 616, localizada cerca de 1,5 quil\u00f4metros do acesso utilizado hoje. A mudan\u00e7a no tr\u00e1fego, realizada pela Embasa, contar\u00e1 com sinaliza\u00e7\u00e3o local conforme o padr\u00e3o exigido pela legisla\u00e7\u00e3o de tr\u00e2nsito e orienta\u00e7\u00e3o da VIABAHIA e PRF.<\/p>\n<p>Essa altera\u00e7\u00e3o ser\u00e1 necess\u00e1ria at\u00e9 a conclus\u00e3o desse trecho da obra, que implantar\u00e1 uma tubula\u00e7\u00e3o de 2,1 metro de di\u00e2metro e tem previs\u00e3o de conclus\u00e3o em 60 dias. \u201cSabemos que qualquer interven\u00e7\u00e3o em uma rodovia do porte da BR-324 gera impacto e estamos trabalhando junto com a VIABAHIA e a Pol\u00edcia Rodovi\u00e1ria Federal \u2013 PRF, para informar adequadamente aos usu\u00e1rios da rodovia sobre esta modifica\u00e7\u00e3o&#8221;, afirma o presidente da Embasa, Leonardo G\u00f3es. \u201cNossas equipes est\u00e3o empenhadas em concluir esse trecho com rapidez, para que o impacto seja o menor poss\u00edvel e a obra de duplica\u00e7\u00e3o da adutora possa prosseguir\u201d.<\/p>\n<p><img loading=\"lazy\" decoding=\"async\" src=\"http:\/\/massanoticias.com.br\/wp-content\/uploads\/2024\/05\/6a9982ed-510b-4020-88d2-64ee3ff62791-300x225.jpg\" alt=\"\" width=\"300\" height=\"225\" class=\"alignnone size-medium wp-image-13641\" \/><\/p>\n<p>Cr\u00e9dito das fotos: Divulga\u00e7\u00e3o Conder<\/p>\n","protected":false},"excerpt":{"rendered":"<p>Uma das sa\u00eddas do bairro de \u00c1guas Claras para a BR-324 vai mudar de lugar temporariamente Para permitir a continuidade<\/p>\n","protected":false},"author":4,"featured_media":14021,"comment_status":"open","ping_status":"open","sticky":false,"template":"","format":"standard","meta":{"colormag_page_container_layout":"default_layout","colormag_page_sidebar_layout":"default_layout","_FSMCFIC_featured_image_caption":"","_FSMCFIC_featured_image_nocaption":"","_FSMCFIC_featured_image_hide":"","footnotes":""},"categories":[2,1],"tags":[],"class_list":["post-14020","post","type-post","status-publish","format-standard","has-post-thumbnail","hentry","category-noticias","category-ultimas"],"yoast_head":"<!-- This site is optimized with the Yoast SEO plugin v27.1.1 - https:\/\/yoast.com\/product\/yoast-seo-wordpress\/ -->\n<title>Tr\u00e1fego na BR324 ser\u00e1 alterado para obra de duplica\u00e7\u00e3o de adutora - Brasil not\u00edcias<\/title>\n<meta name=\"robots\" content=\"index, follow, max-snippet:-1, max-image-preview:large, max-video-preview:-1\" \/>\n<link rel=\"canonical\" href=\"https:\/\/brasilnoticias.org\/site\/trafego-na-br324-sera-alterado-para-obra-de-duplicacao-de-adutora\/\" \/>\n<meta property=\"og:locale\" content=\"pt_PT\" \/>\n<meta property=\"og:type\" content=\"article\" \/>\n<meta property=\"og:title\" content=\"Tr\u00e1fego na BR324 ser\u00e1 alterado para obra de duplica\u00e7\u00e3o de adutora - Brasil not\u00edcias\" \/>\n<meta property=\"og:description\" content=\"Uma das sa\u00eddas do bairro de \u00c1guas Claras para a BR-324 vai mudar de lugar temporariamente Para permitir a continuidade\" \/>\n<meta property=\"og:url\" content=\"https:\/\/brasilnoticias.org\/site\/trafego-na-br324-sera-alterado-para-obra-de-duplicacao-de-adutora\/\" \/>\n<meta property=\"og:site_name\" content=\"Brasil not\u00edcias\" \/>\n<meta property=\"article:published_time\" content=\"2024-05-09T18:35:10+00:00\" \/>\n<meta property=\"og:image\" content=\"https:\/\/brasilnoticias.org\/site\/wp-content\/uploads\/2024\/05\/9eff3c42-056e-42c4-9e8a-6c4d38d4de0d.jpg\" \/>\n\t<meta property=\"og:image:width\" content=\"768\" \/>\n\t<meta property=\"og:image:height\" content=\"575\" \/>\n\t<meta property=\"og:image:type\" content=\"image\/jpeg\" \/>\n<meta name=\"author\" content=\"Reda\u00e7\u00e3o\" \/>\n<meta name=\"twitter:card\" content=\"summary_large_image\" \/>\n<meta name=\"twitter:label1\" content=\"Escrito por\" \/>\n\t<meta name=\"twitter:data1\" content=\"Reda\u00e7\u00e3o\" \/>\n<script type=\"application\/ld+json\" class=\"yoast-schema-graph\">{\"@context\":\"https:\/\/schema.org\",\"@graph\":[{\"@type\":\"Article\",\"@id\":\"https:\/\/brasilnoticias.org\/site\/trafego-na-br324-sera-alterado-para-obra-de-duplicacao-de-adutora\/#article\",\"isPartOf\":{\"@id\":\"https:\/\/brasilnoticias.org\/site\/trafego-na-br324-sera-alterado-para-obra-de-duplicacao-de-adutora\/\"},\"author\":{\"name\":\"Reda\u00e7\u00e3o\",\"@id\":\"https:\/\/brasilnoticias.org\/site\/#\/schema\/person\/03bbbfe6c7634ad18c26444ea39049fa\"},\"headline\":\"Tr\u00e1fego na BR324 ser\u00e1 alterado para obra de duplica\u00e7\u00e3o de adutora\",\"datePublished\":\"2024-05-09T18:35:10+00:00\",\"mainEntityOfPage\":{\"@id\":\"https:\/\/brasilnoticias.org\/site\/trafego-na-br324-sera-alterado-para-obra-de-duplicacao-de-adutora\/\"},\"wordCount\":281,\"commentCount\":0,\"publisher\":{\"@id\":\"https:\/\/brasilnoticias.org\/site\/#organization\"},\"image\":{\"@id\":\"https:\/\/brasilnoticias.org\/site\/trafego-na-br324-sera-alterado-para-obra-de-duplicacao-de-adutora\/#primaryimage\"},\"thumbnailUrl\":\"https:\/\/brasilnoticias.org\/site\/wp-content\/uploads\/2024\/05\/9eff3c42-056e-42c4-9e8a-6c4d38d4de0d.jpg\",\"articleSection\":[\"Not\u00edcias\",\"\u00daltimas\"],\"inLanguage\":\"pt-PT\",\"potentialAction\":[{\"@type\":\"CommentAction\",\"name\":\"Comment\",\"target\":[\"https:\/\/brasilnoticias.org\/site\/trafego-na-br324-sera-alterado-para-obra-de-duplicacao-de-adutora\/#respond\"]}]},{\"@type\":\"WebPage\",\"@id\":\"https:\/\/brasilnoticias.org\/site\/trafego-na-br324-sera-alterado-para-obra-de-duplicacao-de-adutora\/\",\"url\":\"https:\/\/brasilnoticias.org\/site\/trafego-na-br324-sera-alterado-para-obra-de-duplicacao-de-adutora\/\",\"name\":\"Tr\u00e1fego na BR324 ser\u00e1 alterado para obra de duplica\u00e7\u00e3o de adutora - Brasil not\u00edcias\",\"isPartOf\":{\"@id\":\"https:\/\/brasilnoticias.org\/site\/#website\"},\"primaryImageOfPage\":{\"@id\":\"https:\/\/brasilnoticias.org\/site\/trafego-na-br324-sera-alterado-para-obra-de-duplicacao-de-adutora\/#primaryimage\"},\"image\":{\"@id\":\"https:\/\/brasilnoticias.org\/site\/trafego-na-br324-sera-alterado-para-obra-de-duplicacao-de-adutora\/#primaryimage\"},\"thumbnailUrl\":\"https:\/\/brasilnoticias.org\/site\/wp-content\/uploads\/2024\/05\/9eff3c42-056e-42c4-9e8a-6c4d38d4de0d.jpg\",\"datePublished\":\"2024-05-09T18:35:10+00:00\",\"breadcrumb\":{\"@id\":\"https:\/\/brasilnoticias.org\/site\/trafego-na-br324-sera-alterado-para-obra-de-duplicacao-de-adutora\/#breadcrumb\"},\"inLanguage\":\"pt-PT\",\"potentialAction\":[{\"@type\":\"ReadAction\",\"target\":[\"https:\/\/brasilnoticias.org\/site\/trafego-na-br324-sera-alterado-para-obra-de-duplicacao-de-adutora\/\"]}]},{\"@type\":\"ImageObject\",\"inLanguage\":\"pt-PT\",\"@id\":\"https:\/\/brasilnoticias.org\/site\/trafego-na-br324-sera-alterado-para-obra-de-duplicacao-de-adutora\/#primaryimage\",\"url\":\"https:\/\/brasilnoticias.org\/site\/wp-content\/uploads\/2024\/05\/9eff3c42-056e-42c4-9e8a-6c4d38d4de0d.jpg\",\"contentUrl\":\"https:\/\/brasilnoticias.org\/site\/wp-content\/uploads\/2024\/05\/9eff3c42-056e-42c4-9e8a-6c4d38d4de0d.jpg\",\"width\":768,\"height\":575},{\"@type\":\"BreadcrumbList\",\"@id\":\"https:\/\/brasilnoticias.org\/site\/trafego-na-br324-sera-alterado-para-obra-de-duplicacao-de-adutora\/#breadcrumb\",\"itemListElement\":[{\"@type\":\"ListItem\",\"position\":1,\"name\":\"In\u00edcio\",\"item\":\"https:\/\/brasilnoticias.org\/site\/\"},{\"@type\":\"ListItem\",\"position\":2,\"name\":\"Tr\u00e1fego na BR324 ser\u00e1 alterado para obra de duplica\u00e7\u00e3o de adutora\"}]},{\"@type\":\"WebSite\",\"@id\":\"https:\/\/brasilnoticias.org\/site\/#website\",\"url\":\"https:\/\/brasilnoticias.org\/site\/\",\"name\":\"Brasil not\u00edcias\",\"description\":\"Brasil not\u00edcias\",\"publisher\":{\"@id\":\"https:\/\/brasilnoticias.org\/site\/#organization\"},\"potentialAction\":[{\"@type\":\"SearchAction\",\"target\":{\"@type\":\"EntryPoint\",\"urlTemplate\":\"https:\/\/brasilnoticias.org\/site\/?s={search_term_string}\"},\"query-input\":{\"@type\":\"PropertyValueSpecification\",\"valueRequired\":true,\"valueName\":\"search_term_string\"}}],\"inLanguage\":\"pt-PT\"},{\"@type\":\"Organization\",\"@id\":\"https:\/\/brasilnoticias.org\/site\/#organization\",\"name\":\"Brasil not\u00edcias\",\"url\":\"https:\/\/brasilnoticias.org\/site\/\",\"logo\":{\"@type\":\"ImageObject\",\"inLanguage\":\"pt-PT\",\"@id\":\"https:\/\/brasilnoticias.org\/site\/#\/schema\/logo\/image\/\",\"url\":\"https:\/\/brasilnoticias.org\/site\/wp-content\/uploads\/2022\/05\/cropped-brasilnoticias-mini.jpg\",\"contentUrl\":\"https:\/\/brasilnoticias.org\/site\/wp-content\/uploads\/2022\/05\/cropped-brasilnoticias-mini.jpg\",\"width\":314,\"height\":86,\"caption\":\"Brasil not\u00edcias\"},\"image\":{\"@id\":\"https:\/\/brasilnoticias.org\/site\/#\/schema\/logo\/image\/\"}},{\"@type\":\"Person\",\"@id\":\"https:\/\/brasilnoticias.org\/site\/#\/schema\/person\/03bbbfe6c7634ad18c26444ea39049fa\",\"name\":\"Reda\u00e7\u00e3o\",\"image\":{\"@type\":\"ImageObject\",\"inLanguage\":\"pt-PT\",\"@id\":\"https:\/\/brasilnoticias.org\/site\/#\/schema\/person\/image\/\",\"url\":\"https:\/\/secure.gravatar.com\/avatar\/9ecaf7327a696cb23ad926fedded5f1f04d7049de9e445375d55b48c001a6e42?s=96&d=mm&r=g\",\"contentUrl\":\"https:\/\/secure.gravatar.com\/avatar\/9ecaf7327a696cb23ad926fedded5f1f04d7049de9e445375d55b48c001a6e42?s=96&d=mm&r=g\",\"caption\":\"Reda\u00e7\u00e3o\"},\"url\":\"https:\/\/brasilnoticias.org\/site\/author\/henrique\/\"}]}<\/script>\n<!-- \/ Yoast SEO plugin. -->","yoast_head_json":{"title":"Tr\u00e1fego na BR324 ser\u00e1 alterado para obra de duplica\u00e7\u00e3o de adutora - Brasil not\u00edcias","robots":{"index":"index","follow":"follow","max-snippet":"max-snippet:-1","max-image-preview":"max-image-preview:large","max-video-preview":"max-video-preview:-1"},"canonical":"https:\/\/brasilnoticias.org\/site\/trafego-na-br324-sera-alterado-para-obra-de-duplicacao-de-adutora\/","og_locale":"pt_PT","og_type":"article","og_title":"Tr\u00e1fego na BR324 ser\u00e1 alterado para obra de duplica\u00e7\u00e3o de adutora - Brasil not\u00edcias","og_description":"Uma das sa\u00eddas do bairro de \u00c1guas Claras para a BR-324 vai mudar de lugar temporariamente Para permitir a continuidade","og_url":"https:\/\/brasilnoticias.org\/site\/trafego-na-br324-sera-alterado-para-obra-de-duplicacao-de-adutora\/","og_site_name":"Brasil not\u00edcias","article_published_time":"2024-05-09T18:35:10+00:00","og_image":[{"width":768,"height":575,"url":"https:\/\/brasilnoticias.org\/site\/wp-content\/uploads\/2024\/05\/9eff3c42-056e-42c4-9e8a-6c4d38d4de0d.jpg","type":"image\/jpeg"}],"author":"Reda\u00e7\u00e3o","twitter_card":"summary_large_image","twitter_misc":{"Escrito por":"Reda\u00e7\u00e3o"},"schema":{"@context":"https:\/\/schema.org","@graph":[{"@type":"Article","@id":"https:\/\/brasilnoticias.org\/site\/trafego-na-br324-sera-alterado-para-obra-de-duplicacao-de-adutora\/#article","isPartOf":{"@id":"https:\/\/brasilnoticias.org\/site\/trafego-na-br324-sera-alterado-para-obra-de-duplicacao-de-adutora\/"},"author":{"name":"Reda\u00e7\u00e3o","@id":"https:\/\/brasilnoticias.org\/site\/#\/schema\/person\/03bbbfe6c7634ad18c26444ea39049fa"},"headline":"Tr\u00e1fego na BR324 ser\u00e1 alterado para obra de duplica\u00e7\u00e3o de adutora","datePublished":"2024-05-09T18:35:10+00:00","mainEntityOfPage":{"@id":"https:\/\/brasilnoticias.org\/site\/trafego-na-br324-sera-alterado-para-obra-de-duplicacao-de-adutora\/"},"wordCount":281,"commentCount":0,"publisher":{"@id":"https:\/\/brasilnoticias.org\/site\/#organization"},"image":{"@id":"https:\/\/brasilnoticias.org\/site\/trafego-na-br324-sera-alterado-para-obra-de-duplicacao-de-adutora\/#primaryimage"},"thumbnailUrl":"https:\/\/brasilnoticias.org\/site\/wp-content\/uploads\/2024\/05\/9eff3c42-056e-42c4-9e8a-6c4d38d4de0d.jpg","articleSection":["Not\u00edcias","\u00daltimas"],"inLanguage":"pt-PT","potentialAction":[{"@type":"CommentAction","name":"Comment","target":["https:\/\/brasilnoticias.org\/site\/trafego-na-br324-sera-alterado-para-obra-de-duplicacao-de-adutora\/#respond"]}]},{"@type":"WebPage","@id":"https:\/\/brasilnoticias.org\/site\/trafego-na-br324-sera-alterado-para-obra-de-duplicacao-de-adutora\/","url":"https:\/\/brasilnoticias.org\/site\/trafego-na-br324-sera-alterado-para-obra-de-duplicacao-de-adutora\/","name":"Tr\u00e1fego na BR324 ser\u00e1 alterado para obra de duplica\u00e7\u00e3o de adutora - Brasil not\u00edcias","isPartOf":{"@id":"https:\/\/brasilnoticias.org\/site\/#website"},"primaryImageOfPage":{"@id":"https:\/\/brasilnoticias.org\/site\/trafego-na-br324-sera-alterado-para-obra-de-duplicacao-de-adutora\/#primaryimage"},"image":{"@id":"https:\/\/brasilnoticias.org\/site\/trafego-na-br324-sera-alterado-para-obra-de-duplicacao-de-adutora\/#primaryimage"},"thumbnailUrl":"https:\/\/brasilnoticias.org\/site\/wp-content\/uploads\/2024\/05\/9eff3c42-056e-42c4-9e8a-6c4d38d4de0d.jpg","datePublished":"2024-05-09T18:35:10+00:00","breadcrumb":{"@id":"https:\/\/brasilnoticias.org\/site\/trafego-na-br324-sera-alterado-para-obra-de-duplicacao-de-adutora\/#breadcrumb"},"inLanguage":"pt-PT","potentialAction":[{"@type":"ReadAction","target":["https:\/\/brasilnoticias.org\/site\/trafego-na-br324-sera-alterado-para-obra-de-duplicacao-de-adutora\/"]}]},{"@type":"ImageObject","inLanguage":"pt-PT","@id":"https:\/\/brasilnoticias.org\/site\/trafego-na-br324-sera-alterado-para-obra-de-duplicacao-de-adutora\/#primaryimage","url":"https:\/\/brasilnoticias.org\/site\/wp-content\/uploads\/2024\/05\/9eff3c42-056e-42c4-9e8a-6c4d38d4de0d.jpg","contentUrl":"https:\/\/brasilnoticias.org\/site\/wp-content\/uploads\/2024\/05\/9eff3c42-056e-42c4-9e8a-6c4d38d4de0d.jpg","width":768,"height":575},{"@type":"BreadcrumbList","@id":"https:\/\/brasilnoticias.org\/site\/trafego-na-br324-sera-alterado-para-obra-de-duplicacao-de-adutora\/#breadcrumb","itemListElement":[{"@type":"ListItem","position":1,"name":"In\u00edcio","item":"https:\/\/brasilnoticias.org\/site\/"},{"@type":"ListItem","position":2,"name":"Tr\u00e1fego na BR324 ser\u00e1 alterado para obra de duplica\u00e7\u00e3o de adutora"}]},{"@type":"WebSite","@id":"https:\/\/brasilnoticias.org\/site\/#website","url":"https:\/\/brasilnoticias.org\/site\/","name":"Brasil not\u00edcias","description":"Brasil not\u00edcias","publisher":{"@id":"https:\/\/brasilnoticias.org\/site\/#organization"},"potentialAction":[{"@type":"SearchAction","target":{"@type":"EntryPoint","urlTemplate":"https:\/\/brasilnoticias.org\/site\/?s={search_term_string}"},"query-input":{"@type":"PropertyValueSpecification","valueRequired":true,"valueName":"search_term_string"}}],"inLanguage":"pt-PT"},{"@type":"Organization","@id":"https:\/\/brasilnoticias.org\/site\/#organization","name":"Brasil not\u00edcias","url":"https:\/\/brasilnoticias.org\/site\/","logo":{"@type":"ImageObject","inLanguage":"pt-PT","@id":"https:\/\/brasilnoticias.org\/site\/#\/schema\/logo\/image\/","url":"https:\/\/brasilnoticias.org\/site\/wp-content\/uploads\/2022\/05\/cropped-brasilnoticias-mini.jpg","contentUrl":"https:\/\/brasilnoticias.org\/site\/wp-content\/uploads\/2022\/05\/cropped-brasilnoticias-mini.jpg","width":314,"height":86,"caption":"Brasil not\u00edcias"},"image":{"@id":"https:\/\/brasilnoticias.org\/site\/#\/schema\/logo\/image\/"}},{"@type":"Person","@id":"https:\/\/brasilnoticias.org\/site\/#\/schema\/person\/03bbbfe6c7634ad18c26444ea39049fa","name":"Reda\u00e7\u00e3o","image":{"@type":"ImageObject","inLanguage":"pt-PT","@id":"https:\/\/brasilnoticias.org\/site\/#\/schema\/person\/image\/","url":"https:\/\/secure.gravatar.com\/avatar\/9ecaf7327a696cb23ad926fedded5f1f04d7049de9e445375d55b48c001a6e42?s=96&d=mm&r=g","contentUrl":"https:\/\/secure.gravatar.com\/avatar\/9ecaf7327a696cb23ad926fedded5f1f04d7049de9e445375d55b48c001a6e42?s=96&d=mm&r=g","caption":"Reda\u00e7\u00e3o"},"url":"https:\/\/brasilnoticias.org\/site\/author\/henrique\/"}]}},"_links":{"self":[{"href":"https:\/\/brasilnoticias.org\/site\/wp-json\/wp\/v2\/posts\/14020","targetHints":{"allow":["GET"]}}],"collection":[{"href":"https:\/\/brasilnoticias.org\/site\/wp-json\/wp\/v2\/posts"}],"about":[{"href":"https:\/\/brasilnoticias.org\/site\/wp-json\/wp\/v2\/types\/post"}],"author":[{"embeddable":true,"href":"https:\/\/brasilnoticias.org\/site\/wp-json\/wp\/v2\/users\/4"}],"replies":[{"embeddable":true,"href":"https:\/\/brasilnoticias.org\/site\/wp-json\/wp\/v2\/comments?post=14020"}],"version-history":[{"count":1,"href":"https:\/\/brasilnoticias.org\/site\/wp-json\/wp\/v2\/posts\/14020\/revisions"}],"predecessor-version":[{"id":14022,"href":"https:\/\/brasilnoticias.org\/site\/wp-json\/wp\/v2\/posts\/14020\/revisions\/14022"}],"wp:featuredmedia":[{"embeddable":true,"href":"https:\/\/brasilnoticias.org\/site\/wp-json\/wp\/v2\/media\/14021"}],"wp:attachment":[{"href":"https:\/\/brasilnoticias.org\/site\/wp-json\/wp\/v2\/media?parent=14020"}],"wp:term":[{"taxonomy":"category","embeddable":true,"href":"https:\/\/brasilnoticias.org\/site\/wp-json\/wp\/v2\/categories?post=14020"},{"taxonomy":"post_tag","embeddable":true,"href":"https:\/\/brasilnoticias.org\/site\/wp-json\/wp\/v2\/tags?post=14020"}],"curies":[{"name":"wp","href":"https:\/\/api.w.org\/{rel}","templated":true}]}}