{"id":14023,"date":"2024-05-10T20:43:30","date_gmt":"2024-05-10T23:43:30","guid":{"rendered":"https:\/\/brasilnoticias.org\/site\/?p=14023"},"modified":"2024-05-10T20:43:30","modified_gmt":"2024-05-10T23:43:30","slug":"em-visita-a-bahia-lula-agradece-aos-brasileiros-pela-solidariedade-frente-a-tragedia-no-rs","status":"publish","type":"post","link":"https:\/\/brasilnoticias.org\/site\/em-visita-a-bahia-lula-agradece-aos-brasileiros-pela-solidariedade-frente-a-tragedia-no-rs\/","title":{"rendered":"Em visita \u00e0 Bahia, Lula agradece aos brasileiros pela solidariedade frente \u00e0 trag\u00e9dia no RS"},"content":{"rendered":"<p>Durante o discurso, Lula pediu um minuto de sil\u00eancio em solidariedade \u00e0s pessoas que perderam familiares nas enchentes<\/p>\n<p>O presidente Luiz In\u00e1cio Lula da Silva (PT) desembarcou na tarde desta sexta-feira (10) na Bahia. O mandat\u00e1rio participou da cerim\u00f4nia de inaugura\u00e7\u00e3o do Hospital Estadual Costa das Baleias e do novo pr\u00e9dio do campus da UFSB, em Teixeira de Freitas.<\/p>\n<p>O mandat\u00e1rio estava acompanhado pelo governador Jer\u00f4nimo Rodrigues (PT), pelos ministros da Casa Civil, Rui Costa, da Sa\u00fade, N\u00edsia Trindade, e da Educa\u00e7\u00e3o, Camilo Santana, al\u00e9m da primeira-dama Janja da Silva.<\/p>\n<p>Durante o discurso, Lula pediu um minuto de sil\u00eancio em solidariedade \u00e0s pessoas que perderam familiares nas enchentes do Rio Grande do Sul. \u201cEu queria pedir um minuto de sil\u00eancio em solidariedade \u00e0s pessoas que perderam familiares nas enchentes do Rio Grande do Sul, em segundo lugar para as pessoas que est\u00e3o desaparecidas e em terceiro lugar para milhares de ga\u00fachos que est\u00e3o fora das suas casas por conta de uma cat\u00e1strofe ambiental\u201d, iniciou o petista.<\/p>\n<p>Lula expressou sua admira\u00e7\u00e3o pela solidariedade e compaix\u00e3o demonstradas pelo povo brasileiro diante das enchentes no Rio Grande do Sul. Ele destacou que nunca havia testemunhado tamanho apoio.<\/p>\n<p>&#8220;Eu nunca vi tanta solidariedade e tanta compaix\u00e3o como estou vendo agora do povo brasileiro ajudando de corpo e alma, cada pessoa que est\u00e1 desesperada com o volume de chuva que at\u00e9 ent\u00e3o a gente desconhecia. Obrigado Bahia e Nordeste brasileiro pelo apoio que voc\u00eas est\u00e3o dando\u201d, acrescentou. <\/p>\n<p>Foto: Ricardo Stuckert \/ PR<br \/>\nPor: Metro1 <\/p>\n","protected":false},"excerpt":{"rendered":"<p>Durante o discurso, Lula pediu um minuto de sil\u00eancio em solidariedade \u00e0s pessoas que perderam familiares nas enchentes O presidente<\/p>\n","protected":false},"author":4,"featured_media":14024,"comment_status":"open","ping_status":"open","sticky":false,"template":"","format":"standard","meta":{"colormag_page_container_layout":"default_layout","colormag_page_sidebar_layout":"default_layout","_FSMCFIC_featured_image_caption":"","_FSMCFIC_featured_image_nocaption":"","_FSMCFIC_featured_image_hide":"","footnotes":""},"categories":[5,1],"tags":[],"class_list":["post-14023","post","type-post","status-publish","format-standard","has-post-thumbnail","hentry","category-politica","category-ultimas"],"yoast_head":"<!-- This site is optimized with the Yoast SEO plugin v27.1.1 - https:\/\/yoast.com\/product\/yoast-seo-wordpress\/ -->\n<title>Em visita \u00e0 Bahia, Lula agradece aos brasileiros pela solidariedade frente \u00e0 trag\u00e9dia no RS - Brasil not\u00edcias<\/title>\n<meta name=\"robots\" content=\"index, follow, max-snippet:-1, max-image-preview:large, max-video-preview:-1\" \/>\n<link rel=\"canonical\" href=\"https:\/\/brasilnoticias.org\/site\/em-visita-a-bahia-lula-agradece-aos-brasileiros-pela-solidariedade-frente-a-tragedia-no-rs\/\" \/>\n<meta property=\"og:locale\" content=\"pt_PT\" \/>\n<meta property=\"og:type\" content=\"article\" \/>\n<meta property=\"og:title\" content=\"Em visita \u00e0 Bahia, Lula agradece aos brasileiros pela solidariedade frente \u00e0 trag\u00e9dia no RS - Brasil not\u00edcias\" \/>\n<meta property=\"og:description\" content=\"Durante o discurso, Lula pediu um minuto de sil\u00eancio em solidariedade \u00e0s pessoas que perderam familiares nas enchentes O presidente\" \/>\n<meta property=\"og:url\" content=\"https:\/\/brasilnoticias.org\/site\/em-visita-a-bahia-lula-agradece-aos-brasileiros-pela-solidariedade-frente-a-tragedia-no-rs\/\" \/>\n<meta property=\"og:site_name\" content=\"Brasil not\u00edcias\" \/>\n<meta property=\"article:published_time\" content=\"2024-05-10T23:43:30+00:00\" \/>\n<meta property=\"og:image\" content=\"https:\/\/brasilnoticias.org\/site\/wp-content\/uploads\/2024\/05\/149975em-visita-a-bahia-lula-agradece-aos-brasileiros-pela-solidariedade-frente-a-tragedia-no-rs-3.jpg\" \/>\n\t<meta property=\"og:image:width\" content=\"1600\" \/>\n\t<meta property=\"og:image:height\" content=\"752\" \/>\n\t<meta property=\"og:image:type\" content=\"image\/jpeg\" \/>\n<meta name=\"author\" content=\"Reda\u00e7\u00e3o\" \/>\n<meta name=\"twitter:card\" content=\"summary_large_image\" \/>\n<meta name=\"twitter:label1\" content=\"Escrito por\" \/>\n\t<meta name=\"twitter:data1\" content=\"Reda\u00e7\u00e3o\" \/>\n\t<meta name=\"twitter:label2\" content=\"Tempo estimado de leitura\" \/>\n\t<meta name=\"twitter:data2\" content=\"1 minuto\" \/>\n<script type=\"application\/ld+json\" class=\"yoast-schema-graph\">{\"@context\":\"https:\/\/schema.org\",\"@graph\":[{\"@type\":\"Article\",\"@id\":\"https:\/\/brasilnoticias.org\/site\/em-visita-a-bahia-lula-agradece-aos-brasileiros-pela-solidariedade-frente-a-tragedia-no-rs\/#article\",\"isPartOf\":{\"@id\":\"https:\/\/brasilnoticias.org\/site\/em-visita-a-bahia-lula-agradece-aos-brasileiros-pela-solidariedade-frente-a-tragedia-no-rs\/\"},\"author\":{\"name\":\"Reda\u00e7\u00e3o\",\"@id\":\"https:\/\/brasilnoticias.org\/site\/#\/schema\/person\/03bbbfe6c7634ad18c26444ea39049fa\"},\"headline\":\"Em visita \u00e0 Bahia, Lula agradece aos brasileiros pela solidariedade frente \u00e0 trag\u00e9dia no RS\",\"datePublished\":\"2024-05-10T23:43:30+00:00\",\"mainEntityOfPage\":{\"@id\":\"https:\/\/brasilnoticias.org\/site\/em-visita-a-bahia-lula-agradece-aos-brasileiros-pela-solidariedade-frente-a-tragedia-no-rs\/\"},\"wordCount\":285,\"commentCount\":0,\"publisher\":{\"@id\":\"https:\/\/brasilnoticias.org\/site\/#organization\"},\"image\":{\"@id\":\"https:\/\/brasilnoticias.org\/site\/em-visita-a-bahia-lula-agradece-aos-brasileiros-pela-solidariedade-frente-a-tragedia-no-rs\/#primaryimage\"},\"thumbnailUrl\":\"https:\/\/brasilnoticias.org\/site\/wp-content\/uploads\/2024\/05\/149975em-visita-a-bahia-lula-agradece-aos-brasileiros-pela-solidariedade-frente-a-tragedia-no-rs-3.jpg\",\"articleSection\":[\"Pol\u00edtica\",\"\u00daltimas\"],\"inLanguage\":\"pt-PT\",\"potentialAction\":[{\"@type\":\"CommentAction\",\"name\":\"Comment\",\"target\":[\"https:\/\/brasilnoticias.org\/site\/em-visita-a-bahia-lula-agradece-aos-brasileiros-pela-solidariedade-frente-a-tragedia-no-rs\/#respond\"]}]},{\"@type\":\"WebPage\",\"@id\":\"https:\/\/brasilnoticias.org\/site\/em-visita-a-bahia-lula-agradece-aos-brasileiros-pela-solidariedade-frente-a-tragedia-no-rs\/\",\"url\":\"https:\/\/brasilnoticias.org\/site\/em-visita-a-bahia-lula-agradece-aos-brasileiros-pela-solidariedade-frente-a-tragedia-no-rs\/\",\"name\":\"Em visita \u00e0 Bahia, Lula agradece aos brasileiros pela solidariedade frente \u00e0 trag\u00e9dia no RS - Brasil not\u00edcias\",\"isPartOf\":{\"@id\":\"https:\/\/brasilnoticias.org\/site\/#website\"},\"primaryImageOfPage\":{\"@id\":\"https:\/\/brasilnoticias.org\/site\/em-visita-a-bahia-lula-agradece-aos-brasileiros-pela-solidariedade-frente-a-tragedia-no-rs\/#primaryimage\"},\"image\":{\"@id\":\"https:\/\/brasilnoticias.org\/site\/em-visita-a-bahia-lula-agradece-aos-brasileiros-pela-solidariedade-frente-a-tragedia-no-rs\/#primaryimage\"},\"thumbnailUrl\":\"https:\/\/brasilnoticias.org\/site\/wp-content\/uploads\/2024\/05\/149975em-visita-a-bahia-lula-agradece-aos-brasileiros-pela-solidariedade-frente-a-tragedia-no-rs-3.jpg\",\"datePublished\":\"2024-05-10T23:43:30+00:00\",\"breadcrumb\":{\"@id\":\"https:\/\/brasilnoticias.org\/site\/em-visita-a-bahia-lula-agradece-aos-brasileiros-pela-solidariedade-frente-a-tragedia-no-rs\/#breadcrumb\"},\"inLanguage\":\"pt-PT\",\"potentialAction\":[{\"@type\":\"ReadAction\",\"target\":[\"https:\/\/brasilnoticias.org\/site\/em-visita-a-bahia-lula-agradece-aos-brasileiros-pela-solidariedade-frente-a-tragedia-no-rs\/\"]}]},{\"@type\":\"ImageObject\",\"inLanguage\":\"pt-PT\",\"@id\":\"https:\/\/brasilnoticias.org\/site\/em-visita-a-bahia-lula-agradece-aos-brasileiros-pela-solidariedade-frente-a-tragedia-no-rs\/#primaryimage\",\"url\":\"https:\/\/brasilnoticias.org\/site\/wp-content\/uploads\/2024\/05\/149975em-visita-a-bahia-lula-agradece-aos-brasileiros-pela-solidariedade-frente-a-tragedia-no-rs-3.jpg\",\"contentUrl\":\"https:\/\/brasilnoticias.org\/site\/wp-content\/uploads\/2024\/05\/149975em-visita-a-bahia-lula-agradece-aos-brasileiros-pela-solidariedade-frente-a-tragedia-no-rs-3.jpg\",\"width\":1600,\"height\":752},{\"@type\":\"BreadcrumbList\",\"@id\":\"https:\/\/brasilnoticias.org\/site\/em-visita-a-bahia-lula-agradece-aos-brasileiros-pela-solidariedade-frente-a-tragedia-no-rs\/#breadcrumb\",\"itemListElement\":[{\"@type\":\"ListItem\",\"position\":1,\"name\":\"In\u00edcio\",\"item\":\"https:\/\/brasilnoticias.org\/site\/\"},{\"@type\":\"ListItem\",\"position\":2,\"name\":\"Em visita \u00e0 Bahia, Lula agradece aos brasileiros pela solidariedade frente \u00e0 trag\u00e9dia no RS\"}]},{\"@type\":\"WebSite\",\"@id\":\"https:\/\/brasilnoticias.org\/site\/#website\",\"url\":\"https:\/\/brasilnoticias.org\/site\/\",\"name\":\"Brasil not\u00edcias\",\"description\":\"Brasil not\u00edcias\",\"publisher\":{\"@id\":\"https:\/\/brasilnoticias.org\/site\/#organization\"},\"potentialAction\":[{\"@type\":\"SearchAction\",\"target\":{\"@type\":\"EntryPoint\",\"urlTemplate\":\"https:\/\/brasilnoticias.org\/site\/?s={search_term_string}\"},\"query-input\":{\"@type\":\"PropertyValueSpecification\",\"valueRequired\":true,\"valueName\":\"search_term_string\"}}],\"inLanguage\":\"pt-PT\"},{\"@type\":\"Organization\",\"@id\":\"https:\/\/brasilnoticias.org\/site\/#organization\",\"name\":\"Brasil not\u00edcias\",\"url\":\"https:\/\/brasilnoticias.org\/site\/\",\"logo\":{\"@type\":\"ImageObject\",\"inLanguage\":\"pt-PT\",\"@id\":\"https:\/\/brasilnoticias.org\/site\/#\/schema\/logo\/image\/\",\"url\":\"https:\/\/brasilnoticias.org\/site\/wp-content\/uploads\/2022\/05\/cropped-brasilnoticias-mini.jpg\",\"contentUrl\":\"https:\/\/brasilnoticias.org\/site\/wp-content\/uploads\/2022\/05\/cropped-brasilnoticias-mini.jpg\",\"width\":314,\"height\":86,\"caption\":\"Brasil not\u00edcias\"},\"image\":{\"@id\":\"https:\/\/brasilnoticias.org\/site\/#\/schema\/logo\/image\/\"}},{\"@type\":\"Person\",\"@id\":\"https:\/\/brasilnoticias.org\/site\/#\/schema\/person\/03bbbfe6c7634ad18c26444ea39049fa\",\"name\":\"Reda\u00e7\u00e3o\",\"image\":{\"@type\":\"ImageObject\",\"inLanguage\":\"pt-PT\",\"@id\":\"https:\/\/brasilnoticias.org\/site\/#\/schema\/person\/image\/\",\"url\":\"https:\/\/secure.gravatar.com\/avatar\/9ecaf7327a696cb23ad926fedded5f1f04d7049de9e445375d55b48c001a6e42?s=96&d=mm&r=g\",\"contentUrl\":\"https:\/\/secure.gravatar.com\/avatar\/9ecaf7327a696cb23ad926fedded5f1f04d7049de9e445375d55b48c001a6e42?s=96&d=mm&r=g\",\"caption\":\"Reda\u00e7\u00e3o\"},\"url\":\"https:\/\/brasilnoticias.org\/site\/author\/henrique\/\"}]}<\/script>\n<!-- \/ Yoast SEO plugin. -->","yoast_head_json":{"title":"Em visita \u00e0 Bahia, Lula agradece aos brasileiros pela solidariedade frente \u00e0 trag\u00e9dia no RS - Brasil not\u00edcias","robots":{"index":"index","follow":"follow","max-snippet":"max-snippet:-1","max-image-preview":"max-image-preview:large","max-video-preview":"max-video-preview:-1"},"canonical":"https:\/\/brasilnoticias.org\/site\/em-visita-a-bahia-lula-agradece-aos-brasileiros-pela-solidariedade-frente-a-tragedia-no-rs\/","og_locale":"pt_PT","og_type":"article","og_title":"Em visita \u00e0 Bahia, Lula agradece aos brasileiros pela solidariedade frente \u00e0 trag\u00e9dia no RS - Brasil not\u00edcias","og_description":"Durante o discurso, Lula pediu um minuto de sil\u00eancio em solidariedade \u00e0s pessoas que perderam familiares nas enchentes O presidente","og_url":"https:\/\/brasilnoticias.org\/site\/em-visita-a-bahia-lula-agradece-aos-brasileiros-pela-solidariedade-frente-a-tragedia-no-rs\/","og_site_name":"Brasil not\u00edcias","article_published_time":"2024-05-10T23:43:30+00:00","og_image":[{"width":1600,"height":752,"url":"https:\/\/brasilnoticias.org\/site\/wp-content\/uploads\/2024\/05\/149975em-visita-a-bahia-lula-agradece-aos-brasileiros-pela-solidariedade-frente-a-tragedia-no-rs-3.jpg","type":"image\/jpeg"}],"author":"Reda\u00e7\u00e3o","twitter_card":"summary_large_image","twitter_misc":{"Escrito por":"Reda\u00e7\u00e3o","Tempo estimado de leitura":"1 minuto"},"schema":{"@context":"https:\/\/schema.org","@graph":[{"@type":"Article","@id":"https:\/\/brasilnoticias.org\/site\/em-visita-a-bahia-lula-agradece-aos-brasileiros-pela-solidariedade-frente-a-tragedia-no-rs\/#article","isPartOf":{"@id":"https:\/\/brasilnoticias.org\/site\/em-visita-a-bahia-lula-agradece-aos-brasileiros-pela-solidariedade-frente-a-tragedia-no-rs\/"},"author":{"name":"Reda\u00e7\u00e3o","@id":"https:\/\/brasilnoticias.org\/site\/#\/schema\/person\/03bbbfe6c7634ad18c26444ea39049fa"},"headline":"Em visita \u00e0 Bahia, Lula agradece aos brasileiros pela solidariedade frente \u00e0 trag\u00e9dia no RS","datePublished":"2024-05-10T23:43:30+00:00","mainEntityOfPage":{"@id":"https:\/\/brasilnoticias.org\/site\/em-visita-a-bahia-lula-agradece-aos-brasileiros-pela-solidariedade-frente-a-tragedia-no-rs\/"},"wordCount":285,"commentCount":0,"publisher":{"@id":"https:\/\/brasilnoticias.org\/site\/#organization"},"image":{"@id":"https:\/\/brasilnoticias.org\/site\/em-visita-a-bahia-lula-agradece-aos-brasileiros-pela-solidariedade-frente-a-tragedia-no-rs\/#primaryimage"},"thumbnailUrl":"https:\/\/brasilnoticias.org\/site\/wp-content\/uploads\/2024\/05\/149975em-visita-a-bahia-lula-agradece-aos-brasileiros-pela-solidariedade-frente-a-tragedia-no-rs-3.jpg","articleSection":["Pol\u00edtica","\u00daltimas"],"inLanguage":"pt-PT","potentialAction":[{"@type":"CommentAction","name":"Comment","target":["https:\/\/brasilnoticias.org\/site\/em-visita-a-bahia-lula-agradece-aos-brasileiros-pela-solidariedade-frente-a-tragedia-no-rs\/#respond"]}]},{"@type":"WebPage","@id":"https:\/\/brasilnoticias.org\/site\/em-visita-a-bahia-lula-agradece-aos-brasileiros-pela-solidariedade-frente-a-tragedia-no-rs\/","url":"https:\/\/brasilnoticias.org\/site\/em-visita-a-bahia-lula-agradece-aos-brasileiros-pela-solidariedade-frente-a-tragedia-no-rs\/","name":"Em visita \u00e0 Bahia, Lula agradece aos brasileiros pela solidariedade frente \u00e0 trag\u00e9dia no RS - Brasil not\u00edcias","isPartOf":{"@id":"https:\/\/brasilnoticias.org\/site\/#website"},"primaryImageOfPage":{"@id":"https:\/\/brasilnoticias.org\/site\/em-visita-a-bahia-lula-agradece-aos-brasileiros-pela-solidariedade-frente-a-tragedia-no-rs\/#primaryimage"},"image":{"@id":"https:\/\/brasilnoticias.org\/site\/em-visita-a-bahia-lula-agradece-aos-brasileiros-pela-solidariedade-frente-a-tragedia-no-rs\/#primaryimage"},"thumbnailUrl":"https:\/\/brasilnoticias.org\/site\/wp-content\/uploads\/2024\/05\/149975em-visita-a-bahia-lula-agradece-aos-brasileiros-pela-solidariedade-frente-a-tragedia-no-rs-3.jpg","datePublished":"2024-05-10T23:43:30+00:00","breadcrumb":{"@id":"https:\/\/brasilnoticias.org\/site\/em-visita-a-bahia-lula-agradece-aos-brasileiros-pela-solidariedade-frente-a-tragedia-no-rs\/#breadcrumb"},"inLanguage":"pt-PT","potentialAction":[{"@type":"ReadAction","target":["https:\/\/brasilnoticias.org\/site\/em-visita-a-bahia-lula-agradece-aos-brasileiros-pela-solidariedade-frente-a-tragedia-no-rs\/"]}]},{"@type":"ImageObject","inLanguage":"pt-PT","@id":"https:\/\/brasilnoticias.org\/site\/em-visita-a-bahia-lula-agradece-aos-brasileiros-pela-solidariedade-frente-a-tragedia-no-rs\/#primaryimage","url":"https:\/\/brasilnoticias.org\/site\/wp-content\/uploads\/2024\/05\/149975em-visita-a-bahia-lula-agradece-aos-brasileiros-pela-solidariedade-frente-a-tragedia-no-rs-3.jpg","contentUrl":"https:\/\/brasilnoticias.org\/site\/wp-content\/uploads\/2024\/05\/149975em-visita-a-bahia-lula-agradece-aos-brasileiros-pela-solidariedade-frente-a-tragedia-no-rs-3.jpg","width":1600,"height":752},{"@type":"BreadcrumbList","@id":"https:\/\/brasilnoticias.org\/site\/em-visita-a-bahia-lula-agradece-aos-brasileiros-pela-solidariedade-frente-a-tragedia-no-rs\/#breadcrumb","itemListElement":[{"@type":"ListItem","position":1,"name":"In\u00edcio","item":"https:\/\/brasilnoticias.org\/site\/"},{"@type":"ListItem","position":2,"name":"Em visita \u00e0 Bahia, Lula agradece aos brasileiros pela solidariedade frente \u00e0 trag\u00e9dia no RS"}]},{"@type":"WebSite","@id":"https:\/\/brasilnoticias.org\/site\/#website","url":"https:\/\/brasilnoticias.org\/site\/","name":"Brasil not\u00edcias","description":"Brasil not\u00edcias","publisher":{"@id":"https:\/\/brasilnoticias.org\/site\/#organization"},"potentialAction":[{"@type":"SearchAction","target":{"@type":"EntryPoint","urlTemplate":"https:\/\/brasilnoticias.org\/site\/?s={search_term_string}"},"query-input":{"@type":"PropertyValueSpecification","valueRequired":true,"valueName":"search_term_string"}}],"inLanguage":"pt-PT"},{"@type":"Organization","@id":"https:\/\/brasilnoticias.org\/site\/#organization","name":"Brasil not\u00edcias","url":"https:\/\/brasilnoticias.org\/site\/","logo":{"@type":"ImageObject","inLanguage":"pt-PT","@id":"https:\/\/brasilnoticias.org\/site\/#\/schema\/logo\/image\/","url":"https:\/\/brasilnoticias.org\/site\/wp-content\/uploads\/2022\/05\/cropped-brasilnoticias-mini.jpg","contentUrl":"https:\/\/brasilnoticias.org\/site\/wp-content\/uploads\/2022\/05\/cropped-brasilnoticias-mini.jpg","width":314,"height":86,"caption":"Brasil not\u00edcias"},"image":{"@id":"https:\/\/brasilnoticias.org\/site\/#\/schema\/logo\/image\/"}},{"@type":"Person","@id":"https:\/\/brasilnoticias.org\/site\/#\/schema\/person\/03bbbfe6c7634ad18c26444ea39049fa","name":"Reda\u00e7\u00e3o","image":{"@type":"ImageObject","inLanguage":"pt-PT","@id":"https:\/\/brasilnoticias.org\/site\/#\/schema\/person\/image\/","url":"https:\/\/secure.gravatar.com\/avatar\/9ecaf7327a696cb23ad926fedded5f1f04d7049de9e445375d55b48c001a6e42?s=96&d=mm&r=g","contentUrl":"https:\/\/secure.gravatar.com\/avatar\/9ecaf7327a696cb23ad926fedded5f1f04d7049de9e445375d55b48c001a6e42?s=96&d=mm&r=g","caption":"Reda\u00e7\u00e3o"},"url":"https:\/\/brasilnoticias.org\/site\/author\/henrique\/"}]}},"_links":{"self":[{"href":"https:\/\/brasilnoticias.org\/site\/wp-json\/wp\/v2\/posts\/14023","targetHints":{"allow":["GET"]}}],"collection":[{"href":"https:\/\/brasilnoticias.org\/site\/wp-json\/wp\/v2\/posts"}],"about":[{"href":"https:\/\/brasilnoticias.org\/site\/wp-json\/wp\/v2\/types\/post"}],"author":[{"embeddable":true,"href":"https:\/\/brasilnoticias.org\/site\/wp-json\/wp\/v2\/users\/4"}],"replies":[{"embeddable":true,"href":"https:\/\/brasilnoticias.org\/site\/wp-json\/wp\/v2\/comments?post=14023"}],"version-history":[{"count":1,"href":"https:\/\/brasilnoticias.org\/site\/wp-json\/wp\/v2\/posts\/14023\/revisions"}],"predecessor-version":[{"id":14025,"href":"https:\/\/brasilnoticias.org\/site\/wp-json\/wp\/v2\/posts\/14023\/revisions\/14025"}],"wp:featuredmedia":[{"embeddable":true,"href":"https:\/\/brasilnoticias.org\/site\/wp-json\/wp\/v2\/media\/14024"}],"wp:attachment":[{"href":"https:\/\/brasilnoticias.org\/site\/wp-json\/wp\/v2\/media?parent=14023"}],"wp:term":[{"taxonomy":"category","embeddable":true,"href":"https:\/\/brasilnoticias.org\/site\/wp-json\/wp\/v2\/categories?post=14023"},{"taxonomy":"post_tag","embeddable":true,"href":"https:\/\/brasilnoticias.org\/site\/wp-json\/wp\/v2\/tags?post=14023"}],"curies":[{"name":"wp","href":"https:\/\/api.w.org\/{rel}","templated":true}]}}