{"id":14029,"date":"2024-05-10T20:45:10","date_gmt":"2024-05-10T23:45:10","guid":{"rendered":"https:\/\/brasilnoticias.org\/site\/?p=14029"},"modified":"2024-05-10T20:45:10","modified_gmt":"2024-05-10T23:45:10","slug":"fux-e-sorteado-como-novo-relator-do-recurso-de-bolsonaro-contra-primeira-condenacao-imposta-pelo-tse","status":"publish","type":"post","link":"https:\/\/brasilnoticias.org\/site\/fux-e-sorteado-como-novo-relator-do-recurso-de-bolsonaro-contra-primeira-condenacao-imposta-pelo-tse\/","title":{"rendered":"Fux \u00e9 sorteado como novo relator do recurso de Bolsonaro contra primeira condena\u00e7\u00e3o imposta pelo TSE"},"content":{"rendered":"<p>Alexandre de Moraes, C\u00e1rmen L\u00facia e Nunes Marques foram exclu\u00eddos do sorteio por participarem do julgamento do TSE que est\u00e1 sendo questionada<\/p>\n<p>Luiz Fux, ministro do Supremo Tribunal Federal (STF), foi sorteado como novo relator do recurso do ex-presidente Jair Bolsonaro (PL) contra a primeira condena\u00e7\u00e3o imposta pelo Tribunal Superior Eleitoral (TSE). A escolha aconteceu ap\u00f3s o ministro Cristiano Zanin declarar-se impedido de analisar o caso, atendendo a um pedido da defesa de Bolsonaro. Os ministros, Alexandre de Moraes, C\u00e1rmen L\u00facia e Nunes Marques foram exclu\u00eddos do sorteio por participarem do julgamento do TSE que est\u00e1 sendo questionada.<\/p>\n<p>Zanin reconheceu que atuou, como advogado do presidente Luiz In\u00e1cio Lula da Silva, em outro caso do TSE que tem semelhan\u00e7as com o que gerou a condena\u00e7\u00e3o. Por isso, o ministro argumentou que caso essa outra a\u00e7\u00e3o tamb\u00e9m chegue ao STF, poderia ser distribu\u00edda em conex\u00e3o para ele, o que geraria o impedimento nos dois casos. A decis\u00e3o de Zanin foi confirmada pelos demais integrantes da Primeira Turma \u2014 Alexandre de Moraes, C\u00e1rmen L\u00facia, Fl\u00e1vio Dino e Luiz Fux \u2014 em uma sess\u00e3o extraordin\u00e1ria do plen\u00e1rio virtual. <\/p>\n<p>No recuso, Bolsonaro questiona a decis\u00e3o do TSE de junho de 2023, quando a maioria dos ministros do tribunal considerou que ele cometeu abuso de poder pol\u00edtico e uso indevido dos meios de comunica\u00e7\u00e3o ao questionar a lisura do sistema eleitoral durante um encontro com embaixadores. O ex-presidente j\u00e1 recorreu dentro do TSE, e agora questiona o resultado do julgamento no STF.<\/p>\n<p>Em outubro, Bolsonaro foi novamente condenado pelo TSE, por abuso de poder pol\u00edtico e econ\u00f4mico nas comemora\u00e7\u00f5es do Bicenten\u00e1rio da Independ\u00eancia, em 7 de Setembro de 2022. O ex-presidente tamb\u00e9m recorre contra essa decis\u00e3o. Caso uma das duas seja derrubada, a outra segue valendo, inclusive com o prazo de inelegibilidade at\u00e9 2030.<\/p>\n<p>Foto: Jos\u00e9 Cruz\/Ag\u00eancia Brasil<br \/>\nPor: Metro1<\/p>\n","protected":false},"excerpt":{"rendered":"<p>Alexandre de Moraes, C\u00e1rmen L\u00facia e Nunes Marques foram exclu\u00eddos do sorteio por participarem do julgamento do TSE que est\u00e1<\/p>\n","protected":false},"author":4,"featured_media":14030,"comment_status":"open","ping_status":"open","sticky":false,"template":"","format":"standard","meta":{"colormag_page_container_layout":"default_layout","colormag_page_sidebar_layout":"default_layout","_FSMCFIC_featured_image_caption":"","_FSMCFIC_featured_image_nocaption":"","_FSMCFIC_featured_image_hide":"","footnotes":""},"categories":[7,1],"tags":[],"class_list":["post-14029","post","type-post","status-publish","format-standard","has-post-thumbnail","hentry","category-justica","category-ultimas"],"yoast_head":"<!-- This site is optimized with the Yoast SEO plugin v27.1.1 - https:\/\/yoast.com\/product\/yoast-seo-wordpress\/ -->\n<title>Fux \u00e9 sorteado como novo relator do recurso de Bolsonaro contra primeira condena\u00e7\u00e3o imposta pelo TSE - Brasil not\u00edcias<\/title>\n<meta name=\"robots\" content=\"index, follow, max-snippet:-1, max-image-preview:large, max-video-preview:-1\" \/>\n<link rel=\"canonical\" href=\"https:\/\/brasilnoticias.org\/site\/fux-e-sorteado-como-novo-relator-do-recurso-de-bolsonaro-contra-primeira-condenacao-imposta-pelo-tse\/\" \/>\n<meta property=\"og:locale\" content=\"pt_PT\" \/>\n<meta property=\"og:type\" content=\"article\" \/>\n<meta property=\"og:title\" content=\"Fux \u00e9 sorteado como novo relator do recurso de Bolsonaro contra primeira condena\u00e7\u00e3o imposta pelo TSE - Brasil not\u00edcias\" \/>\n<meta property=\"og:description\" content=\"Alexandre de Moraes, C\u00e1rmen L\u00facia e Nunes Marques foram exclu\u00eddos do sorteio por participarem do julgamento do TSE que est\u00e1\" \/>\n<meta property=\"og:url\" content=\"https:\/\/brasilnoticias.org\/site\/fux-e-sorteado-como-novo-relator-do-recurso-de-bolsonaro-contra-primeira-condenacao-imposta-pelo-tse\/\" \/>\n<meta property=\"og:site_name\" content=\"Brasil not\u00edcias\" \/>\n<meta property=\"article:published_time\" content=\"2024-05-10T23:45:10+00:00\" \/>\n<meta property=\"og:image\" content=\"https:\/\/brasilnoticias.org\/site\/wp-content\/uploads\/2024\/05\/149959fux-e-sorteado-como-novo-relator-do-recurso-de-bolsonaro-contra-primeira-condenacao-imposta-pelo-tse-3.jpg\" \/>\n\t<meta property=\"og:image:width\" content=\"1600\" \/>\n\t<meta property=\"og:image:height\" content=\"752\" \/>\n\t<meta property=\"og:image:type\" content=\"image\/jpeg\" \/>\n<meta name=\"author\" content=\"Reda\u00e7\u00e3o\" \/>\n<meta name=\"twitter:card\" content=\"summary_large_image\" \/>\n<meta name=\"twitter:label1\" content=\"Escrito por\" \/>\n\t<meta name=\"twitter:data1\" content=\"Reda\u00e7\u00e3o\" \/>\n<script type=\"application\/ld+json\" class=\"yoast-schema-graph\">{\"@context\":\"https:\/\/schema.org\",\"@graph\":[{\"@type\":\"Article\",\"@id\":\"https:\/\/brasilnoticias.org\/site\/fux-e-sorteado-como-novo-relator-do-recurso-de-bolsonaro-contra-primeira-condenacao-imposta-pelo-tse\/#article\",\"isPartOf\":{\"@id\":\"https:\/\/brasilnoticias.org\/site\/fux-e-sorteado-como-novo-relator-do-recurso-de-bolsonaro-contra-primeira-condenacao-imposta-pelo-tse\/\"},\"author\":{\"name\":\"Reda\u00e7\u00e3o\",\"@id\":\"https:\/\/brasilnoticias.org\/site\/#\/schema\/person\/03bbbfe6c7634ad18c26444ea39049fa\"},\"headline\":\"Fux \u00e9 sorteado como novo relator do recurso de Bolsonaro contra primeira condena\u00e7\u00e3o imposta pelo TSE\",\"datePublished\":\"2024-05-10T23:45:10+00:00\",\"mainEntityOfPage\":{\"@id\":\"https:\/\/brasilnoticias.org\/site\/fux-e-sorteado-como-novo-relator-do-recurso-de-bolsonaro-contra-primeira-condenacao-imposta-pelo-tse\/\"},\"wordCount\":349,\"commentCount\":0,\"publisher\":{\"@id\":\"https:\/\/brasilnoticias.org\/site\/#organization\"},\"image\":{\"@id\":\"https:\/\/brasilnoticias.org\/site\/fux-e-sorteado-como-novo-relator-do-recurso-de-bolsonaro-contra-primeira-condenacao-imposta-pelo-tse\/#primaryimage\"},\"thumbnailUrl\":\"https:\/\/brasilnoticias.org\/site\/wp-content\/uploads\/2024\/05\/149959fux-e-sorteado-como-novo-relator-do-recurso-de-bolsonaro-contra-primeira-condenacao-imposta-pelo-tse-3.jpg\",\"articleSection\":[\"Justi\u00e7a\",\"\u00daltimas\"],\"inLanguage\":\"pt-PT\",\"potentialAction\":[{\"@type\":\"CommentAction\",\"name\":\"Comment\",\"target\":[\"https:\/\/brasilnoticias.org\/site\/fux-e-sorteado-como-novo-relator-do-recurso-de-bolsonaro-contra-primeira-condenacao-imposta-pelo-tse\/#respond\"]}]},{\"@type\":\"WebPage\",\"@id\":\"https:\/\/brasilnoticias.org\/site\/fux-e-sorteado-como-novo-relator-do-recurso-de-bolsonaro-contra-primeira-condenacao-imposta-pelo-tse\/\",\"url\":\"https:\/\/brasilnoticias.org\/site\/fux-e-sorteado-como-novo-relator-do-recurso-de-bolsonaro-contra-primeira-condenacao-imposta-pelo-tse\/\",\"name\":\"Fux \u00e9 sorteado como novo relator do recurso de Bolsonaro contra primeira condena\u00e7\u00e3o imposta pelo TSE - Brasil not\u00edcias\",\"isPartOf\":{\"@id\":\"https:\/\/brasilnoticias.org\/site\/#website\"},\"primaryImageOfPage\":{\"@id\":\"https:\/\/brasilnoticias.org\/site\/fux-e-sorteado-como-novo-relator-do-recurso-de-bolsonaro-contra-primeira-condenacao-imposta-pelo-tse\/#primaryimage\"},\"image\":{\"@id\":\"https:\/\/brasilnoticias.org\/site\/fux-e-sorteado-como-novo-relator-do-recurso-de-bolsonaro-contra-primeira-condenacao-imposta-pelo-tse\/#primaryimage\"},\"thumbnailUrl\":\"https:\/\/brasilnoticias.org\/site\/wp-content\/uploads\/2024\/05\/149959fux-e-sorteado-como-novo-relator-do-recurso-de-bolsonaro-contra-primeira-condenacao-imposta-pelo-tse-3.jpg\",\"datePublished\":\"2024-05-10T23:45:10+00:00\",\"breadcrumb\":{\"@id\":\"https:\/\/brasilnoticias.org\/site\/fux-e-sorteado-como-novo-relator-do-recurso-de-bolsonaro-contra-primeira-condenacao-imposta-pelo-tse\/#breadcrumb\"},\"inLanguage\":\"pt-PT\",\"potentialAction\":[{\"@type\":\"ReadAction\",\"target\":[\"https:\/\/brasilnoticias.org\/site\/fux-e-sorteado-como-novo-relator-do-recurso-de-bolsonaro-contra-primeira-condenacao-imposta-pelo-tse\/\"]}]},{\"@type\":\"ImageObject\",\"inLanguage\":\"pt-PT\",\"@id\":\"https:\/\/brasilnoticias.org\/site\/fux-e-sorteado-como-novo-relator-do-recurso-de-bolsonaro-contra-primeira-condenacao-imposta-pelo-tse\/#primaryimage\",\"url\":\"https:\/\/brasilnoticias.org\/site\/wp-content\/uploads\/2024\/05\/149959fux-e-sorteado-como-novo-relator-do-recurso-de-bolsonaro-contra-primeira-condenacao-imposta-pelo-tse-3.jpg\",\"contentUrl\":\"https:\/\/brasilnoticias.org\/site\/wp-content\/uploads\/2024\/05\/149959fux-e-sorteado-como-novo-relator-do-recurso-de-bolsonaro-contra-primeira-condenacao-imposta-pelo-tse-3.jpg\",\"width\":1600,\"height\":752},{\"@type\":\"BreadcrumbList\",\"@id\":\"https:\/\/brasilnoticias.org\/site\/fux-e-sorteado-como-novo-relator-do-recurso-de-bolsonaro-contra-primeira-condenacao-imposta-pelo-tse\/#breadcrumb\",\"itemListElement\":[{\"@type\":\"ListItem\",\"position\":1,\"name\":\"In\u00edcio\",\"item\":\"https:\/\/brasilnoticias.org\/site\/\"},{\"@type\":\"ListItem\",\"position\":2,\"name\":\"Fux \u00e9 sorteado como novo relator do recurso de Bolsonaro contra primeira condena\u00e7\u00e3o imposta pelo TSE\"}]},{\"@type\":\"WebSite\",\"@id\":\"https:\/\/brasilnoticias.org\/site\/#website\",\"url\":\"https:\/\/brasilnoticias.org\/site\/\",\"name\":\"Brasil not\u00edcias\",\"description\":\"Brasil not\u00edcias\",\"publisher\":{\"@id\":\"https:\/\/brasilnoticias.org\/site\/#organization\"},\"potentialAction\":[{\"@type\":\"SearchAction\",\"target\":{\"@type\":\"EntryPoint\",\"urlTemplate\":\"https:\/\/brasilnoticias.org\/site\/?s={search_term_string}\"},\"query-input\":{\"@type\":\"PropertyValueSpecification\",\"valueRequired\":true,\"valueName\":\"search_term_string\"}}],\"inLanguage\":\"pt-PT\"},{\"@type\":\"Organization\",\"@id\":\"https:\/\/brasilnoticias.org\/site\/#organization\",\"name\":\"Brasil not\u00edcias\",\"url\":\"https:\/\/brasilnoticias.org\/site\/\",\"logo\":{\"@type\":\"ImageObject\",\"inLanguage\":\"pt-PT\",\"@id\":\"https:\/\/brasilnoticias.org\/site\/#\/schema\/logo\/image\/\",\"url\":\"https:\/\/brasilnoticias.org\/site\/wp-content\/uploads\/2022\/05\/cropped-brasilnoticias-mini.jpg\",\"contentUrl\":\"https:\/\/brasilnoticias.org\/site\/wp-content\/uploads\/2022\/05\/cropped-brasilnoticias-mini.jpg\",\"width\":314,\"height\":86,\"caption\":\"Brasil not\u00edcias\"},\"image\":{\"@id\":\"https:\/\/brasilnoticias.org\/site\/#\/schema\/logo\/image\/\"}},{\"@type\":\"Person\",\"@id\":\"https:\/\/brasilnoticias.org\/site\/#\/schema\/person\/03bbbfe6c7634ad18c26444ea39049fa\",\"name\":\"Reda\u00e7\u00e3o\",\"image\":{\"@type\":\"ImageObject\",\"inLanguage\":\"pt-PT\",\"@id\":\"https:\/\/brasilnoticias.org\/site\/#\/schema\/person\/image\/\",\"url\":\"https:\/\/secure.gravatar.com\/avatar\/9ecaf7327a696cb23ad926fedded5f1f04d7049de9e445375d55b48c001a6e42?s=96&d=mm&r=g\",\"contentUrl\":\"https:\/\/secure.gravatar.com\/avatar\/9ecaf7327a696cb23ad926fedded5f1f04d7049de9e445375d55b48c001a6e42?s=96&d=mm&r=g\",\"caption\":\"Reda\u00e7\u00e3o\"},\"url\":\"https:\/\/brasilnoticias.org\/site\/author\/henrique\/\"}]}<\/script>\n<!-- \/ Yoast SEO plugin. -->","yoast_head_json":{"title":"Fux \u00e9 sorteado como novo relator do recurso de Bolsonaro contra primeira condena\u00e7\u00e3o imposta pelo TSE - Brasil not\u00edcias","robots":{"index":"index","follow":"follow","max-snippet":"max-snippet:-1","max-image-preview":"max-image-preview:large","max-video-preview":"max-video-preview:-1"},"canonical":"https:\/\/brasilnoticias.org\/site\/fux-e-sorteado-como-novo-relator-do-recurso-de-bolsonaro-contra-primeira-condenacao-imposta-pelo-tse\/","og_locale":"pt_PT","og_type":"article","og_title":"Fux \u00e9 sorteado como novo relator do recurso de Bolsonaro contra primeira condena\u00e7\u00e3o imposta pelo TSE - Brasil not\u00edcias","og_description":"Alexandre de Moraes, C\u00e1rmen L\u00facia e Nunes Marques foram exclu\u00eddos do sorteio por participarem do julgamento do TSE que est\u00e1","og_url":"https:\/\/brasilnoticias.org\/site\/fux-e-sorteado-como-novo-relator-do-recurso-de-bolsonaro-contra-primeira-condenacao-imposta-pelo-tse\/","og_site_name":"Brasil not\u00edcias","article_published_time":"2024-05-10T23:45:10+00:00","og_image":[{"width":1600,"height":752,"url":"https:\/\/brasilnoticias.org\/site\/wp-content\/uploads\/2024\/05\/149959fux-e-sorteado-como-novo-relator-do-recurso-de-bolsonaro-contra-primeira-condenacao-imposta-pelo-tse-3.jpg","type":"image\/jpeg"}],"author":"Reda\u00e7\u00e3o","twitter_card":"summary_large_image","twitter_misc":{"Escrito por":"Reda\u00e7\u00e3o"},"schema":{"@context":"https:\/\/schema.org","@graph":[{"@type":"Article","@id":"https:\/\/brasilnoticias.org\/site\/fux-e-sorteado-como-novo-relator-do-recurso-de-bolsonaro-contra-primeira-condenacao-imposta-pelo-tse\/#article","isPartOf":{"@id":"https:\/\/brasilnoticias.org\/site\/fux-e-sorteado-como-novo-relator-do-recurso-de-bolsonaro-contra-primeira-condenacao-imposta-pelo-tse\/"},"author":{"name":"Reda\u00e7\u00e3o","@id":"https:\/\/brasilnoticias.org\/site\/#\/schema\/person\/03bbbfe6c7634ad18c26444ea39049fa"},"headline":"Fux \u00e9 sorteado como novo relator do recurso de Bolsonaro contra primeira condena\u00e7\u00e3o imposta pelo TSE","datePublished":"2024-05-10T23:45:10+00:00","mainEntityOfPage":{"@id":"https:\/\/brasilnoticias.org\/site\/fux-e-sorteado-como-novo-relator-do-recurso-de-bolsonaro-contra-primeira-condenacao-imposta-pelo-tse\/"},"wordCount":349,"commentCount":0,"publisher":{"@id":"https:\/\/brasilnoticias.org\/site\/#organization"},"image":{"@id":"https:\/\/brasilnoticias.org\/site\/fux-e-sorteado-como-novo-relator-do-recurso-de-bolsonaro-contra-primeira-condenacao-imposta-pelo-tse\/#primaryimage"},"thumbnailUrl":"https:\/\/brasilnoticias.org\/site\/wp-content\/uploads\/2024\/05\/149959fux-e-sorteado-como-novo-relator-do-recurso-de-bolsonaro-contra-primeira-condenacao-imposta-pelo-tse-3.jpg","articleSection":["Justi\u00e7a","\u00daltimas"],"inLanguage":"pt-PT","potentialAction":[{"@type":"CommentAction","name":"Comment","target":["https:\/\/brasilnoticias.org\/site\/fux-e-sorteado-como-novo-relator-do-recurso-de-bolsonaro-contra-primeira-condenacao-imposta-pelo-tse\/#respond"]}]},{"@type":"WebPage","@id":"https:\/\/brasilnoticias.org\/site\/fux-e-sorteado-como-novo-relator-do-recurso-de-bolsonaro-contra-primeira-condenacao-imposta-pelo-tse\/","url":"https:\/\/brasilnoticias.org\/site\/fux-e-sorteado-como-novo-relator-do-recurso-de-bolsonaro-contra-primeira-condenacao-imposta-pelo-tse\/","name":"Fux \u00e9 sorteado como novo relator do recurso de Bolsonaro contra primeira condena\u00e7\u00e3o imposta pelo TSE - Brasil not\u00edcias","isPartOf":{"@id":"https:\/\/brasilnoticias.org\/site\/#website"},"primaryImageOfPage":{"@id":"https:\/\/brasilnoticias.org\/site\/fux-e-sorteado-como-novo-relator-do-recurso-de-bolsonaro-contra-primeira-condenacao-imposta-pelo-tse\/#primaryimage"},"image":{"@id":"https:\/\/brasilnoticias.org\/site\/fux-e-sorteado-como-novo-relator-do-recurso-de-bolsonaro-contra-primeira-condenacao-imposta-pelo-tse\/#primaryimage"},"thumbnailUrl":"https:\/\/brasilnoticias.org\/site\/wp-content\/uploads\/2024\/05\/149959fux-e-sorteado-como-novo-relator-do-recurso-de-bolsonaro-contra-primeira-condenacao-imposta-pelo-tse-3.jpg","datePublished":"2024-05-10T23:45:10+00:00","breadcrumb":{"@id":"https:\/\/brasilnoticias.org\/site\/fux-e-sorteado-como-novo-relator-do-recurso-de-bolsonaro-contra-primeira-condenacao-imposta-pelo-tse\/#breadcrumb"},"inLanguage":"pt-PT","potentialAction":[{"@type":"ReadAction","target":["https:\/\/brasilnoticias.org\/site\/fux-e-sorteado-como-novo-relator-do-recurso-de-bolsonaro-contra-primeira-condenacao-imposta-pelo-tse\/"]}]},{"@type":"ImageObject","inLanguage":"pt-PT","@id":"https:\/\/brasilnoticias.org\/site\/fux-e-sorteado-como-novo-relator-do-recurso-de-bolsonaro-contra-primeira-condenacao-imposta-pelo-tse\/#primaryimage","url":"https:\/\/brasilnoticias.org\/site\/wp-content\/uploads\/2024\/05\/149959fux-e-sorteado-como-novo-relator-do-recurso-de-bolsonaro-contra-primeira-condenacao-imposta-pelo-tse-3.jpg","contentUrl":"https:\/\/brasilnoticias.org\/site\/wp-content\/uploads\/2024\/05\/149959fux-e-sorteado-como-novo-relator-do-recurso-de-bolsonaro-contra-primeira-condenacao-imposta-pelo-tse-3.jpg","width":1600,"height":752},{"@type":"BreadcrumbList","@id":"https:\/\/brasilnoticias.org\/site\/fux-e-sorteado-como-novo-relator-do-recurso-de-bolsonaro-contra-primeira-condenacao-imposta-pelo-tse\/#breadcrumb","itemListElement":[{"@type":"ListItem","position":1,"name":"In\u00edcio","item":"https:\/\/brasilnoticias.org\/site\/"},{"@type":"ListItem","position":2,"name":"Fux \u00e9 sorteado como novo relator do recurso de Bolsonaro contra primeira condena\u00e7\u00e3o imposta pelo TSE"}]},{"@type":"WebSite","@id":"https:\/\/brasilnoticias.org\/site\/#website","url":"https:\/\/brasilnoticias.org\/site\/","name":"Brasil not\u00edcias","description":"Brasil not\u00edcias","publisher":{"@id":"https:\/\/brasilnoticias.org\/site\/#organization"},"potentialAction":[{"@type":"SearchAction","target":{"@type":"EntryPoint","urlTemplate":"https:\/\/brasilnoticias.org\/site\/?s={search_term_string}"},"query-input":{"@type":"PropertyValueSpecification","valueRequired":true,"valueName":"search_term_string"}}],"inLanguage":"pt-PT"},{"@type":"Organization","@id":"https:\/\/brasilnoticias.org\/site\/#organization","name":"Brasil not\u00edcias","url":"https:\/\/brasilnoticias.org\/site\/","logo":{"@type":"ImageObject","inLanguage":"pt-PT","@id":"https:\/\/brasilnoticias.org\/site\/#\/schema\/logo\/image\/","url":"https:\/\/brasilnoticias.org\/site\/wp-content\/uploads\/2022\/05\/cropped-brasilnoticias-mini.jpg","contentUrl":"https:\/\/brasilnoticias.org\/site\/wp-content\/uploads\/2022\/05\/cropped-brasilnoticias-mini.jpg","width":314,"height":86,"caption":"Brasil not\u00edcias"},"image":{"@id":"https:\/\/brasilnoticias.org\/site\/#\/schema\/logo\/image\/"}},{"@type":"Person","@id":"https:\/\/brasilnoticias.org\/site\/#\/schema\/person\/03bbbfe6c7634ad18c26444ea39049fa","name":"Reda\u00e7\u00e3o","image":{"@type":"ImageObject","inLanguage":"pt-PT","@id":"https:\/\/brasilnoticias.org\/site\/#\/schema\/person\/image\/","url":"https:\/\/secure.gravatar.com\/avatar\/9ecaf7327a696cb23ad926fedded5f1f04d7049de9e445375d55b48c001a6e42?s=96&d=mm&r=g","contentUrl":"https:\/\/secure.gravatar.com\/avatar\/9ecaf7327a696cb23ad926fedded5f1f04d7049de9e445375d55b48c001a6e42?s=96&d=mm&r=g","caption":"Reda\u00e7\u00e3o"},"url":"https:\/\/brasilnoticias.org\/site\/author\/henrique\/"}]}},"_links":{"self":[{"href":"https:\/\/brasilnoticias.org\/site\/wp-json\/wp\/v2\/posts\/14029","targetHints":{"allow":["GET"]}}],"collection":[{"href":"https:\/\/brasilnoticias.org\/site\/wp-json\/wp\/v2\/posts"}],"about":[{"href":"https:\/\/brasilnoticias.org\/site\/wp-json\/wp\/v2\/types\/post"}],"author":[{"embeddable":true,"href":"https:\/\/brasilnoticias.org\/site\/wp-json\/wp\/v2\/users\/4"}],"replies":[{"embeddable":true,"href":"https:\/\/brasilnoticias.org\/site\/wp-json\/wp\/v2\/comments?post=14029"}],"version-history":[{"count":1,"href":"https:\/\/brasilnoticias.org\/site\/wp-json\/wp\/v2\/posts\/14029\/revisions"}],"predecessor-version":[{"id":14031,"href":"https:\/\/brasilnoticias.org\/site\/wp-json\/wp\/v2\/posts\/14029\/revisions\/14031"}],"wp:featuredmedia":[{"embeddable":true,"href":"https:\/\/brasilnoticias.org\/site\/wp-json\/wp\/v2\/media\/14030"}],"wp:attachment":[{"href":"https:\/\/brasilnoticias.org\/site\/wp-json\/wp\/v2\/media?parent=14029"}],"wp:term":[{"taxonomy":"category","embeddable":true,"href":"https:\/\/brasilnoticias.org\/site\/wp-json\/wp\/v2\/categories?post=14029"},{"taxonomy":"post_tag","embeddable":true,"href":"https:\/\/brasilnoticias.org\/site\/wp-json\/wp\/v2\/tags?post=14029"}],"curies":[{"name":"wp","href":"https:\/\/api.w.org\/{rel}","templated":true}]}}